{"id":69372,"date":"2019-07-06T10:02:36","date_gmt":"2019-07-06T08:02:36","guid":{"rendered":"https:\/\/dlvradio.es\/los-desahucios-no-estan-de-moda-este-verano\/"},"modified":"2019-07-06T10:02:36","modified_gmt":"2019-07-06T08:02:36","slug":"los-desahucios-no-estan-de-moda-este-verano","status":"publish","type":"post","link":"https:\/\/dlvradio.es\/en\/los-desahucios-no-estan-de-moda-este-verano\/","title":{"rendered":"Los desahucios no est\u00e1n de moda este verano"},"content":{"rendered":"<h6><img decoding=\"async\" class=\"alignleft wp-image-59 size-thumbnail\" src=\"https:\/\/dlvradio.es\/wp-content\/uploads\/2019\/06\/opinionNuria-150x150.jpg\" alt=\"\" width=\"150\" height=\"150\" \/>N\u00faria Gonz\u00e1lez, feminist, activist, lawyer, trade unionist and from Barcelona.<\/h6>\n<p>Hace m\u00e1s de un mes que varias familias, la mayor\u00eda monoparentales con mujeres al frente, viven en tiendas de campa\u00f1a en un lateral del Pabell\u00f3n Ol\u00edmpico de Badalona, con menores y personas con discapacidad. Viven all\u00ed porque han sido desahuciadas de viviendas de todo tipo.<\/p>\n<p>Entre estas personas hay inquilinos que pagaban puntualmente su alquiler, pero que al acabar el contrato, la subida que les pretend\u00edan aplicar era tan alta que fue imposible de pagar para una familia mileurista. Hay familias que trabajan, pero pertenecen a esa clase social cada vez m\u00e1s extendida que es la de los trabajadores y trabajadoras pobres, que tienen un contrato laboral, pero este es tan precario y su salario tan m\u00edsero, que nos les da casi para pagar la comida, cuanto menos un alquiler. Y entre comer y cualquier otra alternativa, no existe tal elecci\u00f3n.<\/p>\n<p>Es incre\u00edble pero en todo este tiempo, nadie de servicios sociales de la Generalitat, que es quien tiene las competencias en la materia, ni del Ayuntamiento de Badalona, que es quien debe hacer la atenci\u00f3n primaria a trav\u00e9s de los Servicios Sociales, se ha acercado por esta nueva \u201curbanizaci\u00f3n improvisada\u201d de tiendas de campa\u00f1a y colchones hinchables ni a ofrecer una triste botella de agua. Nada. Parece ser que adem\u00e1s de desahuciadas, esas personas han adquirido la nueva condici\u00f3n de \u201cno-ciudadanas\u201d, puesto que han sido expulsadas no s\u00f3lo de sus casas, sino tambi\u00e9n del sistema de protecci\u00f3n social.<\/p>\n<p>Y todo esto pasa ante los ojos de una sociedad que ya no se solidariza tan f\u00e1cilmente con los peor tratados por el mercado.<\/p>\n<p>Es normal, despu\u00e9s de la crisis salvaje que hemos pasado, el principal logro del neoliberalismo ha sido, sin duda, aislarnos a unas de otras personas cada vez m\u00e1s, e instaurar el \u201cande yo caliente\u201d y el \u201cqu\u00e9 hay de lo m\u00edo\u201d como \u00fanico principio rector de nuestras vidas. Este pensamiento es alimentado por el miedo a que vuelva todo lo que hemos pasado, lo que nos hace invocar el tercer mandamiento de nuestros tiempos ultraliberales: \u201cvirgencita, que me quede como estoy\u201d.<\/p>\n<p>Y as\u00ed, con la ayuda de cierta prensa, mucho m\u00e1s interesada en hacerle campa\u00f1a y eco al neofascismo galopante y reverdecido, o a tomar partido por un color en concreto de un lazo concreto, el desamparo total y el fallo de la administraci\u00f3n que supone tener gente viviendo en la calle por no cumplir los par\u00e1metros del mercado, sin quien el Estado Social y de Derecho pueda evitar tan situaci\u00f3n, ha desaparecido de las noticias y por tanto, del imaginario colectivo.<\/p>\n<p>Porque as\u00ed como hace un par de a\u00f1os la palabra desahucio estaba en muchas cabeceras de las noticias, de un corto tiempo a esta parte, ha desaparecido como por arte de magia. Justo ha sido sustituida por el t\u00e9rmino \u201crecuperaci\u00f3n econ\u00f3mica\u201d que tiene mucha mejor acogida. Pero lo cierto es que ah\u00ed siguen los desahucios y las personas desahuciadas. De hecho, en 2018 el n\u00famero de desahucios solo descendi\u00f3 un 0,3% respecto a 2017, y Catalunya lidera este dudoso ranking, concentrando bajo nuestras codiciadas banderas el 22% del total de los desahucios de toda Espa\u00f1a. Pero concretamente en Badalona, hay barrios enteros susceptibles de que cualquiera de sus habitantes sea desahuciado, como es el caso del barrio de Sant Roc.<\/p>\n<p>Y qu\u00e9 hacen las autoridades competentes, concretamente en el caso de Catalunya? La verdad es que casi nada. La Generalitat invierte cero euros en pol\u00edticas de vivienda (en realidad no invierte un solo euro en nada que tenga que ver con pol\u00edticas sociales). Hace pasar a las personas por todo el infierno burocr\u00e1tico de las \u201cMesas de Emergencia\u201d y dem\u00e1s tr\u00e1mites, sabiendo que no tiene ni un solo piso disponible para nadie.<\/p>\n<p>Y en el caso concreto de la ciudad de Badalona, el Ayuntamiento, tanto con la exalcadesa de Guanyem Badalona, que ella si es muy dada a hacerse fotos en la acampada, pero a la que nunca la vi llegar ni con una coca cola para los que all\u00ed viven, como el actual alcalde Alex Pastor, cuya \u00faltima aportaci\u00f3n a la causa fue negarles un punto de luz a las familias para la realizaci\u00f3n de un concierto solidario y gratuito el pasado 29 de junio, han movido ni un solo dedo para solventar la situaci\u00f3n de sus vecinos y vecinas.<\/p>\n<p>Porque lo cierto es que ahora no tienen casa, pero eso no les deber\u00eda despojar de su condici\u00f3n de ciudadanos. Lo que s\u00ed ha decidido la sociedad en general es quitarles de en medio de las noticias y declarar que ya no est\u00e1 de moda ser desahuciado. No vaya a ser que alguien recuerde que la vivienda es un derecho constitucional y que miles de millones de euros de nuestros impuestos fueron a parar al rescate de entidades bancarias que hoy acumulan desahucios y pisos vac\u00edos que nadie se atreve a pedirles.<\/p>","protected":false},"excerpt":{"rendered":"","protected":false},"author":4,"featured_media":69352,"comment_status":"open","ping_status":"open","sticky":false,"template":"","format":"standard","meta":{"_acf_changed":false,"footnotes":""},"categories":[2461],"tags":[2469,2463],"class_list":["post-69372","post","type-post","status-publish","format-standard","has-post-thumbnail","hentry","category-opinion","tag-opinion","tag-sociedad"],"acf":[],"yoast_head":"<!-- This site is optimized with the Yoast SEO plugin v27.4 - https:\/\/yoast.com\/product\/yoast-seo-wordpress\/ -->\n<title>Los desahucios no est\u00e1n de moda este verano - DLVRADIO<\/title>\n<meta name=\"description\" content=\"N\u00faria Gonz\u00e1lez, feminista, activista, abogada, sindicalista y barcelonesa. Hace m\u00e1s de un mes que varias familias, la mayor\u00eda monoparentales con mujeres\" \/>\n<meta name=\"robots\" content=\"index, follow, max-snippet:-1, max-image-preview:large, max-video-preview:-1\" \/>\n<link rel=\"canonical\" href=\"https:\/\/dlvradio.es\/en\/los-desahucios-no-estan-de-moda-este-verano\/\" \/>\n<meta property=\"og:locale\" content=\"en_US\" \/>\n<meta property=\"og:type\" content=\"article\" \/>\n<meta property=\"og:title\" content=\"Los desahucios no est\u00e1n de moda este verano - DLVRADIO\" \/>\n<meta property=\"og:description\" content=\"N\u00faria Gonz\u00e1lez, feminista, activista, abogada, sindicalista y barcelonesa. Hace m\u00e1s de un mes que varias familias, la mayor\u00eda monoparentales con mujeres\" \/>\n<meta property=\"og:url\" content=\"https:\/\/dlvradio.es\/en\/los-desahucios-no-estan-de-moda-este-verano\/\" \/>\n<meta property=\"og:site_name\" content=\"DLVRADIO\" \/>\n<meta property=\"article:publisher\" content=\"https:\/\/www.facebook.com\/RadioDLVradio\/\" \/>\n<meta property=\"article:published_time\" content=\"2019-07-06T08:02:36+00:00\" \/>\n<meta property=\"og:image\" content=\"https:\/\/dlvradio.es\/wp-content\/uploads\/2019\/06\/opinionNuria.jpg\" \/>\n\t<meta property=\"og:image:width\" content=\"1511\" \/>\n\t<meta property=\"og:image:height\" content=\"1511\" \/>\n\t<meta property=\"og:image:type\" content=\"image\/jpeg\" \/>\n<meta name=\"author\" content=\"DLV RADIO\" \/>\n<meta name=\"twitter:card\" content=\"summary_large_image\" \/>\n<meta name=\"twitter:creator\" content=\"@RadioDlvradio\" \/>\n<meta name=\"twitter:site\" content=\"@RadioDlvradio\" \/>\n<script type=\"application\/ld+json\" class=\"yoast-schema-graph\">{\"@context\":\"https:\\\/\\\/schema.org\",\"@graph\":[{\"@type\":\"Article\",\"@id\":\"https:\\\/\\\/dlvradio.es\\\/los-desahucios-no-estan-de-moda-este-verano\\\/#article\",\"isPartOf\":{\"@id\":\"https:\\\/\\\/dlvradio.es\\\/los-desahucios-no-estan-de-moda-este-verano\\\/\"},\"author\":{\"name\":\"DLV RADIO\",\"@id\":\"https:\\\/\\\/dlvradio.es\\\/#\\\/schema\\\/person\\\/7d533f9f89b13e3a3f2ba7f67d6412de\"},\"headline\":\"Los desahucios no est\u00e1n de moda este verano\",\"datePublished\":\"2019-07-06T08:02:36+00:00\",\"mainEntityOfPage\":{\"@id\":\"https:\\\/\\\/dlvradio.es\\\/los-desahucios-no-estan-de-moda-este-verano\\\/\"},\"wordCount\":867,\"commentCount\":0,\"publisher\":{\"@id\":\"https:\\\/\\\/dlvradio.es\\\/#organization\"},\"image\":{\"@id\":\"https:\\\/\\\/dlvradio.es\\\/los-desahucios-no-estan-de-moda-este-verano\\\/#primaryimage\"},\"thumbnailUrl\":\"https:\\\/\\\/dlvradio.es\\\/wp-content\\\/uploads\\\/2019\\\/06\\\/opinionNuria.jpg\",\"keywords\":[\"opini\u00f3n\",\"sociedad\"],\"articleSection\":[\"Opini\u00f3n\"],\"inLanguage\":\"en-US\"},{\"@type\":\"WebPage\",\"@id\":\"https:\\\/\\\/dlvradio.es\\\/los-desahucios-no-estan-de-moda-este-verano\\\/\",\"url\":\"https:\\\/\\\/dlvradio.es\\\/los-desahucios-no-estan-de-moda-este-verano\\\/\",\"name\":\"Los desahucios no est\u00e1n de moda este verano - DLVRADIO\",\"isPartOf\":{\"@id\":\"https:\\\/\\\/dlvradio.es\\\/#website\"},\"primaryImageOfPage\":{\"@id\":\"https:\\\/\\\/dlvradio.es\\\/los-desahucios-no-estan-de-moda-este-verano\\\/#primaryimage\"},\"image\":{\"@id\":\"https:\\\/\\\/dlvradio.es\\\/los-desahucios-no-estan-de-moda-este-verano\\\/#primaryimage\"},\"thumbnailUrl\":\"https:\\\/\\\/dlvradio.es\\\/wp-content\\\/uploads\\\/2019\\\/06\\\/opinionNuria.jpg\",\"datePublished\":\"2019-07-06T08:02:36+00:00\",\"description\":\"N\u00faria Gonz\u00e1lez, feminista, activista, abogada, sindicalista y barcelonesa. Hace m\u00e1s de un mes que varias familias, la mayor\u00eda monoparentales con mujeres\",\"breadcrumb\":{\"@id\":\"https:\\\/\\\/dlvradio.es\\\/los-desahucios-no-estan-de-moda-este-verano\\\/#breadcrumb\"},\"inLanguage\":\"en-US\",\"potentialAction\":[{\"@type\":\"ReadAction\",\"target\":[\"https:\\\/\\\/dlvradio.es\\\/los-desahucios-no-estan-de-moda-este-verano\\\/\"]}]},{\"@type\":\"ImageObject\",\"inLanguage\":\"en-US\",\"@id\":\"https:\\\/\\\/dlvradio.es\\\/los-desahucios-no-estan-de-moda-este-verano\\\/#primaryimage\",\"url\":\"https:\\\/\\\/dlvradio.es\\\/wp-content\\\/uploads\\\/2019\\\/06\\\/opinionNuria.jpg\",\"contentUrl\":\"https:\\\/\\\/dlvradio.es\\\/wp-content\\\/uploads\\\/2019\\\/06\\\/opinionNuria.jpg\",\"width\":1511,\"height\":1511,\"caption\":\"opinionNuria\"},{\"@type\":\"BreadcrumbList\",\"@id\":\"https:\\\/\\\/dlvradio.es\\\/los-desahucios-no-estan-de-moda-este-verano\\\/#breadcrumb\",\"itemListElement\":[{\"@type\":\"ListItem\",\"position\":1,\"name\":\"Inicio\",\"item\":\"https:\\\/\\\/dlvradio.es\\\/\"},{\"@type\":\"ListItem\",\"position\":2,\"name\":\"Los desahucios no est\u00e1n de moda este verano\"}]},{\"@type\":\"WebSite\",\"@id\":\"https:\\\/\\\/dlvradio.es\\\/#website\",\"url\":\"https:\\\/\\\/dlvradio.es\\\/\",\"name\":\"DLVRADIO\",\"description\":\"Somos un medio de comunicaci\u00f3n alternativo a los medios tradicionales\",\"publisher\":{\"@id\":\"https:\\\/\\\/dlvradio.es\\\/#organization\"},\"potentialAction\":[{\"@type\":\"SearchAction\",\"target\":{\"@type\":\"EntryPoint\",\"urlTemplate\":\"https:\\\/\\\/dlvradio.es\\\/?s={search_term_string}\"},\"query-input\":{\"@type\":\"PropertyValueSpecification\",\"valueRequired\":true,\"valueName\":\"search_term_string\"}}],\"inLanguage\":\"en-US\"},{\"@type\":\"Organization\",\"@id\":\"https:\\\/\\\/dlvradio.es\\\/#organization\",\"name\":\"DLVRADIO\",\"url\":\"https:\\\/\\\/dlvradio.es\\\/\",\"logo\":{\"@type\":\"ImageObject\",\"inLanguage\":\"en-US\",\"@id\":\"https:\\\/\\\/dlvradio.es\\\/#\\\/schema\\\/logo\\\/image\\\/\",\"url\":\"\",\"contentUrl\":\"\",\"caption\":\"DLVRADIO\"},\"image\":{\"@id\":\"https:\\\/\\\/dlvradio.es\\\/#\\\/schema\\\/logo\\\/image\\\/\"},\"sameAs\":[\"https:\\\/\\\/www.facebook.com\\\/RadioDLVradio\\\/\",\"https:\\\/\\\/x.com\\\/RadioDlvradio\",\"https:\\\/\\\/www.instagram.com\\\/radiodlvradio\\\/\"]},{\"@type\":\"Person\",\"@id\":\"https:\\\/\\\/dlvradio.es\\\/#\\\/schema\\\/person\\\/7d533f9f89b13e3a3f2ba7f67d6412de\",\"name\":\"DLV RADIO\",\"sameAs\":[\"https:\\\/\\\/dlvradio.es\"]}]}<\/script>\n<!-- \/ Yoast SEO plugin. -->","yoast_head_json":{"title":"Los desahucios no est\u00e1n de moda este verano - DLVRADIO","description":"N\u00faria Gonz\u00e1lez, feminista, activista, abogada, sindicalista y barcelonesa. Hace m\u00e1s de un mes que varias familias, la mayor\u00eda monoparentales con mujeres","robots":{"index":"index","follow":"follow","max-snippet":"max-snippet:-1","max-image-preview":"max-image-preview:large","max-video-preview":"max-video-preview:-1"},"canonical":"https:\/\/dlvradio.es\/en\/los-desahucios-no-estan-de-moda-este-verano\/","og_locale":"en_US","og_type":"article","og_title":"Los desahucios no est\u00e1n de moda este verano - DLVRADIO","og_description":"N\u00faria Gonz\u00e1lez, feminista, activista, abogada, sindicalista y barcelonesa. Hace m\u00e1s de un mes que varias familias, la mayor\u00eda monoparentales con mujeres","og_url":"https:\/\/dlvradio.es\/en\/los-desahucios-no-estan-de-moda-este-verano\/","og_site_name":"DLVRADIO","article_publisher":"https:\/\/www.facebook.com\/RadioDLVradio\/","article_published_time":"2019-07-06T08:02:36+00:00","og_image":[{"width":1511,"height":1511,"url":"https:\/\/dlvradio.es\/wp-content\/uploads\/2019\/06\/opinionNuria.jpg","type":"image\/jpeg"}],"author":"DLV RADIO","twitter_card":"summary_large_image","twitter_creator":"@RadioDlvradio","twitter_site":"@RadioDlvradio","schema":{"@context":"https:\/\/schema.org","@graph":[{"@type":"Article","@id":"https:\/\/dlvradio.es\/los-desahucios-no-estan-de-moda-este-verano\/#article","isPartOf":{"@id":"https:\/\/dlvradio.es\/los-desahucios-no-estan-de-moda-este-verano\/"},"author":{"name":"DLV RADIO","@id":"https:\/\/dlvradio.es\/#\/schema\/person\/7d533f9f89b13e3a3f2ba7f67d6412de"},"headline":"Los desahucios no est\u00e1n de moda este verano","datePublished":"2019-07-06T08:02:36+00:00","mainEntityOfPage":{"@id":"https:\/\/dlvradio.es\/los-desahucios-no-estan-de-moda-este-verano\/"},"wordCount":867,"commentCount":0,"publisher":{"@id":"https:\/\/dlvradio.es\/#organization"},"image":{"@id":"https:\/\/dlvradio.es\/los-desahucios-no-estan-de-moda-este-verano\/#primaryimage"},"thumbnailUrl":"https:\/\/dlvradio.es\/wp-content\/uploads\/2019\/06\/opinionNuria.jpg","keywords":["opini\u00f3n","sociedad"],"articleSection":["Opini\u00f3n"],"inLanguage":"en-US"},{"@type":"WebPage","@id":"https:\/\/dlvradio.es\/los-desahucios-no-estan-de-moda-este-verano\/","url":"https:\/\/dlvradio.es\/los-desahucios-no-estan-de-moda-este-verano\/","name":"Los desahucios no est\u00e1n de moda este verano - DLVRADIO","isPartOf":{"@id":"https:\/\/dlvradio.es\/#website"},"primaryImageOfPage":{"@id":"https:\/\/dlvradio.es\/los-desahucios-no-estan-de-moda-este-verano\/#primaryimage"},"image":{"@id":"https:\/\/dlvradio.es\/los-desahucios-no-estan-de-moda-este-verano\/#primaryimage"},"thumbnailUrl":"https:\/\/dlvradio.es\/wp-content\/uploads\/2019\/06\/opinionNuria.jpg","datePublished":"2019-07-06T08:02:36+00:00","description":"N\u00faria Gonz\u00e1lez, feminista, activista, abogada, sindicalista y barcelonesa. Hace m\u00e1s de un mes que varias familias, la mayor\u00eda monoparentales con mujeres","breadcrumb":{"@id":"https:\/\/dlvradio.es\/los-desahucios-no-estan-de-moda-este-verano\/#breadcrumb"},"inLanguage":"en-US","potentialAction":[{"@type":"ReadAction","target":["https:\/\/dlvradio.es\/los-desahucios-no-estan-de-moda-este-verano\/"]}]},{"@type":"ImageObject","inLanguage":"en-US","@id":"https:\/\/dlvradio.es\/los-desahucios-no-estan-de-moda-este-verano\/#primaryimage","url":"https:\/\/dlvradio.es\/wp-content\/uploads\/2019\/06\/opinionNuria.jpg","contentUrl":"https:\/\/dlvradio.es\/wp-content\/uploads\/2019\/06\/opinionNuria.jpg","width":1511,"height":1511,"caption":"opinionNuria"},{"@type":"BreadcrumbList","@id":"https:\/\/dlvradio.es\/los-desahucios-no-estan-de-moda-este-verano\/#breadcrumb","itemListElement":[{"@type":"ListItem","position":1,"name":"Inicio","item":"https:\/\/dlvradio.es\/"},{"@type":"ListItem","position":2,"name":"Los desahucios no est\u00e1n de moda este verano"}]},{"@type":"WebSite","@id":"https:\/\/dlvradio.es\/#website","url":"https:\/\/dlvradio.es\/","name":"DLVRADIO","description":"We are an alternative media to traditional media","publisher":{"@id":"https:\/\/dlvradio.es\/#organization"},"potentialAction":[{"@type":"SearchAction","target":{"@type":"EntryPoint","urlTemplate":"https:\/\/dlvradio.es\/?s={search_term_string}"},"query-input":{"@type":"PropertyValueSpecification","valueRequired":true,"valueName":"search_term_string"}}],"inLanguage":"en-US"},{"@type":"Organization","@id":"https:\/\/dlvradio.es\/#organization","name":"DLVRADIO","url":"https:\/\/dlvradio.es\/","logo":{"@type":"ImageObject","inLanguage":"en-US","@id":"https:\/\/dlvradio.es\/#\/schema\/logo\/image\/","url":"","contentUrl":"","caption":"DLVRADIO"},"image":{"@id":"https:\/\/dlvradio.es\/#\/schema\/logo\/image\/"},"sameAs":["https:\/\/www.facebook.com\/RadioDLVradio\/","https:\/\/x.com\/RadioDlvradio","https:\/\/www.instagram.com\/radiodlvradio\/"]},{"@type":"Person","@id":"https:\/\/dlvradio.es\/#\/schema\/person\/7d533f9f89b13e3a3f2ba7f67d6412de","name":"DLV RADIO","sameAs":["https:\/\/dlvradio.es"]}]}},"_links":{"self":[{"href":"https:\/\/dlvradio.es\/en\/wp-json\/wp\/v2\/posts\/69372","targetHints":{"allow":["GET"]}}],"collection":[{"href":"https:\/\/dlvradio.es\/en\/wp-json\/wp\/v2\/posts"}],"about":[{"href":"https:\/\/dlvradio.es\/en\/wp-json\/wp\/v2\/types\/post"}],"author":[{"embeddable":true,"href":"https:\/\/dlvradio.es\/en\/wp-json\/wp\/v2\/users\/4"}],"replies":[{"embeddable":true,"href":"https:\/\/dlvradio.es\/en\/wp-json\/wp\/v2\/comments?post=69372"}],"version-history":[{"count":0,"href":"https:\/\/dlvradio.es\/en\/wp-json\/wp\/v2\/posts\/69372\/revisions"}],"wp:featuredmedia":[{"embeddable":true,"href":"https:\/\/dlvradio.es\/en\/wp-json\/wp\/v2\/media\/69352"}],"wp:attachment":[{"href":"https:\/\/dlvradio.es\/en\/wp-json\/wp\/v2\/media?parent=69372"}],"wp:term":[{"taxonomy":"category","embeddable":true,"href":"https:\/\/dlvradio.es\/en\/wp-json\/wp\/v2\/categories?post=69372"},{"taxonomy":"post_tag","embeddable":true,"href":"https:\/\/dlvradio.es\/en\/wp-json\/wp\/v2\/tags?post=69372"}],"curies":[{"name":"wp","href":"https:\/\/api.w.org\/{rel}","templated":true}]}}