{"id":69383,"date":"2019-07-25T19:21:47","date_gmt":"2019-07-25T17:21:47","guid":{"rendered":"https:\/\/dlvradio.es\/donde-estan-las-lateras\/"},"modified":"2019-07-25T19:21:47","modified_gmt":"2019-07-25T17:21:47","slug":"donde-estan-las-lateras","status":"publish","type":"post","link":"https:\/\/dlvradio.es\/en\/donde-estan-las-lateras\/","title":{"rendered":"\u00bfD\u00f3nde est\u00e1n las \u201clateras\u201d?"},"content":{"rendered":"<h6><img decoding=\"async\" class=\"alignleft wp-image-59 size-thumbnail\" src=\"https:\/\/dlvradio.es\/wp-content\/uploads\/2019\/06\/opinionNuria-150x150.jpg\" alt=\"\" width=\"150\" height=\"150\" \/>N\u00faria Gonz\u00e1lez, feminist, activist, lawyer, trade unionist and from Barcelona.<\/h6>\n<p>Hay que reconocer que uno de los mejores encantos de nuestras playas, a lo largo de casi todo el litoral espa\u00f1ol, son sus chiringuitos. Y cuanto m\u00e1s al sur, mejores son esos establecimientos donde deleitarte con una cerveza helada, un fant\u00e1stico espeto de sardinas con sabor a carb\u00f3n, o la muy spanish sangr\u00eda, que hace las delicias de aut\u00f3ctonos y for\u00e1neos.<\/p>\n<p><iframe id=\"audio_39035477\" style=\"border: 1px solid #EEE; box-sizing: border-box; width: 100%;\" src=\"https:\/\/www.ivoox.com\/player_ej_39035477_4_1.html?c1=ff6600\" height=\"200\" frameborder=\"0\" scrolling=\"no\" allowfullscreen=\"allowfullscreen\"><\/iframe><\/p>\n<p>Y digo en casi todo el litoral, porque en Catalunya, desde luego, no tenemos esa suerte. Hemos sido agraciados con uno de los litorales m\u00e1s bellos del mundo, que es la Costa Brava, o con otro con un microclima privilegiado como la Costa Daurada, pero nuestros chiringuitos dejan bastante que desear. Y como siempre, el ejemplo de lo peor en servicios a las personas lo ostenta mi pobre Barcelona.<\/p>\n<p>Pero como la gente que viene a Barcelona es gente normal, que tambi\u00e9n gusta de tomarse una cerveza fresquita en la playa cuando el calor aprieta, para hacerle la competencia a estos establecimientos playeros, normalmente ultra car\u00edsimos y con un servicio nefasto, han aparecido, o m\u00e1s bien se han trasladado a las playas, los lateros, que en invierno trabajan en el centro de Barcelona en general y en Las Ramblas en particular, vendiendo latas de cerveza y muchas otras sustancias de todo tipo, de manera ilegal, pero con total impunidad, como casi todo lo ilegal que pasa en la capital catalana.<\/p>\n<p>Estos lateros, cuando llega el verano diversifican su negocio y se pasean por las playas urbanas de la ciudad condal ofreciendo bebidas fr\u00edas, incluso c\u00f3cteles reci\u00e9n hechos a los ba\u00f1istas. La especialidad son los mojitos ali\u00f1ados con bacterias fecales que los guiris consumen alegremente, como si de un Gimblet en el Borne se tratara. Mojitos de caca debido a que los esconden dentro de las alcantarillas y all\u00ed, mientras aguardan a ser consumidos por un grupo de ingleses u holandeses voraces, pues les cae todo tipo de suciedad e incluso alguna cucaracha intr\u00e9pida ha acabado en uno de estos vasos.<\/p>\n<p>A m\u00ed la verdad es que me importa poco si la gente es feliz bebiendo bebidas con mierda o con cardamomo, lo que me parece ya muy marca de la casa en Barcelona es c\u00f3mo nos estamos acostumbrando a convivir con la ilegalidad m\u00e1s absoluta, que en ning\u00fan caso beneficia a los chicos que intentan ganarse la vida vendiendo por las playas, sino s\u00f3lo a las mafias de explotaci\u00f3n de personas que operan a trav\u00e9s de ellos y que campan a sus anchas en Barcelona sin que la autoridad local mueva un dedo para evitarlo.<\/p>\n<p>Y digo chicos porque eso es lo que son, exclusivamente chicos. Muchos de ellos son menas, esa palabra odiosa de nuevo cu\u00f1o pero que se ha convertido en el nuevo abracadabra,que hace desaparecer de un plumazo a los ni\u00f1os y ni\u00f1as a los que nos referimos con ese acr\u00f3nimo de \u201cmenor no acompa\u00f1ado\u201d, y que nos facilita much\u00edsimo la tarea a los europeos y europeas \u201cde bien\u201d de olvidarnos de que detr\u00e1s de toda esa voluntad de demonizar a un colectivo como si fueran los siete jinetes del apocalipsis, lo que hay son ni\u00f1os y ni\u00f1as en situaciones tan desesperadas que se cruzan el continente africano para llegar a Europa con el \u00fanico objetivo de sobrevivir.<\/p>\n<p>Resulta vergonzoso que, en nuestra sociedad, donde criamos a ni\u00f1os idiotizados por las pantallas y que a duras penas tienen la m\u00e1s m\u00ednima responsabilidad de aprobar (iba a decir estudiar, pero ya es mucho) y cuyos padres ultrasobreprotegen incluso ya cuando rozan la veintena, porque son \u201cnuestros ni\u00f1os y ni\u00f1as\u201d, seamos incapaces de ver que esos \u201cmenas\u201d, son tambi\u00e9n los ni\u00f1os y ni\u00f1as de otros, s\u00f3lo que han tenido la mala fortuna de, por puro azar, nacer en un pa\u00eds pobre o en guerra. Merecen todo nuestro desprecio por ello, seg\u00fan muchos, e incluso, al m\u00e1s propio estilo medieval, merecen que vayamos a asaltar los centros de menores como pas\u00f3 hace un par de semanas en El Masnou. \u00bfQu\u00e9 pretend\u00edan esas hordas? \u00bfMatar ni\u00f1os?<\/p>\n<p>\u00bfY las ni\u00f1as? Tambi\u00e9n salen de sus pa\u00edses en busca de una oportunidad de sobrevivir y, normalmente, para mantener a toda su familia. Pero no las vemos en nuestras playas vendiendo latas. Tampoco las vemos de manteras, y mucho menos en el mercado laboral formal, dadas de alta y trabajando con un contrato de trabajo, aunque sea precario. Pero s\u00ed sabemos que en sus pa\u00edses no est\u00e1n y que se les pierde la pista al norte de Marruecos, donde las mafias de trata de personas para prostituci\u00f3n captan, secuestran y trasladan a estas ni\u00f1as y mujeres a los burdeles y pisos de toda Europa, para surtir al mercado de los puteros en Espa\u00f1a, que es ya el tercero mayor del mundo s\u00f3lo por detr\u00e1s de Tailandia y Puerto Rico.<\/p>\n<p>No vemos a las \u201clateras\u201d en Barcelona pero ah\u00ed est\u00e1n. No en la arena pero s\u00ed en los pisos-burdeles que, como todo lo ilegal en esta ciudad, se tolera con total normalidad. Marca de la casa.<\/p>","protected":false},"excerpt":{"rendered":"","protected":false},"author":4,"featured_media":69352,"comment_status":"open","ping_status":"open","sticky":false,"template":"","format":"standard","meta":{"_acf_changed":false,"footnotes":""},"categories":[2461],"tags":[2468,2463],"class_list":["post-69383","post","type-post","status-publish","format-standard","has-post-thumbnail","hentry","category-opinion","tag-cataluna","tag-sociedad"],"acf":[],"yoast_head":"<!-- This site is optimized with the Yoast SEO plugin v27.4 - https:\/\/yoast.com\/product\/yoast-seo-wordpress\/ -->\n<title>\u00bfD\u00f3nde est\u00e1n las \u201clateras\u201d? - DLVRADIO<\/title>\n<meta name=\"description\" content=\"N\u00faria Gonz\u00e1lez, feminista, activista, abogada, sindicalista y barcelonesa. Hay que reconocer que uno de los mejores encantos de nuestras playas, a lo\" \/>\n<meta name=\"robots\" content=\"index, follow, max-snippet:-1, max-image-preview:large, max-video-preview:-1\" \/>\n<link rel=\"canonical\" href=\"https:\/\/dlvradio.es\/en\/donde-estan-las-lateras\/\" \/>\n<meta property=\"og:locale\" content=\"en_US\" \/>\n<meta property=\"og:type\" content=\"article\" \/>\n<meta property=\"og:title\" content=\"\u00bfD\u00f3nde est\u00e1n las \u201clateras\u201d? - DLVRADIO\" \/>\n<meta property=\"og:description\" content=\"N\u00faria Gonz\u00e1lez, feminista, activista, abogada, sindicalista y barcelonesa. Hay que reconocer que uno de los mejores encantos de nuestras playas, a lo\" \/>\n<meta property=\"og:url\" content=\"https:\/\/dlvradio.es\/en\/donde-estan-las-lateras\/\" \/>\n<meta property=\"og:site_name\" content=\"DLVRADIO\" \/>\n<meta property=\"article:publisher\" content=\"https:\/\/www.facebook.com\/RadioDLVradio\/\" \/>\n<meta property=\"article:published_time\" content=\"2019-07-25T17:21:47+00:00\" \/>\n<meta property=\"og:image\" content=\"https:\/\/dlvradio.es\/wp-content\/uploads\/2019\/06\/opinionNuria.jpg\" \/>\n\t<meta property=\"og:image:width\" content=\"1511\" \/>\n\t<meta property=\"og:image:height\" content=\"1511\" \/>\n\t<meta property=\"og:image:type\" content=\"image\/jpeg\" \/>\n<meta name=\"author\" content=\"DLV RADIO\" \/>\n<meta name=\"twitter:card\" content=\"summary_large_image\" \/>\n<meta name=\"twitter:creator\" content=\"@RadioDlvradio\" \/>\n<meta name=\"twitter:site\" content=\"@RadioDlvradio\" \/>\n<script type=\"application\/ld+json\" class=\"yoast-schema-graph\">{\"@context\":\"https:\\\/\\\/schema.org\",\"@graph\":[{\"@type\":\"Article\",\"@id\":\"https:\\\/\\\/dlvradio.es\\\/donde-estan-las-lateras\\\/#article\",\"isPartOf\":{\"@id\":\"https:\\\/\\\/dlvradio.es\\\/donde-estan-las-lateras\\\/\"},\"author\":{\"name\":\"DLV RADIO\",\"@id\":\"https:\\\/\\\/dlvradio.es\\\/#\\\/schema\\\/person\\\/7d533f9f89b13e3a3f2ba7f67d6412de\"},\"headline\":\"\u00bfD\u00f3nde est\u00e1n las \u201clateras\u201d?\",\"datePublished\":\"2019-07-25T17:21:47+00:00\",\"mainEntityOfPage\":{\"@id\":\"https:\\\/\\\/dlvradio.es\\\/donde-estan-las-lateras\\\/\"},\"wordCount\":905,\"commentCount\":0,\"publisher\":{\"@id\":\"https:\\\/\\\/dlvradio.es\\\/#organization\"},\"image\":{\"@id\":\"https:\\\/\\\/dlvradio.es\\\/donde-estan-las-lateras\\\/#primaryimage\"},\"thumbnailUrl\":\"https:\\\/\\\/dlvradio.es\\\/wp-content\\\/uploads\\\/2019\\\/06\\\/opinionNuria.jpg\",\"keywords\":[\"Catalu\u00f1a\",\"sociedad\"],\"articleSection\":[\"Opini\u00f3n\"],\"inLanguage\":\"en-US\"},{\"@type\":\"WebPage\",\"@id\":\"https:\\\/\\\/dlvradio.es\\\/donde-estan-las-lateras\\\/\",\"url\":\"https:\\\/\\\/dlvradio.es\\\/donde-estan-las-lateras\\\/\",\"name\":\"\u00bfD\u00f3nde est\u00e1n las \u201clateras\u201d? - DLVRADIO\",\"isPartOf\":{\"@id\":\"https:\\\/\\\/dlvradio.es\\\/#website\"},\"primaryImageOfPage\":{\"@id\":\"https:\\\/\\\/dlvradio.es\\\/donde-estan-las-lateras\\\/#primaryimage\"},\"image\":{\"@id\":\"https:\\\/\\\/dlvradio.es\\\/donde-estan-las-lateras\\\/#primaryimage\"},\"thumbnailUrl\":\"https:\\\/\\\/dlvradio.es\\\/wp-content\\\/uploads\\\/2019\\\/06\\\/opinionNuria.jpg\",\"datePublished\":\"2019-07-25T17:21:47+00:00\",\"description\":\"N\u00faria Gonz\u00e1lez, feminista, activista, abogada, sindicalista y barcelonesa. Hay que reconocer que uno de los mejores encantos de nuestras playas, a lo\",\"breadcrumb\":{\"@id\":\"https:\\\/\\\/dlvradio.es\\\/donde-estan-las-lateras\\\/#breadcrumb\"},\"inLanguage\":\"en-US\",\"potentialAction\":[{\"@type\":\"ReadAction\",\"target\":[\"https:\\\/\\\/dlvradio.es\\\/donde-estan-las-lateras\\\/\"]}]},{\"@type\":\"ImageObject\",\"inLanguage\":\"en-US\",\"@id\":\"https:\\\/\\\/dlvradio.es\\\/donde-estan-las-lateras\\\/#primaryimage\",\"url\":\"https:\\\/\\\/dlvradio.es\\\/wp-content\\\/uploads\\\/2019\\\/06\\\/opinionNuria.jpg\",\"contentUrl\":\"https:\\\/\\\/dlvradio.es\\\/wp-content\\\/uploads\\\/2019\\\/06\\\/opinionNuria.jpg\",\"width\":1511,\"height\":1511,\"caption\":\"opinionNuria\"},{\"@type\":\"BreadcrumbList\",\"@id\":\"https:\\\/\\\/dlvradio.es\\\/donde-estan-las-lateras\\\/#breadcrumb\",\"itemListElement\":[{\"@type\":\"ListItem\",\"position\":1,\"name\":\"Inicio\",\"item\":\"https:\\\/\\\/dlvradio.es\\\/\"},{\"@type\":\"ListItem\",\"position\":2,\"name\":\"\u00bfD\u00f3nde est\u00e1n las \u201clateras\u201d?\"}]},{\"@type\":\"WebSite\",\"@id\":\"https:\\\/\\\/dlvradio.es\\\/#website\",\"url\":\"https:\\\/\\\/dlvradio.es\\\/\",\"name\":\"DLVRADIO\",\"description\":\"Somos un medio de comunicaci\u00f3n alternativo a los medios tradicionales\",\"publisher\":{\"@id\":\"https:\\\/\\\/dlvradio.es\\\/#organization\"},\"potentialAction\":[{\"@type\":\"SearchAction\",\"target\":{\"@type\":\"EntryPoint\",\"urlTemplate\":\"https:\\\/\\\/dlvradio.es\\\/?s={search_term_string}\"},\"query-input\":{\"@type\":\"PropertyValueSpecification\",\"valueRequired\":true,\"valueName\":\"search_term_string\"}}],\"inLanguage\":\"en-US\"},{\"@type\":\"Organization\",\"@id\":\"https:\\\/\\\/dlvradio.es\\\/#organization\",\"name\":\"DLVRADIO\",\"url\":\"https:\\\/\\\/dlvradio.es\\\/\",\"logo\":{\"@type\":\"ImageObject\",\"inLanguage\":\"en-US\",\"@id\":\"https:\\\/\\\/dlvradio.es\\\/#\\\/schema\\\/logo\\\/image\\\/\",\"url\":\"\",\"contentUrl\":\"\",\"caption\":\"DLVRADIO\"},\"image\":{\"@id\":\"https:\\\/\\\/dlvradio.es\\\/#\\\/schema\\\/logo\\\/image\\\/\"},\"sameAs\":[\"https:\\\/\\\/www.facebook.com\\\/RadioDLVradio\\\/\",\"https:\\\/\\\/x.com\\\/RadioDlvradio\",\"https:\\\/\\\/www.instagram.com\\\/radiodlvradio\\\/\"]},{\"@type\":\"Person\",\"@id\":\"https:\\\/\\\/dlvradio.es\\\/#\\\/schema\\\/person\\\/7d533f9f89b13e3a3f2ba7f67d6412de\",\"name\":\"DLV RADIO\",\"sameAs\":[\"https:\\\/\\\/dlvradio.es\"]}]}<\/script>\n<!-- \/ Yoast SEO plugin. -->","yoast_head_json":{"title":"\u00bfD\u00f3nde est\u00e1n las \u201clateras\u201d? - DLVRADIO","description":"N\u00faria Gonz\u00e1lez, feminista, activista, abogada, sindicalista y barcelonesa. Hay que reconocer que uno de los mejores encantos de nuestras playas, a lo","robots":{"index":"index","follow":"follow","max-snippet":"max-snippet:-1","max-image-preview":"max-image-preview:large","max-video-preview":"max-video-preview:-1"},"canonical":"https:\/\/dlvradio.es\/en\/donde-estan-las-lateras\/","og_locale":"en_US","og_type":"article","og_title":"\u00bfD\u00f3nde est\u00e1n las \u201clateras\u201d? - DLVRADIO","og_description":"N\u00faria Gonz\u00e1lez, feminista, activista, abogada, sindicalista y barcelonesa. Hay que reconocer que uno de los mejores encantos de nuestras playas, a lo","og_url":"https:\/\/dlvradio.es\/en\/donde-estan-las-lateras\/","og_site_name":"DLVRADIO","article_publisher":"https:\/\/www.facebook.com\/RadioDLVradio\/","article_published_time":"2019-07-25T17:21:47+00:00","og_image":[{"width":1511,"height":1511,"url":"https:\/\/dlvradio.es\/wp-content\/uploads\/2019\/06\/opinionNuria.jpg","type":"image\/jpeg"}],"author":"DLV RADIO","twitter_card":"summary_large_image","twitter_creator":"@RadioDlvradio","twitter_site":"@RadioDlvradio","schema":{"@context":"https:\/\/schema.org","@graph":[{"@type":"Article","@id":"https:\/\/dlvradio.es\/donde-estan-las-lateras\/#article","isPartOf":{"@id":"https:\/\/dlvradio.es\/donde-estan-las-lateras\/"},"author":{"name":"DLV RADIO","@id":"https:\/\/dlvradio.es\/#\/schema\/person\/7d533f9f89b13e3a3f2ba7f67d6412de"},"headline":"\u00bfD\u00f3nde est\u00e1n las \u201clateras\u201d?","datePublished":"2019-07-25T17:21:47+00:00","mainEntityOfPage":{"@id":"https:\/\/dlvradio.es\/donde-estan-las-lateras\/"},"wordCount":905,"commentCount":0,"publisher":{"@id":"https:\/\/dlvradio.es\/#organization"},"image":{"@id":"https:\/\/dlvradio.es\/donde-estan-las-lateras\/#primaryimage"},"thumbnailUrl":"https:\/\/dlvradio.es\/wp-content\/uploads\/2019\/06\/opinionNuria.jpg","keywords":["Catalu\u00f1a","sociedad"],"articleSection":["Opini\u00f3n"],"inLanguage":"en-US"},{"@type":"WebPage","@id":"https:\/\/dlvradio.es\/donde-estan-las-lateras\/","url":"https:\/\/dlvradio.es\/donde-estan-las-lateras\/","name":"\u00bfD\u00f3nde est\u00e1n las \u201clateras\u201d? - DLVRADIO","isPartOf":{"@id":"https:\/\/dlvradio.es\/#website"},"primaryImageOfPage":{"@id":"https:\/\/dlvradio.es\/donde-estan-las-lateras\/#primaryimage"},"image":{"@id":"https:\/\/dlvradio.es\/donde-estan-las-lateras\/#primaryimage"},"thumbnailUrl":"https:\/\/dlvradio.es\/wp-content\/uploads\/2019\/06\/opinionNuria.jpg","datePublished":"2019-07-25T17:21:47+00:00","description":"N\u00faria Gonz\u00e1lez, feminista, activista, abogada, sindicalista y barcelonesa. Hay que reconocer que uno de los mejores encantos de nuestras playas, a lo","breadcrumb":{"@id":"https:\/\/dlvradio.es\/donde-estan-las-lateras\/#breadcrumb"},"inLanguage":"en-US","potentialAction":[{"@type":"ReadAction","target":["https:\/\/dlvradio.es\/donde-estan-las-lateras\/"]}]},{"@type":"ImageObject","inLanguage":"en-US","@id":"https:\/\/dlvradio.es\/donde-estan-las-lateras\/#primaryimage","url":"https:\/\/dlvradio.es\/wp-content\/uploads\/2019\/06\/opinionNuria.jpg","contentUrl":"https:\/\/dlvradio.es\/wp-content\/uploads\/2019\/06\/opinionNuria.jpg","width":1511,"height":1511,"caption":"opinionNuria"},{"@type":"BreadcrumbList","@id":"https:\/\/dlvradio.es\/donde-estan-las-lateras\/#breadcrumb","itemListElement":[{"@type":"ListItem","position":1,"name":"Inicio","item":"https:\/\/dlvradio.es\/"},{"@type":"ListItem","position":2,"name":"\u00bfD\u00f3nde est\u00e1n las \u201clateras\u201d?"}]},{"@type":"WebSite","@id":"https:\/\/dlvradio.es\/#website","url":"https:\/\/dlvradio.es\/","name":"DLVRADIO","description":"We are an alternative media to traditional media","publisher":{"@id":"https:\/\/dlvradio.es\/#organization"},"potentialAction":[{"@type":"SearchAction","target":{"@type":"EntryPoint","urlTemplate":"https:\/\/dlvradio.es\/?s={search_term_string}"},"query-input":{"@type":"PropertyValueSpecification","valueRequired":true,"valueName":"search_term_string"}}],"inLanguage":"en-US"},{"@type":"Organization","@id":"https:\/\/dlvradio.es\/#organization","name":"DLVRADIO","url":"https:\/\/dlvradio.es\/","logo":{"@type":"ImageObject","inLanguage":"en-US","@id":"https:\/\/dlvradio.es\/#\/schema\/logo\/image\/","url":"","contentUrl":"","caption":"DLVRADIO"},"image":{"@id":"https:\/\/dlvradio.es\/#\/schema\/logo\/image\/"},"sameAs":["https:\/\/www.facebook.com\/RadioDLVradio\/","https:\/\/x.com\/RadioDlvradio","https:\/\/www.instagram.com\/radiodlvradio\/"]},{"@type":"Person","@id":"https:\/\/dlvradio.es\/#\/schema\/person\/7d533f9f89b13e3a3f2ba7f67d6412de","name":"DLV RADIO","sameAs":["https:\/\/dlvradio.es"]}]}},"_links":{"self":[{"href":"https:\/\/dlvradio.es\/en\/wp-json\/wp\/v2\/posts\/69383","targetHints":{"allow":["GET"]}}],"collection":[{"href":"https:\/\/dlvradio.es\/en\/wp-json\/wp\/v2\/posts"}],"about":[{"href":"https:\/\/dlvradio.es\/en\/wp-json\/wp\/v2\/types\/post"}],"author":[{"embeddable":true,"href":"https:\/\/dlvradio.es\/en\/wp-json\/wp\/v2\/users\/4"}],"replies":[{"embeddable":true,"href":"https:\/\/dlvradio.es\/en\/wp-json\/wp\/v2\/comments?post=69383"}],"version-history":[{"count":0,"href":"https:\/\/dlvradio.es\/en\/wp-json\/wp\/v2\/posts\/69383\/revisions"}],"wp:featuredmedia":[{"embeddable":true,"href":"https:\/\/dlvradio.es\/en\/wp-json\/wp\/v2\/media\/69352"}],"wp:attachment":[{"href":"https:\/\/dlvradio.es\/en\/wp-json\/wp\/v2\/media?parent=69383"}],"wp:term":[{"taxonomy":"category","embeddable":true,"href":"https:\/\/dlvradio.es\/en\/wp-json\/wp\/v2\/categories?post=69383"},{"taxonomy":"post_tag","embeddable":true,"href":"https:\/\/dlvradio.es\/en\/wp-json\/wp\/v2\/tags?post=69383"}],"curies":[{"name":"wp","href":"https:\/\/api.w.org\/{rel}","templated":true}]}}