{"id":69415,"date":"2019-09-13T19:25:29","date_gmt":"2019-09-13T17:25:29","guid":{"rendered":"https:\/\/dlvradio.es\/arras-competicion-asturias-programa-01\/"},"modified":"2019-09-13T19:25:29","modified_gmt":"2019-09-13T17:25:29","slug":"arras-competicion-asturias-programa-01","status":"publish","type":"post","link":"https:\/\/dlvradio.es\/en\/arras-competicion-asturias-programa-01\/","title":{"rendered":"&#039;Arras competition Asturias&#039; program 01"},"content":{"rendered":"<p><img decoding=\"async\" class=\"alignleft wp-image-369 size-thumbnail\" src=\"https:\/\/dlvradio.es\/wp-content\/uploads\/2019\/08\/miguel-arras-150x150.jpg\" alt=\"\" width=\"150\" height=\"150\" \/>Ya estamos aqu\u00ed con el segundo programa dedicado al mundo de los rallyes, en la secci\u00f3n del programa dedicado a las entrevistas os hab\u00eda prometido a <strong>Mora<\/strong> pero por problemas t\u00e9cnicos no se pudo hacer, por eso la entrevista de esta semana a sido con otro campe\u00f3n <strong>Florentino Varela<\/strong>, que tambi\u00e9n participo en la tertulia junto al futuro copiloto, y radio enlace <strong>Sergio Fidalgo<\/strong>. Esperamos que sea de vuestro inter\u00e9s.<strong> Nota<\/strong>: os pedimos disculpas por los problemas de sonido de la semana pasada.<\/p>\n<figure><iframe id=\"audio_41372730\" style=\"border: 1px solid #EEE; box-sizing: border-box; width: 100%;\" src=\"https:\/\/www.ivoox.com\/player_ej_41372730_4_1.html?c1=ff6600\" height=\"200\" frameborder=\"0\" scrolling=\"no\" allowfullscreen=\"allowfullscreen\"><\/iframe><\/figure>","protected":false},"excerpt":{"rendered":"","protected":false},"author":4,"featured_media":69400,"comment_status":"open","ping_status":"open","sticky":false,"template":"","format":"standard","meta":{"_acf_changed":false,"footnotes":""},"categories":[2480],"tags":[2466],"class_list":["post-69415","post","type-post","status-publish","format-standard","has-post-thumbnail","hentry","category-deportes","tag-espana"],"acf":[],"yoast_head":"<!-- This site is optimized with the Yoast SEO plugin v27.4 - https:\/\/yoast.com\/product\/yoast-seo-wordpress\/ -->\n<title>&#039;Arras competici\u00f3n Asturias&#039; programa 01 - DLVRADIO<\/title>\n<meta name=\"description\" content=\"Ya estamos aqu\u00ed con el segundo programa dedicado al mundo de los rallyes, en la secci\u00f3n del programa dedicado a las entrevistas os hab\u00eda prometido a Mora\" \/>\n<meta name=\"robots\" content=\"index, follow, max-snippet:-1, max-image-preview:large, max-video-preview:-1\" \/>\n<link rel=\"canonical\" href=\"https:\/\/dlvradio.es\/en\/arras-competicion-asturias-programa-01\/\" \/>\n<meta property=\"og:locale\" content=\"en_US\" \/>\n<meta property=\"og:type\" content=\"article\" \/>\n<meta property=\"og:title\" content=\"&#039;Arras competici\u00f3n Asturias&#039; programa 01 - DLVRADIO\" \/>\n<meta property=\"og:description\" content=\"Ya estamos aqu\u00ed con el segundo programa dedicado al mundo de los rallyes, en la secci\u00f3n del programa dedicado a las entrevistas os hab\u00eda prometido a Mora\" \/>\n<meta property=\"og:url\" content=\"https:\/\/dlvradio.es\/en\/arras-competicion-asturias-programa-01\/\" \/>\n<meta property=\"og:site_name\" content=\"DLVRADIO\" \/>\n<meta property=\"article:publisher\" content=\"https:\/\/www.facebook.com\/RadioDLVradio\/\" \/>\n<meta property=\"article:published_time\" content=\"2019-09-13T17:25:29+00:00\" \/>\n<meta property=\"og:image\" content=\"https:\/\/dlvradio.es\/wp-content\/uploads\/2019\/08\/miguel-arras.jpg\" \/>\n\t<meta property=\"og:image:width\" content=\"1511\" \/>\n\t<meta property=\"og:image:height\" content=\"1511\" \/>\n\t<meta property=\"og:image:type\" content=\"image\/jpeg\" \/>\n<meta name=\"author\" content=\"DLV RADIO\" \/>\n<meta name=\"twitter:card\" content=\"summary_large_image\" \/>\n<meta name=\"twitter:creator\" content=\"@RadioDlvradio\" \/>\n<meta name=\"twitter:site\" content=\"@RadioDlvradio\" \/>\n<script type=\"application\/ld+json\" class=\"yoast-schema-graph\">{\"@context\":\"https:\\\/\\\/schema.org\",\"@graph\":[{\"@type\":\"Article\",\"@id\":\"https:\\\/\\\/dlvradio.es\\\/arras-competicion-asturias-programa-01\\\/#article\",\"isPartOf\":{\"@id\":\"https:\\\/\\\/dlvradio.es\\\/arras-competicion-asturias-programa-01\\\/\"},\"author\":{\"name\":\"DLV RADIO\",\"@id\":\"https:\\\/\\\/dlvradio.es\\\/#\\\/schema\\\/person\\\/7d533f9f89b13e3a3f2ba7f67d6412de\"},\"headline\":\"&#8216;Arras competici\u00f3n Asturias&#8217; programa 01\",\"datePublished\":\"2019-09-13T17:25:29+00:00\",\"mainEntityOfPage\":{\"@id\":\"https:\\\/\\\/dlvradio.es\\\/arras-competicion-asturias-programa-01\\\/\"},\"wordCount\":94,\"commentCount\":0,\"publisher\":{\"@id\":\"https:\\\/\\\/dlvradio.es\\\/#organization\"},\"image\":{\"@id\":\"https:\\\/\\\/dlvradio.es\\\/arras-competicion-asturias-programa-01\\\/#primaryimage\"},\"thumbnailUrl\":\"https:\\\/\\\/dlvradio.es\\\/wp-content\\\/uploads\\\/2019\\\/08\\\/miguel-arras.jpg\",\"keywords\":[\"Espa\u00f1a\"],\"articleSection\":[\"Deportes\"],\"inLanguage\":\"en-US\"},{\"@type\":\"WebPage\",\"@id\":\"https:\\\/\\\/dlvradio.es\\\/arras-competicion-asturias-programa-01\\\/\",\"url\":\"https:\\\/\\\/dlvradio.es\\\/arras-competicion-asturias-programa-01\\\/\",\"name\":\"'Arras competici\u00f3n Asturias' programa 01 - DLVRADIO\",\"isPartOf\":{\"@id\":\"https:\\\/\\\/dlvradio.es\\\/#website\"},\"primaryImageOfPage\":{\"@id\":\"https:\\\/\\\/dlvradio.es\\\/arras-competicion-asturias-programa-01\\\/#primaryimage\"},\"image\":{\"@id\":\"https:\\\/\\\/dlvradio.es\\\/arras-competicion-asturias-programa-01\\\/#primaryimage\"},\"thumbnailUrl\":\"https:\\\/\\\/dlvradio.es\\\/wp-content\\\/uploads\\\/2019\\\/08\\\/miguel-arras.jpg\",\"datePublished\":\"2019-09-13T17:25:29+00:00\",\"description\":\"Ya estamos aqu\u00ed con el segundo programa dedicado al mundo de los rallyes, en la secci\u00f3n del programa dedicado a las entrevistas os hab\u00eda prometido a Mora\",\"breadcrumb\":{\"@id\":\"https:\\\/\\\/dlvradio.es\\\/arras-competicion-asturias-programa-01\\\/#breadcrumb\"},\"inLanguage\":\"en-US\",\"potentialAction\":[{\"@type\":\"ReadAction\",\"target\":[\"https:\\\/\\\/dlvradio.es\\\/arras-competicion-asturias-programa-01\\\/\"]}]},{\"@type\":\"ImageObject\",\"inLanguage\":\"en-US\",\"@id\":\"https:\\\/\\\/dlvradio.es\\\/arras-competicion-asturias-programa-01\\\/#primaryimage\",\"url\":\"https:\\\/\\\/dlvradio.es\\\/wp-content\\\/uploads\\\/2019\\\/08\\\/miguel-arras.jpg\",\"contentUrl\":\"https:\\\/\\\/dlvradio.es\\\/wp-content\\\/uploads\\\/2019\\\/08\\\/miguel-arras.jpg\",\"width\":1511,\"height\":1511,\"caption\":\"miguel arras\"},{\"@type\":\"BreadcrumbList\",\"@id\":\"https:\\\/\\\/dlvradio.es\\\/arras-competicion-asturias-programa-01\\\/#breadcrumb\",\"itemListElement\":[{\"@type\":\"ListItem\",\"position\":1,\"name\":\"Inicio\",\"item\":\"https:\\\/\\\/dlvradio.es\\\/\"},{\"@type\":\"ListItem\",\"position\":2,\"name\":\"&#8216;Arras competici\u00f3n Asturias&#8217; programa 01\"}]},{\"@type\":\"WebSite\",\"@id\":\"https:\\\/\\\/dlvradio.es\\\/#website\",\"url\":\"https:\\\/\\\/dlvradio.es\\\/\",\"name\":\"DLVRADIO\",\"description\":\"Somos un medio de comunicaci\u00f3n alternativo a los medios tradicionales\",\"publisher\":{\"@id\":\"https:\\\/\\\/dlvradio.es\\\/#organization\"},\"potentialAction\":[{\"@type\":\"SearchAction\",\"target\":{\"@type\":\"EntryPoint\",\"urlTemplate\":\"https:\\\/\\\/dlvradio.es\\\/?s={search_term_string}\"},\"query-input\":{\"@type\":\"PropertyValueSpecification\",\"valueRequired\":true,\"valueName\":\"search_term_string\"}}],\"inLanguage\":\"en-US\"},{\"@type\":\"Organization\",\"@id\":\"https:\\\/\\\/dlvradio.es\\\/#organization\",\"name\":\"DLVRADIO\",\"url\":\"https:\\\/\\\/dlvradio.es\\\/\",\"logo\":{\"@type\":\"ImageObject\",\"inLanguage\":\"en-US\",\"@id\":\"https:\\\/\\\/dlvradio.es\\\/#\\\/schema\\\/logo\\\/image\\\/\",\"url\":\"\",\"contentUrl\":\"\",\"caption\":\"DLVRADIO\"},\"image\":{\"@id\":\"https:\\\/\\\/dlvradio.es\\\/#\\\/schema\\\/logo\\\/image\\\/\"},\"sameAs\":[\"https:\\\/\\\/www.facebook.com\\\/RadioDLVradio\\\/\",\"https:\\\/\\\/x.com\\\/RadioDlvradio\",\"https:\\\/\\\/www.instagram.com\\\/radiodlvradio\\\/\"]},{\"@type\":\"Person\",\"@id\":\"https:\\\/\\\/dlvradio.es\\\/#\\\/schema\\\/person\\\/7d533f9f89b13e3a3f2ba7f67d6412de\",\"name\":\"DLV RADIO\",\"sameAs\":[\"https:\\\/\\\/dlvradio.es\"]}]}<\/script>\n<!-- \/ Yoast SEO plugin. -->","yoast_head_json":{"title":"'Arras competici\u00f3n Asturias' programa 01 - DLVRADIO","description":"Ya estamos aqu\u00ed con el segundo programa dedicado al mundo de los rallyes, en la secci\u00f3n del programa dedicado a las entrevistas os hab\u00eda prometido a Mora","robots":{"index":"index","follow":"follow","max-snippet":"max-snippet:-1","max-image-preview":"max-image-preview:large","max-video-preview":"max-video-preview:-1"},"canonical":"https:\/\/dlvradio.es\/en\/arras-competicion-asturias-programa-01\/","og_locale":"en_US","og_type":"article","og_title":"'Arras competici\u00f3n Asturias' programa 01 - DLVRADIO","og_description":"Ya estamos aqu\u00ed con el segundo programa dedicado al mundo de los rallyes, en la secci\u00f3n del programa dedicado a las entrevistas os hab\u00eda prometido a Mora","og_url":"https:\/\/dlvradio.es\/en\/arras-competicion-asturias-programa-01\/","og_site_name":"DLVRADIO","article_publisher":"https:\/\/www.facebook.com\/RadioDLVradio\/","article_published_time":"2019-09-13T17:25:29+00:00","og_image":[{"width":1511,"height":1511,"url":"https:\/\/dlvradio.es\/wp-content\/uploads\/2019\/08\/miguel-arras.jpg","type":"image\/jpeg"}],"author":"DLV RADIO","twitter_card":"summary_large_image","twitter_creator":"@RadioDlvradio","twitter_site":"@RadioDlvradio","schema":{"@context":"https:\/\/schema.org","@graph":[{"@type":"Article","@id":"https:\/\/dlvradio.es\/arras-competicion-asturias-programa-01\/#article","isPartOf":{"@id":"https:\/\/dlvradio.es\/arras-competicion-asturias-programa-01\/"},"author":{"name":"DLV RADIO","@id":"https:\/\/dlvradio.es\/#\/schema\/person\/7d533f9f89b13e3a3f2ba7f67d6412de"},"headline":"&#8216;Arras competici\u00f3n Asturias&#8217; programa 01","datePublished":"2019-09-13T17:25:29+00:00","mainEntityOfPage":{"@id":"https:\/\/dlvradio.es\/arras-competicion-asturias-programa-01\/"},"wordCount":94,"commentCount":0,"publisher":{"@id":"https:\/\/dlvradio.es\/#organization"},"image":{"@id":"https:\/\/dlvradio.es\/arras-competicion-asturias-programa-01\/#primaryimage"},"thumbnailUrl":"https:\/\/dlvradio.es\/wp-content\/uploads\/2019\/08\/miguel-arras.jpg","keywords":["Espa\u00f1a"],"articleSection":["Deportes"],"inLanguage":"en-US"},{"@type":"WebPage","@id":"https:\/\/dlvradio.es\/arras-competicion-asturias-programa-01\/","url":"https:\/\/dlvradio.es\/arras-competicion-asturias-programa-01\/","name":"'Arras competici\u00f3n Asturias' programa 01 - DLVRADIO","isPartOf":{"@id":"https:\/\/dlvradio.es\/#website"},"primaryImageOfPage":{"@id":"https:\/\/dlvradio.es\/arras-competicion-asturias-programa-01\/#primaryimage"},"image":{"@id":"https:\/\/dlvradio.es\/arras-competicion-asturias-programa-01\/#primaryimage"},"thumbnailUrl":"https:\/\/dlvradio.es\/wp-content\/uploads\/2019\/08\/miguel-arras.jpg","datePublished":"2019-09-13T17:25:29+00:00","description":"Ya estamos aqu\u00ed con el segundo programa dedicado al mundo de los rallyes, en la secci\u00f3n del programa dedicado a las entrevistas os hab\u00eda prometido a Mora","breadcrumb":{"@id":"https:\/\/dlvradio.es\/arras-competicion-asturias-programa-01\/#breadcrumb"},"inLanguage":"en-US","potentialAction":[{"@type":"ReadAction","target":["https:\/\/dlvradio.es\/arras-competicion-asturias-programa-01\/"]}]},{"@type":"ImageObject","inLanguage":"en-US","@id":"https:\/\/dlvradio.es\/arras-competicion-asturias-programa-01\/#primaryimage","url":"https:\/\/dlvradio.es\/wp-content\/uploads\/2019\/08\/miguel-arras.jpg","contentUrl":"https:\/\/dlvradio.es\/wp-content\/uploads\/2019\/08\/miguel-arras.jpg","width":1511,"height":1511,"caption":"miguel arras"},{"@type":"BreadcrumbList","@id":"https:\/\/dlvradio.es\/arras-competicion-asturias-programa-01\/#breadcrumb","itemListElement":[{"@type":"ListItem","position":1,"name":"Inicio","item":"https:\/\/dlvradio.es\/"},{"@type":"ListItem","position":2,"name":"&#8216;Arras competici\u00f3n Asturias&#8217; programa 01"}]},{"@type":"WebSite","@id":"https:\/\/dlvradio.es\/#website","url":"https:\/\/dlvradio.es\/","name":"DLVRADIO","description":"We are an alternative media to traditional media","publisher":{"@id":"https:\/\/dlvradio.es\/#organization"},"potentialAction":[{"@type":"SearchAction","target":{"@type":"EntryPoint","urlTemplate":"https:\/\/dlvradio.es\/?s={search_term_string}"},"query-input":{"@type":"PropertyValueSpecification","valueRequired":true,"valueName":"search_term_string"}}],"inLanguage":"en-US"},{"@type":"Organization","@id":"https:\/\/dlvradio.es\/#organization","name":"DLVRADIO","url":"https:\/\/dlvradio.es\/","logo":{"@type":"ImageObject","inLanguage":"en-US","@id":"https:\/\/dlvradio.es\/#\/schema\/logo\/image\/","url":"","contentUrl":"","caption":"DLVRADIO"},"image":{"@id":"https:\/\/dlvradio.es\/#\/schema\/logo\/image\/"},"sameAs":["https:\/\/www.facebook.com\/RadioDLVradio\/","https:\/\/x.com\/RadioDlvradio","https:\/\/www.instagram.com\/radiodlvradio\/"]},{"@type":"Person","@id":"https:\/\/dlvradio.es\/#\/schema\/person\/7d533f9f89b13e3a3f2ba7f67d6412de","name":"DLV RADIO","sameAs":["https:\/\/dlvradio.es"]}]}},"_links":{"self":[{"href":"https:\/\/dlvradio.es\/en\/wp-json\/wp\/v2\/posts\/69415","targetHints":{"allow":["GET"]}}],"collection":[{"href":"https:\/\/dlvradio.es\/en\/wp-json\/wp\/v2\/posts"}],"about":[{"href":"https:\/\/dlvradio.es\/en\/wp-json\/wp\/v2\/types\/post"}],"author":[{"embeddable":true,"href":"https:\/\/dlvradio.es\/en\/wp-json\/wp\/v2\/users\/4"}],"replies":[{"embeddable":true,"href":"https:\/\/dlvradio.es\/en\/wp-json\/wp\/v2\/comments?post=69415"}],"version-history":[{"count":0,"href":"https:\/\/dlvradio.es\/en\/wp-json\/wp\/v2\/posts\/69415\/revisions"}],"wp:featuredmedia":[{"embeddable":true,"href":"https:\/\/dlvradio.es\/en\/wp-json\/wp\/v2\/media\/69400"}],"wp:attachment":[{"href":"https:\/\/dlvradio.es\/en\/wp-json\/wp\/v2\/media?parent=69415"}],"wp:term":[{"taxonomy":"category","embeddable":true,"href":"https:\/\/dlvradio.es\/en\/wp-json\/wp\/v2\/categories?post=69415"},{"taxonomy":"post_tag","embeddable":true,"href":"https:\/\/dlvradio.es\/en\/wp-json\/wp\/v2\/tags?post=69415"}],"curies":[{"name":"wp","href":"https:\/\/api.w.org\/{rel}","templated":true}]}}