{"id":69497,"date":"2020-01-04T11:32:54","date_gmt":"2020-01-04T10:32:54","guid":{"rendered":"https:\/\/dlvradio.es\/senal-en-directo-de-la-sesion-de-investidura\/"},"modified":"2020-01-04T11:32:54","modified_gmt":"2020-01-04T10:32:54","slug":"senal-en-directo-de-la-sesion-de-investidura","status":"publish","type":"post","link":"https:\/\/dlvradio.es\/en\/senal-en-directo-de-la-sesion-de-investidura\/","title":{"rendered":"Se\u00f1al en directo de la sesi\u00f3n de investidura"},"content":{"rendered":"<p>Sigue en directo a trav\u00e9s de nuestra pagina web la sesi\u00f3n de investidura del candidato a la presidencia del Gobierno de Espa\u00f1a, (Pedro S\u00e1nchez &#8211; PSOE). Posteriormente a la sesi\u00f3n de investidura les ofreceremos diferentes opiniones por parte de algunos y algunas de nuestros, nuestras colaboradores habituales. Para que ustedes libremente se formen una idea de lo acontecido en dicha sesi\u00f3n, como es costumbre en nuestra radio.<\/p>\n<p><strong>Nota:<\/strong> se\u00f1al ofrecida por el Congreso de los Diputados.<\/p>\n<p><iframe title=\"Sesi\u00f3n de Investidura (debate con los Grupos Parlamentarios. 4 de enero)\" width=\"800\" height=\"450\" src=\"https:\/\/www.youtube.com\/embed\/p4vyb9HjZwo?feature=oembed\" frameborder=\"0\" allow=\"accelerometer; autoplay; clipboard-write; encrypted-media; gyroscope; picture-in-picture; web-share\" referrerpolicy=\"strict-origin-when-cross-origin\" allowfullscreen><\/iframe><\/p>","protected":false},"excerpt":{"rendered":"<p>Sigue en directo a trav\u00e9s de nuestra pagina web la sesi\u00f3n de investidura del candidato a la presidencia del Gobierno de Espa\u00f1a, (Pedro S\u00e1nchez &#8211; PSOE). Posteriormente a la sesi\u00f3n de investidura les ofreceremos diferentes opiniones por parte de algunos y algunas de nuestros, nuestras colaboradores habituales. Para que ustedes libremente se formen una idea [&hellip;]<\/p>\n","protected":false},"author":4,"featured_media":0,"comment_status":"open","ping_status":"open","sticky":false,"template":"","format":"standard","meta":{"_acf_changed":false,"footnotes":""},"categories":[2465],"tags":[2492,2472,2469],"class_list":["post-69497","post","type-post","status-publish","format-standard","hentry","category-informativos","tag-gobierno","tag-informativos","tag-opinion"],"acf":[],"yoast_head":"<!-- This site is optimized with the Yoast SEO plugin v27.4 - https:\/\/yoast.com\/product\/yoast-seo-wordpress\/ -->\n<title>Se\u00f1al en directo de la sesi\u00f3n de investidura - DLVRADIO<\/title>\n<meta name=\"description\" content=\"Sigue en directo a trav\u00e9s de nuestra pagina web la sesi\u00f3n de investidura del candidato a la presidencia del Gobierno de Espa\u00f1a, (Pedro S\u00e1nchez - PSOE).\" \/>\n<meta name=\"robots\" content=\"index, follow, max-snippet:-1, max-image-preview:large, max-video-preview:-1\" \/>\n<link rel=\"canonical\" href=\"https:\/\/dlvradio.es\/en\/senal-en-directo-de-la-sesion-de-investidura\/\" \/>\n<meta property=\"og:locale\" content=\"en_US\" \/>\n<meta property=\"og:type\" content=\"article\" \/>\n<meta property=\"og:title\" content=\"Se\u00f1al en directo de la sesi\u00f3n de investidura - DLVRADIO\" \/>\n<meta property=\"og:description\" content=\"Sigue en directo a trav\u00e9s de nuestra pagina web la sesi\u00f3n de investidura del candidato a la presidencia del Gobierno de Espa\u00f1a, (Pedro S\u00e1nchez - PSOE).\" \/>\n<meta property=\"og:url\" content=\"https:\/\/dlvradio.es\/en\/senal-en-directo-de-la-sesion-de-investidura\/\" \/>\n<meta property=\"og:site_name\" content=\"DLVRADIO\" \/>\n<meta property=\"article:publisher\" content=\"https:\/\/www.facebook.com\/RadioDLVradio\/\" \/>\n<meta property=\"article:published_time\" content=\"2020-01-04T10:32:54+00:00\" \/>\n<meta property=\"og:image\" content=\"https:\/\/dlvradio.es\/wp-content\/uploads\/2024\/05\/DLV-Radio-Social.png\" \/>\n\t<meta property=\"og:image:width\" content=\"1200\" \/>\n\t<meta property=\"og:image:height\" content=\"675\" \/>\n\t<meta property=\"og:image:type\" content=\"image\/png\" \/>\n<meta name=\"author\" content=\"DLV RADIO\" \/>\n<meta name=\"twitter:card\" content=\"summary_large_image\" \/>\n<meta name=\"twitter:creator\" content=\"@RadioDlvradio\" \/>\n<meta name=\"twitter:site\" content=\"@RadioDlvradio\" \/>\n<script type=\"application\/ld+json\" class=\"yoast-schema-graph\">{\"@context\":\"https:\\\/\\\/schema.org\",\"@graph\":[{\"@type\":\"Article\",\"@id\":\"https:\\\/\\\/dlvradio.es\\\/senal-en-directo-de-la-sesion-de-investidura\\\/#article\",\"isPartOf\":{\"@id\":\"https:\\\/\\\/dlvradio.es\\\/senal-en-directo-de-la-sesion-de-investidura\\\/\"},\"author\":{\"name\":\"DLV RADIO\",\"@id\":\"https:\\\/\\\/dlvradio.es\\\/#\\\/schema\\\/person\\\/7d533f9f89b13e3a3f2ba7f67d6412de\"},\"headline\":\"Se\u00f1al en directo de la sesi\u00f3n de investidura\",\"datePublished\":\"2020-01-04T10:32:54+00:00\",\"mainEntityOfPage\":{\"@id\":\"https:\\\/\\\/dlvradio.es\\\/senal-en-directo-de-la-sesion-de-investidura\\\/\"},\"wordCount\":101,\"commentCount\":0,\"publisher\":{\"@id\":\"https:\\\/\\\/dlvradio.es\\\/#organization\"},\"keywords\":[\"Gobierno\",\"informativos\",\"opini\u00f3n\"],\"articleSection\":[\"Informativos\"],\"inLanguage\":\"en-US\"},{\"@type\":\"WebPage\",\"@id\":\"https:\\\/\\\/dlvradio.es\\\/senal-en-directo-de-la-sesion-de-investidura\\\/\",\"url\":\"https:\\\/\\\/dlvradio.es\\\/senal-en-directo-de-la-sesion-de-investidura\\\/\",\"name\":\"Se\u00f1al en directo de la sesi\u00f3n de investidura - DLVRADIO\",\"isPartOf\":{\"@id\":\"https:\\\/\\\/dlvradio.es\\\/#website\"},\"datePublished\":\"2020-01-04T10:32:54+00:00\",\"description\":\"Sigue en directo a trav\u00e9s de nuestra pagina web la sesi\u00f3n de investidura del candidato a la presidencia del Gobierno de Espa\u00f1a, (Pedro S\u00e1nchez - PSOE).\",\"breadcrumb\":{\"@id\":\"https:\\\/\\\/dlvradio.es\\\/senal-en-directo-de-la-sesion-de-investidura\\\/#breadcrumb\"},\"inLanguage\":\"en-US\",\"potentialAction\":[{\"@type\":\"ReadAction\",\"target\":[\"https:\\\/\\\/dlvradio.es\\\/senal-en-directo-de-la-sesion-de-investidura\\\/\"]}]},{\"@type\":\"BreadcrumbList\",\"@id\":\"https:\\\/\\\/dlvradio.es\\\/senal-en-directo-de-la-sesion-de-investidura\\\/#breadcrumb\",\"itemListElement\":[{\"@type\":\"ListItem\",\"position\":1,\"name\":\"Inicio\",\"item\":\"https:\\\/\\\/dlvradio.es\\\/\"},{\"@type\":\"ListItem\",\"position\":2,\"name\":\"Se\u00f1al en directo de la sesi\u00f3n de investidura\"}]},{\"@type\":\"WebSite\",\"@id\":\"https:\\\/\\\/dlvradio.es\\\/#website\",\"url\":\"https:\\\/\\\/dlvradio.es\\\/\",\"name\":\"DLVRADIO\",\"description\":\"Somos un medio de comunicaci\u00f3n alternativo a los medios tradicionales\",\"publisher\":{\"@id\":\"https:\\\/\\\/dlvradio.es\\\/#organization\"},\"potentialAction\":[{\"@type\":\"SearchAction\",\"target\":{\"@type\":\"EntryPoint\",\"urlTemplate\":\"https:\\\/\\\/dlvradio.es\\\/?s={search_term_string}\"},\"query-input\":{\"@type\":\"PropertyValueSpecification\",\"valueRequired\":true,\"valueName\":\"search_term_string\"}}],\"inLanguage\":\"en-US\"},{\"@type\":\"Organization\",\"@id\":\"https:\\\/\\\/dlvradio.es\\\/#organization\",\"name\":\"DLVRADIO\",\"url\":\"https:\\\/\\\/dlvradio.es\\\/\",\"logo\":{\"@type\":\"ImageObject\",\"inLanguage\":\"en-US\",\"@id\":\"https:\\\/\\\/dlvradio.es\\\/#\\\/schema\\\/logo\\\/image\\\/\",\"url\":\"\",\"contentUrl\":\"\",\"caption\":\"DLVRADIO\"},\"image\":{\"@id\":\"https:\\\/\\\/dlvradio.es\\\/#\\\/schema\\\/logo\\\/image\\\/\"},\"sameAs\":[\"https:\\\/\\\/www.facebook.com\\\/RadioDLVradio\\\/\",\"https:\\\/\\\/x.com\\\/RadioDlvradio\",\"https:\\\/\\\/www.instagram.com\\\/radiodlvradio\\\/\"]},{\"@type\":\"Person\",\"@id\":\"https:\\\/\\\/dlvradio.es\\\/#\\\/schema\\\/person\\\/7d533f9f89b13e3a3f2ba7f67d6412de\",\"name\":\"DLV RADIO\",\"sameAs\":[\"https:\\\/\\\/dlvradio.es\"]}]}<\/script>\n<!-- \/ Yoast SEO plugin. -->","yoast_head_json":{"title":"Se\u00f1al en directo de la sesi\u00f3n de investidura - DLVRADIO","description":"Sigue en directo a trav\u00e9s de nuestra pagina web la sesi\u00f3n de investidura del candidato a la presidencia del Gobierno de Espa\u00f1a, (Pedro S\u00e1nchez - PSOE).","robots":{"index":"index","follow":"follow","max-snippet":"max-snippet:-1","max-image-preview":"max-image-preview:large","max-video-preview":"max-video-preview:-1"},"canonical":"https:\/\/dlvradio.es\/en\/senal-en-directo-de-la-sesion-de-investidura\/","og_locale":"en_US","og_type":"article","og_title":"Se\u00f1al en directo de la sesi\u00f3n de investidura - DLVRADIO","og_description":"Sigue en directo a trav\u00e9s de nuestra pagina web la sesi\u00f3n de investidura del candidato a la presidencia del Gobierno de Espa\u00f1a, (Pedro S\u00e1nchez - PSOE).","og_url":"https:\/\/dlvradio.es\/en\/senal-en-directo-de-la-sesion-de-investidura\/","og_site_name":"DLVRADIO","article_publisher":"https:\/\/www.facebook.com\/RadioDLVradio\/","article_published_time":"2020-01-04T10:32:54+00:00","og_image":[{"width":1200,"height":675,"url":"https:\/\/dlvradio.es\/wp-content\/uploads\/2024\/05\/DLV-Radio-Social.png","type":"image\/png"}],"author":"DLV RADIO","twitter_card":"summary_large_image","twitter_creator":"@RadioDlvradio","twitter_site":"@RadioDlvradio","schema":{"@context":"https:\/\/schema.org","@graph":[{"@type":"Article","@id":"https:\/\/dlvradio.es\/senal-en-directo-de-la-sesion-de-investidura\/#article","isPartOf":{"@id":"https:\/\/dlvradio.es\/senal-en-directo-de-la-sesion-de-investidura\/"},"author":{"name":"DLV RADIO","@id":"https:\/\/dlvradio.es\/#\/schema\/person\/7d533f9f89b13e3a3f2ba7f67d6412de"},"headline":"Se\u00f1al en directo de la sesi\u00f3n de investidura","datePublished":"2020-01-04T10:32:54+00:00","mainEntityOfPage":{"@id":"https:\/\/dlvradio.es\/senal-en-directo-de-la-sesion-de-investidura\/"},"wordCount":101,"commentCount":0,"publisher":{"@id":"https:\/\/dlvradio.es\/#organization"},"keywords":["Gobierno","informativos","opini\u00f3n"],"articleSection":["Informativos"],"inLanguage":"en-US"},{"@type":"WebPage","@id":"https:\/\/dlvradio.es\/senal-en-directo-de-la-sesion-de-investidura\/","url":"https:\/\/dlvradio.es\/senal-en-directo-de-la-sesion-de-investidura\/","name":"Se\u00f1al en directo de la sesi\u00f3n de investidura - DLVRADIO","isPartOf":{"@id":"https:\/\/dlvradio.es\/#website"},"datePublished":"2020-01-04T10:32:54+00:00","description":"Sigue en directo a trav\u00e9s de nuestra pagina web la sesi\u00f3n de investidura del candidato a la presidencia del Gobierno de Espa\u00f1a, (Pedro S\u00e1nchez - PSOE).","breadcrumb":{"@id":"https:\/\/dlvradio.es\/senal-en-directo-de-la-sesion-de-investidura\/#breadcrumb"},"inLanguage":"en-US","potentialAction":[{"@type":"ReadAction","target":["https:\/\/dlvradio.es\/senal-en-directo-de-la-sesion-de-investidura\/"]}]},{"@type":"BreadcrumbList","@id":"https:\/\/dlvradio.es\/senal-en-directo-de-la-sesion-de-investidura\/#breadcrumb","itemListElement":[{"@type":"ListItem","position":1,"name":"Inicio","item":"https:\/\/dlvradio.es\/"},{"@type":"ListItem","position":2,"name":"Se\u00f1al en directo de la sesi\u00f3n de investidura"}]},{"@type":"WebSite","@id":"https:\/\/dlvradio.es\/#website","url":"https:\/\/dlvradio.es\/","name":"DLVRADIO","description":"We are an alternative media to traditional media","publisher":{"@id":"https:\/\/dlvradio.es\/#organization"},"potentialAction":[{"@type":"SearchAction","target":{"@type":"EntryPoint","urlTemplate":"https:\/\/dlvradio.es\/?s={search_term_string}"},"query-input":{"@type":"PropertyValueSpecification","valueRequired":true,"valueName":"search_term_string"}}],"inLanguage":"en-US"},{"@type":"Organization","@id":"https:\/\/dlvradio.es\/#organization","name":"DLVRADIO","url":"https:\/\/dlvradio.es\/","logo":{"@type":"ImageObject","inLanguage":"en-US","@id":"https:\/\/dlvradio.es\/#\/schema\/logo\/image\/","url":"","contentUrl":"","caption":"DLVRADIO"},"image":{"@id":"https:\/\/dlvradio.es\/#\/schema\/logo\/image\/"},"sameAs":["https:\/\/www.facebook.com\/RadioDLVradio\/","https:\/\/x.com\/RadioDlvradio","https:\/\/www.instagram.com\/radiodlvradio\/"]},{"@type":"Person","@id":"https:\/\/dlvradio.es\/#\/schema\/person\/7d533f9f89b13e3a3f2ba7f67d6412de","name":"DLV RADIO","sameAs":["https:\/\/dlvradio.es"]}]}},"_links":{"self":[{"href":"https:\/\/dlvradio.es\/en\/wp-json\/wp\/v2\/posts\/69497","targetHints":{"allow":["GET"]}}],"collection":[{"href":"https:\/\/dlvradio.es\/en\/wp-json\/wp\/v2\/posts"}],"about":[{"href":"https:\/\/dlvradio.es\/en\/wp-json\/wp\/v2\/types\/post"}],"author":[{"embeddable":true,"href":"https:\/\/dlvradio.es\/en\/wp-json\/wp\/v2\/users\/4"}],"replies":[{"embeddable":true,"href":"https:\/\/dlvradio.es\/en\/wp-json\/wp\/v2\/comments?post=69497"}],"version-history":[{"count":0,"href":"https:\/\/dlvradio.es\/en\/wp-json\/wp\/v2\/posts\/69497\/revisions"}],"wp:attachment":[{"href":"https:\/\/dlvradio.es\/en\/wp-json\/wp\/v2\/media?parent=69497"}],"wp:term":[{"taxonomy":"category","embeddable":true,"href":"https:\/\/dlvradio.es\/en\/wp-json\/wp\/v2\/categories?post=69497"},{"taxonomy":"post_tag","embeddable":true,"href":"https:\/\/dlvradio.es\/en\/wp-json\/wp\/v2\/tags?post=69497"}],"curies":[{"name":"wp","href":"https:\/\/api.w.org\/{rel}","templated":true}]}}