{"id":69542,"date":"2020-02-03T20:07:22","date_gmt":"2020-02-03T19:07:22","guid":{"rendered":"https:\/\/dlvradio.es\/en-lescola-con-nuria-programa-26\/"},"modified":"2020-02-03T20:07:22","modified_gmt":"2020-02-03T19:07:22","slug":"en-lescola-con-nuria-programa-26","status":"publish","type":"post","link":"https:\/\/dlvradio.es\/en\/en-lescola-con-nuria-programa-26\/","title":{"rendered":"At L&#039;Escola with N\u00faria, program 26"},"content":{"rendered":"<figure class=\"wp-block-embed-spotify wp-block-embed is-type-rich is-provider-spotify wp-embed-aspect-21-9 wp-has-aspect-ratio\"><div class=\"wp-block-embed__wrapper\">\nhttps:\/\/open.spotify.com\/episode\/2yDqBYMHoYDNkt3BgMzuSW\n<\/div><\/figure>\n\n\n<p><img decoding=\"async\" class=\"alignleft wp-image-684 size-thumbnail\" src=\"https:\/\/dlvradio.es\/wp-content\/uploads\/2019\/11\/Enescolalim-150x150.jpg\" alt=\"\" width=\"150\" height=\"150\" \/>We spoke with Roc\u00edo Ben\u00edtez about <strong>@AMPVICTORIAKENT<\/strong> of the <strong>#TrenOfDignity<\/strong> on 02\/09 in Seville. <strong>#NiOneStepBack<\/strong> in <strong>#Igality<\/strong>. #Poor pensioners. #Brexit in #Gibraltar. Consult #Monarchy or #Republic on 05\/09 organized by <strong>@consultaestatal<\/strong> and the #Rata!<br \/><br \/><\/p>","protected":false},"excerpt":{"rendered":"<p>Hablamos con Roc\u00edo Ben\u00edtez de @AMPVICTORIAKENT del #TrenDeLaDignidad el 9\/02 en Sevilla. #NiUnPasoAtras en #Igualdad. Pensionistas #pobres. #Brexit en #Gibraltar. Consulta #Monarquia o #Republica el 9\/05 organizada x @consultaestatal y el #Rata!<\/p>","protected":false},"author":4,"featured_media":69467,"comment_status":"open","ping_status":"open","sticky":false,"template":"","format":"standard","meta":{"_acf_changed":false,"footnotes":""},"categories":[2465],"tags":[2524,2466,2471,2472,2473],"class_list":["post-69542","post","type-post","status-publish","format-standard","has-post-thumbnail","hentry","category-informativos","tag-derecha","tag-espana","tag-feminismo","tag-informativos","tag-noticias"],"acf":[],"yoast_head":"<!-- This site is optimized with the Yoast SEO plugin v27.4 - https:\/\/yoast.com\/product\/yoast-seo-wordpress\/ -->\n<title>En L&#039;Escola con N\u00faria, programa 26 - DLVRADIO<\/title>\n<meta name=\"description\" content=\"https:\/\/open.spotify.com\/episode\/2yDqBYMHoYDNkt3BgMzuSW Hablamos con Roc\u00edo Ben\u00edtez de @AMPVICTORIAKENT del #TrenDeLaDignidad el 9\/02 en Sevilla.\" \/>\n<meta name=\"robots\" content=\"index, follow, max-snippet:-1, max-image-preview:large, max-video-preview:-1\" \/>\n<link rel=\"canonical\" href=\"https:\/\/dlvradio.es\/en\/en-lescola-con-nuria-programa-26\/\" \/>\n<meta property=\"og:locale\" content=\"en_US\" \/>\n<meta property=\"og:type\" content=\"article\" \/>\n<meta property=\"og:title\" content=\"En L&#039;Escola con N\u00faria, programa 26 - DLVRADIO\" \/>\n<meta property=\"og:description\" content=\"https:\/\/open.spotify.com\/episode\/2yDqBYMHoYDNkt3BgMzuSW Hablamos con Roc\u00edo Ben\u00edtez de @AMPVICTORIAKENT del #TrenDeLaDignidad el 9\/02 en Sevilla.\" \/>\n<meta property=\"og:url\" content=\"https:\/\/dlvradio.es\/en\/en-lescola-con-nuria-programa-26\/\" \/>\n<meta property=\"og:site_name\" content=\"DLVRADIO\" \/>\n<meta property=\"article:publisher\" content=\"https:\/\/www.facebook.com\/RadioDLVradio\/\" \/>\n<meta property=\"article:published_time\" content=\"2020-02-03T19:07:22+00:00\" \/>\n<meta property=\"og:image\" content=\"https:\/\/dlvradio.es\/wp-content\/uploads\/2019\/11\/Enescolalim.jpg\" \/>\n\t<meta property=\"og:image:width\" content=\"1511\" \/>\n\t<meta property=\"og:image:height\" content=\"1511\" \/>\n\t<meta property=\"og:image:type\" content=\"image\/jpeg\" \/>\n<meta name=\"author\" content=\"DLV RADIO\" \/>\n<meta name=\"twitter:card\" content=\"summary_large_image\" \/>\n<meta name=\"twitter:creator\" content=\"@RadioDlvradio\" \/>\n<meta name=\"twitter:site\" content=\"@RadioDlvradio\" \/>\n<script type=\"application\/ld+json\" class=\"yoast-schema-graph\">{\"@context\":\"https:\\\/\\\/schema.org\",\"@graph\":[{\"@type\":\"Article\",\"@id\":\"https:\\\/\\\/dlvradio.es\\\/en-lescola-con-nuria-programa-26\\\/#article\",\"isPartOf\":{\"@id\":\"https:\\\/\\\/dlvradio.es\\\/en-lescola-con-nuria-programa-26\\\/\"},\"author\":{\"name\":\"DLV RADIO\",\"@id\":\"https:\\\/\\\/dlvradio.es\\\/#\\\/schema\\\/person\\\/7d533f9f89b13e3a3f2ba7f67d6412de\"},\"headline\":\"En L&#8217;Escola con N\u00faria, programa 26\",\"datePublished\":\"2020-02-03T19:07:22+00:00\",\"mainEntityOfPage\":{\"@id\":\"https:\\\/\\\/dlvradio.es\\\/en-lescola-con-nuria-programa-26\\\/\"},\"wordCount\":46,\"commentCount\":0,\"publisher\":{\"@id\":\"https:\\\/\\\/dlvradio.es\\\/#organization\"},\"image\":{\"@id\":\"https:\\\/\\\/dlvradio.es\\\/en-lescola-con-nuria-programa-26\\\/#primaryimage\"},\"thumbnailUrl\":\"https:\\\/\\\/dlvradio.es\\\/wp-content\\\/uploads\\\/2019\\\/11\\\/Enescolalim.jpg\",\"keywords\":[\"derecha\",\"Espa\u00f1a\",\"feminismo\",\"informativos\",\"noticias\"],\"articleSection\":[\"Informativos\"],\"inLanguage\":\"en-US\"},{\"@type\":\"WebPage\",\"@id\":\"https:\\\/\\\/dlvradio.es\\\/en-lescola-con-nuria-programa-26\\\/\",\"url\":\"https:\\\/\\\/dlvradio.es\\\/en-lescola-con-nuria-programa-26\\\/\",\"name\":\"En L'Escola con N\u00faria, programa 26 - DLVRADIO\",\"isPartOf\":{\"@id\":\"https:\\\/\\\/dlvradio.es\\\/#website\"},\"primaryImageOfPage\":{\"@id\":\"https:\\\/\\\/dlvradio.es\\\/en-lescola-con-nuria-programa-26\\\/#primaryimage\"},\"image\":{\"@id\":\"https:\\\/\\\/dlvradio.es\\\/en-lescola-con-nuria-programa-26\\\/#primaryimage\"},\"thumbnailUrl\":\"https:\\\/\\\/dlvradio.es\\\/wp-content\\\/uploads\\\/2019\\\/11\\\/Enescolalim.jpg\",\"datePublished\":\"2020-02-03T19:07:22+00:00\",\"description\":\"https:\\\/\\\/open.spotify.com\\\/episode\\\/2yDqBYMHoYDNkt3BgMzuSW Hablamos con Roc\u00edo Ben\u00edtez de @AMPVICTORIAKENT del #TrenDeLaDignidad el 9\\\/02 en Sevilla.\",\"breadcrumb\":{\"@id\":\"https:\\\/\\\/dlvradio.es\\\/en-lescola-con-nuria-programa-26\\\/#breadcrumb\"},\"inLanguage\":\"en-US\",\"potentialAction\":[{\"@type\":\"ReadAction\",\"target\":[\"https:\\\/\\\/dlvradio.es\\\/en-lescola-con-nuria-programa-26\\\/\"]}]},{\"@type\":\"ImageObject\",\"inLanguage\":\"en-US\",\"@id\":\"https:\\\/\\\/dlvradio.es\\\/en-lescola-con-nuria-programa-26\\\/#primaryimage\",\"url\":\"https:\\\/\\\/dlvradio.es\\\/wp-content\\\/uploads\\\/2019\\\/11\\\/Enescolalim.jpg\",\"contentUrl\":\"https:\\\/\\\/dlvradio.es\\\/wp-content\\\/uploads\\\/2019\\\/11\\\/Enescolalim.jpg\",\"width\":1511,\"height\":1511,\"caption\":\"Enescolalim\"},{\"@type\":\"BreadcrumbList\",\"@id\":\"https:\\\/\\\/dlvradio.es\\\/en-lescola-con-nuria-programa-26\\\/#breadcrumb\",\"itemListElement\":[{\"@type\":\"ListItem\",\"position\":1,\"name\":\"Inicio\",\"item\":\"https:\\\/\\\/dlvradio.es\\\/\"},{\"@type\":\"ListItem\",\"position\":2,\"name\":\"En L&#8217;Escola con N\u00faria, programa 26\"}]},{\"@type\":\"WebSite\",\"@id\":\"https:\\\/\\\/dlvradio.es\\\/#website\",\"url\":\"https:\\\/\\\/dlvradio.es\\\/\",\"name\":\"DLVRADIO\",\"description\":\"Somos un medio de comunicaci\u00f3n alternativo a los medios tradicionales\",\"publisher\":{\"@id\":\"https:\\\/\\\/dlvradio.es\\\/#organization\"},\"potentialAction\":[{\"@type\":\"SearchAction\",\"target\":{\"@type\":\"EntryPoint\",\"urlTemplate\":\"https:\\\/\\\/dlvradio.es\\\/?s={search_term_string}\"},\"query-input\":{\"@type\":\"PropertyValueSpecification\",\"valueRequired\":true,\"valueName\":\"search_term_string\"}}],\"inLanguage\":\"en-US\"},{\"@type\":\"Organization\",\"@id\":\"https:\\\/\\\/dlvradio.es\\\/#organization\",\"name\":\"DLVRADIO\",\"url\":\"https:\\\/\\\/dlvradio.es\\\/\",\"logo\":{\"@type\":\"ImageObject\",\"inLanguage\":\"en-US\",\"@id\":\"https:\\\/\\\/dlvradio.es\\\/#\\\/schema\\\/logo\\\/image\\\/\",\"url\":\"\",\"contentUrl\":\"\",\"caption\":\"DLVRADIO\"},\"image\":{\"@id\":\"https:\\\/\\\/dlvradio.es\\\/#\\\/schema\\\/logo\\\/image\\\/\"},\"sameAs\":[\"https:\\\/\\\/www.facebook.com\\\/RadioDLVradio\\\/\",\"https:\\\/\\\/x.com\\\/RadioDlvradio\",\"https:\\\/\\\/www.instagram.com\\\/radiodlvradio\\\/\"]},{\"@type\":\"Person\",\"@id\":\"https:\\\/\\\/dlvradio.es\\\/#\\\/schema\\\/person\\\/7d533f9f89b13e3a3f2ba7f67d6412de\",\"name\":\"DLV RADIO\",\"sameAs\":[\"https:\\\/\\\/dlvradio.es\"]}]}<\/script>\n<!-- \/ Yoast SEO plugin. -->","yoast_head_json":{"title":"In L'Escola with N\u00faria, program 26 - DLVRADIO","description":"We spoke with Roc\u00edo Ben\u00edtez from @AMPVICTORIAKENT from #TrenDeLaDignidad on 02\/09 in Seville.","robots":{"index":"index","follow":"follow","max-snippet":"max-snippet:-1","max-image-preview":"max-image-preview:large","max-video-preview":"max-video-preview:-1"},"canonical":"https:\/\/dlvradio.es\/en\/en-lescola-con-nuria-programa-26\/","og_locale":"en_US","og_type":"article","og_title":"En L'Escola con N\u00faria, programa 26 - DLVRADIO","og_description":"https:\/\/open.spotify.com\/episode\/2yDqBYMHoYDNkt3BgMzuSW Hablamos con Roc\u00edo Ben\u00edtez de @AMPVICTORIAKENT del #TrenDeLaDignidad el 9\/02 en Sevilla.","og_url":"https:\/\/dlvradio.es\/en\/en-lescola-con-nuria-programa-26\/","og_site_name":"DLVRADIO","article_publisher":"https:\/\/www.facebook.com\/RadioDLVradio\/","article_published_time":"2020-02-03T19:07:22+00:00","og_image":[{"width":1511,"height":1511,"url":"https:\/\/dlvradio.es\/wp-content\/uploads\/2019\/11\/Enescolalim.jpg","type":"image\/jpeg"}],"author":"DLV RADIO","twitter_card":"summary_large_image","twitter_creator":"@RadioDlvradio","twitter_site":"@RadioDlvradio","schema":{"@context":"https:\/\/schema.org","@graph":[{"@type":"Article","@id":"https:\/\/dlvradio.es\/en-lescola-con-nuria-programa-26\/#article","isPartOf":{"@id":"https:\/\/dlvradio.es\/en-lescola-con-nuria-programa-26\/"},"author":{"name":"DLV RADIO","@id":"https:\/\/dlvradio.es\/#\/schema\/person\/7d533f9f89b13e3a3f2ba7f67d6412de"},"headline":"En L&#8217;Escola con N\u00faria, programa 26","datePublished":"2020-02-03T19:07:22+00:00","mainEntityOfPage":{"@id":"https:\/\/dlvradio.es\/en-lescola-con-nuria-programa-26\/"},"wordCount":46,"commentCount":0,"publisher":{"@id":"https:\/\/dlvradio.es\/#organization"},"image":{"@id":"https:\/\/dlvradio.es\/en-lescola-con-nuria-programa-26\/#primaryimage"},"thumbnailUrl":"https:\/\/dlvradio.es\/wp-content\/uploads\/2019\/11\/Enescolalim.jpg","keywords":["derecha","Espa\u00f1a","feminismo","informativos","noticias"],"articleSection":["Informativos"],"inLanguage":"en-US"},{"@type":"WebPage","@id":"https:\/\/dlvradio.es\/en-lescola-con-nuria-programa-26\/","url":"https:\/\/dlvradio.es\/en-lescola-con-nuria-programa-26\/","name":"In L'Escola with N\u00faria, program 26 - DLVRADIO","isPartOf":{"@id":"https:\/\/dlvradio.es\/#website"},"primaryImageOfPage":{"@id":"https:\/\/dlvradio.es\/en-lescola-con-nuria-programa-26\/#primaryimage"},"image":{"@id":"https:\/\/dlvradio.es\/en-lescola-con-nuria-programa-26\/#primaryimage"},"thumbnailUrl":"https:\/\/dlvradio.es\/wp-content\/uploads\/2019\/11\/Enescolalim.jpg","datePublished":"2020-02-03T19:07:22+00:00","description":"We spoke with Roc\u00edo Ben\u00edtez from @AMPVICTORIAKENT from #TrenDeLaDignidad on 02\/09 in Seville.","breadcrumb":{"@id":"https:\/\/dlvradio.es\/en-lescola-con-nuria-programa-26\/#breadcrumb"},"inLanguage":"en-US","potentialAction":[{"@type":"ReadAction","target":["https:\/\/dlvradio.es\/en-lescola-con-nuria-programa-26\/"]}]},{"@type":"ImageObject","inLanguage":"en-US","@id":"https:\/\/dlvradio.es\/en-lescola-con-nuria-programa-26\/#primaryimage","url":"https:\/\/dlvradio.es\/wp-content\/uploads\/2019\/11\/Enescolalim.jpg","contentUrl":"https:\/\/dlvradio.es\/wp-content\/uploads\/2019\/11\/Enescolalim.jpg","width":1511,"height":1511,"caption":"Enescolalim"},{"@type":"BreadcrumbList","@id":"https:\/\/dlvradio.es\/en-lescola-con-nuria-programa-26\/#breadcrumb","itemListElement":[{"@type":"ListItem","position":1,"name":"Inicio","item":"https:\/\/dlvradio.es\/"},{"@type":"ListItem","position":2,"name":"En L&#8217;Escola con N\u00faria, programa 26"}]},{"@type":"WebSite","@id":"https:\/\/dlvradio.es\/#website","url":"https:\/\/dlvradio.es\/","name":"DLVRADIO","description":"We are an alternative media to traditional media","publisher":{"@id":"https:\/\/dlvradio.es\/#organization"},"potentialAction":[{"@type":"SearchAction","target":{"@type":"EntryPoint","urlTemplate":"https:\/\/dlvradio.es\/?s={search_term_string}"},"query-input":{"@type":"PropertyValueSpecification","valueRequired":true,"valueName":"search_term_string"}}],"inLanguage":"en-US"},{"@type":"Organization","@id":"https:\/\/dlvradio.es\/#organization","name":"DLVRADIO","url":"https:\/\/dlvradio.es\/","logo":{"@type":"ImageObject","inLanguage":"en-US","@id":"https:\/\/dlvradio.es\/#\/schema\/logo\/image\/","url":"","contentUrl":"","caption":"DLVRADIO"},"image":{"@id":"https:\/\/dlvradio.es\/#\/schema\/logo\/image\/"},"sameAs":["https:\/\/www.facebook.com\/RadioDLVradio\/","https:\/\/x.com\/RadioDlvradio","https:\/\/www.instagram.com\/radiodlvradio\/"]},{"@type":"Person","@id":"https:\/\/dlvradio.es\/#\/schema\/person\/7d533f9f89b13e3a3f2ba7f67d6412de","name":"DLV RADIO","sameAs":["https:\/\/dlvradio.es"]}]}},"_links":{"self":[{"href":"https:\/\/dlvradio.es\/en\/wp-json\/wp\/v2\/posts\/69542","targetHints":{"allow":["GET"]}}],"collection":[{"href":"https:\/\/dlvradio.es\/en\/wp-json\/wp\/v2\/posts"}],"about":[{"href":"https:\/\/dlvradio.es\/en\/wp-json\/wp\/v2\/types\/post"}],"author":[{"embeddable":true,"href":"https:\/\/dlvradio.es\/en\/wp-json\/wp\/v2\/users\/4"}],"replies":[{"embeddable":true,"href":"https:\/\/dlvradio.es\/en\/wp-json\/wp\/v2\/comments?post=69542"}],"version-history":[{"count":0,"href":"https:\/\/dlvradio.es\/en\/wp-json\/wp\/v2\/posts\/69542\/revisions"}],"wp:featuredmedia":[{"embeddable":true,"href":"https:\/\/dlvradio.es\/en\/wp-json\/wp\/v2\/media\/69467"}],"wp:attachment":[{"href":"https:\/\/dlvradio.es\/en\/wp-json\/wp\/v2\/media?parent=69542"}],"wp:term":[{"taxonomy":"category","embeddable":true,"href":"https:\/\/dlvradio.es\/en\/wp-json\/wp\/v2\/categories?post=69542"},{"taxonomy":"post_tag","embeddable":true,"href":"https:\/\/dlvradio.es\/en\/wp-json\/wp\/v2\/tags?post=69542"}],"curies":[{"name":"wp","href":"https:\/\/api.w.org\/{rel}","templated":true}]}}