{"id":69543,"date":"2020-02-06T09:48:11","date_gmt":"2020-02-06T08:48:11","guid":{"rendered":"https:\/\/dlvradio.es\/la-penultima-y-nos-vamos-fraude-a-la-seguridad-social\/"},"modified":"2020-02-06T09:48:11","modified_gmt":"2020-02-06T08:48:11","slug":"la-penultima-y-nos-vamos-fraude-a-la-seguridad-social","status":"publish","type":"post","link":"https:\/\/dlvradio.es\/en\/la-penultima-y-nos-vamos-fraude-a-la-seguridad-social\/","title":{"rendered":"&#039;The penultimate one and we&#039;re off&#039; Social security fraud"},"content":{"rendered":"<figure class=\"wp-block-embed-spotify wp-block-embed is-type-rich is-provider-spotify wp-embed-aspect-21-9 wp-has-aspect-ratio\"><div class=\"wp-block-embed__wrapper\">\n<iframe title=\"Spotify Embed: &amp;apos;La pen\u00faltima y nos vamos&amp;apos; Fraude a la seguridad social\" style=\"border-radius: 12px\" width=\"100%\" height=\"152\" frameborder=\"0\" allowfullscreen allow=\"autoplay; clipboard-write; encrypted-media; fullscreen; picture-in-picture\" loading=\"lazy\" src=\"https:\/\/open.spotify.com\/embed\/episode\/3AurbMroiJWCw24So8ZRaw?utm_source=oembed\"><\/iframe>\n<\/div><\/figure>\n\n\n<p><img decoding=\"async\" class=\"alignleft wp-image-1018 size-thumbnail\" src=\"https:\/\/dlvradio.es\/wp-content\/uploads\/2020\/02\/Fraude-a-la-seguridad-social-150x150.jpg\" alt=\"\" width=\"150\" height=\"150\" \/>Hoy comenzamos &#8216;La pen\u00faltima y nos vamos&#8217; , en este nuevo espacio todos los d\u00edas tendr\u00e9is un articulo sobre alguna de las noticias destacadas del d\u00eda. Hoy comenzamos con <strong>Meri Cabez\u00f3n<\/strong>, abogada. &#8216;Fraude a la seguridad social&#8217; una noticia que parece lo que luego no es o\u00edrla y lo ver\u00e9is. Esperamos que sea de vuestro inter\u00e9s y nos sig\u00e1is todos los d\u00edas.<\/p>","protected":false},"excerpt":{"rendered":"<p>Hoy comenzamos &#8216;La pen\u00faltima y nos vamos&#8217; , en este nuevo espacio todos los d\u00edas tendr\u00e9is un articulo sobre alguna de las noticias destacadas del d\u00eda. Hoy comenzamos con Meri Cabez\u00f3n, abogada. &#8216;Fraude a la seguridad social&#8217; una noticia que parece lo que luego no es o\u00edrla y lo ver\u00e9is. Esperamos que sea de vuestro [&hellip;]<\/p>\n","protected":false},"author":4,"featured_media":69544,"comment_status":"open","ping_status":"open","sticky":false,"template":"","format":"standard","meta":{"_acf_changed":false,"footnotes":""},"categories":[2465],"tags":[2466,2463],"class_list":["post-69543","post","type-post","status-publish","format-standard","has-post-thumbnail","hentry","category-informativos","tag-espana","tag-sociedad"],"acf":[],"yoast_head":"<!-- This site is optimized with the Yoast SEO plugin v27.4 - https:\/\/yoast.com\/product\/yoast-seo-wordpress\/ -->\n<title>&#039;La pen\u00faltima y nos vamos&#039; Fraude a la seguridad social - DLVRADIO<\/title>\n<meta name=\"description\" content=\"https:\/\/open.spotify.com\/episode\/3AurbMroiJWCw24So8ZRaw Hoy comenzamos &#039;La pen\u00faltima y nos vamos&#039; , en este nuevo espacio todos los d\u00edas tendr\u00e9is un\" \/>\n<meta name=\"robots\" content=\"index, follow, max-snippet:-1, max-image-preview:large, max-video-preview:-1\" \/>\n<link rel=\"canonical\" href=\"https:\/\/dlvradio.es\/en\/la-penultima-y-nos-vamos-fraude-a-la-seguridad-social\/\" \/>\n<meta property=\"og:locale\" content=\"en_US\" \/>\n<meta property=\"og:type\" content=\"article\" \/>\n<meta property=\"og:title\" content=\"&#039;La pen\u00faltima y nos vamos&#039; Fraude a la seguridad social - DLVRADIO\" \/>\n<meta property=\"og:description\" content=\"https:\/\/open.spotify.com\/episode\/3AurbMroiJWCw24So8ZRaw Hoy comenzamos &#039;La pen\u00faltima y nos vamos&#039; , en este nuevo espacio todos los d\u00edas tendr\u00e9is un\" \/>\n<meta property=\"og:url\" content=\"https:\/\/dlvradio.es\/en\/la-penultima-y-nos-vamos-fraude-a-la-seguridad-social\/\" \/>\n<meta property=\"og:site_name\" content=\"DLVRADIO\" \/>\n<meta property=\"article:publisher\" content=\"https:\/\/www.facebook.com\/RadioDLVradio\/\" \/>\n<meta property=\"article:published_time\" content=\"2020-02-06T08:48:11+00:00\" \/>\n<meta property=\"og:image\" content=\"https:\/\/dlvradio.es\/wp-content\/uploads\/2020\/02\/Fraude-a-la-seguridad-social.jpg\" \/>\n\t<meta property=\"og:image:width\" content=\"1511\" \/>\n\t<meta property=\"og:image:height\" content=\"1511\" \/>\n\t<meta property=\"og:image:type\" content=\"image\/jpeg\" \/>\n<meta name=\"author\" content=\"DLV RADIO\" \/>\n<meta name=\"twitter:card\" content=\"summary_large_image\" \/>\n<meta name=\"twitter:creator\" content=\"@RadioDlvradio\" \/>\n<meta name=\"twitter:site\" content=\"@RadioDlvradio\" \/>\n<script type=\"application\/ld+json\" class=\"yoast-schema-graph\">{\"@context\":\"https:\\\/\\\/schema.org\",\"@graph\":[{\"@type\":\"Article\",\"@id\":\"https:\\\/\\\/dlvradio.es\\\/la-penultima-y-nos-vamos-fraude-a-la-seguridad-social\\\/#article\",\"isPartOf\":{\"@id\":\"https:\\\/\\\/dlvradio.es\\\/la-penultima-y-nos-vamos-fraude-a-la-seguridad-social\\\/\"},\"author\":{\"name\":\"DLV RADIO\",\"@id\":\"https:\\\/\\\/dlvradio.es\\\/#\\\/schema\\\/person\\\/7d533f9f89b13e3a3f2ba7f67d6412de\"},\"headline\":\"&#8216;La pen\u00faltima y nos vamos&#8217; Fraude a la seguridad social\",\"datePublished\":\"2020-02-06T08:48:11+00:00\",\"mainEntityOfPage\":{\"@id\":\"https:\\\/\\\/dlvradio.es\\\/la-penultima-y-nos-vamos-fraude-a-la-seguridad-social\\\/\"},\"wordCount\":90,\"commentCount\":0,\"publisher\":{\"@id\":\"https:\\\/\\\/dlvradio.es\\\/#organization\"},\"image\":{\"@id\":\"https:\\\/\\\/dlvradio.es\\\/la-penultima-y-nos-vamos-fraude-a-la-seguridad-social\\\/#primaryimage\"},\"thumbnailUrl\":\"https:\\\/\\\/dlvradio.es\\\/wp-content\\\/uploads\\\/2020\\\/02\\\/Fraude-a-la-seguridad-social.jpg\",\"keywords\":[\"Espa\u00f1a\",\"sociedad\"],\"articleSection\":[\"Informativos\"],\"inLanguage\":\"en-US\"},{\"@type\":\"WebPage\",\"@id\":\"https:\\\/\\\/dlvradio.es\\\/la-penultima-y-nos-vamos-fraude-a-la-seguridad-social\\\/\",\"url\":\"https:\\\/\\\/dlvradio.es\\\/la-penultima-y-nos-vamos-fraude-a-la-seguridad-social\\\/\",\"name\":\"'La pen\u00faltima y nos vamos' Fraude a la seguridad social - DLVRADIO\",\"isPartOf\":{\"@id\":\"https:\\\/\\\/dlvradio.es\\\/#website\"},\"primaryImageOfPage\":{\"@id\":\"https:\\\/\\\/dlvradio.es\\\/la-penultima-y-nos-vamos-fraude-a-la-seguridad-social\\\/#primaryimage\"},\"image\":{\"@id\":\"https:\\\/\\\/dlvradio.es\\\/la-penultima-y-nos-vamos-fraude-a-la-seguridad-social\\\/#primaryimage\"},\"thumbnailUrl\":\"https:\\\/\\\/dlvradio.es\\\/wp-content\\\/uploads\\\/2020\\\/02\\\/Fraude-a-la-seguridad-social.jpg\",\"datePublished\":\"2020-02-06T08:48:11+00:00\",\"description\":\"https:\\\/\\\/open.spotify.com\\\/episode\\\/3AurbMroiJWCw24So8ZRaw Hoy comenzamos 'La pen\u00faltima y nos vamos' , en este nuevo espacio todos los d\u00edas tendr\u00e9is un\",\"breadcrumb\":{\"@id\":\"https:\\\/\\\/dlvradio.es\\\/la-penultima-y-nos-vamos-fraude-a-la-seguridad-social\\\/#breadcrumb\"},\"inLanguage\":\"en-US\",\"potentialAction\":[{\"@type\":\"ReadAction\",\"target\":[\"https:\\\/\\\/dlvradio.es\\\/la-penultima-y-nos-vamos-fraude-a-la-seguridad-social\\\/\"]}]},{\"@type\":\"ImageObject\",\"inLanguage\":\"en-US\",\"@id\":\"https:\\\/\\\/dlvradio.es\\\/la-penultima-y-nos-vamos-fraude-a-la-seguridad-social\\\/#primaryimage\",\"url\":\"https:\\\/\\\/dlvradio.es\\\/wp-content\\\/uploads\\\/2020\\\/02\\\/Fraude-a-la-seguridad-social.jpg\",\"contentUrl\":\"https:\\\/\\\/dlvradio.es\\\/wp-content\\\/uploads\\\/2020\\\/02\\\/Fraude-a-la-seguridad-social.jpg\",\"width\":1511,\"height\":1511,\"caption\":\"Fraude a la seguridad social\"},{\"@type\":\"BreadcrumbList\",\"@id\":\"https:\\\/\\\/dlvradio.es\\\/la-penultima-y-nos-vamos-fraude-a-la-seguridad-social\\\/#breadcrumb\",\"itemListElement\":[{\"@type\":\"ListItem\",\"position\":1,\"name\":\"Inicio\",\"item\":\"https:\\\/\\\/dlvradio.es\\\/\"},{\"@type\":\"ListItem\",\"position\":2,\"name\":\"&#8216;La pen\u00faltima y nos vamos&#8217; Fraude a la seguridad social\"}]},{\"@type\":\"WebSite\",\"@id\":\"https:\\\/\\\/dlvradio.es\\\/#website\",\"url\":\"https:\\\/\\\/dlvradio.es\\\/\",\"name\":\"DLVRADIO\",\"description\":\"Somos un medio de comunicaci\u00f3n alternativo a los medios tradicionales\",\"publisher\":{\"@id\":\"https:\\\/\\\/dlvradio.es\\\/#organization\"},\"potentialAction\":[{\"@type\":\"SearchAction\",\"target\":{\"@type\":\"EntryPoint\",\"urlTemplate\":\"https:\\\/\\\/dlvradio.es\\\/?s={search_term_string}\"},\"query-input\":{\"@type\":\"PropertyValueSpecification\",\"valueRequired\":true,\"valueName\":\"search_term_string\"}}],\"inLanguage\":\"en-US\"},{\"@type\":\"Organization\",\"@id\":\"https:\\\/\\\/dlvradio.es\\\/#organization\",\"name\":\"DLVRADIO\",\"url\":\"https:\\\/\\\/dlvradio.es\\\/\",\"logo\":{\"@type\":\"ImageObject\",\"inLanguage\":\"en-US\",\"@id\":\"https:\\\/\\\/dlvradio.es\\\/#\\\/schema\\\/logo\\\/image\\\/\",\"url\":\"\",\"contentUrl\":\"\",\"caption\":\"DLVRADIO\"},\"image\":{\"@id\":\"https:\\\/\\\/dlvradio.es\\\/#\\\/schema\\\/logo\\\/image\\\/\"},\"sameAs\":[\"https:\\\/\\\/www.facebook.com\\\/RadioDLVradio\\\/\",\"https:\\\/\\\/x.com\\\/RadioDlvradio\",\"https:\\\/\\\/www.instagram.com\\\/radiodlvradio\\\/\"]},{\"@type\":\"Person\",\"@id\":\"https:\\\/\\\/dlvradio.es\\\/#\\\/schema\\\/person\\\/7d533f9f89b13e3a3f2ba7f67d6412de\",\"name\":\"DLV RADIO\",\"sameAs\":[\"https:\\\/\\\/dlvradio.es\"]}]}<\/script>\n<!-- \/ Yoast SEO plugin. -->","yoast_head_json":{"title":"'La pen\u00faltima y nos vamos' Fraude a la seguridad social - DLVRADIO","description":"https:\/\/open.spotify.com\/episode\/3AurbMroiJWCw24So8ZRaw Hoy comenzamos 'La pen\u00faltima y nos vamos' , en este nuevo espacio todos los d\u00edas tendr\u00e9is un","robots":{"index":"index","follow":"follow","max-snippet":"max-snippet:-1","max-image-preview":"max-image-preview:large","max-video-preview":"max-video-preview:-1"},"canonical":"https:\/\/dlvradio.es\/en\/la-penultima-y-nos-vamos-fraude-a-la-seguridad-social\/","og_locale":"en_US","og_type":"article","og_title":"'La pen\u00faltima y nos vamos' Fraude a la seguridad social - DLVRADIO","og_description":"https:\/\/open.spotify.com\/episode\/3AurbMroiJWCw24So8ZRaw Hoy comenzamos 'La pen\u00faltima y nos vamos' , en este nuevo espacio todos los d\u00edas tendr\u00e9is un","og_url":"https:\/\/dlvradio.es\/en\/la-penultima-y-nos-vamos-fraude-a-la-seguridad-social\/","og_site_name":"DLVRADIO","article_publisher":"https:\/\/www.facebook.com\/RadioDLVradio\/","article_published_time":"2020-02-06T08:48:11+00:00","og_image":[{"width":1511,"height":1511,"url":"https:\/\/dlvradio.es\/wp-content\/uploads\/2020\/02\/Fraude-a-la-seguridad-social.jpg","type":"image\/jpeg"}],"author":"DLV RADIO","twitter_card":"summary_large_image","twitter_creator":"@RadioDlvradio","twitter_site":"@RadioDlvradio","schema":{"@context":"https:\/\/schema.org","@graph":[{"@type":"Article","@id":"https:\/\/dlvradio.es\/la-penultima-y-nos-vamos-fraude-a-la-seguridad-social\/#article","isPartOf":{"@id":"https:\/\/dlvradio.es\/la-penultima-y-nos-vamos-fraude-a-la-seguridad-social\/"},"author":{"name":"DLV RADIO","@id":"https:\/\/dlvradio.es\/#\/schema\/person\/7d533f9f89b13e3a3f2ba7f67d6412de"},"headline":"&#8216;La pen\u00faltima y nos vamos&#8217; Fraude a la seguridad social","datePublished":"2020-02-06T08:48:11+00:00","mainEntityOfPage":{"@id":"https:\/\/dlvradio.es\/la-penultima-y-nos-vamos-fraude-a-la-seguridad-social\/"},"wordCount":90,"commentCount":0,"publisher":{"@id":"https:\/\/dlvradio.es\/#organization"},"image":{"@id":"https:\/\/dlvradio.es\/la-penultima-y-nos-vamos-fraude-a-la-seguridad-social\/#primaryimage"},"thumbnailUrl":"https:\/\/dlvradio.es\/wp-content\/uploads\/2020\/02\/Fraude-a-la-seguridad-social.jpg","keywords":["Espa\u00f1a","sociedad"],"articleSection":["Informativos"],"inLanguage":"en-US"},{"@type":"WebPage","@id":"https:\/\/dlvradio.es\/la-penultima-y-nos-vamos-fraude-a-la-seguridad-social\/","url":"https:\/\/dlvradio.es\/la-penultima-y-nos-vamos-fraude-a-la-seguridad-social\/","name":"'La pen\u00faltima y nos vamos' Fraude a la seguridad social - DLVRADIO","isPartOf":{"@id":"https:\/\/dlvradio.es\/#website"},"primaryImageOfPage":{"@id":"https:\/\/dlvradio.es\/la-penultima-y-nos-vamos-fraude-a-la-seguridad-social\/#primaryimage"},"image":{"@id":"https:\/\/dlvradio.es\/la-penultima-y-nos-vamos-fraude-a-la-seguridad-social\/#primaryimage"},"thumbnailUrl":"https:\/\/dlvradio.es\/wp-content\/uploads\/2020\/02\/Fraude-a-la-seguridad-social.jpg","datePublished":"2020-02-06T08:48:11+00:00","description":"https:\/\/open.spotify.com\/episode\/3AurbMroiJWCw24So8ZRaw Hoy comenzamos 'La pen\u00faltima y nos vamos' , en este nuevo espacio todos los d\u00edas tendr\u00e9is un","breadcrumb":{"@id":"https:\/\/dlvradio.es\/la-penultima-y-nos-vamos-fraude-a-la-seguridad-social\/#breadcrumb"},"inLanguage":"en-US","potentialAction":[{"@type":"ReadAction","target":["https:\/\/dlvradio.es\/la-penultima-y-nos-vamos-fraude-a-la-seguridad-social\/"]}]},{"@type":"ImageObject","inLanguage":"en-US","@id":"https:\/\/dlvradio.es\/la-penultima-y-nos-vamos-fraude-a-la-seguridad-social\/#primaryimage","url":"https:\/\/dlvradio.es\/wp-content\/uploads\/2020\/02\/Fraude-a-la-seguridad-social.jpg","contentUrl":"https:\/\/dlvradio.es\/wp-content\/uploads\/2020\/02\/Fraude-a-la-seguridad-social.jpg","width":1511,"height":1511,"caption":"Fraude a la seguridad social"},{"@type":"BreadcrumbList","@id":"https:\/\/dlvradio.es\/la-penultima-y-nos-vamos-fraude-a-la-seguridad-social\/#breadcrumb","itemListElement":[{"@type":"ListItem","position":1,"name":"Inicio","item":"https:\/\/dlvradio.es\/"},{"@type":"ListItem","position":2,"name":"&#8216;La pen\u00faltima y nos vamos&#8217; Fraude a la seguridad social"}]},{"@type":"WebSite","@id":"https:\/\/dlvradio.es\/#website","url":"https:\/\/dlvradio.es\/","name":"DLVRADIO","description":"We are an alternative media to traditional media","publisher":{"@id":"https:\/\/dlvradio.es\/#organization"},"potentialAction":[{"@type":"SearchAction","target":{"@type":"EntryPoint","urlTemplate":"https:\/\/dlvradio.es\/?s={search_term_string}"},"query-input":{"@type":"PropertyValueSpecification","valueRequired":true,"valueName":"search_term_string"}}],"inLanguage":"en-US"},{"@type":"Organization","@id":"https:\/\/dlvradio.es\/#organization","name":"DLVRADIO","url":"https:\/\/dlvradio.es\/","logo":{"@type":"ImageObject","inLanguage":"en-US","@id":"https:\/\/dlvradio.es\/#\/schema\/logo\/image\/","url":"","contentUrl":"","caption":"DLVRADIO"},"image":{"@id":"https:\/\/dlvradio.es\/#\/schema\/logo\/image\/"},"sameAs":["https:\/\/www.facebook.com\/RadioDLVradio\/","https:\/\/x.com\/RadioDlvradio","https:\/\/www.instagram.com\/radiodlvradio\/"]},{"@type":"Person","@id":"https:\/\/dlvradio.es\/#\/schema\/person\/7d533f9f89b13e3a3f2ba7f67d6412de","name":"DLV RADIO","sameAs":["https:\/\/dlvradio.es"]}]}},"_links":{"self":[{"href":"https:\/\/dlvradio.es\/en\/wp-json\/wp\/v2\/posts\/69543","targetHints":{"allow":["GET"]}}],"collection":[{"href":"https:\/\/dlvradio.es\/en\/wp-json\/wp\/v2\/posts"}],"about":[{"href":"https:\/\/dlvradio.es\/en\/wp-json\/wp\/v2\/types\/post"}],"author":[{"embeddable":true,"href":"https:\/\/dlvradio.es\/en\/wp-json\/wp\/v2\/users\/4"}],"replies":[{"embeddable":true,"href":"https:\/\/dlvradio.es\/en\/wp-json\/wp\/v2\/comments?post=69543"}],"version-history":[{"count":0,"href":"https:\/\/dlvradio.es\/en\/wp-json\/wp\/v2\/posts\/69543\/revisions"}],"wp:featuredmedia":[{"embeddable":true,"href":"https:\/\/dlvradio.es\/en\/wp-json\/wp\/v2\/media\/69544"}],"wp:attachment":[{"href":"https:\/\/dlvradio.es\/en\/wp-json\/wp\/v2\/media?parent=69543"}],"wp:term":[{"taxonomy":"category","embeddable":true,"href":"https:\/\/dlvradio.es\/en\/wp-json\/wp\/v2\/categories?post=69543"},{"taxonomy":"post_tag","embeddable":true,"href":"https:\/\/dlvradio.es\/en\/wp-json\/wp\/v2\/tags?post=69543"}],"curies":[{"name":"wp","href":"https:\/\/api.w.org\/{rel}","templated":true}]}}