{"id":69569,"date":"2020-03-07T00:12:04","date_gmt":"2020-03-06T23:12:04","guid":{"rendered":"https:\/\/dlvradio.es\/intervencion-de-maria-martin-en-el-iii-foro-de-ciudades-abolicionistas\/"},"modified":"2020-03-07T00:12:04","modified_gmt":"2020-03-06T23:12:04","slug":"intervencion-de-maria-martin-en-el-iii-foro-de-ciudades-abolicionistas","status":"publish","type":"post","link":"https:\/\/dlvradio.es\/en\/intervencion-de-maria-martin-en-el-iii-foro-de-ciudades-abolicionistas\/","title":{"rendered":"Intervention by Mar\u00eda Mart\u00edn at the III forum of abolitionist cities"},"content":{"rendered":"<figure class=\"wp-block-embed-spotify wp-block-embed is-type-rich is-provider-spotify wp-embed-aspect-21-9 wp-has-aspect-ratio\"><div class=\"wp-block-embed__wrapper\">\n<iframe title=\"Spotify Embed: Intervention by Mar\u00eda Mart\u00edn at the III Forum of Abolitionist Cities\" style=\"border-radius: 12px\" width=\"100%\" height=\"152\" frameborder=\"0\" allowfullscreen allow=\"autoplay; clipboard-write; encrypted-media; fullscreen; picture-in-picture\" loading=\"lazy\" src=\"https:\/\/open.spotify.com\/embed\/episode\/2U2SeHUWcXPufhj8vUqd6A?utm_source=oembed\"><\/iframe>\n<\/div><\/figure>\n\n\n<p><img decoding=\"async\" class=\"alignleft wp-image-1213 size-thumbnail\" src=\"https:\/\/dlvradio.es\/wp-content\/uploads\/2020\/03\/Mar\u00eda-Mart\u00edn-Presidenta-de-la-Asociaci\u00f3n-La-Volaera-1-150x150.jpg\" alt=\"\" width=\"150\" height=\"150\" \/>We leave you the video and audio of the intervention of Mar\u00eda Mart\u00edn \u2013 President of the Association <strong>The Volaera<\/strong> of Granada, at the III forum of abolitionist cities held in Barcelona. Together with the other members of the second roundtable of the forum, they spoke about prostitution in the different territories of Spain and the different abolitionist practices.<\/p>\n<p><iframe title=\"Mar\u00eda Mart\u00edn President of the La Volaera Association\" width=\"800\" height=\"450\" src=\"https:\/\/www.youtube.com\/embed\/ZFP78FQi_rI?feature=oembed\" frameborder=\"0\" allow=\"accelerometer; autoplay; clipboard-write; encrypted-media; gyroscope; picture-in-picture; web-share\" referrerpolicy=\"strict-origin-when-cross-origin\" allowfullscreen><\/iframe><\/p>\n<p>\u00a0<\/p>","protected":false},"excerpt":{"rendered":"<p>Os dejamos el v\u00eddeo y el audio de la intervenci\u00f3n de Mar\u00eda Mart\u00edn &#8211; Presidenta de la Asociaci\u00f3n La Volaera de Granada, en el III foro de ciudades abolicionistas celebrado en Barcelona. Junto a l@s otr@s componentes de la II mesa del foro hablaron de la prostituci\u00f3n en los diferentes territorios de Espa\u00f1a y de [&hellip;]<\/p>\n","protected":false},"author":4,"featured_media":69570,"comment_status":"open","ping_status":"open","sticky":false,"template":"","format":"standard","meta":{"_acf_changed":false,"footnotes":""},"categories":[2470],"tags":[2504,2466,2471],"class_list":["post-69569","post","type-post","status-publish","format-standard","has-post-thumbnail","hentry","category-feminismo","tag-abolicion","tag-espana","tag-feminismo"],"acf":[],"yoast_head":"<!-- This site is optimized with the Yoast SEO plugin v27.4 - https:\/\/yoast.com\/product\/yoast-seo-wordpress\/ -->\n<title>Intervenci\u00f3n de Mar\u00eda Mart\u00edn en el III foro de ciudades abolicionistas - DLVRADIO<\/title>\n<meta name=\"description\" content=\"https:\/\/open.spotify.com\/episode\/2U2SeHUWcXPufhj8vUqd6A Os dejamos el v\u00eddeo y el audio de la intervenci\u00f3n de Mar\u00eda Mart\u00edn - Presidenta de la Asociaci\u00f3n La\" \/>\n<meta name=\"robots\" content=\"index, follow, max-snippet:-1, max-image-preview:large, max-video-preview:-1\" \/>\n<link rel=\"canonical\" href=\"https:\/\/dlvradio.es\/en\/intervencion-de-maria-martin-en-el-iii-foro-de-ciudades-abolicionistas\/\" \/>\n<meta property=\"og:locale\" content=\"en_US\" \/>\n<meta property=\"og:type\" content=\"article\" \/>\n<meta property=\"og:title\" content=\"Intervenci\u00f3n de Mar\u00eda Mart\u00edn en el III foro de ciudades abolicionistas - DLVRADIO\" \/>\n<meta property=\"og:description\" content=\"https:\/\/open.spotify.com\/episode\/2U2SeHUWcXPufhj8vUqd6A Os dejamos el v\u00eddeo y el audio de la intervenci\u00f3n de Mar\u00eda Mart\u00edn - Presidenta de la Asociaci\u00f3n La\" \/>\n<meta property=\"og:url\" content=\"https:\/\/dlvradio.es\/en\/intervencion-de-maria-martin-en-el-iii-foro-de-ciudades-abolicionistas\/\" \/>\n<meta property=\"og:site_name\" content=\"DLVRADIO\" \/>\n<meta property=\"article:publisher\" content=\"https:\/\/www.facebook.com\/RadioDLVradio\/\" \/>\n<meta property=\"article:published_time\" content=\"2020-03-06T23:12:04+00:00\" \/>\n<meta property=\"og:image\" content=\"https:\/\/dlvradio.es\/wp-content\/uploads\/2020\/03\/Maria-Martin-Presidenta-de-la-Asociacion-La-Volaera-1.jpg\" \/>\n\t<meta property=\"og:image:width\" content=\"1511\" \/>\n\t<meta property=\"og:image:height\" content=\"1511\" \/>\n\t<meta property=\"og:image:type\" content=\"image\/jpeg\" \/>\n<meta name=\"author\" content=\"DLV RADIO\" \/>\n<meta name=\"twitter:card\" content=\"summary_large_image\" \/>\n<meta name=\"twitter:creator\" content=\"@RadioDlvradio\" \/>\n<meta name=\"twitter:site\" content=\"@RadioDlvradio\" \/>\n<script type=\"application\/ld+json\" class=\"yoast-schema-graph\">{\"@context\":\"https:\\\/\\\/schema.org\",\"@graph\":[{\"@type\":\"Article\",\"@id\":\"https:\\\/\\\/dlvradio.es\\\/intervencion-de-maria-martin-en-el-iii-foro-de-ciudades-abolicionistas\\\/#article\",\"isPartOf\":{\"@id\":\"https:\\\/\\\/dlvradio.es\\\/intervencion-de-maria-martin-en-el-iii-foro-de-ciudades-abolicionistas\\\/\"},\"author\":{\"name\":\"DLV RADIO\",\"@id\":\"https:\\\/\\\/dlvradio.es\\\/#\\\/schema\\\/person\\\/7d533f9f89b13e3a3f2ba7f67d6412de\"},\"headline\":\"Intervenci\u00f3n de Mar\u00eda Mart\u00edn en el III foro de ciudades abolicionistas\",\"datePublished\":\"2020-03-06T23:12:04+00:00\",\"mainEntityOfPage\":{\"@id\":\"https:\\\/\\\/dlvradio.es\\\/intervencion-de-maria-martin-en-el-iii-foro-de-ciudades-abolicionistas\\\/\"},\"wordCount\":100,\"commentCount\":0,\"publisher\":{\"@id\":\"https:\\\/\\\/dlvradio.es\\\/#organization\"},\"image\":{\"@id\":\"https:\\\/\\\/dlvradio.es\\\/intervencion-de-maria-martin-en-el-iii-foro-de-ciudades-abolicionistas\\\/#primaryimage\"},\"thumbnailUrl\":\"https:\\\/\\\/dlvradio.es\\\/wp-content\\\/uploads\\\/2020\\\/03\\\/Maria-Martin-Presidenta-de-la-Asociacion-La-Volaera-1.jpg\",\"keywords\":[\"Abolici\u00f3n\",\"Espa\u00f1a\",\"feminismo\"],\"articleSection\":[\"Feminismo\"],\"inLanguage\":\"en-US\"},{\"@type\":\"WebPage\",\"@id\":\"https:\\\/\\\/dlvradio.es\\\/intervencion-de-maria-martin-en-el-iii-foro-de-ciudades-abolicionistas\\\/\",\"url\":\"https:\\\/\\\/dlvradio.es\\\/intervencion-de-maria-martin-en-el-iii-foro-de-ciudades-abolicionistas\\\/\",\"name\":\"Intervenci\u00f3n de Mar\u00eda Mart\u00edn en el III foro de ciudades abolicionistas - DLVRADIO\",\"isPartOf\":{\"@id\":\"https:\\\/\\\/dlvradio.es\\\/#website\"},\"primaryImageOfPage\":{\"@id\":\"https:\\\/\\\/dlvradio.es\\\/intervencion-de-maria-martin-en-el-iii-foro-de-ciudades-abolicionistas\\\/#primaryimage\"},\"image\":{\"@id\":\"https:\\\/\\\/dlvradio.es\\\/intervencion-de-maria-martin-en-el-iii-foro-de-ciudades-abolicionistas\\\/#primaryimage\"},\"thumbnailUrl\":\"https:\\\/\\\/dlvradio.es\\\/wp-content\\\/uploads\\\/2020\\\/03\\\/Maria-Martin-Presidenta-de-la-Asociacion-La-Volaera-1.jpg\",\"datePublished\":\"2020-03-06T23:12:04+00:00\",\"description\":\"https:\\\/\\\/open.spotify.com\\\/episode\\\/2U2SeHUWcXPufhj8vUqd6A Os dejamos el v\u00eddeo y el audio de la intervenci\u00f3n de Mar\u00eda Mart\u00edn - Presidenta de la Asociaci\u00f3n La\",\"breadcrumb\":{\"@id\":\"https:\\\/\\\/dlvradio.es\\\/intervencion-de-maria-martin-en-el-iii-foro-de-ciudades-abolicionistas\\\/#breadcrumb\"},\"inLanguage\":\"en-US\",\"potentialAction\":[{\"@type\":\"ReadAction\",\"target\":[\"https:\\\/\\\/dlvradio.es\\\/intervencion-de-maria-martin-en-el-iii-foro-de-ciudades-abolicionistas\\\/\"]}]},{\"@type\":\"ImageObject\",\"inLanguage\":\"en-US\",\"@id\":\"https:\\\/\\\/dlvradio.es\\\/intervencion-de-maria-martin-en-el-iii-foro-de-ciudades-abolicionistas\\\/#primaryimage\",\"url\":\"https:\\\/\\\/dlvradio.es\\\/wp-content\\\/uploads\\\/2020\\\/03\\\/Maria-Martin-Presidenta-de-la-Asociacion-La-Volaera-1.jpg\",\"contentUrl\":\"https:\\\/\\\/dlvradio.es\\\/wp-content\\\/uploads\\\/2020\\\/03\\\/Maria-Martin-Presidenta-de-la-Asociacion-La-Volaera-1.jpg\",\"width\":1511,\"height\":1511,\"caption\":\"Mar\u00eda Mart\u00edn - Presidenta de la Asociaci\u00f3n La Volaera\"},{\"@type\":\"BreadcrumbList\",\"@id\":\"https:\\\/\\\/dlvradio.es\\\/intervencion-de-maria-martin-en-el-iii-foro-de-ciudades-abolicionistas\\\/#breadcrumb\",\"itemListElement\":[{\"@type\":\"ListItem\",\"position\":1,\"name\":\"Inicio\",\"item\":\"https:\\\/\\\/dlvradio.es\\\/\"},{\"@type\":\"ListItem\",\"position\":2,\"name\":\"Intervenci\u00f3n de Mar\u00eda Mart\u00edn en el III foro de ciudades abolicionistas\"}]},{\"@type\":\"WebSite\",\"@id\":\"https:\\\/\\\/dlvradio.es\\\/#website\",\"url\":\"https:\\\/\\\/dlvradio.es\\\/\",\"name\":\"DLVRADIO\",\"description\":\"Somos un medio de comunicaci\u00f3n alternativo a los medios tradicionales\",\"publisher\":{\"@id\":\"https:\\\/\\\/dlvradio.es\\\/#organization\"},\"potentialAction\":[{\"@type\":\"SearchAction\",\"target\":{\"@type\":\"EntryPoint\",\"urlTemplate\":\"https:\\\/\\\/dlvradio.es\\\/?s={search_term_string}\"},\"query-input\":{\"@type\":\"PropertyValueSpecification\",\"valueRequired\":true,\"valueName\":\"search_term_string\"}}],\"inLanguage\":\"en-US\"},{\"@type\":\"Organization\",\"@id\":\"https:\\\/\\\/dlvradio.es\\\/#organization\",\"name\":\"DLVRADIO\",\"url\":\"https:\\\/\\\/dlvradio.es\\\/\",\"logo\":{\"@type\":\"ImageObject\",\"inLanguage\":\"en-US\",\"@id\":\"https:\\\/\\\/dlvradio.es\\\/#\\\/schema\\\/logo\\\/image\\\/\",\"url\":\"\",\"contentUrl\":\"\",\"caption\":\"DLVRADIO\"},\"image\":{\"@id\":\"https:\\\/\\\/dlvradio.es\\\/#\\\/schema\\\/logo\\\/image\\\/\"},\"sameAs\":[\"https:\\\/\\\/www.facebook.com\\\/RadioDLVradio\\\/\",\"https:\\\/\\\/x.com\\\/RadioDlvradio\",\"https:\\\/\\\/www.instagram.com\\\/radiodlvradio\\\/\"]},{\"@type\":\"Person\",\"@id\":\"https:\\\/\\\/dlvradio.es\\\/#\\\/schema\\\/person\\\/7d533f9f89b13e3a3f2ba7f67d6412de\",\"name\":\"DLV RADIO\",\"sameAs\":[\"https:\\\/\\\/dlvradio.es\"]}]}<\/script>\n<!-- \/ Yoast SEO plugin. -->","yoast_head_json":{"title":"Intervention by Mar\u00eda Mart\u00edn at the III Forum of Abolitionist Cities - DLVRADIO","description":"https:\/\/open.spotify.com\/episode\/2U2SeHUWcXPufhj8vUqd6A We leave you the video and audio of the intervention of Mar\u00eda Mart\u00edn - President of the La Association","robots":{"index":"index","follow":"follow","max-snippet":"max-snippet:-1","max-image-preview":"max-image-preview:large","max-video-preview":"max-video-preview:-1"},"canonical":"https:\/\/dlvradio.es\/en\/intervencion-de-maria-martin-en-el-iii-foro-de-ciudades-abolicionistas\/","og_locale":"en_US","og_type":"article","og_title":"Intervenci\u00f3n de Mar\u00eda Mart\u00edn en el III foro de ciudades abolicionistas - DLVRADIO","og_description":"https:\/\/open.spotify.com\/episode\/2U2SeHUWcXPufhj8vUqd6A Os dejamos el v\u00eddeo y el audio de la intervenci\u00f3n de Mar\u00eda Mart\u00edn - Presidenta de la Asociaci\u00f3n La","og_url":"https:\/\/dlvradio.es\/en\/intervencion-de-maria-martin-en-el-iii-foro-de-ciudades-abolicionistas\/","og_site_name":"DLVRADIO","article_publisher":"https:\/\/www.facebook.com\/RadioDLVradio\/","article_published_time":"2020-03-06T23:12:04+00:00","og_image":[{"width":1511,"height":1511,"url":"https:\/\/dlvradio.es\/wp-content\/uploads\/2020\/03\/Maria-Martin-Presidenta-de-la-Asociacion-La-Volaera-1.jpg","type":"image\/jpeg"}],"author":"DLV RADIO","twitter_card":"summary_large_image","twitter_creator":"@RadioDlvradio","twitter_site":"@RadioDlvradio","schema":{"@context":"https:\/\/schema.org","@graph":[{"@type":"Article","@id":"https:\/\/dlvradio.es\/intervencion-de-maria-martin-en-el-iii-foro-de-ciudades-abolicionistas\/#article","isPartOf":{"@id":"https:\/\/dlvradio.es\/intervencion-de-maria-martin-en-el-iii-foro-de-ciudades-abolicionistas\/"},"author":{"name":"DLV RADIO","@id":"https:\/\/dlvradio.es\/#\/schema\/person\/7d533f9f89b13e3a3f2ba7f67d6412de"},"headline":"Intervenci\u00f3n de Mar\u00eda Mart\u00edn en el III foro de ciudades abolicionistas","datePublished":"2020-03-06T23:12:04+00:00","mainEntityOfPage":{"@id":"https:\/\/dlvradio.es\/intervencion-de-maria-martin-en-el-iii-foro-de-ciudades-abolicionistas\/"},"wordCount":100,"commentCount":0,"publisher":{"@id":"https:\/\/dlvradio.es\/#organization"},"image":{"@id":"https:\/\/dlvradio.es\/intervencion-de-maria-martin-en-el-iii-foro-de-ciudades-abolicionistas\/#primaryimage"},"thumbnailUrl":"https:\/\/dlvradio.es\/wp-content\/uploads\/2020\/03\/Maria-Martin-Presidenta-de-la-Asociacion-La-Volaera-1.jpg","keywords":["Abolici\u00f3n","Espa\u00f1a","feminismo"],"articleSection":["Feminismo"],"inLanguage":"en-US"},{"@type":"WebPage","@id":"https:\/\/dlvradio.es\/intervencion-de-maria-martin-en-el-iii-foro-de-ciudades-abolicionistas\/","url":"https:\/\/dlvradio.es\/intervencion-de-maria-martin-en-el-iii-foro-de-ciudades-abolicionistas\/","name":"Intervention by Mar\u00eda Mart\u00edn at the III Forum of Abolitionist Cities - DLVRADIO","isPartOf":{"@id":"https:\/\/dlvradio.es\/#website"},"primaryImageOfPage":{"@id":"https:\/\/dlvradio.es\/intervencion-de-maria-martin-en-el-iii-foro-de-ciudades-abolicionistas\/#primaryimage"},"image":{"@id":"https:\/\/dlvradio.es\/intervencion-de-maria-martin-en-el-iii-foro-de-ciudades-abolicionistas\/#primaryimage"},"thumbnailUrl":"https:\/\/dlvradio.es\/wp-content\/uploads\/2020\/03\/Maria-Martin-Presidenta-de-la-Asociacion-La-Volaera-1.jpg","datePublished":"2020-03-06T23:12:04+00:00","description":"https:\/\/open.spotify.com\/episode\/2U2SeHUWcXPufhj8vUqd6A We leave you the video and audio of the intervention of Mar\u00eda Mart\u00edn - President of the La Association","breadcrumb":{"@id":"https:\/\/dlvradio.es\/intervencion-de-maria-martin-en-el-iii-foro-de-ciudades-abolicionistas\/#breadcrumb"},"inLanguage":"en-US","potentialAction":[{"@type":"ReadAction","target":["https:\/\/dlvradio.es\/intervencion-de-maria-martin-en-el-iii-foro-de-ciudades-abolicionistas\/"]}]},{"@type":"ImageObject","inLanguage":"en-US","@id":"https:\/\/dlvradio.es\/intervencion-de-maria-martin-en-el-iii-foro-de-ciudades-abolicionistas\/#primaryimage","url":"https:\/\/dlvradio.es\/wp-content\/uploads\/2020\/03\/Maria-Martin-Presidenta-de-la-Asociacion-La-Volaera-1.jpg","contentUrl":"https:\/\/dlvradio.es\/wp-content\/uploads\/2020\/03\/Maria-Martin-Presidenta-de-la-Asociacion-La-Volaera-1.jpg","width":1511,"height":1511,"caption":"Mar\u00eda Mart\u00edn - Presidenta de la Asociaci\u00f3n La Volaera"},{"@type":"BreadcrumbList","@id":"https:\/\/dlvradio.es\/intervencion-de-maria-martin-en-el-iii-foro-de-ciudades-abolicionistas\/#breadcrumb","itemListElement":[{"@type":"ListItem","position":1,"name":"Inicio","item":"https:\/\/dlvradio.es\/"},{"@type":"ListItem","position":2,"name":"Intervenci\u00f3n de Mar\u00eda Mart\u00edn en el III foro de ciudades abolicionistas"}]},{"@type":"WebSite","@id":"https:\/\/dlvradio.es\/#website","url":"https:\/\/dlvradio.es\/","name":"DLVRADIO","description":"We are an alternative media to traditional media","publisher":{"@id":"https:\/\/dlvradio.es\/#organization"},"potentialAction":[{"@type":"SearchAction","target":{"@type":"EntryPoint","urlTemplate":"https:\/\/dlvradio.es\/?s={search_term_string}"},"query-input":{"@type":"PropertyValueSpecification","valueRequired":true,"valueName":"search_term_string"}}],"inLanguage":"en-US"},{"@type":"Organization","@id":"https:\/\/dlvradio.es\/#organization","name":"DLVRADIO","url":"https:\/\/dlvradio.es\/","logo":{"@type":"ImageObject","inLanguage":"en-US","@id":"https:\/\/dlvradio.es\/#\/schema\/logo\/image\/","url":"","contentUrl":"","caption":"DLVRADIO"},"image":{"@id":"https:\/\/dlvradio.es\/#\/schema\/logo\/image\/"},"sameAs":["https:\/\/www.facebook.com\/RadioDLVradio\/","https:\/\/x.com\/RadioDlvradio","https:\/\/www.instagram.com\/radiodlvradio\/"]},{"@type":"Person","@id":"https:\/\/dlvradio.es\/#\/schema\/person\/7d533f9f89b13e3a3f2ba7f67d6412de","name":"DLV RADIO","sameAs":["https:\/\/dlvradio.es"]}]}},"_links":{"self":[{"href":"https:\/\/dlvradio.es\/en\/wp-json\/wp\/v2\/posts\/69569","targetHints":{"allow":["GET"]}}],"collection":[{"href":"https:\/\/dlvradio.es\/en\/wp-json\/wp\/v2\/posts"}],"about":[{"href":"https:\/\/dlvradio.es\/en\/wp-json\/wp\/v2\/types\/post"}],"author":[{"embeddable":true,"href":"https:\/\/dlvradio.es\/en\/wp-json\/wp\/v2\/users\/4"}],"replies":[{"embeddable":true,"href":"https:\/\/dlvradio.es\/en\/wp-json\/wp\/v2\/comments?post=69569"}],"version-history":[{"count":0,"href":"https:\/\/dlvradio.es\/en\/wp-json\/wp\/v2\/posts\/69569\/revisions"}],"wp:featuredmedia":[{"embeddable":true,"href":"https:\/\/dlvradio.es\/en\/wp-json\/wp\/v2\/media\/69570"}],"wp:attachment":[{"href":"https:\/\/dlvradio.es\/en\/wp-json\/wp\/v2\/media?parent=69569"}],"wp:term":[{"taxonomy":"category","embeddable":true,"href":"https:\/\/dlvradio.es\/en\/wp-json\/wp\/v2\/categories?post=69569"},{"taxonomy":"post_tag","embeddable":true,"href":"https:\/\/dlvradio.es\/en\/wp-json\/wp\/v2\/tags?post=69569"}],"curies":[{"name":"wp","href":"https:\/\/api.w.org\/{rel}","templated":true}]}}