{"id":69600,"date":"2020-03-31T22:17:18","date_gmt":"2020-03-31T20:17:18","guid":{"rendered":"https:\/\/dlvradio.es\/ecologistas-en-accion-advierte-que-el-vertido-no-puede-ser-la-unica-alternativa-de-gestion-de-los-residuos-durante-la-pandemia-del-coronavirus\/"},"modified":"2020-03-31T22:17:18","modified_gmt":"2020-03-31T20:17:18","slug":"ecologistas-en-accion-advierte-que-el-vertido-no-puede-ser-la-unica-alternativa-de-gestion-de-los-residuos-durante-la-pandemia-del-coronavirus","status":"publish","type":"post","link":"https:\/\/dlvradio.es\/en\/ecologistas-en-accion-advierte-que-el-vertido-no-puede-ser-la-unica-alternativa-de-gestion-de-los-residuos-durante-la-pandemia-del-coronavirus\/","title":{"rendered":"Ecologistas en Acci\u00f3n advierte que el vertido no puede ser la \u00fanica alternativa de gesti\u00f3n de los residuos durante la pandemia del coronavirus"},"content":{"rendered":"<p><img decoding=\"async\" class=\"alignleft wp-image-1451 size-thumbnail\" src=\"https:\/\/dlvradio.es\/wp-content\/uploads\/2020\/03\/Ecologistas-en-Acci\u00f3n-advierte-que-el-vertido-no-puede-ser-la-\u00fanica-alternativa-de-gesti\u00f3n-de-los-residuos-durante-la-pandemia-del-coronavirus-150x150.jpg\" alt=\"\" width=\"150\" height=\"150\" \/>Ecologistas en Acci\u00f3n advierte que el vertido no puede ser la \u00fanica alternativa de gesti\u00f3n de los residuos durante la pandemia del coronavirus<\/p>\n<p>La propuesta del Ministerio de Sanidad sobre la gesti\u00f3n de los residuos procedentes de hogares, hospitales y centros de mayores con casos positivos del virus SARS-CoV-2 prioriza la incineraci\u00f3n o su dep\u00f3sito en vertedero, cuando existen tratamientos alternativos con menor impacto ambiental como la esterilizaci\u00f3n en autoclave.<\/p>\n<p>Ecologistas en Acci\u00f3n afirma que la coincineraci\u00f3n propuesta en las f\u00e1bricas de cemento para quemarlos como combustible alternativo es inviable e insostenible, y pondr\u00eda en riesgo a trabajadoras y trabajadores.<br \/>\nLa organizaci\u00f3n ecologista considera adem\u00e1s que la actividad de las f\u00e1bricas de cemento deber\u00eda cesar de inmediato, dado que no es una actividad esencial para la sociedad en estos momentos.<\/p>\n<p>El Ministerio de Sanidad orden\u00f3 el domingo 22 de marzo la gesti\u00f3n de los residuos dom\u00e9sticos en hogares, hospitales, centros de salud, residencias y similares en contacto con el virus. Esos residuos deben depositarse en los contenedores de la fracci\u00f3n resto y se destinar\u00e1n de forma preferente a incineraci\u00f3n, o, en su caso, a vertedero. Las bolsas de basura no deber\u00e1n abrirse ni manipularse y s\u00f3lo se tratar\u00e1n de forma autom\u00e1tica, en el caso de que se traten antes de incinerarlas o verterlas, y se dispone que, en caso de necesidad, la incineraci\u00f3n se lleve a cabo en las f\u00e1bricas de cemento.<\/p>\n<p>Ecologistas en Acci\u00f3n declara que las f\u00e1bricas de cemento no son las instalaciones adecuadas para quemar estos residuos. No est\u00e1n dise\u00f1adas para ello y no tienen suficientes sistemas para reducir la contaminaci\u00f3n atmosf\u00e9rica a\u00f1adida que generar\u00e1 esa incineraci\u00f3n. En primer lugar, porque ning\u00fan horno est\u00e1 preparado para que las bolsas de basura puedan introducirse sin ning\u00fan tratamiento previo (trituraci\u00f3n, fragmentaci\u00f3n) ni en el quemador principal ni en el precalcinador. En segundo lugar, aunque el virus se desactiva al cabo de unas horas, el manejo de esa basura pondr\u00eda en riesgo la salud de trabajadores y trabajadores. Y, en tercer lugar, porque las f\u00e1bricas de cemento deber\u00edan cesar su actividad en esta situaci\u00f3n de crisis sanitaria y de confinamiento, pues no es una actividad esencial para la sociedad.<\/p>\n<p>La salud y seguridad de los trabajadores debe prevalecer sobre otras consideraciones estrictamente econ\u00f3micas.<\/p>\n<p>Los residuos sanitarios de los centros que traten enfermos del COVID-19 deber\u00edan seguir el tratamiento convencional que en su gran mayor\u00eda reposa sobre su desinfecci\u00f3n por vapor y vac\u00edo mediante autoclave, y una vez desinfectados proceder a su tratamiento como residuos dom\u00e9sticos ordinarios, para recuperar los materiales reciclables (metales, pl\u00e1sticos, etc.). Ese tratamiento genera menos impactos ambientales que la incineraci\u00f3n o el vertido de los residuos, los tratamientos m\u00e1s agresivos y con peor comportamiento ambiental. Adem\u00e1s, algunos de estos residuos de los equipos de protecci\u00f3n individual (mascarillas, batas) se pueden reciclar y reutilizar f\u00e1cilmente una vez desinfectados y limpios.<\/p>\n<p>Renunciar al tratamiento de esos residuos y priorizar su incineraci\u00f3n o, en su defecto, el vertido, no hace m\u00e1s que proseguir la senda de insostenibilidad en la gesti\u00f3n de los residuos dom\u00e9sticos en el Estado espa\u00f1ol, que en 2017 llev\u00f3 a los vertederos un 63 % de sus residuos, y una cuarta parte de ellos sin ning\u00fan tipo de tratamiento previo, incumpliendo la legislaci\u00f3n europea y espa\u00f1ola dictada hace 20 a\u00f1os sobre el dep\u00f3sito de residuos en vertederos. Ecologistas en Acci\u00f3n advierte que esta orden podr\u00eda servir de excusa para algunos operadores y Comunidades Aut\u00f3nomas, para continuar depositando residuos dom\u00e9sticos en vertederos sin recibir antes el preceptivo tratamiento previo en perjuicio del reciclaje.<\/p>\n<p>El incremento en la generaci\u00f3n de residuos motivado por la adopci\u00f3n de las medidas obligatorias de asepsia y protecci\u00f3n no debe ir unido a un descenso en las exigencias de preservaci\u00f3n de la salud y del cumplimiento de las m\u00e1ximas garant\u00edas ambientales en la gesti\u00f3n de los residuos.<\/p>","protected":false},"excerpt":{"rendered":"<p>Ecologistas en Acci\u00f3n advierte que el vertido no puede ser la \u00fanica alternativa de gesti\u00f3n de los residuos durante la pandemia del coronavirus La propuesta del Ministerio de Sanidad sobre la gesti\u00f3n de los residuos procedentes de hogares, hospitales y centros de mayores con casos positivos del virus SARS-CoV-2 prioriza la incineraci\u00f3n o su dep\u00f3sito [&hellip;]<\/p>\n","protected":false},"author":4,"featured_media":69601,"comment_status":"open","ping_status":"open","sticky":false,"template":"","format":"standard","meta":{"_acf_changed":false,"footnotes":""},"categories":[2465],"tags":[2547,2548,2478,2466,2492],"class_list":["post-69600","post","type-post","status-publish","format-standard","has-post-thumbnail","hentry","category-informativos","tag-alarma","tag-coronavirus","tag-ecologia","tag-espana","tag-gobierno"],"acf":[],"yoast_head":"<!-- This site is optimized with the Yoast SEO plugin v27.4 - https:\/\/yoast.com\/product\/yoast-seo-wordpress\/ -->\n<title>Ecologistas en Acci\u00f3n advierte que el vertido no puede ser la \u00fanica alternativa de gesti\u00f3n de los residuos durante la pandemia del coronavirus - DLVRADIO<\/title>\n<meta name=\"description\" content=\"Ecologistas en Acci\u00f3n advierte que el vertido no puede ser la \u00fanica alternativa de gesti\u00f3n de los residuos durante la pandemia del coronavirus La\" \/>\n<meta name=\"robots\" content=\"index, follow, max-snippet:-1, max-image-preview:large, max-video-preview:-1\" \/>\n<link rel=\"canonical\" href=\"https:\/\/dlvradio.es\/en\/ecologistas-en-accion-advierte-que-el-vertido-no-puede-ser-la-unica-alternativa-de-gestion-de-los-residuos-durante-la-pandemia-del-coronavirus\/\" \/>\n<meta property=\"og:locale\" content=\"en_US\" \/>\n<meta property=\"og:type\" content=\"article\" \/>\n<meta property=\"og:title\" content=\"Ecologistas en Acci\u00f3n advierte que el vertido no puede ser la \u00fanica alternativa de gesti\u00f3n de los residuos durante la pandemia del coronavirus - DLVRADIO\" \/>\n<meta property=\"og:description\" content=\"Ecologistas en Acci\u00f3n advierte que el vertido no puede ser la \u00fanica alternativa de gesti\u00f3n de los residuos durante la pandemia del coronavirus La\" \/>\n<meta property=\"og:url\" content=\"https:\/\/dlvradio.es\/en\/ecologistas-en-accion-advierte-que-el-vertido-no-puede-ser-la-unica-alternativa-de-gestion-de-los-residuos-durante-la-pandemia-del-coronavirus\/\" \/>\n<meta property=\"og:site_name\" content=\"DLVRADIO\" \/>\n<meta property=\"article:publisher\" content=\"https:\/\/www.facebook.com\/RadioDLVradio\/\" \/>\n<meta property=\"article:published_time\" content=\"2020-03-31T20:17:18+00:00\" \/>\n<meta property=\"og:image\" content=\"https:\/\/dlvradio.es\/wp-content\/uploads\/2020\/03\/Ecologistas-en-Accion-advierte-que-el-vertido-no-puede-ser-la-unica-alternativa-de-gestion-de-los-residuos-durante-la-pandemia-del-coronavirus.jpg\" \/>\n\t<meta property=\"og:image:width\" content=\"2362\" \/>\n\t<meta property=\"og:image:height\" content=\"2362\" \/>\n\t<meta property=\"og:image:type\" content=\"image\/jpeg\" \/>\n<meta name=\"author\" content=\"DLV RADIO\" \/>\n<meta name=\"twitter:card\" content=\"summary_large_image\" \/>\n<meta name=\"twitter:creator\" content=\"@RadioDlvradio\" \/>\n<meta name=\"twitter:site\" content=\"@RadioDlvradio\" \/>\n<script type=\"application\/ld+json\" class=\"yoast-schema-graph\">{\"@context\":\"https:\\\/\\\/schema.org\",\"@graph\":[{\"@type\":\"Article\",\"@id\":\"https:\\\/\\\/dlvradio.es\\\/ecologistas-en-accion-advierte-que-el-vertido-no-puede-ser-la-unica-alternativa-de-gestion-de-los-residuos-durante-la-pandemia-del-coronavirus\\\/#article\",\"isPartOf\":{\"@id\":\"https:\\\/\\\/dlvradio.es\\\/ecologistas-en-accion-advierte-que-el-vertido-no-puede-ser-la-unica-alternativa-de-gestion-de-los-residuos-durante-la-pandemia-del-coronavirus\\\/\"},\"author\":{\"name\":\"DLV RADIO\",\"@id\":\"https:\\\/\\\/dlvradio.es\\\/#\\\/schema\\\/person\\\/7d533f9f89b13e3a3f2ba7f67d6412de\"},\"headline\":\"Ecologistas en Acci\u00f3n advierte que el vertido no puede ser la \u00fanica alternativa de gesti\u00f3n de los residuos durante la pandemia del coronavirus\",\"datePublished\":\"2020-03-31T20:17:18+00:00\",\"mainEntityOfPage\":{\"@id\":\"https:\\\/\\\/dlvradio.es\\\/ecologistas-en-accion-advierte-que-el-vertido-no-puede-ser-la-unica-alternativa-de-gestion-de-los-residuos-durante-la-pandemia-del-coronavirus\\\/\"},\"wordCount\":727,\"commentCount\":0,\"publisher\":{\"@id\":\"https:\\\/\\\/dlvradio.es\\\/#organization\"},\"image\":{\"@id\":\"https:\\\/\\\/dlvradio.es\\\/ecologistas-en-accion-advierte-que-el-vertido-no-puede-ser-la-unica-alternativa-de-gestion-de-los-residuos-durante-la-pandemia-del-coronavirus\\\/#primaryimage\"},\"thumbnailUrl\":\"https:\\\/\\\/dlvradio.es\\\/wp-content\\\/uploads\\\/2020\\\/03\\\/Ecologistas-en-Accion-advierte-que-el-vertido-no-puede-ser-la-unica-alternativa-de-gestion-de-los-residuos-durante-la-pandemia-del-coronavirus.jpg\",\"keywords\":[\"alarma\",\"coronavirus\",\"ecolog\u00eda\",\"Espa\u00f1a\",\"Gobierno\"],\"articleSection\":[\"Informativos\"],\"inLanguage\":\"en-US\"},{\"@type\":\"WebPage\",\"@id\":\"https:\\\/\\\/dlvradio.es\\\/ecologistas-en-accion-advierte-que-el-vertido-no-puede-ser-la-unica-alternativa-de-gestion-de-los-residuos-durante-la-pandemia-del-coronavirus\\\/\",\"url\":\"https:\\\/\\\/dlvradio.es\\\/ecologistas-en-accion-advierte-que-el-vertido-no-puede-ser-la-unica-alternativa-de-gestion-de-los-residuos-durante-la-pandemia-del-coronavirus\\\/\",\"name\":\"Ecologistas en Acci\u00f3n advierte que el vertido no puede ser la \u00fanica alternativa de gesti\u00f3n de los residuos durante la pandemia del coronavirus - DLVRADIO\",\"isPartOf\":{\"@id\":\"https:\\\/\\\/dlvradio.es\\\/#website\"},\"primaryImageOfPage\":{\"@id\":\"https:\\\/\\\/dlvradio.es\\\/ecologistas-en-accion-advierte-que-el-vertido-no-puede-ser-la-unica-alternativa-de-gestion-de-los-residuos-durante-la-pandemia-del-coronavirus\\\/#primaryimage\"},\"image\":{\"@id\":\"https:\\\/\\\/dlvradio.es\\\/ecologistas-en-accion-advierte-que-el-vertido-no-puede-ser-la-unica-alternativa-de-gestion-de-los-residuos-durante-la-pandemia-del-coronavirus\\\/#primaryimage\"},\"thumbnailUrl\":\"https:\\\/\\\/dlvradio.es\\\/wp-content\\\/uploads\\\/2020\\\/03\\\/Ecologistas-en-Accion-advierte-que-el-vertido-no-puede-ser-la-unica-alternativa-de-gestion-de-los-residuos-durante-la-pandemia-del-coronavirus.jpg\",\"datePublished\":\"2020-03-31T20:17:18+00:00\",\"description\":\"Ecologistas en Acci\u00f3n advierte que el vertido no puede ser la \u00fanica alternativa de gesti\u00f3n de los residuos durante la pandemia del coronavirus La\",\"breadcrumb\":{\"@id\":\"https:\\\/\\\/dlvradio.es\\\/ecologistas-en-accion-advierte-que-el-vertido-no-puede-ser-la-unica-alternativa-de-gestion-de-los-residuos-durante-la-pandemia-del-coronavirus\\\/#breadcrumb\"},\"inLanguage\":\"en-US\",\"potentialAction\":[{\"@type\":\"ReadAction\",\"target\":[\"https:\\\/\\\/dlvradio.es\\\/ecologistas-en-accion-advierte-que-el-vertido-no-puede-ser-la-unica-alternativa-de-gestion-de-los-residuos-durante-la-pandemia-del-coronavirus\\\/\"]}]},{\"@type\":\"ImageObject\",\"inLanguage\":\"en-US\",\"@id\":\"https:\\\/\\\/dlvradio.es\\\/ecologistas-en-accion-advierte-que-el-vertido-no-puede-ser-la-unica-alternativa-de-gestion-de-los-residuos-durante-la-pandemia-del-coronavirus\\\/#primaryimage\",\"url\":\"https:\\\/\\\/dlvradio.es\\\/wp-content\\\/uploads\\\/2020\\\/03\\\/Ecologistas-en-Accion-advierte-que-el-vertido-no-puede-ser-la-unica-alternativa-de-gestion-de-los-residuos-durante-la-pandemia-del-coronavirus.jpg\",\"contentUrl\":\"https:\\\/\\\/dlvradio.es\\\/wp-content\\\/uploads\\\/2020\\\/03\\\/Ecologistas-en-Accion-advierte-que-el-vertido-no-puede-ser-la-unica-alternativa-de-gestion-de-los-residuos-durante-la-pandemia-del-coronavirus.jpg\",\"width\":2362,\"height\":2362,\"caption\":\"Ecologistas en Acci\u00f3n advierte que el vertido no puede ser la \u00fanica alternativa de gesti\u00f3n de los residuos durante la pandemia del coronavirus\"},{\"@type\":\"BreadcrumbList\",\"@id\":\"https:\\\/\\\/dlvradio.es\\\/ecologistas-en-accion-advierte-que-el-vertido-no-puede-ser-la-unica-alternativa-de-gestion-de-los-residuos-durante-la-pandemia-del-coronavirus\\\/#breadcrumb\",\"itemListElement\":[{\"@type\":\"ListItem\",\"position\":1,\"name\":\"Inicio\",\"item\":\"https:\\\/\\\/dlvradio.es\\\/\"},{\"@type\":\"ListItem\",\"position\":2,\"name\":\"Ecologistas en Acci\u00f3n advierte que el vertido no puede ser la \u00fanica alternativa de gesti\u00f3n de los residuos durante la pandemia del coronavirus\"}]},{\"@type\":\"WebSite\",\"@id\":\"https:\\\/\\\/dlvradio.es\\\/#website\",\"url\":\"https:\\\/\\\/dlvradio.es\\\/\",\"name\":\"DLVRADIO\",\"description\":\"Somos un medio de comunicaci\u00f3n alternativo a los medios tradicionales\",\"publisher\":{\"@id\":\"https:\\\/\\\/dlvradio.es\\\/#organization\"},\"potentialAction\":[{\"@type\":\"SearchAction\",\"target\":{\"@type\":\"EntryPoint\",\"urlTemplate\":\"https:\\\/\\\/dlvradio.es\\\/?s={search_term_string}\"},\"query-input\":{\"@type\":\"PropertyValueSpecification\",\"valueRequired\":true,\"valueName\":\"search_term_string\"}}],\"inLanguage\":\"en-US\"},{\"@type\":\"Organization\",\"@id\":\"https:\\\/\\\/dlvradio.es\\\/#organization\",\"name\":\"DLVRADIO\",\"url\":\"https:\\\/\\\/dlvradio.es\\\/\",\"logo\":{\"@type\":\"ImageObject\",\"inLanguage\":\"en-US\",\"@id\":\"https:\\\/\\\/dlvradio.es\\\/#\\\/schema\\\/logo\\\/image\\\/\",\"url\":\"\",\"contentUrl\":\"\",\"caption\":\"DLVRADIO\"},\"image\":{\"@id\":\"https:\\\/\\\/dlvradio.es\\\/#\\\/schema\\\/logo\\\/image\\\/\"},\"sameAs\":[\"https:\\\/\\\/www.facebook.com\\\/RadioDLVradio\\\/\",\"https:\\\/\\\/x.com\\\/RadioDlvradio\",\"https:\\\/\\\/www.instagram.com\\\/radiodlvradio\\\/\"]},{\"@type\":\"Person\",\"@id\":\"https:\\\/\\\/dlvradio.es\\\/#\\\/schema\\\/person\\\/7d533f9f89b13e3a3f2ba7f67d6412de\",\"name\":\"DLV RADIO\",\"sameAs\":[\"https:\\\/\\\/dlvradio.es\"]}]}<\/script>\n<!-- \/ Yoast SEO plugin. -->","yoast_head_json":{"title":"Ecologistas en Acci\u00f3n advierte que el vertido no puede ser la \u00fanica alternativa de gesti\u00f3n de los residuos durante la pandemia del coronavirus - DLVRADIO","description":"Ecologistas en Acci\u00f3n advierte que el vertido no puede ser la \u00fanica alternativa de gesti\u00f3n de los residuos durante la pandemia del coronavirus La","robots":{"index":"index","follow":"follow","max-snippet":"max-snippet:-1","max-image-preview":"max-image-preview:large","max-video-preview":"max-video-preview:-1"},"canonical":"https:\/\/dlvradio.es\/en\/ecologistas-en-accion-advierte-que-el-vertido-no-puede-ser-la-unica-alternativa-de-gestion-de-los-residuos-durante-la-pandemia-del-coronavirus\/","og_locale":"en_US","og_type":"article","og_title":"Ecologistas en Acci\u00f3n advierte que el vertido no puede ser la \u00fanica alternativa de gesti\u00f3n de los residuos durante la pandemia del coronavirus - DLVRADIO","og_description":"Ecologistas en Acci\u00f3n advierte que el vertido no puede ser la \u00fanica alternativa de gesti\u00f3n de los residuos durante la pandemia del coronavirus La","og_url":"https:\/\/dlvradio.es\/en\/ecologistas-en-accion-advierte-que-el-vertido-no-puede-ser-la-unica-alternativa-de-gestion-de-los-residuos-durante-la-pandemia-del-coronavirus\/","og_site_name":"DLVRADIO","article_publisher":"https:\/\/www.facebook.com\/RadioDLVradio\/","article_published_time":"2020-03-31T20:17:18+00:00","og_image":[{"width":2362,"height":2362,"url":"https:\/\/dlvradio.es\/wp-content\/uploads\/2020\/03\/Ecologistas-en-Accion-advierte-que-el-vertido-no-puede-ser-la-unica-alternativa-de-gestion-de-los-residuos-durante-la-pandemia-del-coronavirus.jpg","type":"image\/jpeg"}],"author":"DLV RADIO","twitter_card":"summary_large_image","twitter_creator":"@RadioDlvradio","twitter_site":"@RadioDlvradio","schema":{"@context":"https:\/\/schema.org","@graph":[{"@type":"Article","@id":"https:\/\/dlvradio.es\/ecologistas-en-accion-advierte-que-el-vertido-no-puede-ser-la-unica-alternativa-de-gestion-de-los-residuos-durante-la-pandemia-del-coronavirus\/#article","isPartOf":{"@id":"https:\/\/dlvradio.es\/ecologistas-en-accion-advierte-que-el-vertido-no-puede-ser-la-unica-alternativa-de-gestion-de-los-residuos-durante-la-pandemia-del-coronavirus\/"},"author":{"name":"DLV RADIO","@id":"https:\/\/dlvradio.es\/#\/schema\/person\/7d533f9f89b13e3a3f2ba7f67d6412de"},"headline":"Ecologistas en Acci\u00f3n advierte que el vertido no puede ser la \u00fanica alternativa de gesti\u00f3n de los residuos durante la pandemia del coronavirus","datePublished":"2020-03-31T20:17:18+00:00","mainEntityOfPage":{"@id":"https:\/\/dlvradio.es\/ecologistas-en-accion-advierte-que-el-vertido-no-puede-ser-la-unica-alternativa-de-gestion-de-los-residuos-durante-la-pandemia-del-coronavirus\/"},"wordCount":727,"commentCount":0,"publisher":{"@id":"https:\/\/dlvradio.es\/#organization"},"image":{"@id":"https:\/\/dlvradio.es\/ecologistas-en-accion-advierte-que-el-vertido-no-puede-ser-la-unica-alternativa-de-gestion-de-los-residuos-durante-la-pandemia-del-coronavirus\/#primaryimage"},"thumbnailUrl":"https:\/\/dlvradio.es\/wp-content\/uploads\/2020\/03\/Ecologistas-en-Accion-advierte-que-el-vertido-no-puede-ser-la-unica-alternativa-de-gestion-de-los-residuos-durante-la-pandemia-del-coronavirus.jpg","keywords":["alarma","coronavirus","ecolog\u00eda","Espa\u00f1a","Gobierno"],"articleSection":["Informativos"],"inLanguage":"en-US"},{"@type":"WebPage","@id":"https:\/\/dlvradio.es\/ecologistas-en-accion-advierte-que-el-vertido-no-puede-ser-la-unica-alternativa-de-gestion-de-los-residuos-durante-la-pandemia-del-coronavirus\/","url":"https:\/\/dlvradio.es\/ecologistas-en-accion-advierte-que-el-vertido-no-puede-ser-la-unica-alternativa-de-gestion-de-los-residuos-durante-la-pandemia-del-coronavirus\/","name":"Ecologistas en Acci\u00f3n advierte que el vertido no puede ser la \u00fanica alternativa de gesti\u00f3n de los residuos durante la pandemia del coronavirus - DLVRADIO","isPartOf":{"@id":"https:\/\/dlvradio.es\/#website"},"primaryImageOfPage":{"@id":"https:\/\/dlvradio.es\/ecologistas-en-accion-advierte-que-el-vertido-no-puede-ser-la-unica-alternativa-de-gestion-de-los-residuos-durante-la-pandemia-del-coronavirus\/#primaryimage"},"image":{"@id":"https:\/\/dlvradio.es\/ecologistas-en-accion-advierte-que-el-vertido-no-puede-ser-la-unica-alternativa-de-gestion-de-los-residuos-durante-la-pandemia-del-coronavirus\/#primaryimage"},"thumbnailUrl":"https:\/\/dlvradio.es\/wp-content\/uploads\/2020\/03\/Ecologistas-en-Accion-advierte-que-el-vertido-no-puede-ser-la-unica-alternativa-de-gestion-de-los-residuos-durante-la-pandemia-del-coronavirus.jpg","datePublished":"2020-03-31T20:17:18+00:00","description":"Ecologistas en Acci\u00f3n advierte que el vertido no puede ser la \u00fanica alternativa de gesti\u00f3n de los residuos durante la pandemia del coronavirus La","breadcrumb":{"@id":"https:\/\/dlvradio.es\/ecologistas-en-accion-advierte-que-el-vertido-no-puede-ser-la-unica-alternativa-de-gestion-de-los-residuos-durante-la-pandemia-del-coronavirus\/#breadcrumb"},"inLanguage":"en-US","potentialAction":[{"@type":"ReadAction","target":["https:\/\/dlvradio.es\/ecologistas-en-accion-advierte-que-el-vertido-no-puede-ser-la-unica-alternativa-de-gestion-de-los-residuos-durante-la-pandemia-del-coronavirus\/"]}]},{"@type":"ImageObject","inLanguage":"en-US","@id":"https:\/\/dlvradio.es\/ecologistas-en-accion-advierte-que-el-vertido-no-puede-ser-la-unica-alternativa-de-gestion-de-los-residuos-durante-la-pandemia-del-coronavirus\/#primaryimage","url":"https:\/\/dlvradio.es\/wp-content\/uploads\/2020\/03\/Ecologistas-en-Accion-advierte-que-el-vertido-no-puede-ser-la-unica-alternativa-de-gestion-de-los-residuos-durante-la-pandemia-del-coronavirus.jpg","contentUrl":"https:\/\/dlvradio.es\/wp-content\/uploads\/2020\/03\/Ecologistas-en-Accion-advierte-que-el-vertido-no-puede-ser-la-unica-alternativa-de-gestion-de-los-residuos-durante-la-pandemia-del-coronavirus.jpg","width":2362,"height":2362,"caption":"Ecologistas en Acci\u00f3n advierte que el vertido no puede ser la \u00fanica alternativa de gesti\u00f3n de los residuos durante la pandemia del coronavirus"},{"@type":"BreadcrumbList","@id":"https:\/\/dlvradio.es\/ecologistas-en-accion-advierte-que-el-vertido-no-puede-ser-la-unica-alternativa-de-gestion-de-los-residuos-durante-la-pandemia-del-coronavirus\/#breadcrumb","itemListElement":[{"@type":"ListItem","position":1,"name":"Inicio","item":"https:\/\/dlvradio.es\/"},{"@type":"ListItem","position":2,"name":"Ecologistas en Acci\u00f3n advierte que el vertido no puede ser la \u00fanica alternativa de gesti\u00f3n de los residuos durante la pandemia del coronavirus"}]},{"@type":"WebSite","@id":"https:\/\/dlvradio.es\/#website","url":"https:\/\/dlvradio.es\/","name":"DLVRADIO","description":"We are an alternative media to traditional media","publisher":{"@id":"https:\/\/dlvradio.es\/#organization"},"potentialAction":[{"@type":"SearchAction","target":{"@type":"EntryPoint","urlTemplate":"https:\/\/dlvradio.es\/?s={search_term_string}"},"query-input":{"@type":"PropertyValueSpecification","valueRequired":true,"valueName":"search_term_string"}}],"inLanguage":"en-US"},{"@type":"Organization","@id":"https:\/\/dlvradio.es\/#organization","name":"DLVRADIO","url":"https:\/\/dlvradio.es\/","logo":{"@type":"ImageObject","inLanguage":"en-US","@id":"https:\/\/dlvradio.es\/#\/schema\/logo\/image\/","url":"","contentUrl":"","caption":"DLVRADIO"},"image":{"@id":"https:\/\/dlvradio.es\/#\/schema\/logo\/image\/"},"sameAs":["https:\/\/www.facebook.com\/RadioDLVradio\/","https:\/\/x.com\/RadioDlvradio","https:\/\/www.instagram.com\/radiodlvradio\/"]},{"@type":"Person","@id":"https:\/\/dlvradio.es\/#\/schema\/person\/7d533f9f89b13e3a3f2ba7f67d6412de","name":"DLV RADIO","sameAs":["https:\/\/dlvradio.es"]}]}},"_links":{"self":[{"href":"https:\/\/dlvradio.es\/en\/wp-json\/wp\/v2\/posts\/69600","targetHints":{"allow":["GET"]}}],"collection":[{"href":"https:\/\/dlvradio.es\/en\/wp-json\/wp\/v2\/posts"}],"about":[{"href":"https:\/\/dlvradio.es\/en\/wp-json\/wp\/v2\/types\/post"}],"author":[{"embeddable":true,"href":"https:\/\/dlvradio.es\/en\/wp-json\/wp\/v2\/users\/4"}],"replies":[{"embeddable":true,"href":"https:\/\/dlvradio.es\/en\/wp-json\/wp\/v2\/comments?post=69600"}],"version-history":[{"count":0,"href":"https:\/\/dlvradio.es\/en\/wp-json\/wp\/v2\/posts\/69600\/revisions"}],"wp:featuredmedia":[{"embeddable":true,"href":"https:\/\/dlvradio.es\/en\/wp-json\/wp\/v2\/media\/69601"}],"wp:attachment":[{"href":"https:\/\/dlvradio.es\/en\/wp-json\/wp\/v2\/media?parent=69600"}],"wp:term":[{"taxonomy":"category","embeddable":true,"href":"https:\/\/dlvradio.es\/en\/wp-json\/wp\/v2\/categories?post=69600"},{"taxonomy":"post_tag","embeddable":true,"href":"https:\/\/dlvradio.es\/en\/wp-json\/wp\/v2\/tags?post=69600"}],"curies":[{"name":"wp","href":"https:\/\/api.w.org\/{rel}","templated":true}]}}