{"id":69657,"date":"2020-05-10T16:27:36","date_gmt":"2020-05-10T14:27:36","guid":{"rendered":"https:\/\/dlvradio.es\/la-desescalada-fase-1-que-puedo-hacer\/"},"modified":"2020-05-10T16:27:36","modified_gmt":"2020-05-10T14:27:36","slug":"la-desescalada-fase-1-que-puedo-hacer","status":"publish","type":"post","link":"https:\/\/dlvradio.es\/en\/la-desescalada-fase-1-que-puedo-hacer\/","title":{"rendered":"De-escalation: Phase 1, what can I do?"},"content":{"rendered":"<p><img decoding=\"async\" class=\"alignleft wp-image-1813 size-thumbnail\" src=\"https:\/\/dlvradio.es\/wp-content\/uploads\/2020\/05\/La-desescalada-Fase-1-que-puedo-hacer-150x150.jpg\" alt=\"\" width=\"150\" height=\"150\" \/>Aqu\u00ed os dejamos un resumen de las normas puestas por el Gobierno para la fase 1.<\/p>\n<p><strong>Movilidad entre municipios<\/strong><\/p>\n<p>Las personas se pueden mover dentro de la misma provincia siempre y cuando todos los municipios de esa misma provincia esten en fase1. No se podr\u00e1 desplazarse a otras provincias, aunque sean de la misma comunidad aut\u00f3noma. En Euskadi, se podr\u00e1n desplazar entre municipios colindantes de distintas provincias solo en los tr\u00e1nsitos habituales para actividades socioecon\u00f3micas.<\/p>\n<p><strong>Las franjas horarias siguen siendo las mismas<\/strong><\/p>\n<p>Para los paseos, deporte y las permitidas en la fase 0. El resto de nuevas actividades permitidas se podr\u00e1n realizar a cualquier hora, sin que haya horquillas para mayores o ni\u00f1os. El Gobierno permite ir a una terraza, o acudir a un museo o a una tienda de ropa sin l\u00edmites horarios.<\/p>\n<p><strong>En principio estas normas son iguales para todas las Comunidades Aut\u00f3nomas, con peque\u00f1os matices<\/strong><\/p>\n<p>La orden da libertad a que las comunidades aut\u00f3nomas modifiquen las franjas horarias. Podr\u00e1n adelantarlas o retrasarlas con un margen m\u00e1ximo de dos horas, pero lo que no podr\u00e1n nunca es ampliar la duraci\u00f3n total de cada franja. El Gobierno ha permitido esta flexibilidad tras la solicitud de varias comunidades para as\u00ed evitar las horas de m\u00e1s sol.<\/p>\n<p><strong>Las personas que nos podemos juntar y donde<\/strong><\/p>\n<p>En la fase 1 se permite volver a mantener un contacto social con otras personas en grupos reducidos de no m\u00e1s de 10 personas. Siempre dentro de la misma provincia. Estos encuentros se podr\u00e1n realizarse con amigos o familiares y en domicilios, al aire libre o en terrazas. La orden determina que el l\u00edmite num\u00e9rico no se aplicar\u00e1 en el caso de que las personas vivan juntas. Est\u00e1n excluidas las personas que pertenezcan a grupos vulnerables al virus, las que tengan s\u00edntomas, est\u00e9n en aislamiento o en cuarentena domiciliaria por haber tenido contacto estrecho con alguna persona diagnosticada con coronavirus.<\/p>\n<p>Estos encuentros grupales deben producirse respetando las medidas de seguridad e higiene: el lavado de manos y el mantenimiento de una distancia de dos metros con mascarillas.<\/p>\n<p><strong>Se puede ir a una segunda residencia dentro de tu misma provincia<\/strong><\/p>\n<p>Se permitir\u00e1 desplazarse a las segundas residencias que se encuentren en la\u00a0provincia que este en fase 1.<\/p>\n<p><strong>Los colegios abrir\u00e1n para ser acondicionados <\/strong><\/p>\n<p>En la fase 1 se permite abrir los centros educativos y los laboratorios universitarios para ser desinfectados, acondicionarlos y realizar funciones administrativas. Ser\u00e1n los directores de los mismos los que determinen, el personal docente y auxiliar necesario para llevar a cabo estas tareas y siempre garantizando la distancia f\u00edsica de seguridad de dos metros.<\/p>\n<p><strong>Los entierros y misas se permiten <\/strong><\/p>\n<p>La orden ampl\u00eda la capacidad para los velatorios, en los que siempre se deber\u00e1n mantener las medidas de seguridad.\u00a0Podr\u00e1n acudir un m\u00e1ximo de 15 personas para los que se celebren al aire libre y de 10 para los que\u00a0lo hagan en recintos cerrados. La comitiva la\u00a0puede formar un m\u00e1ximo de 15 personas entre familiares y conocidos, adem\u00e1s de la persona que oficie o dirija la ceremonia.<\/p>\n<p>Se abren los lugares de culto, respetando las medidas de higiene y protecci\u00f3n debidas, siempre con un aforo que no sea superior a un tercio del local.<\/p>\n<p><strong>Abren los comercios<\/strong><\/p>\n<p>Todo\u00a0los comercios y establecimientos de menos de 400 metros cuadrados y los que tengan acceso directo desde la calle, aunque est\u00e9n en un centro comercial. Ya no habr\u00e1 que tener cita previa, pero deber\u00e1n cumplir con varios requisitos: el aforo permitido solo ser\u00e1 del 30% \u201cincluido los\/as trabajadores\/as\u201d y tiene que garantizarse entre personas una distancia de dos metros. Si las dimensiones del local no lo permiten, solo podr\u00e1 estar dentro del local una persona. Adem\u00e1s, tendr\u00e1n un horario de atenci\u00f3n prioritario para personas mayores de 65 a\u00f1os.<\/p>\n<p>Los mercadillos al aire libre tambi\u00e9n pueden recuperar su actividad, siempre que lo decidan los ayuntamientos de cada localidad. Con una limitaci\u00f3n del 25% de los puestos habituales y un tercio del aforo, los ayuntamientos pueden ampliar el espacio del que disponen para que as\u00ed se produzca un espacio equivalente a la limitaci\u00f3n especificada por el BOE.<\/p>\n<p>El Gobierno permite tambi\u00e9n, la reapertura al p\u00fablico de los concesionarios de coches, las estaciones de inspecci\u00f3n de veh\u00edculos (ITV), los centros de jardiner\u00eda y viveros de plantas sin l\u00edmite de superficie, pero con cita previa. Podr\u00e1n abrir las administraciones de loter\u00eda. Los establecimientos deben tener una superficie m\u00e1xima de 400 metros cuadrados y acceso directo e independiente desde el exterior de la calle.<\/p>\n<p><strong>Condiciones para abrir un establecimiento<\/strong><\/p>\n<p>Las tiendas y comercios con apertura al p\u00fablico\u00a0tienen que\u00a0cumplir con estrictas medidas de higiene y de seguridad. Deber\u00e1n desinfectar las instalaciones como m\u00ednimo dos veces al d\u00eda (una de las cuales es obligatoria al final de la jornada) prestando m\u00e1s atenci\u00f3n a las superficies de un contacto frecuente y ha los puestos de los trabajadores\/as en cada cambio de turno. Se tienen que lavar los uniformes de los empleados\/as a entre 60 y 90 grados.\u00a0Se debe\u00a0garantizar una ventilaci\u00f3n adecuada y disponer de papeleras, a ser posible con tapa y pedal.<\/p>\n<p>En el local entre el vendedor y el cliente, el espacio debe de ser de un m\u00ednimo de un metro si hay una barrera entre ellos. Si no se dispone de ellas, ser\u00e1 de dos metros. En el caso de los servicios que no permitan mantener la distancia de seguridad por su actividad, como las peluquer\u00edas o centros de est\u00e9tica, se deben usar los debidos equipos de protecci\u00f3n.\u00a0Los comercios tienen que se\u00f1alar la distancia de seguridad de dos metros mediante marcas en el suelo, carteles o balizas y poner a disposici\u00f3n de los clientes y trabajadores\/as geles de desinfecci\u00f3n hidroalcoh\u00f3licos.<\/p>\n<p>Los clientes no podran usar los aseos de los locales, a menos que sea estrictamente necesario y si es as\u00ed se deber\u00e1n desinfectar al posterior uso de los mismos. Hay que limpiar los vestuarios en las tiendas de ropa tras cada uso, solo podr\u00e1n ser ocupados por una persona a la misma vez. Si alguien se prueba una prenda que luego no la compre, el comercio debe higienizarla posteriormente.<\/p>\n<p>Los establecimientos que tengan aparcamiento con lector de t\u00edcket que exige contacto, se tendr\u00e1 que sustituir por un control manual por parte del personal.\u00a0Los ascensores su usar\u00e1n\u00a0el m\u00ednimo imprescindible y una persona como m\u00e1ximo, salvo de que pueda garantizar una distancia de dos metros entre ellos.<\/p>\n<p><strong>Habr\u00e1 terrazas y su uso ser\u00e1 el siguiente<\/strong><\/p>\n<p>Las terrazas pueden abrir al 50% de su capacidad total. Los bares y restaurantes deben asegurar una distancia de dos metros entre mesas y con un m\u00e1ximo de diez personas en la misma. Los ayuntamientos pueden ampliar las licencias de espacio, pero siempre deber\u00e1 respetarse la proporci\u00f3n de mesas-superficie y el espacio para los peatones deber\u00e1 incrementarse de forma proporcional.<\/p>\n<p>Los propietarios de los establecimientos\u00a0tienen que limpiar y desinfectar las mesas y las sillas y hacer uso de manteler\u00eda de un solo uso \u201cprioritariamente\u201d. Si no fuera posible, se tiene que evitar que varios clientes usen la misma. Tienen que poner disposici\u00f3n de los clientes geles hidroalcoh\u00f3licos, a ser posible el pago se realizara con tarjeta de cr\u00e9dito y se limpiar\u00e1 el dat\u00e1fono tras cada uso. Las vajillas deben\u00a0almacenarse en recintos cerrados y, si no fuera posible, mantenerse lejos de las zonas de paso de persona, se debe evitar el uso de cartas comunes y eliminar de las mesas palilleros, servilleteros, etc&#8230; La ocupaci\u00f3n m\u00e1xima de los aseos\u00a0ser\u00e1 de una persona, salvo si necesita asistencia.<\/p>\n<p><strong>Abren los hoteles<\/strong><\/p>\n<p>La actividad hotelera est\u00e1 permitida en esta fase. Los establecimientos pueden abrir todas sus habitaciones, aunque no estar\u00e1n operativos los espacios comunes, como los restaurantes. Los objetos susceptibles de ser manipulados por los clientes, como los ascensores, tienen que desinfectarse cada dos horas. Deben instalarse carteles informativos en los idiomas m\u00e1s habituales, exponiendo en los mismos las restricciones en el uso de las instalaciones y las normas de higiene.<\/p>\n<p><strong>Las bibliotecas vuelven abrir<\/strong><\/p>\n<p>Se puede acudir a las bibliotecas para pedir prestados libros como para leer en las salas. Estos espacios tienen un aforo limitado del 30%, seg\u00fan la orden ministerial. Las obras ser\u00e1n solicitadas por los usuarios y proporcionadas por el personal de sala para evitar que se toquen los libros. Los libros consultados se depositar\u00e1n en un lugar apartado y separados de los dem\u00e1s durante 14 d\u00edas como m\u00ednimo. No se permiten todav\u00eda las actividades de estudio en sala ni las actividades culturales. Las bibliotecas no pueden ser un sitio para permanecer en el de momento. Tampoco estar\u00e1n disponibles los ordenadores ni medios inform\u00e1ticos.<\/p>\n<p>Los centros deben instalar pantallas protectoras o mamparas cuando proceda, poner marcas en el suelo para que se mantenga la distancia en la atenci\u00f3n al p\u00fablico y tener dispensadores de geles hidroalcoh\u00f3licos en las zonas de acceso y contacto con el p\u00fablico. Las zonas que no est\u00e1n habilitadas deben de estar cerradas y se\u00f1alizadas y la persona responsable de la biblioteca debe garantizar que los libros los manipule el menor n\u00famero posible de personas.<\/p>\n<p><strong>Los museos y como actuaran <\/strong><\/p>\n<p>La orden establece un m\u00e1ximo de aforo del 30% para las visitas. Ser\u00e1n individuales o en grupo si se trata de una misma unidad familiar. Se debe mantener la distancia de seguridad entre las personas. Las audiogu\u00edas y dispositivos de uso t\u00e1ctil quedar\u00e1n fuera de uso debido al alto riesgo de contagio. Se recomienda la venta de entradas online. El servicio de consigna permanecer\u00e1 cerrado.<\/p>\n<p>Los museos deber\u00e1n instalar mamparas de protecci\u00f3n en las taquillas o mostradores de informaci\u00f3n para impedir el contacto directo con los trabajadores y colocar dispensadores de geles hidroalcoh\u00f3licos en los accesos. Las instalaciones del museo tienen que desinfectarse peri\u00f3dicamente valorando que las superficies a tratar revistan de un mayor o menor valor hist\u00f3rico o art\u00edstico.<\/p>\n<p><strong>Se podr\u00e1n hacer espect\u00e1culos culturales pero controlados<\/strong><\/p>\n<p>Se permite empezar a celebrar espect\u00e1culos culturales pero muy controlados. Solo con un m\u00e1ximo de 30 personas en espacios cerrados y con un tercio del aforo normal. Si son al aire libre se podr\u00e1n juntar hasta 200 personas, pero manteniendo siempre la distancia m\u00ednima de seguridad. Las instalaciones se desinfectar\u00e1n antes de cada actuaci\u00f3n. La direcci\u00f3n art\u00edstica controlara que los artistas en el escenario mantengan la distancia de seguridad pertinente. No pueden compartir vestuario entre ellos si no se ha desinfectado previamente.<\/p>\n<p>Tambi\u00e9n se podr\u00e1n retomar los rodajes bajo unas estrictas condiciones de seguridad. Se permite grabar en plat\u00f3s y en los exteriores si cuentan con las correspondientes autorizaciones del Ayuntamiento de turno. Si hubiera interacci\u00f3n f\u00edsica directa entre los actores y actrices se deber\u00e1n establecer medidas espec\u00edficas para cada caso particular por los responsables del rodaje a partir de las recomendaciones establecidas por las autoridades sanitarias.<\/p>\n<p><strong>Funcionamiento de los centros deportivos<\/strong><\/p>\n<p>Se permite a los territorios que puedan abrir los centros deportivos p\u00fablicos o privados para uso individual o de un m\u00e1ximo de dos personas si la modalidad deportiva as\u00ed lo requiriese. Siempre se acudir\u00e1 con una cita previa. No se podr\u00e1n usar los vestuarios y duchas.<\/p>\n<p>Se restablece la actividad tambi\u00e9n en los centros de Alto Rendimiento, donde los deportistas podr\u00e1n acceder con un entrenador si fuese necesario, las personas con discapacidad o menores de edad que requieran la presencia de un acompa\u00f1ante. Los deportistas tendr\u00e1n que acudir al centro m\u00e1s cercano a su domicilio, aunque si no hay en su provincia podr\u00edan desplazarse a otra con un justificante.<\/p>\n<p><strong>Los servicios sociales<\/strong><\/p>\n<p>Se dispone la apertura de todos los centros recogidos en el Cat\u00e1logo de Referencia de Servicios Sociales. Se dara atenci\u00f3n a aquellos ciudadanos\u00a0que lo necesiten, prestando especial atenci\u00f3n a los servicios de terapia, rehabilitaci\u00f3n, atenci\u00f3n temprana y atenci\u00f3n diurna para personas con discapacidad o en situaci\u00f3n de dependencia.<\/p>\n<p><strong>Siempre que se pueda se recomienda el teletrabajo<\/strong><\/p>\n<p>El Ministerio de Sanidad sigue recomendado el teletrabajo en esta fase en los casos en los que los trabajadores lo puedan realizar.<\/p>\n<p><strong>Derechos las personas que tienen que trabajar<\/strong><\/p>\n<p>Los empleadores est\u00e1n obligados a garantizar la distancia de seguridad entre los trabajadores sea\u00a0de dos metros, para lo que los empresarios deben modificar la disposici\u00f3n f\u00edsica de los puestos de trabajo y la organizaci\u00f3n de los turnos. Si no se puede garantizar esa distancia m\u00ednima de seguridada, se asegurar\u00e1n de que le personal que trabaje disponga de los equipos de protecci\u00f3n adecuados al nivel de riesgo de su puesto, y de que reciban la formaci\u00f3n adecuada para el uso de los mismos. Adem\u00e1s de disponer de, agua, jab\u00f3n y geles hidroalcoh\u00f3licos.\u00a0El fichaje con huella dactilar debe ser sustituido por otro sistema.<\/p>\n<p>En los aseos, vestuarios o \u00e1reas de descanso se deben cumplir las distancias de seguridad, incluso en las cocinas en el caso de los restaurantes o bares. Para los que trabajen en cocinas, restauraci\u00f3n, bares, etc.\u2026 el empresario debe habilitar un espacio para que puedan cambiarse de ropa al iniciar y terminar su turno de trabajo. Y siempre que no se pueda respetar la distancia de dos metros, ser\u00e1 obligatorio el uso de mascarillas.<\/p>\n<p>Aquellos trabajadores que est\u00e9n infectados, presenten s\u00edntomas o se encuentren en cuarenta por haber tenido alg\u00fan contacto con alguien confirmado no pueden incorporarse a sus puestos de trabajo.<\/p>","protected":false},"excerpt":{"rendered":"<p>Aqu\u00ed os dejamos un resumen de las normas puestas por el Gobierno para la fase 1. Movilidad entre municipios Las personas se pueden mover dentro de la misma provincia siempre y cuando todos los municipios de esa misma provincia esten en fase1. No se podr\u00e1 desplazarse a otras provincias, aunque sean de la misma comunidad [&hellip;]<\/p>\n","protected":false},"author":4,"featured_media":69658,"comment_status":"open","ping_status":"open","sticky":false,"template":"","format":"standard","meta":{"_acf_changed":false,"footnotes":""},"categories":[2465],"tags":[2548,2466,2546],"class_list":["post-69657","post","type-post","status-publish","format-standard","has-post-thumbnail","hentry","category-informativos","tag-coronavirus","tag-espana","tag-pandemia"],"acf":[],"yoast_head":"<!-- This site is optimized with the Yoast SEO plugin v27.4 - https:\/\/yoast.com\/product\/yoast-seo-wordpress\/ -->\n<title>La desescalada: Fase 1 que puedo hacer? - DLVRADIO<\/title>\n<meta name=\"description\" content=\"Aqu\u00ed os dejamos un resumen de las normas puestas por el Gobierno para la fase 1. Movilidad entre municipios Las personas se pueden mover dentro de la\" \/>\n<meta name=\"robots\" content=\"index, follow, max-snippet:-1, max-image-preview:large, max-video-preview:-1\" \/>\n<link rel=\"canonical\" href=\"https:\/\/dlvradio.es\/en\/la-desescalada-fase-1-que-puedo-hacer\/\" \/>\n<meta property=\"og:locale\" content=\"en_US\" \/>\n<meta property=\"og:type\" content=\"article\" \/>\n<meta property=\"og:title\" content=\"La desescalada: Fase 1 que puedo hacer? - DLVRADIO\" \/>\n<meta property=\"og:description\" content=\"Aqu\u00ed os dejamos un resumen de las normas puestas por el Gobierno para la fase 1. Movilidad entre municipios Las personas se pueden mover dentro de la\" \/>\n<meta property=\"og:url\" content=\"https:\/\/dlvradio.es\/en\/la-desescalada-fase-1-que-puedo-hacer\/\" \/>\n<meta property=\"og:site_name\" content=\"DLVRADIO\" \/>\n<meta property=\"article:publisher\" content=\"https:\/\/www.facebook.com\/RadioDLVradio\/\" \/>\n<meta property=\"article:published_time\" content=\"2020-05-10T14:27:36+00:00\" \/>\n<meta property=\"og:image\" content=\"https:\/\/dlvradio.es\/wp-content\/uploads\/2020\/05\/La-desescalada-Fase-1-que-puedo-hacer.jpg\" \/>\n\t<meta property=\"og:image:width\" content=\"1511\" \/>\n\t<meta property=\"og:image:height\" content=\"1511\" \/>\n\t<meta property=\"og:image:type\" content=\"image\/jpeg\" \/>\n<meta name=\"author\" content=\"DLV RADIO\" \/>\n<meta name=\"twitter:card\" content=\"summary_large_image\" \/>\n<meta name=\"twitter:creator\" content=\"@RadioDlvradio\" \/>\n<meta name=\"twitter:site\" content=\"@RadioDlvradio\" \/>\n<script type=\"application\/ld+json\" class=\"yoast-schema-graph\">{\"@context\":\"https:\\\/\\\/schema.org\",\"@graph\":[{\"@type\":\"Article\",\"@id\":\"https:\\\/\\\/dlvradio.es\\\/la-desescalada-fase-1-que-puedo-hacer\\\/#article\",\"isPartOf\":{\"@id\":\"https:\\\/\\\/dlvradio.es\\\/la-desescalada-fase-1-que-puedo-hacer\\\/\"},\"author\":{\"name\":\"DLV RADIO\",\"@id\":\"https:\\\/\\\/dlvradio.es\\\/#\\\/schema\\\/person\\\/7d533f9f89b13e3a3f2ba7f67d6412de\"},\"headline\":\"La desescalada: Fase 1 que puedo hacer?\",\"datePublished\":\"2020-05-10T14:27:36+00:00\",\"mainEntityOfPage\":{\"@id\":\"https:\\\/\\\/dlvradio.es\\\/la-desescalada-fase-1-que-puedo-hacer\\\/\"},\"wordCount\":2336,\"commentCount\":0,\"publisher\":{\"@id\":\"https:\\\/\\\/dlvradio.es\\\/#organization\"},\"image\":{\"@id\":\"https:\\\/\\\/dlvradio.es\\\/la-desescalada-fase-1-que-puedo-hacer\\\/#primaryimage\"},\"thumbnailUrl\":\"https:\\\/\\\/dlvradio.es\\\/wp-content\\\/uploads\\\/2020\\\/05\\\/La-desescalada-Fase-1-que-puedo-hacer.jpg\",\"keywords\":[\"coronavirus\",\"Espa\u00f1a\",\"pandemia\"],\"articleSection\":[\"Informativos\"],\"inLanguage\":\"en-US\"},{\"@type\":\"WebPage\",\"@id\":\"https:\\\/\\\/dlvradio.es\\\/la-desescalada-fase-1-que-puedo-hacer\\\/\",\"url\":\"https:\\\/\\\/dlvradio.es\\\/la-desescalada-fase-1-que-puedo-hacer\\\/\",\"name\":\"La desescalada: Fase 1 que puedo hacer? - DLVRADIO\",\"isPartOf\":{\"@id\":\"https:\\\/\\\/dlvradio.es\\\/#website\"},\"primaryImageOfPage\":{\"@id\":\"https:\\\/\\\/dlvradio.es\\\/la-desescalada-fase-1-que-puedo-hacer\\\/#primaryimage\"},\"image\":{\"@id\":\"https:\\\/\\\/dlvradio.es\\\/la-desescalada-fase-1-que-puedo-hacer\\\/#primaryimage\"},\"thumbnailUrl\":\"https:\\\/\\\/dlvradio.es\\\/wp-content\\\/uploads\\\/2020\\\/05\\\/La-desescalada-Fase-1-que-puedo-hacer.jpg\",\"datePublished\":\"2020-05-10T14:27:36+00:00\",\"description\":\"Aqu\u00ed os dejamos un resumen de las normas puestas por el Gobierno para la fase 1. Movilidad entre municipios Las personas se pueden mover dentro de la\",\"breadcrumb\":{\"@id\":\"https:\\\/\\\/dlvradio.es\\\/la-desescalada-fase-1-que-puedo-hacer\\\/#breadcrumb\"},\"inLanguage\":\"en-US\",\"potentialAction\":[{\"@type\":\"ReadAction\",\"target\":[\"https:\\\/\\\/dlvradio.es\\\/la-desescalada-fase-1-que-puedo-hacer\\\/\"]}]},{\"@type\":\"ImageObject\",\"inLanguage\":\"en-US\",\"@id\":\"https:\\\/\\\/dlvradio.es\\\/la-desescalada-fase-1-que-puedo-hacer\\\/#primaryimage\",\"url\":\"https:\\\/\\\/dlvradio.es\\\/wp-content\\\/uploads\\\/2020\\\/05\\\/La-desescalada-Fase-1-que-puedo-hacer.jpg\",\"contentUrl\":\"https:\\\/\\\/dlvradio.es\\\/wp-content\\\/uploads\\\/2020\\\/05\\\/La-desescalada-Fase-1-que-puedo-hacer.jpg\",\"width\":1511,\"height\":1511,\"caption\":\"La desescalada\"},{\"@type\":\"BreadcrumbList\",\"@id\":\"https:\\\/\\\/dlvradio.es\\\/la-desescalada-fase-1-que-puedo-hacer\\\/#breadcrumb\",\"itemListElement\":[{\"@type\":\"ListItem\",\"position\":1,\"name\":\"Inicio\",\"item\":\"https:\\\/\\\/dlvradio.es\\\/\"},{\"@type\":\"ListItem\",\"position\":2,\"name\":\"La desescalada: Fase 1 que puedo hacer?\"}]},{\"@type\":\"WebSite\",\"@id\":\"https:\\\/\\\/dlvradio.es\\\/#website\",\"url\":\"https:\\\/\\\/dlvradio.es\\\/\",\"name\":\"DLVRADIO\",\"description\":\"Somos un medio de comunicaci\u00f3n alternativo a los medios tradicionales\",\"publisher\":{\"@id\":\"https:\\\/\\\/dlvradio.es\\\/#organization\"},\"potentialAction\":[{\"@type\":\"SearchAction\",\"target\":{\"@type\":\"EntryPoint\",\"urlTemplate\":\"https:\\\/\\\/dlvradio.es\\\/?s={search_term_string}\"},\"query-input\":{\"@type\":\"PropertyValueSpecification\",\"valueRequired\":true,\"valueName\":\"search_term_string\"}}],\"inLanguage\":\"en-US\"},{\"@type\":\"Organization\",\"@id\":\"https:\\\/\\\/dlvradio.es\\\/#organization\",\"name\":\"DLVRADIO\",\"url\":\"https:\\\/\\\/dlvradio.es\\\/\",\"logo\":{\"@type\":\"ImageObject\",\"inLanguage\":\"en-US\",\"@id\":\"https:\\\/\\\/dlvradio.es\\\/#\\\/schema\\\/logo\\\/image\\\/\",\"url\":\"\",\"contentUrl\":\"\",\"caption\":\"DLVRADIO\"},\"image\":{\"@id\":\"https:\\\/\\\/dlvradio.es\\\/#\\\/schema\\\/logo\\\/image\\\/\"},\"sameAs\":[\"https:\\\/\\\/www.facebook.com\\\/RadioDLVradio\\\/\",\"https:\\\/\\\/x.com\\\/RadioDlvradio\",\"https:\\\/\\\/www.instagram.com\\\/radiodlvradio\\\/\"]},{\"@type\":\"Person\",\"@id\":\"https:\\\/\\\/dlvradio.es\\\/#\\\/schema\\\/person\\\/7d533f9f89b13e3a3f2ba7f67d6412de\",\"name\":\"DLV RADIO\",\"sameAs\":[\"https:\\\/\\\/dlvradio.es\"]}]}<\/script>\n<!-- \/ Yoast SEO plugin. -->","yoast_head_json":{"title":"La desescalada: Fase 1 que puedo hacer? - DLVRADIO","description":"Aqu\u00ed os dejamos un resumen de las normas puestas por el Gobierno para la fase 1. Movilidad entre municipios Las personas se pueden mover dentro de la","robots":{"index":"index","follow":"follow","max-snippet":"max-snippet:-1","max-image-preview":"max-image-preview:large","max-video-preview":"max-video-preview:-1"},"canonical":"https:\/\/dlvradio.es\/en\/la-desescalada-fase-1-que-puedo-hacer\/","og_locale":"en_US","og_type":"article","og_title":"La desescalada: Fase 1 que puedo hacer? - DLVRADIO","og_description":"Aqu\u00ed os dejamos un resumen de las normas puestas por el Gobierno para la fase 1. Movilidad entre municipios Las personas se pueden mover dentro de la","og_url":"https:\/\/dlvradio.es\/en\/la-desescalada-fase-1-que-puedo-hacer\/","og_site_name":"DLVRADIO","article_publisher":"https:\/\/www.facebook.com\/RadioDLVradio\/","article_published_time":"2020-05-10T14:27:36+00:00","og_image":[{"width":1511,"height":1511,"url":"https:\/\/dlvradio.es\/wp-content\/uploads\/2020\/05\/La-desescalada-Fase-1-que-puedo-hacer.jpg","type":"image\/jpeg"}],"author":"DLV RADIO","twitter_card":"summary_large_image","twitter_creator":"@RadioDlvradio","twitter_site":"@RadioDlvradio","schema":{"@context":"https:\/\/schema.org","@graph":[{"@type":"Article","@id":"https:\/\/dlvradio.es\/la-desescalada-fase-1-que-puedo-hacer\/#article","isPartOf":{"@id":"https:\/\/dlvradio.es\/la-desescalada-fase-1-que-puedo-hacer\/"},"author":{"name":"DLV RADIO","@id":"https:\/\/dlvradio.es\/#\/schema\/person\/7d533f9f89b13e3a3f2ba7f67d6412de"},"headline":"La desescalada: Fase 1 que puedo hacer?","datePublished":"2020-05-10T14:27:36+00:00","mainEntityOfPage":{"@id":"https:\/\/dlvradio.es\/la-desescalada-fase-1-que-puedo-hacer\/"},"wordCount":2336,"commentCount":0,"publisher":{"@id":"https:\/\/dlvradio.es\/#organization"},"image":{"@id":"https:\/\/dlvradio.es\/la-desescalada-fase-1-que-puedo-hacer\/#primaryimage"},"thumbnailUrl":"https:\/\/dlvradio.es\/wp-content\/uploads\/2020\/05\/La-desescalada-Fase-1-que-puedo-hacer.jpg","keywords":["coronavirus","Espa\u00f1a","pandemia"],"articleSection":["Informativos"],"inLanguage":"en-US"},{"@type":"WebPage","@id":"https:\/\/dlvradio.es\/la-desescalada-fase-1-que-puedo-hacer\/","url":"https:\/\/dlvradio.es\/la-desescalada-fase-1-que-puedo-hacer\/","name":"La desescalada: Fase 1 que puedo hacer? - DLVRADIO","isPartOf":{"@id":"https:\/\/dlvradio.es\/#website"},"primaryImageOfPage":{"@id":"https:\/\/dlvradio.es\/la-desescalada-fase-1-que-puedo-hacer\/#primaryimage"},"image":{"@id":"https:\/\/dlvradio.es\/la-desescalada-fase-1-que-puedo-hacer\/#primaryimage"},"thumbnailUrl":"https:\/\/dlvradio.es\/wp-content\/uploads\/2020\/05\/La-desescalada-Fase-1-que-puedo-hacer.jpg","datePublished":"2020-05-10T14:27:36+00:00","description":"Aqu\u00ed os dejamos un resumen de las normas puestas por el Gobierno para la fase 1. Movilidad entre municipios Las personas se pueden mover dentro de la","breadcrumb":{"@id":"https:\/\/dlvradio.es\/la-desescalada-fase-1-que-puedo-hacer\/#breadcrumb"},"inLanguage":"en-US","potentialAction":[{"@type":"ReadAction","target":["https:\/\/dlvradio.es\/la-desescalada-fase-1-que-puedo-hacer\/"]}]},{"@type":"ImageObject","inLanguage":"en-US","@id":"https:\/\/dlvradio.es\/la-desescalada-fase-1-que-puedo-hacer\/#primaryimage","url":"https:\/\/dlvradio.es\/wp-content\/uploads\/2020\/05\/La-desescalada-Fase-1-que-puedo-hacer.jpg","contentUrl":"https:\/\/dlvradio.es\/wp-content\/uploads\/2020\/05\/La-desescalada-Fase-1-que-puedo-hacer.jpg","width":1511,"height":1511,"caption":"La desescalada"},{"@type":"BreadcrumbList","@id":"https:\/\/dlvradio.es\/la-desescalada-fase-1-que-puedo-hacer\/#breadcrumb","itemListElement":[{"@type":"ListItem","position":1,"name":"Inicio","item":"https:\/\/dlvradio.es\/"},{"@type":"ListItem","position":2,"name":"La desescalada: Fase 1 que puedo hacer?"}]},{"@type":"WebSite","@id":"https:\/\/dlvradio.es\/#website","url":"https:\/\/dlvradio.es\/","name":"DLVRADIO","description":"We are an alternative media to traditional media","publisher":{"@id":"https:\/\/dlvradio.es\/#organization"},"potentialAction":[{"@type":"SearchAction","target":{"@type":"EntryPoint","urlTemplate":"https:\/\/dlvradio.es\/?s={search_term_string}"},"query-input":{"@type":"PropertyValueSpecification","valueRequired":true,"valueName":"search_term_string"}}],"inLanguage":"en-US"},{"@type":"Organization","@id":"https:\/\/dlvradio.es\/#organization","name":"DLVRADIO","url":"https:\/\/dlvradio.es\/","logo":{"@type":"ImageObject","inLanguage":"en-US","@id":"https:\/\/dlvradio.es\/#\/schema\/logo\/image\/","url":"","contentUrl":"","caption":"DLVRADIO"},"image":{"@id":"https:\/\/dlvradio.es\/#\/schema\/logo\/image\/"},"sameAs":["https:\/\/www.facebook.com\/RadioDLVradio\/","https:\/\/x.com\/RadioDlvradio","https:\/\/www.instagram.com\/radiodlvradio\/"]},{"@type":"Person","@id":"https:\/\/dlvradio.es\/#\/schema\/person\/7d533f9f89b13e3a3f2ba7f67d6412de","name":"DLV RADIO","sameAs":["https:\/\/dlvradio.es"]}]}},"_links":{"self":[{"href":"https:\/\/dlvradio.es\/en\/wp-json\/wp\/v2\/posts\/69657","targetHints":{"allow":["GET"]}}],"collection":[{"href":"https:\/\/dlvradio.es\/en\/wp-json\/wp\/v2\/posts"}],"about":[{"href":"https:\/\/dlvradio.es\/en\/wp-json\/wp\/v2\/types\/post"}],"author":[{"embeddable":true,"href":"https:\/\/dlvradio.es\/en\/wp-json\/wp\/v2\/users\/4"}],"replies":[{"embeddable":true,"href":"https:\/\/dlvradio.es\/en\/wp-json\/wp\/v2\/comments?post=69657"}],"version-history":[{"count":0,"href":"https:\/\/dlvradio.es\/en\/wp-json\/wp\/v2\/posts\/69657\/revisions"}],"wp:featuredmedia":[{"embeddable":true,"href":"https:\/\/dlvradio.es\/en\/wp-json\/wp\/v2\/media\/69658"}],"wp:attachment":[{"href":"https:\/\/dlvradio.es\/en\/wp-json\/wp\/v2\/media?parent=69657"}],"wp:term":[{"taxonomy":"category","embeddable":true,"href":"https:\/\/dlvradio.es\/en\/wp-json\/wp\/v2\/categories?post=69657"},{"taxonomy":"post_tag","embeddable":true,"href":"https:\/\/dlvradio.es\/en\/wp-json\/wp\/v2\/tags?post=69657"}],"curies":[{"name":"wp","href":"https:\/\/api.w.org\/{rel}","templated":true}]}}