{"id":69674,"date":"2020-05-24T19:02:57","date_gmt":"2020-05-24T17:02:57","guid":{"rendered":"https:\/\/dlvradio.es\/mapa-fases-y-normas-fase-ii-a-partir-del-25-mayo-2020\/"},"modified":"2020-05-24T19:02:57","modified_gmt":"2020-05-24T17:02:57","slug":"mapa-fases-y-normas-fase-ii-a-partir-del-25-mayo-2020","status":"publish","type":"post","link":"https:\/\/dlvradio.es\/en\/mapa-fases-y-normas-fase-ii-a-partir-del-25-mayo-2020\/","title":{"rendered":"Map phases and regulations Phase II, starting May 25, 2020"},"content":{"rendered":"<p><img decoding=\"async\" class=\"alignleft wp-image-1958 size-thumbnail\" src=\"https:\/\/dlvradio.es\/wp-content\/uploads\/2020\/05\/Mapa-fases-y-normas-Fase-II-a-partir-del-25-mayo-2020-150x150.jpg\" alt=\"\" width=\"150\" height=\"150\" \/>A partir de este lunes 25 de mayo, pasan a la Fase II las siguientes provincias y zonas: en <strong>Andaluc\u00eda<\/strong>\u00a0(Almer\u00eda, C\u00f3rdoba, C\u00e1diz, Huelva, Ja\u00e9n y Sevilla), <strong>Arag\u00f3n<\/strong>, <strong>Asturias<\/strong>,<strong> Islas Baleares<\/strong>,<strong>\u00a0Islas Canarias<\/strong>,<strong> Castilla-La Mancha <\/strong>(Guadalajara y Cuenca),<strong>\u00a0<\/strong>in<strong> Catalonia <\/strong>las zonas sanitarias de<strong> Campo de Tarragona, Alto Pirineo <\/strong>and<strong> Ar\u00e1n <\/strong>and<strong> Las Tierras del Ebro<\/strong>,<strong>\u00a0Cantabria<\/strong>,<strong> Extremadura<\/strong>,<strong> Murcia <\/strong>(excepto Totana),<strong> La Rioja<\/strong>,<strong>\u00a0Galicia<\/strong>,<strong>\u00a0Navarra <\/strong>and<strong> Euskadi,<\/strong> y las ciudades de <strong>Ceuta <\/strong>and<strong> Melilla<\/strong>. El paso a esta fase flexibilizara la vida social y reactivara m\u00e1s la econ\u00f3mica: se ampl\u00edan los horarios para realizar deporte y dar paseos, se pueden hacer reuniones con la familia y amigos de hasta 15 personas, se abren las piscinas y se permite el ba\u00f1o en la playa respetando la distancia de seguridad, se podr\u00e1n realizar visitas a las residencias bajo unas estrictas normas de actuaci\u00f3n y siempre que no haya ning\u00fan contagio en la misma. Se reabren los cines y espacios culturales (teatros y museos) con una limitaci\u00f3n de un tercio de su aforo, los espect\u00e1culos al aire libre podr\u00e1n tener un aforo de 400 personas manteniendo la distancia de seguridad. Se podr\u00e1n celebrar banquetes de bodas con unas limitaciones del aforo. Los bares y restaurantes podr\u00e1n abrir su interior a un 40% o 50% de aforo seg\u00fan normativa de la comunidad aut\u00f3noma en la que est\u00e9n. Las discotecas y espacios de ocio nocturno a un no pueden abrir.<\/p>\n<p><img fetchpriority=\"high\" decoding=\"async\" class=\"aligncenter wp-image-1953 size-full\" src=\"https:\/\/dlvradio.es\/wp-content\/uploads\/2020\/05\/el-mapa-de-la-desescalada-a-22-de-mayo-de-2020-ministerio-de-sanidad.jpg\" alt=\"\" width=\"939\" height=\"941\" \/><\/p>","protected":false},"excerpt":{"rendered":"<p>A partir de este lunes 25 de mayo, pasan a la Fase II las siguientes provincias y zonas: en Andaluc\u00eda\u00a0(Almer\u00eda, C\u00f3rdoba, C\u00e1diz, Huelva, Ja\u00e9n y Sevilla), Arag\u00f3n, Asturias, Islas Baleares,\u00a0Islas Canarias, Castilla-La Mancha (Guadalajara y Cuenca),\u00a0en Catalu\u00f1a las zonas sanitarias de Campo de Tarragona, Alto Pirineo y Ar\u00e1n y Las Tierras del Ebro,\u00a0Cantabria, Extremadura, Murcia [&hellip;]<\/p>\n","protected":false},"author":4,"featured_media":69675,"comment_status":"open","ping_status":"open","sticky":false,"template":"","format":"standard","meta":{"_acf_changed":false,"footnotes":""},"categories":[2465],"tags":[2592,2466,2546],"class_list":["post-69674","post","type-post","status-publish","format-standard","has-post-thumbnail","hentry","category-informativos","tag-covid-19","tag-espana","tag-pandemia"],"acf":[],"yoast_head":"<!-- This site is optimized with the Yoast SEO plugin v27.4 - https:\/\/yoast.com\/product\/yoast-seo-wordpress\/ -->\n<title>Mapa fases y normas Fase II, a partir del 25 mayo 2020 - DLVRADIO<\/title>\n<meta name=\"description\" content=\"A partir de este lunes 25 de mayo, pasan a la Fase II las siguientes provincias y zonas: en Andaluc\u00eda\u00a0(Almer\u00eda, C\u00f3rdoba, C\u00e1diz, Huelva, Ja\u00e9n y Sevilla),\" \/>\n<meta name=\"robots\" content=\"index, follow, max-snippet:-1, max-image-preview:large, max-video-preview:-1\" \/>\n<link rel=\"canonical\" href=\"https:\/\/dlvradio.es\/en\/mapa-fases-y-normas-fase-ii-a-partir-del-25-mayo-2020\/\" \/>\n<meta property=\"og:locale\" content=\"en_US\" \/>\n<meta property=\"og:type\" content=\"article\" \/>\n<meta property=\"og:title\" content=\"Mapa fases y normas Fase II, a partir del 25 mayo 2020 - DLVRADIO\" \/>\n<meta property=\"og:description\" content=\"A partir de este lunes 25 de mayo, pasan a la Fase II las siguientes provincias y zonas: en Andaluc\u00eda\u00a0(Almer\u00eda, C\u00f3rdoba, C\u00e1diz, Huelva, Ja\u00e9n y Sevilla),\" \/>\n<meta property=\"og:url\" content=\"https:\/\/dlvradio.es\/en\/mapa-fases-y-normas-fase-ii-a-partir-del-25-mayo-2020\/\" \/>\n<meta property=\"og:site_name\" content=\"DLVRADIO\" \/>\n<meta property=\"article:publisher\" content=\"https:\/\/www.facebook.com\/RadioDLVradio\/\" \/>\n<meta property=\"article:published_time\" content=\"2020-05-24T17:02:57+00:00\" \/>\n<meta property=\"og:image\" content=\"https:\/\/dlvradio.es\/wp-content\/uploads\/2020\/05\/Mapa-fases-y-normas-Fase-II-a-partir-del-25-mayo-2020.jpg\" \/>\n\t<meta property=\"og:image:width\" content=\"1511\" \/>\n\t<meta property=\"og:image:height\" content=\"1511\" \/>\n\t<meta property=\"og:image:type\" content=\"image\/jpeg\" \/>\n<meta name=\"author\" content=\"DLV RADIO\" \/>\n<meta name=\"twitter:card\" content=\"summary_large_image\" \/>\n<meta name=\"twitter:creator\" content=\"@RadioDlvradio\" \/>\n<meta name=\"twitter:site\" content=\"@RadioDlvradio\" \/>\n<script type=\"application\/ld+json\" class=\"yoast-schema-graph\">{\"@context\":\"https:\\\/\\\/schema.org\",\"@graph\":[{\"@type\":\"Article\",\"@id\":\"https:\\\/\\\/dlvradio.es\\\/mapa-fases-y-normas-fase-ii-a-partir-del-25-mayo-2020\\\/#article\",\"isPartOf\":{\"@id\":\"https:\\\/\\\/dlvradio.es\\\/mapa-fases-y-normas-fase-ii-a-partir-del-25-mayo-2020\\\/\"},\"author\":{\"name\":\"DLV RADIO\",\"@id\":\"https:\\\/\\\/dlvradio.es\\\/#\\\/schema\\\/person\\\/7d533f9f89b13e3a3f2ba7f67d6412de\"},\"headline\":\"Mapa fases y normas Fase II, a partir del 25 mayo 2020\",\"datePublished\":\"2020-05-24T17:02:57+00:00\",\"mainEntityOfPage\":{\"@id\":\"https:\\\/\\\/dlvradio.es\\\/mapa-fases-y-normas-fase-ii-a-partir-del-25-mayo-2020\\\/\"},\"wordCount\":263,\"commentCount\":0,\"publisher\":{\"@id\":\"https:\\\/\\\/dlvradio.es\\\/#organization\"},\"image\":{\"@id\":\"https:\\\/\\\/dlvradio.es\\\/mapa-fases-y-normas-fase-ii-a-partir-del-25-mayo-2020\\\/#primaryimage\"},\"thumbnailUrl\":\"https:\\\/\\\/dlvradio.es\\\/wp-content\\\/uploads\\\/2020\\\/05\\\/Mapa-fases-y-normas-Fase-II-a-partir-del-25-mayo-2020.jpg\",\"keywords\":[\"COVID-19\",\"Espa\u00f1a\",\"pandemia\"],\"articleSection\":[\"Informativos\"],\"inLanguage\":\"en-US\"},{\"@type\":\"WebPage\",\"@id\":\"https:\\\/\\\/dlvradio.es\\\/mapa-fases-y-normas-fase-ii-a-partir-del-25-mayo-2020\\\/\",\"url\":\"https:\\\/\\\/dlvradio.es\\\/mapa-fases-y-normas-fase-ii-a-partir-del-25-mayo-2020\\\/\",\"name\":\"Mapa fases y normas Fase II, a partir del 25 mayo 2020 - DLVRADIO\",\"isPartOf\":{\"@id\":\"https:\\\/\\\/dlvradio.es\\\/#website\"},\"primaryImageOfPage\":{\"@id\":\"https:\\\/\\\/dlvradio.es\\\/mapa-fases-y-normas-fase-ii-a-partir-del-25-mayo-2020\\\/#primaryimage\"},\"image\":{\"@id\":\"https:\\\/\\\/dlvradio.es\\\/mapa-fases-y-normas-fase-ii-a-partir-del-25-mayo-2020\\\/#primaryimage\"},\"thumbnailUrl\":\"https:\\\/\\\/dlvradio.es\\\/wp-content\\\/uploads\\\/2020\\\/05\\\/Mapa-fases-y-normas-Fase-II-a-partir-del-25-mayo-2020.jpg\",\"datePublished\":\"2020-05-24T17:02:57+00:00\",\"description\":\"A partir de este lunes 25 de mayo, pasan a la Fase II las siguientes provincias y zonas: en Andaluc\u00eda\u00a0(Almer\u00eda, C\u00f3rdoba, C\u00e1diz, Huelva, Ja\u00e9n y Sevilla),\",\"breadcrumb\":{\"@id\":\"https:\\\/\\\/dlvradio.es\\\/mapa-fases-y-normas-fase-ii-a-partir-del-25-mayo-2020\\\/#breadcrumb\"},\"inLanguage\":\"en-US\",\"potentialAction\":[{\"@type\":\"ReadAction\",\"target\":[\"https:\\\/\\\/dlvradio.es\\\/mapa-fases-y-normas-fase-ii-a-partir-del-25-mayo-2020\\\/\"]}]},{\"@type\":\"ImageObject\",\"inLanguage\":\"en-US\",\"@id\":\"https:\\\/\\\/dlvradio.es\\\/mapa-fases-y-normas-fase-ii-a-partir-del-25-mayo-2020\\\/#primaryimage\",\"url\":\"https:\\\/\\\/dlvradio.es\\\/wp-content\\\/uploads\\\/2020\\\/05\\\/Mapa-fases-y-normas-Fase-II-a-partir-del-25-mayo-2020.jpg\",\"contentUrl\":\"https:\\\/\\\/dlvradio.es\\\/wp-content\\\/uploads\\\/2020\\\/05\\\/Mapa-fases-y-normas-Fase-II-a-partir-del-25-mayo-2020.jpg\",\"width\":1511,\"height\":1511,\"caption\":\"Mapa fases y normas Fase II\"},{\"@type\":\"BreadcrumbList\",\"@id\":\"https:\\\/\\\/dlvradio.es\\\/mapa-fases-y-normas-fase-ii-a-partir-del-25-mayo-2020\\\/#breadcrumb\",\"itemListElement\":[{\"@type\":\"ListItem\",\"position\":1,\"name\":\"Inicio\",\"item\":\"https:\\\/\\\/dlvradio.es\\\/\"},{\"@type\":\"ListItem\",\"position\":2,\"name\":\"Mapa fases y normas Fase II, a partir del 25 mayo 2020\"}]},{\"@type\":\"WebSite\",\"@id\":\"https:\\\/\\\/dlvradio.es\\\/#website\",\"url\":\"https:\\\/\\\/dlvradio.es\\\/\",\"name\":\"DLVRADIO\",\"description\":\"Somos un medio de comunicaci\u00f3n alternativo a los medios tradicionales\",\"publisher\":{\"@id\":\"https:\\\/\\\/dlvradio.es\\\/#organization\"},\"potentialAction\":[{\"@type\":\"SearchAction\",\"target\":{\"@type\":\"EntryPoint\",\"urlTemplate\":\"https:\\\/\\\/dlvradio.es\\\/?s={search_term_string}\"},\"query-input\":{\"@type\":\"PropertyValueSpecification\",\"valueRequired\":true,\"valueName\":\"search_term_string\"}}],\"inLanguage\":\"en-US\"},{\"@type\":\"Organization\",\"@id\":\"https:\\\/\\\/dlvradio.es\\\/#organization\",\"name\":\"DLVRADIO\",\"url\":\"https:\\\/\\\/dlvradio.es\\\/\",\"logo\":{\"@type\":\"ImageObject\",\"inLanguage\":\"en-US\",\"@id\":\"https:\\\/\\\/dlvradio.es\\\/#\\\/schema\\\/logo\\\/image\\\/\",\"url\":\"\",\"contentUrl\":\"\",\"caption\":\"DLVRADIO\"},\"image\":{\"@id\":\"https:\\\/\\\/dlvradio.es\\\/#\\\/schema\\\/logo\\\/image\\\/\"},\"sameAs\":[\"https:\\\/\\\/www.facebook.com\\\/RadioDLVradio\\\/\",\"https:\\\/\\\/x.com\\\/RadioDlvradio\",\"https:\\\/\\\/www.instagram.com\\\/radiodlvradio\\\/\"]},{\"@type\":\"Person\",\"@id\":\"https:\\\/\\\/dlvradio.es\\\/#\\\/schema\\\/person\\\/7d533f9f89b13e3a3f2ba7f67d6412de\",\"name\":\"DLV RADIO\",\"sameAs\":[\"https:\\\/\\\/dlvradio.es\"]}]}<\/script>\n<!-- \/ Yoast SEO plugin. -->","yoast_head_json":{"title":"Mapa fases y normas Fase II, a partir del 25 mayo 2020 - DLVRADIO","description":"A partir de este lunes 25 de mayo, pasan a la Fase II las siguientes provincias y zonas: en Andaluc\u00eda\u00a0(Almer\u00eda, C\u00f3rdoba, C\u00e1diz, Huelva, Ja\u00e9n y Sevilla),","robots":{"index":"index","follow":"follow","max-snippet":"max-snippet:-1","max-image-preview":"max-image-preview:large","max-video-preview":"max-video-preview:-1"},"canonical":"https:\/\/dlvradio.es\/en\/mapa-fases-y-normas-fase-ii-a-partir-del-25-mayo-2020\/","og_locale":"en_US","og_type":"article","og_title":"Mapa fases y normas Fase II, a partir del 25 mayo 2020 - DLVRADIO","og_description":"A partir de este lunes 25 de mayo, pasan a la Fase II las siguientes provincias y zonas: en Andaluc\u00eda\u00a0(Almer\u00eda, C\u00f3rdoba, C\u00e1diz, Huelva, Ja\u00e9n y Sevilla),","og_url":"https:\/\/dlvradio.es\/en\/mapa-fases-y-normas-fase-ii-a-partir-del-25-mayo-2020\/","og_site_name":"DLVRADIO","article_publisher":"https:\/\/www.facebook.com\/RadioDLVradio\/","article_published_time":"2020-05-24T17:02:57+00:00","og_image":[{"width":1511,"height":1511,"url":"https:\/\/dlvradio.es\/wp-content\/uploads\/2020\/05\/Mapa-fases-y-normas-Fase-II-a-partir-del-25-mayo-2020.jpg","type":"image\/jpeg"}],"author":"DLV RADIO","twitter_card":"summary_large_image","twitter_creator":"@RadioDlvradio","twitter_site":"@RadioDlvradio","schema":{"@context":"https:\/\/schema.org","@graph":[{"@type":"Article","@id":"https:\/\/dlvradio.es\/mapa-fases-y-normas-fase-ii-a-partir-del-25-mayo-2020\/#article","isPartOf":{"@id":"https:\/\/dlvradio.es\/mapa-fases-y-normas-fase-ii-a-partir-del-25-mayo-2020\/"},"author":{"name":"DLV RADIO","@id":"https:\/\/dlvradio.es\/#\/schema\/person\/7d533f9f89b13e3a3f2ba7f67d6412de"},"headline":"Mapa fases y normas Fase II, a partir del 25 mayo 2020","datePublished":"2020-05-24T17:02:57+00:00","mainEntityOfPage":{"@id":"https:\/\/dlvradio.es\/mapa-fases-y-normas-fase-ii-a-partir-del-25-mayo-2020\/"},"wordCount":263,"commentCount":0,"publisher":{"@id":"https:\/\/dlvradio.es\/#organization"},"image":{"@id":"https:\/\/dlvradio.es\/mapa-fases-y-normas-fase-ii-a-partir-del-25-mayo-2020\/#primaryimage"},"thumbnailUrl":"https:\/\/dlvradio.es\/wp-content\/uploads\/2020\/05\/Mapa-fases-y-normas-Fase-II-a-partir-del-25-mayo-2020.jpg","keywords":["COVID-19","Espa\u00f1a","pandemia"],"articleSection":["Informativos"],"inLanguage":"en-US"},{"@type":"WebPage","@id":"https:\/\/dlvradio.es\/mapa-fases-y-normas-fase-ii-a-partir-del-25-mayo-2020\/","url":"https:\/\/dlvradio.es\/mapa-fases-y-normas-fase-ii-a-partir-del-25-mayo-2020\/","name":"Mapa fases y normas Fase II, a partir del 25 mayo 2020 - DLVRADIO","isPartOf":{"@id":"https:\/\/dlvradio.es\/#website"},"primaryImageOfPage":{"@id":"https:\/\/dlvradio.es\/mapa-fases-y-normas-fase-ii-a-partir-del-25-mayo-2020\/#primaryimage"},"image":{"@id":"https:\/\/dlvradio.es\/mapa-fases-y-normas-fase-ii-a-partir-del-25-mayo-2020\/#primaryimage"},"thumbnailUrl":"https:\/\/dlvradio.es\/wp-content\/uploads\/2020\/05\/Mapa-fases-y-normas-Fase-II-a-partir-del-25-mayo-2020.jpg","datePublished":"2020-05-24T17:02:57+00:00","description":"A partir de este lunes 25 de mayo, pasan a la Fase II las siguientes provincias y zonas: en Andaluc\u00eda\u00a0(Almer\u00eda, C\u00f3rdoba, C\u00e1diz, Huelva, Ja\u00e9n y Sevilla),","breadcrumb":{"@id":"https:\/\/dlvradio.es\/mapa-fases-y-normas-fase-ii-a-partir-del-25-mayo-2020\/#breadcrumb"},"inLanguage":"en-US","potentialAction":[{"@type":"ReadAction","target":["https:\/\/dlvradio.es\/mapa-fases-y-normas-fase-ii-a-partir-del-25-mayo-2020\/"]}]},{"@type":"ImageObject","inLanguage":"en-US","@id":"https:\/\/dlvradio.es\/mapa-fases-y-normas-fase-ii-a-partir-del-25-mayo-2020\/#primaryimage","url":"https:\/\/dlvradio.es\/wp-content\/uploads\/2020\/05\/Mapa-fases-y-normas-Fase-II-a-partir-del-25-mayo-2020.jpg","contentUrl":"https:\/\/dlvradio.es\/wp-content\/uploads\/2020\/05\/Mapa-fases-y-normas-Fase-II-a-partir-del-25-mayo-2020.jpg","width":1511,"height":1511,"caption":"Mapa fases y normas Fase II"},{"@type":"BreadcrumbList","@id":"https:\/\/dlvradio.es\/mapa-fases-y-normas-fase-ii-a-partir-del-25-mayo-2020\/#breadcrumb","itemListElement":[{"@type":"ListItem","position":1,"name":"Inicio","item":"https:\/\/dlvradio.es\/"},{"@type":"ListItem","position":2,"name":"Mapa fases y normas Fase II, a partir del 25 mayo 2020"}]},{"@type":"WebSite","@id":"https:\/\/dlvradio.es\/#website","url":"https:\/\/dlvradio.es\/","name":"DLVRADIO","description":"We are an alternative media to traditional media","publisher":{"@id":"https:\/\/dlvradio.es\/#organization"},"potentialAction":[{"@type":"SearchAction","target":{"@type":"EntryPoint","urlTemplate":"https:\/\/dlvradio.es\/?s={search_term_string}"},"query-input":{"@type":"PropertyValueSpecification","valueRequired":true,"valueName":"search_term_string"}}],"inLanguage":"en-US"},{"@type":"Organization","@id":"https:\/\/dlvradio.es\/#organization","name":"DLVRADIO","url":"https:\/\/dlvradio.es\/","logo":{"@type":"ImageObject","inLanguage":"en-US","@id":"https:\/\/dlvradio.es\/#\/schema\/logo\/image\/","url":"","contentUrl":"","caption":"DLVRADIO"},"image":{"@id":"https:\/\/dlvradio.es\/#\/schema\/logo\/image\/"},"sameAs":["https:\/\/www.facebook.com\/RadioDLVradio\/","https:\/\/x.com\/RadioDlvradio","https:\/\/www.instagram.com\/radiodlvradio\/"]},{"@type":"Person","@id":"https:\/\/dlvradio.es\/#\/schema\/person\/7d533f9f89b13e3a3f2ba7f67d6412de","name":"DLV RADIO","sameAs":["https:\/\/dlvradio.es"]}]}},"_links":{"self":[{"href":"https:\/\/dlvradio.es\/en\/wp-json\/wp\/v2\/posts\/69674","targetHints":{"allow":["GET"]}}],"collection":[{"href":"https:\/\/dlvradio.es\/en\/wp-json\/wp\/v2\/posts"}],"about":[{"href":"https:\/\/dlvradio.es\/en\/wp-json\/wp\/v2\/types\/post"}],"author":[{"embeddable":true,"href":"https:\/\/dlvradio.es\/en\/wp-json\/wp\/v2\/users\/4"}],"replies":[{"embeddable":true,"href":"https:\/\/dlvradio.es\/en\/wp-json\/wp\/v2\/comments?post=69674"}],"version-history":[{"count":0,"href":"https:\/\/dlvradio.es\/en\/wp-json\/wp\/v2\/posts\/69674\/revisions"}],"wp:featuredmedia":[{"embeddable":true,"href":"https:\/\/dlvradio.es\/en\/wp-json\/wp\/v2\/media\/69675"}],"wp:attachment":[{"href":"https:\/\/dlvradio.es\/en\/wp-json\/wp\/v2\/media?parent=69674"}],"wp:term":[{"taxonomy":"category","embeddable":true,"href":"https:\/\/dlvradio.es\/en\/wp-json\/wp\/v2\/categories?post=69674"},{"taxonomy":"post_tag","embeddable":true,"href":"https:\/\/dlvradio.es\/en\/wp-json\/wp\/v2\/tags?post=69674"}],"curies":[{"name":"wp","href":"https:\/\/api.w.org\/{rel}","templated":true}]}}