{"id":69701,"date":"2020-06-09T10:32:21","date_gmt":"2020-06-09T08:32:21","guid":{"rendered":"https:\/\/dlvradio.es\/la-sociedad-civil-dice-no-al-tratado-de-la-carta-de-la-energia\/"},"modified":"2020-06-09T10:32:21","modified_gmt":"2020-06-09T08:32:21","slug":"la-sociedad-civil-dice-no-al-tratado-de-la-carta-de-la-energia","status":"publish","type":"post","link":"https:\/\/dlvradio.es\/en\/la-sociedad-civil-dice-no-al-tratado-de-la-carta-de-la-energia\/","title":{"rendered":"Civil society says &#039;no&#039; to the Energy Charter Treaty"},"content":{"rendered":"<p><img decoding=\"async\" class=\"alignleft wp-image-2204 size-thumbnail\" src=\"https:\/\/dlvradio.es\/wp-content\/uploads\/2020\/06\/La-sociedad-civil-dice-no-al-Tratado-de-la-Carta-de-la-Energ\u00eda-150x150.jpg\" alt=\"\" width=\"150\" height=\"150\" \/><\/p>\n<ul>\n<li><strong> M\u00e1s de 220 organizaciones y miembros de la sociedad civil solicitan a Teresa Ribera y al Gobierno de Espa\u00f1a que abandone el Tratado sobre la Carta de la Energ\u00eda (TCE), un acuerdo de inversiones para el sector energ\u00e9tico firmado en 1994 por el Estado espa\u00f1ol.<\/strong><\/li>\n<li><strong> El Tratado permite a los inversores denunciar a los Estados y reclamar sumas astron\u00f3micas si consideran que sus leyes han disminuido sus beneficios econ\u00f3micos presentes o futuros.<\/strong><\/li>\n<li><strong> Espa\u00f1a ya ha sido condenada a pagar 1.036 millones de euros y los inversores reclaman m\u00e1s de 8.000 millones, casi el equivalente al PIB de La Rioja.<\/strong><\/li>\n<li><strong> En un escenario de emergencia sanitaria por la COVID-19 las medidas del Gobierno para luchar contra la pobreza energ\u00e9tica podr\u00edan desencadenar demandas millonarias por parte de los inversores contra Espa\u00f1a.<\/strong><\/li>\n<\/ul>\n<p>La campa\u00f1a estatal No a los Tratados de Comercio e Inversi\u00f3n, de la que forma parte Ecologistas en Acci\u00f3n, ha entregado una carta a la ministra de Transici\u00f3n Ecol\u00f3gica y Reto Demogr\u00e1fico en la que pide la salida del Espa\u00f1a del Tratado sobre la Carta de la Energ\u00eda (TCE). La carta ha sido firmada por m\u00e1s de 220 organizaciones, sindicatos y representantes de la sociedad civil, acad\u00e9micas y acad\u00e9micos, juristas y figuras pol\u00edticas a t\u00edtulo individual.<\/p>\n<p>La reivindicaci\u00f3n central es que Espa\u00f1a abandone un tratado ratificado en 1994 a espaldas de la ciudadan\u00eda y sin debate p\u00fablico. El TCE, que inicialmente naci\u00f3 para garantizar el suministro energ\u00e9tico a Europa occidental tras la ca\u00edda del muro de Berl\u00edn, se ha vuelto en contra de los Estados firmantes y se ha convertido en un coladero de reclamaciones millonarias. A trav\u00e9s de un mecanismo de soluci\u00f3n de controversias inversor-Estado (ISDS por sus siglas en ingl\u00e9s), permite a las multinacionales e inversores demandar a los Estados si estas consideran que las medidas legislativas van en contra de sus beneficios econ\u00f3micos presentes o futuros.<\/p>\n<p>En un escenario de emergencia sanitaria y social, las \u00faltimas leyes propuestas para luchar contra el cambio clim\u00e1tico o las medidas adoptadas para luchar contra la pobreza energ\u00e9tica -como alargar el bono social o prohibir los cortes de suministros- podr\u00edan desencadenar una oleada de demandas por parte de grandes inversores bajo el TCE. No ser\u00eda la primera vez. Bulgaria y Hungr\u00eda ya han sufrido demandas millonarias por intentar garantizar precios asequibles en la electricidad para la ciudadan\u00eda.<\/p>\n<p>De hecho, Espa\u00f1a ya ha sido condenada a pagar 1.036 millones de euros (casi siete veces el presupuesto que el Gobierno se ha comprometido a aportar al Fondo Verde Europeo sobre el clima) y los inversores reclaman m\u00e1s de 8.000 millones de euros. El dinero para pagar estas inversiones saldr\u00eda de los Presupuestos Generales del Estado, es decir, de las arcas p\u00fablicas o se computar\u00eda como deuda. Tampoco se descarta una subida en la factura de la luz como ya ocurri\u00f3 en el caso Castor.<\/p>\n<p><strong>Espa\u00f1a: r\u00e9cord de demandas<\/strong><\/p>\n<p>Espa\u00f1a es el pa\u00eds que m\u00e1s demandas acumula bajo el TCE: 47 en total, interpuestas por la pol\u00edtica de recortes a las renovables entre 2011 y 2014. La paradoja es que todos los demandantes son empresas o inversores vinculados a los combustibles f\u00f3siles que invirtieron siendo conscientes del escenario de crisis del pa\u00eds.<\/p>\n<p>En otros pa\u00edses se han dado situaciones similares. La empresa alemana Uniper ha declarado que demandar\u00e1 a Holanda por el cierre de las centrales el\u00e9ctricas de carb\u00f3n en 2030, una acci\u00f3n que forma parte de la estrategia nacional de reducci\u00f3n de gases de efecto invernadero.<\/p>\n<p>Con estos precedentes el TCE podr\u00eda truncar la futura Ley de Cambio Clim\u00e1tico y Transici\u00f3n Energ\u00e9tica espa\u00f1ola. Es previsible imaginar un escenario en el que el Estado espa\u00f1ol sea objeto de una oleada de demandas millonarias por la puesta en marcha del Plan Nacional Integrado de Energ\u00eda y Clima (PNIEC) o por sus medidas adoptadas en la pandemia de la COVID-19.<\/p>\n<p><strong>Una reforma abocada al fracaso<\/strong><\/p>\n<p>La petici\u00f3n de abandonar el Tratado por parte de la sociedad civil se realiza unas semanas antes de que comience la segunda ronda de negociaci\u00f3n entre el 7 y el 10 de julio para la modernizaci\u00f3n del TCE. Un proceso que, tal y como han manifestado organizaciones de toda Europa, no dar\u00e1 lugar a un tratado respetuoso con el clima, el medio ambiente y el bienestar de las personas.<\/p>\n<p>Hasta la fecha, las piezas clave que hacen del TCE un tratado extremadamente asim\u00e9trico que atenta contra la soberan\u00eda de los Estados, los presupuestos p\u00fablicos, y cualquier intento por frenar la emergencia clim\u00e1tica, no est\u00e1n sobre la mesa.\u00a0 La agenda de negociaci\u00f3n no contempla el fin de la protecci\u00f3n de las inversiones en combustibles f\u00f3siles y energ\u00eda nuclear, la exclusi\u00f3n de los mecanismos de soluci\u00f3n de controversias entre inversores y Estados ISDS, o la incorporaci\u00f3n de objetivos clim\u00e1ticos y ambientales vinculantes.<\/p>\n<p>Las organizaciones sociales y ambientales firmantes de la carta alertan que bajo el TCE las inversiones relacionadas con el sector de los combustibles f\u00f3siles y energ\u00eda nuclear est\u00e1n altamente protegidas. Las multinacionales e inversores extranjeros ya est\u00e1n utilizando este tratado para cuestionar y obstaculizar las medidas de acci\u00f3n clim\u00e1tica y transici\u00f3n energ\u00e9tica justa como el abandono de las fuentes de energ\u00eda contaminantes, el impulso de las renovables, o la reducci\u00f3n del coste de la factura de la luz a las personas m\u00e1s vulnerables.<\/p>","protected":false},"excerpt":{"rendered":"","protected":false},"author":4,"featured_media":69702,"comment_status":"open","ping_status":"open","sticky":false,"template":"","format":"standard","meta":{"_acf_changed":false,"footnotes":""},"categories":[2465],"tags":[2584,2608],"class_list":["post-69701","post","type-post","status-publish","format-standard","has-post-thumbnail","hentry","category-informativos","tag-gobierno-espana","tag-union-europea"],"acf":[],"yoast_head":"<!-- This site is optimized with the Yoast SEO plugin v27.4 - https:\/\/yoast.com\/product\/yoast-seo-wordpress\/ -->\n<title>La sociedad civil dice &#039;no&#039; al Tratado de la Carta de la Energ\u00eda - DLVRADIO<\/title>\n<meta name=\"description\" content=\"M\u00e1s de 220 organizaciones y miembros de la sociedad civil solicitan a Teresa Ribera y al Gobierno de Espa\u00f1a que abandone el Tratado sobre la Carta de la\" \/>\n<meta name=\"robots\" content=\"index, follow, max-snippet:-1, max-image-preview:large, max-video-preview:-1\" \/>\n<link rel=\"canonical\" href=\"https:\/\/dlvradio.es\/en\/la-sociedad-civil-dice-no-al-tratado-de-la-carta-de-la-energia\/\" \/>\n<meta property=\"og:locale\" content=\"en_US\" \/>\n<meta property=\"og:type\" content=\"article\" \/>\n<meta property=\"og:title\" content=\"La sociedad civil dice &#039;no&#039; al Tratado de la Carta de la Energ\u00eda - DLVRADIO\" \/>\n<meta property=\"og:description\" content=\"M\u00e1s de 220 organizaciones y miembros de la sociedad civil solicitan a Teresa Ribera y al Gobierno de Espa\u00f1a que abandone el Tratado sobre la Carta de la\" \/>\n<meta property=\"og:url\" content=\"https:\/\/dlvradio.es\/en\/la-sociedad-civil-dice-no-al-tratado-de-la-carta-de-la-energia\/\" \/>\n<meta property=\"og:site_name\" content=\"DLVRADIO\" \/>\n<meta property=\"article:publisher\" content=\"https:\/\/www.facebook.com\/RadioDLVradio\/\" \/>\n<meta property=\"article:published_time\" content=\"2020-06-09T08:32:21+00:00\" \/>\n<meta property=\"og:image\" content=\"https:\/\/dlvradio.es\/wp-content\/uploads\/2020\/06\/La-sociedad-civil-dice-no-al-Tratado-de-la-Carta-de-la-Energia.jpg\" \/>\n\t<meta property=\"og:image:width\" content=\"1511\" \/>\n\t<meta property=\"og:image:height\" content=\"1511\" \/>\n\t<meta property=\"og:image:type\" content=\"image\/jpeg\" \/>\n<meta name=\"author\" content=\"DLV RADIO\" \/>\n<meta name=\"twitter:card\" content=\"summary_large_image\" \/>\n<meta name=\"twitter:creator\" content=\"@RadioDlvradio\" \/>\n<meta name=\"twitter:site\" content=\"@RadioDlvradio\" \/>\n<script type=\"application\/ld+json\" class=\"yoast-schema-graph\">{\"@context\":\"https:\\\/\\\/schema.org\",\"@graph\":[{\"@type\":\"Article\",\"@id\":\"https:\\\/\\\/dlvradio.es\\\/la-sociedad-civil-dice-no-al-tratado-de-la-carta-de-la-energia\\\/#article\",\"isPartOf\":{\"@id\":\"https:\\\/\\\/dlvradio.es\\\/la-sociedad-civil-dice-no-al-tratado-de-la-carta-de-la-energia\\\/\"},\"author\":{\"name\":\"DLV RADIO\",\"@id\":\"https:\\\/\\\/dlvradio.es\\\/#\\\/schema\\\/person\\\/7d533f9f89b13e3a3f2ba7f67d6412de\"},\"headline\":\"La sociedad civil dice &#8216;no&#8217; al Tratado de la Carta de la Energ\u00eda\",\"datePublished\":\"2020-06-09T08:32:21+00:00\",\"mainEntityOfPage\":{\"@id\":\"https:\\\/\\\/dlvradio.es\\\/la-sociedad-civil-dice-no-al-tratado-de-la-carta-de-la-energia\\\/\"},\"wordCount\":965,\"commentCount\":0,\"publisher\":{\"@id\":\"https:\\\/\\\/dlvradio.es\\\/#organization\"},\"image\":{\"@id\":\"https:\\\/\\\/dlvradio.es\\\/la-sociedad-civil-dice-no-al-tratado-de-la-carta-de-la-energia\\\/#primaryimage\"},\"thumbnailUrl\":\"https:\\\/\\\/dlvradio.es\\\/wp-content\\\/uploads\\\/2020\\\/06\\\/La-sociedad-civil-dice-no-al-Tratado-de-la-Carta-de-la-Energia.jpg\",\"keywords\":[\"gobierno espa\u00f1a\",\"uni\u00f3n europea\"],\"articleSection\":[\"Informativos\"],\"inLanguage\":\"en-US\"},{\"@type\":\"WebPage\",\"@id\":\"https:\\\/\\\/dlvradio.es\\\/la-sociedad-civil-dice-no-al-tratado-de-la-carta-de-la-energia\\\/\",\"url\":\"https:\\\/\\\/dlvradio.es\\\/la-sociedad-civil-dice-no-al-tratado-de-la-carta-de-la-energia\\\/\",\"name\":\"La sociedad civil dice 'no' al Tratado de la Carta de la Energ\u00eda - DLVRADIO\",\"isPartOf\":{\"@id\":\"https:\\\/\\\/dlvradio.es\\\/#website\"},\"primaryImageOfPage\":{\"@id\":\"https:\\\/\\\/dlvradio.es\\\/la-sociedad-civil-dice-no-al-tratado-de-la-carta-de-la-energia\\\/#primaryimage\"},\"image\":{\"@id\":\"https:\\\/\\\/dlvradio.es\\\/la-sociedad-civil-dice-no-al-tratado-de-la-carta-de-la-energia\\\/#primaryimage\"},\"thumbnailUrl\":\"https:\\\/\\\/dlvradio.es\\\/wp-content\\\/uploads\\\/2020\\\/06\\\/La-sociedad-civil-dice-no-al-Tratado-de-la-Carta-de-la-Energia.jpg\",\"datePublished\":\"2020-06-09T08:32:21+00:00\",\"description\":\"M\u00e1s de 220 organizaciones y miembros de la sociedad civil solicitan a Teresa Ribera y al Gobierno de Espa\u00f1a que abandone el Tratado sobre la Carta de la\",\"breadcrumb\":{\"@id\":\"https:\\\/\\\/dlvradio.es\\\/la-sociedad-civil-dice-no-al-tratado-de-la-carta-de-la-energia\\\/#breadcrumb\"},\"inLanguage\":\"en-US\",\"potentialAction\":[{\"@type\":\"ReadAction\",\"target\":[\"https:\\\/\\\/dlvradio.es\\\/la-sociedad-civil-dice-no-al-tratado-de-la-carta-de-la-energia\\\/\"]}]},{\"@type\":\"ImageObject\",\"inLanguage\":\"en-US\",\"@id\":\"https:\\\/\\\/dlvradio.es\\\/la-sociedad-civil-dice-no-al-tratado-de-la-carta-de-la-energia\\\/#primaryimage\",\"url\":\"https:\\\/\\\/dlvradio.es\\\/wp-content\\\/uploads\\\/2020\\\/06\\\/La-sociedad-civil-dice-no-al-Tratado-de-la-Carta-de-la-Energia.jpg\",\"contentUrl\":\"https:\\\/\\\/dlvradio.es\\\/wp-content\\\/uploads\\\/2020\\\/06\\\/La-sociedad-civil-dice-no-al-Tratado-de-la-Carta-de-la-Energia.jpg\",\"width\":1511,\"height\":1511,\"caption\":\"La sociedad civil dice 'no' al Tratado de la Carta de la Energ\u00eda\"},{\"@type\":\"BreadcrumbList\",\"@id\":\"https:\\\/\\\/dlvradio.es\\\/la-sociedad-civil-dice-no-al-tratado-de-la-carta-de-la-energia\\\/#breadcrumb\",\"itemListElement\":[{\"@type\":\"ListItem\",\"position\":1,\"name\":\"Inicio\",\"item\":\"https:\\\/\\\/dlvradio.es\\\/\"},{\"@type\":\"ListItem\",\"position\":2,\"name\":\"La sociedad civil dice &#8216;no&#8217; al Tratado de la Carta de la Energ\u00eda\"}]},{\"@type\":\"WebSite\",\"@id\":\"https:\\\/\\\/dlvradio.es\\\/#website\",\"url\":\"https:\\\/\\\/dlvradio.es\\\/\",\"name\":\"DLVRADIO\",\"description\":\"Somos un medio de comunicaci\u00f3n alternativo a los medios tradicionales\",\"publisher\":{\"@id\":\"https:\\\/\\\/dlvradio.es\\\/#organization\"},\"potentialAction\":[{\"@type\":\"SearchAction\",\"target\":{\"@type\":\"EntryPoint\",\"urlTemplate\":\"https:\\\/\\\/dlvradio.es\\\/?s={search_term_string}\"},\"query-input\":{\"@type\":\"PropertyValueSpecification\",\"valueRequired\":true,\"valueName\":\"search_term_string\"}}],\"inLanguage\":\"en-US\"},{\"@type\":\"Organization\",\"@id\":\"https:\\\/\\\/dlvradio.es\\\/#organization\",\"name\":\"DLVRADIO\",\"url\":\"https:\\\/\\\/dlvradio.es\\\/\",\"logo\":{\"@type\":\"ImageObject\",\"inLanguage\":\"en-US\",\"@id\":\"https:\\\/\\\/dlvradio.es\\\/#\\\/schema\\\/logo\\\/image\\\/\",\"url\":\"\",\"contentUrl\":\"\",\"caption\":\"DLVRADIO\"},\"image\":{\"@id\":\"https:\\\/\\\/dlvradio.es\\\/#\\\/schema\\\/logo\\\/image\\\/\"},\"sameAs\":[\"https:\\\/\\\/www.facebook.com\\\/RadioDLVradio\\\/\",\"https:\\\/\\\/x.com\\\/RadioDlvradio\",\"https:\\\/\\\/www.instagram.com\\\/radiodlvradio\\\/\"]},{\"@type\":\"Person\",\"@id\":\"https:\\\/\\\/dlvradio.es\\\/#\\\/schema\\\/person\\\/7d533f9f89b13e3a3f2ba7f67d6412de\",\"name\":\"DLV RADIO\",\"sameAs\":[\"https:\\\/\\\/dlvradio.es\"]}]}<\/script>\n<!-- \/ Yoast SEO plugin. -->","yoast_head_json":{"title":"La sociedad civil dice 'no' al Tratado de la Carta de la Energ\u00eda - DLVRADIO","description":"M\u00e1s de 220 organizaciones y miembros de la sociedad civil solicitan a Teresa Ribera y al Gobierno de Espa\u00f1a que abandone el Tratado sobre la Carta de la","robots":{"index":"index","follow":"follow","max-snippet":"max-snippet:-1","max-image-preview":"max-image-preview:large","max-video-preview":"max-video-preview:-1"},"canonical":"https:\/\/dlvradio.es\/en\/la-sociedad-civil-dice-no-al-tratado-de-la-carta-de-la-energia\/","og_locale":"en_US","og_type":"article","og_title":"La sociedad civil dice 'no' al Tratado de la Carta de la Energ\u00eda - DLVRADIO","og_description":"M\u00e1s de 220 organizaciones y miembros de la sociedad civil solicitan a Teresa Ribera y al Gobierno de Espa\u00f1a que abandone el Tratado sobre la Carta de la","og_url":"https:\/\/dlvradio.es\/en\/la-sociedad-civil-dice-no-al-tratado-de-la-carta-de-la-energia\/","og_site_name":"DLVRADIO","article_publisher":"https:\/\/www.facebook.com\/RadioDLVradio\/","article_published_time":"2020-06-09T08:32:21+00:00","og_image":[{"width":1511,"height":1511,"url":"https:\/\/dlvradio.es\/wp-content\/uploads\/2020\/06\/La-sociedad-civil-dice-no-al-Tratado-de-la-Carta-de-la-Energia.jpg","type":"image\/jpeg"}],"author":"DLV RADIO","twitter_card":"summary_large_image","twitter_creator":"@RadioDlvradio","twitter_site":"@RadioDlvradio","schema":{"@context":"https:\/\/schema.org","@graph":[{"@type":"Article","@id":"https:\/\/dlvradio.es\/la-sociedad-civil-dice-no-al-tratado-de-la-carta-de-la-energia\/#article","isPartOf":{"@id":"https:\/\/dlvradio.es\/la-sociedad-civil-dice-no-al-tratado-de-la-carta-de-la-energia\/"},"author":{"name":"DLV RADIO","@id":"https:\/\/dlvradio.es\/#\/schema\/person\/7d533f9f89b13e3a3f2ba7f67d6412de"},"headline":"La sociedad civil dice &#8216;no&#8217; al Tratado de la Carta de la Energ\u00eda","datePublished":"2020-06-09T08:32:21+00:00","mainEntityOfPage":{"@id":"https:\/\/dlvradio.es\/la-sociedad-civil-dice-no-al-tratado-de-la-carta-de-la-energia\/"},"wordCount":965,"commentCount":0,"publisher":{"@id":"https:\/\/dlvradio.es\/#organization"},"image":{"@id":"https:\/\/dlvradio.es\/la-sociedad-civil-dice-no-al-tratado-de-la-carta-de-la-energia\/#primaryimage"},"thumbnailUrl":"https:\/\/dlvradio.es\/wp-content\/uploads\/2020\/06\/La-sociedad-civil-dice-no-al-Tratado-de-la-Carta-de-la-Energia.jpg","keywords":["gobierno espa\u00f1a","uni\u00f3n europea"],"articleSection":["Informativos"],"inLanguage":"en-US"},{"@type":"WebPage","@id":"https:\/\/dlvradio.es\/la-sociedad-civil-dice-no-al-tratado-de-la-carta-de-la-energia\/","url":"https:\/\/dlvradio.es\/la-sociedad-civil-dice-no-al-tratado-de-la-carta-de-la-energia\/","name":"La sociedad civil dice 'no' al Tratado de la Carta de la Energ\u00eda - DLVRADIO","isPartOf":{"@id":"https:\/\/dlvradio.es\/#website"},"primaryImageOfPage":{"@id":"https:\/\/dlvradio.es\/la-sociedad-civil-dice-no-al-tratado-de-la-carta-de-la-energia\/#primaryimage"},"image":{"@id":"https:\/\/dlvradio.es\/la-sociedad-civil-dice-no-al-tratado-de-la-carta-de-la-energia\/#primaryimage"},"thumbnailUrl":"https:\/\/dlvradio.es\/wp-content\/uploads\/2020\/06\/La-sociedad-civil-dice-no-al-Tratado-de-la-Carta-de-la-Energia.jpg","datePublished":"2020-06-09T08:32:21+00:00","description":"M\u00e1s de 220 organizaciones y miembros de la sociedad civil solicitan a Teresa Ribera y al Gobierno de Espa\u00f1a que abandone el Tratado sobre la Carta de la","breadcrumb":{"@id":"https:\/\/dlvradio.es\/la-sociedad-civil-dice-no-al-tratado-de-la-carta-de-la-energia\/#breadcrumb"},"inLanguage":"en-US","potentialAction":[{"@type":"ReadAction","target":["https:\/\/dlvradio.es\/la-sociedad-civil-dice-no-al-tratado-de-la-carta-de-la-energia\/"]}]},{"@type":"ImageObject","inLanguage":"en-US","@id":"https:\/\/dlvradio.es\/la-sociedad-civil-dice-no-al-tratado-de-la-carta-de-la-energia\/#primaryimage","url":"https:\/\/dlvradio.es\/wp-content\/uploads\/2020\/06\/La-sociedad-civil-dice-no-al-Tratado-de-la-Carta-de-la-Energia.jpg","contentUrl":"https:\/\/dlvradio.es\/wp-content\/uploads\/2020\/06\/La-sociedad-civil-dice-no-al-Tratado-de-la-Carta-de-la-Energia.jpg","width":1511,"height":1511,"caption":"La sociedad civil dice 'no' al Tratado de la Carta de la Energ\u00eda"},{"@type":"BreadcrumbList","@id":"https:\/\/dlvradio.es\/la-sociedad-civil-dice-no-al-tratado-de-la-carta-de-la-energia\/#breadcrumb","itemListElement":[{"@type":"ListItem","position":1,"name":"Inicio","item":"https:\/\/dlvradio.es\/"},{"@type":"ListItem","position":2,"name":"La sociedad civil dice &#8216;no&#8217; al Tratado de la Carta de la Energ\u00eda"}]},{"@type":"WebSite","@id":"https:\/\/dlvradio.es\/#website","url":"https:\/\/dlvradio.es\/","name":"DLVRADIO","description":"We are an alternative media to traditional media","publisher":{"@id":"https:\/\/dlvradio.es\/#organization"},"potentialAction":[{"@type":"SearchAction","target":{"@type":"EntryPoint","urlTemplate":"https:\/\/dlvradio.es\/?s={search_term_string}"},"query-input":{"@type":"PropertyValueSpecification","valueRequired":true,"valueName":"search_term_string"}}],"inLanguage":"en-US"},{"@type":"Organization","@id":"https:\/\/dlvradio.es\/#organization","name":"DLVRADIO","url":"https:\/\/dlvradio.es\/","logo":{"@type":"ImageObject","inLanguage":"en-US","@id":"https:\/\/dlvradio.es\/#\/schema\/logo\/image\/","url":"","contentUrl":"","caption":"DLVRADIO"},"image":{"@id":"https:\/\/dlvradio.es\/#\/schema\/logo\/image\/"},"sameAs":["https:\/\/www.facebook.com\/RadioDLVradio\/","https:\/\/x.com\/RadioDlvradio","https:\/\/www.instagram.com\/radiodlvradio\/"]},{"@type":"Person","@id":"https:\/\/dlvradio.es\/#\/schema\/person\/7d533f9f89b13e3a3f2ba7f67d6412de","name":"DLV RADIO","sameAs":["https:\/\/dlvradio.es"]}]}},"_links":{"self":[{"href":"https:\/\/dlvradio.es\/en\/wp-json\/wp\/v2\/posts\/69701","targetHints":{"allow":["GET"]}}],"collection":[{"href":"https:\/\/dlvradio.es\/en\/wp-json\/wp\/v2\/posts"}],"about":[{"href":"https:\/\/dlvradio.es\/en\/wp-json\/wp\/v2\/types\/post"}],"author":[{"embeddable":true,"href":"https:\/\/dlvradio.es\/en\/wp-json\/wp\/v2\/users\/4"}],"replies":[{"embeddable":true,"href":"https:\/\/dlvradio.es\/en\/wp-json\/wp\/v2\/comments?post=69701"}],"version-history":[{"count":0,"href":"https:\/\/dlvradio.es\/en\/wp-json\/wp\/v2\/posts\/69701\/revisions"}],"wp:featuredmedia":[{"embeddable":true,"href":"https:\/\/dlvradio.es\/en\/wp-json\/wp\/v2\/media\/69702"}],"wp:attachment":[{"href":"https:\/\/dlvradio.es\/en\/wp-json\/wp\/v2\/media?parent=69701"}],"wp:term":[{"taxonomy":"category","embeddable":true,"href":"https:\/\/dlvradio.es\/en\/wp-json\/wp\/v2\/categories?post=69701"},{"taxonomy":"post_tag","embeddable":true,"href":"https:\/\/dlvradio.es\/en\/wp-json\/wp\/v2\/tags?post=69701"}],"curies":[{"name":"wp","href":"https:\/\/api.w.org\/{rel}","templated":true}]}}