{"id":69719,"date":"2020-06-15T18:38:50","date_gmt":"2020-06-15T16:38:50","guid":{"rendered":"https:\/\/dlvradio.es\/ecologistas-en-accion-denuncia-las-ayudas-de-260-millones-a-un-plan-renove\/"},"modified":"2020-06-15T18:38:50","modified_gmt":"2020-06-15T16:38:50","slug":"ecologistas-en-accion-denuncia-las-ayudas-de-260-millones-a-un-plan-renove","status":"publish","type":"post","link":"https:\/\/dlvradio.es\/en\/ecologistas-en-accion-denuncia-las-ayudas-de-260-millones-a-un-plan-renove\/","title":{"rendered":"Ecologistas en Acci\u00f3n denuncia las ayudas de 260 millones a un plan renove"},"content":{"rendered":"<div><b><span style=\"font-size: small;\"><img decoding=\"async\" class=\"alignleft wp-image-2296 size-thumbnail\" src=\"https:\/\/dlvradio.es\/wp-content\/uploads\/2020\/06\/Ecologistas-en-Acci\u00f3n-denuncia-las-ayudas-de-260-millones-a-un-plan-renove-150x150.jpg\" alt=\"\" width=\"150\" height=\"150\" \/>\u00b7 El Gobierno central ha anunciado ayudas al sector de automoci\u00f3n con un plan renove que incluye a los veh\u00edculos de combusti\u00f3n interna, el elemento que m\u00e1s emisiones de gases de efecto invernadero (GEI) genera en el Estado espa\u00f1ol.<br \/><\/span><\/b><\/div>\n<div><b><span style=\"font-size: small;\">\u00a0<\/span><\/b><\/div>\n<div><b><span style=\"font-size: small;\">\u00b7 Estas ayudas se anuncian justo despu\u00e9s de conocer que se ha producido un nuevo m\u00e1ximo hist\u00f3rico en las concentraciones de\u00a0<span id=\"m_6905763840742198166gmail-docs-internal-guid-fa55e4cf-7fff-86bf-14d5-7378caffddac\">CO<\/span>2\u00a0en el planeta y que una\u00a0encuesta\u00a0mostrara que m\u00e1s del 80 % de la poblaci\u00f3n espa\u00f1ola apoya medidas de restricci\u00f3n del tr\u00e1fico para no volver a la contaminaci\u00f3n.<br \/><\/span><\/b><\/div>\n<div><b><span style=\"font-size: small;\">\u00a0<\/span><\/b><\/div>\n<div><b><span style=\"font-size: small;\">\u00b7 Ecologistas en Acci\u00f3n demanda que el dinero p\u00fablico se utilice para priorizar desplazamientos sostenibles y no para promocionar el autom\u00f3vil.<br \/><\/span><\/b><\/div>\n<div><span style=\"font-size: small;\">\u00a0<\/span><\/div>\n<div><span style=\"font-size: small;\">El presidente del Gobierno ha anunciado ayudas al sector de automoci\u00f3n con inversi\u00f3n directa de fondos p\u00fablicos de\u00a0515 millones de euros, como parte del Plan de Automoci\u00f3n que supondr\u00e1 un total de 3.750 millones. De esta cantidad, 260 millones se convertir\u00e1n en el plan renove de autom\u00f3vil m\u00e1s amplio jam\u00e1s alcanzado, e incluir\u00e1 adem\u00e1s ayudas a la compra de veh\u00edculos de combusti\u00f3n interna.<br \/><\/span><\/div>\n<div><span style=\"font-size: small;\">\u00a0<\/span><\/div>\n<div><span style=\"font-size: small;\">El anuncio se produce pocos d\u00edas despu\u00e9s de la observaci\u00f3n de un nuevo m\u00e1ximo hist\u00f3rico en la concentraci\u00f3n de\u00a0<span id=\"m_6905763840742198166gmail-docs-internal-guid-fa55e4cf-7fff-86bf-14d5-7378caffddac\">CO<\/span>2\u00a0en el planeta de\u00a0417.1 partes por mill\u00f3n (PPM)\u00a0durante el mes de mayo. Para Ecologistas en Acci\u00f3n, estos datos exigen compromisos firmes para la reducci\u00f3n de emisiones de GEI que eviten las peores consecuencias de la crisis clim\u00e1tica. Sin embargo, la organizaci\u00f3n ecologista denuncia que el ejecutivo espa\u00f1ol realiza as\u00ed un compromiso hist\u00f3rico para seguir apoyando al sector que m\u00e1s emisiones de\u00a0\u00a0<span id=\"m_6905763840742198166gmail-docs-internal-guid-fa55e4cf-7fff-86bf-14d5-7378caffddac\">CO<\/span>2\u00a0causa en el Estado espa\u00f1ol.<br \/><\/span><\/div>\n<div><span style=\"font-size: small;\">\u00a0<\/span><\/div>\n<div><span style=\"font-size: small;\">El transporte supone un 27 % del total de las emisiones de GEI en Espa\u00f1a y el 60 % de estas emisiones las producen los autom\u00f3viles. Aunque el argumento de la industria es que un plan de renovaci\u00f3n de la flota ayudar\u00eda a reducir emisiones, lo cierto es que los coches vendidos en los \u00faltimos a\u00f1os son menos eficientes y emiten m\u00e1s\u00a0\u00a0<span id=\"m_6905763840742198166gmail-docs-internal-guid-fa55e4cf-7fff-86bf-14d5-7378caffddac\">CO<\/span>2\u00a0, debido fundamentalmente al incremento de la masa y el volumen de los veh\u00edculos nuevos.<br \/><\/span><\/div>\n<div><span style=\"font-size: small;\">\u00a0<\/span><\/div>\n<div><span style=\"font-size: small;\">A falta de que se desvelen los detalles concretos de estas ayudas, un borrador filtrado a \u00a0Ecologistas en Acci\u00f3n indica que podr\u00edan alcanzar a los veh\u00edculos que emiten hasta 120 gr CO2\/km. Una cifra por encima del objetivo que la UE hab\u00eda puesto a la industria, que deb\u00edan lograr una media de 95 gCO2\/km en la flota de coches vendida este a\u00f1o. \u00a0<br \/><\/span><\/div>\n<div><span style=\"font-size: small;\">\u00a0<\/span><\/div>\n<div><span style=\"font-size: small;\">Ecologistas en Acci\u00f3n demanda que los fondos p\u00fablicos sean utilizados ahora m\u00e1s que nunca para proteger a las personas, mejorar el sistema sanitario y el resto de los servicios p\u00fablicos y a prepararnos para afrontar la emergencia clim\u00e1tica y de biodiversidad a la que nos enfrentamos.<br \/><\/span><\/div>\n<div><span style=\"font-size: small;\">\u00a0<\/span><\/div>\n<div><span style=\"font-size: small;\">En este sentido, Ecologistas en Acci\u00f3n demanda que el dinero p\u00fablico destinado al sistema de transporte y movilidad debe invertirse en medios sostenibles como infraestructuras y medidas que prioricen los desplazamientos a pie y en bicicleta y ayudas al transporte p\u00fablico. Una apuesta que coincide con las demandas de m\u00e1s del 80 % de la poblaci\u00f3n, seg\u00fan una\u00a0encuesta.<br \/><\/span><\/div>\n<div><span style=\"font-size: small;\">\u00a0<\/span><\/div>\n<div><span style=\"font-size: small;\">Mientras otros gobiernos como el brit\u00e1nico han aportado un fondo de 250 millones de libras para infraestructuras peatonales y ciclistas de emergencia que eviten que la vuelta a la normalidad suponga un aumento del uso del autom\u00f3vil, el Gobierno de Espa\u00f1a destina una cantidad similar en ayudas a que promocionan el uso del autom\u00f3vil. Y no ofrece ni un solo euro a fomentar y priorizar los desplazamientos a pie y en bicicleta.<br \/><\/span><\/div>\n<div><span style=\"font-size: small;\">\u00a0<\/span><\/div>\n<div><span style=\"font-size: small;\">Respecto al transporte p\u00fablico, el Gobierno ha anunciado 800 millones de ayudas, pero destinadas exclusivamente a aquellos transportes que dependen de las comunidades aut\u00f3nomas. Por ahora, el transporte p\u00fablico, que depende de los ayuntamientos, no ha recibido ning\u00fan tipo de ayuda. Tampoco ha podido acogerse a ERTE o ayudas del ICO y se enfrenta a grandes dificultades. Esto a pesar de ser un servicio p\u00fablico esencial y del que dependen millones de personas para realizar sus trayectos diarios.<\/span><\/div>","protected":false},"excerpt":{"rendered":"","protected":false},"author":4,"featured_media":69720,"comment_status":"open","ping_status":"open","sticky":false,"template":"","format":"standard","meta":{"_acf_changed":false,"footnotes":""},"categories":[2465],"tags":[2466,2584,2546],"class_list":["post-69719","post","type-post","status-publish","format-standard","has-post-thumbnail","hentry","category-informativos","tag-espana","tag-gobierno-espana","tag-pandemia"],"acf":[],"yoast_head":"<!-- This site is optimized with the Yoast SEO plugin v27.4 - https:\/\/yoast.com\/product\/yoast-seo-wordpress\/ -->\n<title>Ecologistas en Acci\u00f3n denuncia las ayudas de 260 millones a un plan renove - DLVRADIO<\/title>\n<meta name=\"description\" content=\"\u00b7 El Gobierno central ha anunciado ayudas al sector de automoci\u00f3n con un plan renove que incluye a los veh\u00edculos de combusti\u00f3n interna, el elemento que\" \/>\n<meta name=\"robots\" content=\"index, follow, max-snippet:-1, max-image-preview:large, max-video-preview:-1\" \/>\n<link rel=\"canonical\" href=\"https:\/\/dlvradio.es\/en\/ecologistas-en-accion-denuncia-las-ayudas-de-260-millones-a-un-plan-renove\/\" \/>\n<meta property=\"og:locale\" content=\"en_US\" \/>\n<meta property=\"og:type\" content=\"article\" \/>\n<meta property=\"og:title\" content=\"Ecologistas en Acci\u00f3n denuncia las ayudas de 260 millones a un plan renove - DLVRADIO\" \/>\n<meta property=\"og:description\" content=\"\u00b7 El Gobierno central ha anunciado ayudas al sector de automoci\u00f3n con un plan renove que incluye a los veh\u00edculos de combusti\u00f3n interna, el elemento que\" \/>\n<meta property=\"og:url\" content=\"https:\/\/dlvradio.es\/en\/ecologistas-en-accion-denuncia-las-ayudas-de-260-millones-a-un-plan-renove\/\" \/>\n<meta property=\"og:site_name\" content=\"DLVRADIO\" \/>\n<meta property=\"article:publisher\" content=\"https:\/\/www.facebook.com\/RadioDLVradio\/\" \/>\n<meta property=\"article:published_time\" content=\"2020-06-15T16:38:50+00:00\" \/>\n<meta property=\"og:image\" content=\"https:\/\/dlvradio.es\/wp-content\/uploads\/2020\/06\/Ecologistas-en-Accion-denuncia-las-ayudas-de-260-millones-a-un-plan-renove.jpg\" \/>\n\t<meta property=\"og:image:width\" content=\"1511\" \/>\n\t<meta property=\"og:image:height\" content=\"1511\" \/>\n\t<meta property=\"og:image:type\" content=\"image\/jpeg\" \/>\n<meta name=\"author\" content=\"DLV RADIO\" \/>\n<meta name=\"twitter:card\" content=\"summary_large_image\" \/>\n<meta name=\"twitter:creator\" content=\"@RadioDlvradio\" \/>\n<meta name=\"twitter:site\" content=\"@RadioDlvradio\" \/>\n<script type=\"application\/ld+json\" class=\"yoast-schema-graph\">{\"@context\":\"https:\\\/\\\/schema.org\",\"@graph\":[{\"@type\":\"Article\",\"@id\":\"https:\\\/\\\/dlvradio.es\\\/ecologistas-en-accion-denuncia-las-ayudas-de-260-millones-a-un-plan-renove\\\/#article\",\"isPartOf\":{\"@id\":\"https:\\\/\\\/dlvradio.es\\\/ecologistas-en-accion-denuncia-las-ayudas-de-260-millones-a-un-plan-renove\\\/\"},\"author\":{\"name\":\"DLV RADIO\",\"@id\":\"https:\\\/\\\/dlvradio.es\\\/#\\\/schema\\\/person\\\/7d533f9f89b13e3a3f2ba7f67d6412de\"},\"headline\":\"Ecologistas en Acci\u00f3n denuncia las ayudas de 260 millones a un plan renove\",\"datePublished\":\"2020-06-15T16:38:50+00:00\",\"mainEntityOfPage\":{\"@id\":\"https:\\\/\\\/dlvradio.es\\\/ecologistas-en-accion-denuncia-las-ayudas-de-260-millones-a-un-plan-renove\\\/\"},\"wordCount\":730,\"commentCount\":0,\"publisher\":{\"@id\":\"https:\\\/\\\/dlvradio.es\\\/#organization\"},\"image\":{\"@id\":\"https:\\\/\\\/dlvradio.es\\\/ecologistas-en-accion-denuncia-las-ayudas-de-260-millones-a-un-plan-renove\\\/#primaryimage\"},\"thumbnailUrl\":\"https:\\\/\\\/dlvradio.es\\\/wp-content\\\/uploads\\\/2020\\\/06\\\/Ecologistas-en-Accion-denuncia-las-ayudas-de-260-millones-a-un-plan-renove.jpg\",\"keywords\":[\"Espa\u00f1a\",\"gobierno espa\u00f1a\",\"pandemia\"],\"articleSection\":[\"Informativos\"],\"inLanguage\":\"en-US\"},{\"@type\":\"WebPage\",\"@id\":\"https:\\\/\\\/dlvradio.es\\\/ecologistas-en-accion-denuncia-las-ayudas-de-260-millones-a-un-plan-renove\\\/\",\"url\":\"https:\\\/\\\/dlvradio.es\\\/ecologistas-en-accion-denuncia-las-ayudas-de-260-millones-a-un-plan-renove\\\/\",\"name\":\"Ecologistas en Acci\u00f3n denuncia las ayudas de 260 millones a un plan renove - DLVRADIO\",\"isPartOf\":{\"@id\":\"https:\\\/\\\/dlvradio.es\\\/#website\"},\"primaryImageOfPage\":{\"@id\":\"https:\\\/\\\/dlvradio.es\\\/ecologistas-en-accion-denuncia-las-ayudas-de-260-millones-a-un-plan-renove\\\/#primaryimage\"},\"image\":{\"@id\":\"https:\\\/\\\/dlvradio.es\\\/ecologistas-en-accion-denuncia-las-ayudas-de-260-millones-a-un-plan-renove\\\/#primaryimage\"},\"thumbnailUrl\":\"https:\\\/\\\/dlvradio.es\\\/wp-content\\\/uploads\\\/2020\\\/06\\\/Ecologistas-en-Accion-denuncia-las-ayudas-de-260-millones-a-un-plan-renove.jpg\",\"datePublished\":\"2020-06-15T16:38:50+00:00\",\"description\":\"\u00b7 El Gobierno central ha anunciado ayudas al sector de automoci\u00f3n con un plan renove que incluye a los veh\u00edculos de combusti\u00f3n interna, el elemento que\",\"breadcrumb\":{\"@id\":\"https:\\\/\\\/dlvradio.es\\\/ecologistas-en-accion-denuncia-las-ayudas-de-260-millones-a-un-plan-renove\\\/#breadcrumb\"},\"inLanguage\":\"en-US\",\"potentialAction\":[{\"@type\":\"ReadAction\",\"target\":[\"https:\\\/\\\/dlvradio.es\\\/ecologistas-en-accion-denuncia-las-ayudas-de-260-millones-a-un-plan-renove\\\/\"]}]},{\"@type\":\"ImageObject\",\"inLanguage\":\"en-US\",\"@id\":\"https:\\\/\\\/dlvradio.es\\\/ecologistas-en-accion-denuncia-las-ayudas-de-260-millones-a-un-plan-renove\\\/#primaryimage\",\"url\":\"https:\\\/\\\/dlvradio.es\\\/wp-content\\\/uploads\\\/2020\\\/06\\\/Ecologistas-en-Accion-denuncia-las-ayudas-de-260-millones-a-un-plan-renove.jpg\",\"contentUrl\":\"https:\\\/\\\/dlvradio.es\\\/wp-content\\\/uploads\\\/2020\\\/06\\\/Ecologistas-en-Accion-denuncia-las-ayudas-de-260-millones-a-un-plan-renove.jpg\",\"width\":1511,\"height\":1511,\"caption\":\"Ecologistas en Acci\u00f3n denuncia las ayudas de 260 millones a un plan renove\"},{\"@type\":\"BreadcrumbList\",\"@id\":\"https:\\\/\\\/dlvradio.es\\\/ecologistas-en-accion-denuncia-las-ayudas-de-260-millones-a-un-plan-renove\\\/#breadcrumb\",\"itemListElement\":[{\"@type\":\"ListItem\",\"position\":1,\"name\":\"Inicio\",\"item\":\"https:\\\/\\\/dlvradio.es\\\/\"},{\"@type\":\"ListItem\",\"position\":2,\"name\":\"Ecologistas en Acci\u00f3n denuncia las ayudas de 260 millones a un plan renove\"}]},{\"@type\":\"WebSite\",\"@id\":\"https:\\\/\\\/dlvradio.es\\\/#website\",\"url\":\"https:\\\/\\\/dlvradio.es\\\/\",\"name\":\"DLVRADIO\",\"description\":\"Somos un medio de comunicaci\u00f3n alternativo a los medios tradicionales\",\"publisher\":{\"@id\":\"https:\\\/\\\/dlvradio.es\\\/#organization\"},\"potentialAction\":[{\"@type\":\"SearchAction\",\"target\":{\"@type\":\"EntryPoint\",\"urlTemplate\":\"https:\\\/\\\/dlvradio.es\\\/?s={search_term_string}\"},\"query-input\":{\"@type\":\"PropertyValueSpecification\",\"valueRequired\":true,\"valueName\":\"search_term_string\"}}],\"inLanguage\":\"en-US\"},{\"@type\":\"Organization\",\"@id\":\"https:\\\/\\\/dlvradio.es\\\/#organization\",\"name\":\"DLVRADIO\",\"url\":\"https:\\\/\\\/dlvradio.es\\\/\",\"logo\":{\"@type\":\"ImageObject\",\"inLanguage\":\"en-US\",\"@id\":\"https:\\\/\\\/dlvradio.es\\\/#\\\/schema\\\/logo\\\/image\\\/\",\"url\":\"\",\"contentUrl\":\"\",\"caption\":\"DLVRADIO\"},\"image\":{\"@id\":\"https:\\\/\\\/dlvradio.es\\\/#\\\/schema\\\/logo\\\/image\\\/\"},\"sameAs\":[\"https:\\\/\\\/www.facebook.com\\\/RadioDLVradio\\\/\",\"https:\\\/\\\/x.com\\\/RadioDlvradio\",\"https:\\\/\\\/www.instagram.com\\\/radiodlvradio\\\/\"]},{\"@type\":\"Person\",\"@id\":\"https:\\\/\\\/dlvradio.es\\\/#\\\/schema\\\/person\\\/7d533f9f89b13e3a3f2ba7f67d6412de\",\"name\":\"DLV RADIO\",\"sameAs\":[\"https:\\\/\\\/dlvradio.es\"]}]}<\/script>\n<!-- \/ Yoast SEO plugin. -->","yoast_head_json":{"title":"Ecologistas en Acci\u00f3n denuncia las ayudas de 260 millones a un plan renove - DLVRADIO","description":"\u00b7 El Gobierno central ha anunciado ayudas al sector de automoci\u00f3n con un plan renove que incluye a los veh\u00edculos de combusti\u00f3n interna, el elemento que","robots":{"index":"index","follow":"follow","max-snippet":"max-snippet:-1","max-image-preview":"max-image-preview:large","max-video-preview":"max-video-preview:-1"},"canonical":"https:\/\/dlvradio.es\/en\/ecologistas-en-accion-denuncia-las-ayudas-de-260-millones-a-un-plan-renove\/","og_locale":"en_US","og_type":"article","og_title":"Ecologistas en Acci\u00f3n denuncia las ayudas de 260 millones a un plan renove - DLVRADIO","og_description":"\u00b7 El Gobierno central ha anunciado ayudas al sector de automoci\u00f3n con un plan renove que incluye a los veh\u00edculos de combusti\u00f3n interna, el elemento que","og_url":"https:\/\/dlvradio.es\/en\/ecologistas-en-accion-denuncia-las-ayudas-de-260-millones-a-un-plan-renove\/","og_site_name":"DLVRADIO","article_publisher":"https:\/\/www.facebook.com\/RadioDLVradio\/","article_published_time":"2020-06-15T16:38:50+00:00","og_image":[{"width":1511,"height":1511,"url":"https:\/\/dlvradio.es\/wp-content\/uploads\/2020\/06\/Ecologistas-en-Accion-denuncia-las-ayudas-de-260-millones-a-un-plan-renove.jpg","type":"image\/jpeg"}],"author":"DLV RADIO","twitter_card":"summary_large_image","twitter_creator":"@RadioDlvradio","twitter_site":"@RadioDlvradio","schema":{"@context":"https:\/\/schema.org","@graph":[{"@type":"Article","@id":"https:\/\/dlvradio.es\/ecologistas-en-accion-denuncia-las-ayudas-de-260-millones-a-un-plan-renove\/#article","isPartOf":{"@id":"https:\/\/dlvradio.es\/ecologistas-en-accion-denuncia-las-ayudas-de-260-millones-a-un-plan-renove\/"},"author":{"name":"DLV RADIO","@id":"https:\/\/dlvradio.es\/#\/schema\/person\/7d533f9f89b13e3a3f2ba7f67d6412de"},"headline":"Ecologistas en Acci\u00f3n denuncia las ayudas de 260 millones a un plan renove","datePublished":"2020-06-15T16:38:50+00:00","mainEntityOfPage":{"@id":"https:\/\/dlvradio.es\/ecologistas-en-accion-denuncia-las-ayudas-de-260-millones-a-un-plan-renove\/"},"wordCount":730,"commentCount":0,"publisher":{"@id":"https:\/\/dlvradio.es\/#organization"},"image":{"@id":"https:\/\/dlvradio.es\/ecologistas-en-accion-denuncia-las-ayudas-de-260-millones-a-un-plan-renove\/#primaryimage"},"thumbnailUrl":"https:\/\/dlvradio.es\/wp-content\/uploads\/2020\/06\/Ecologistas-en-Accion-denuncia-las-ayudas-de-260-millones-a-un-plan-renove.jpg","keywords":["Espa\u00f1a","gobierno espa\u00f1a","pandemia"],"articleSection":["Informativos"],"inLanguage":"en-US"},{"@type":"WebPage","@id":"https:\/\/dlvradio.es\/ecologistas-en-accion-denuncia-las-ayudas-de-260-millones-a-un-plan-renove\/","url":"https:\/\/dlvradio.es\/ecologistas-en-accion-denuncia-las-ayudas-de-260-millones-a-un-plan-renove\/","name":"Ecologistas en Acci\u00f3n denuncia las ayudas de 260 millones a un plan renove - DLVRADIO","isPartOf":{"@id":"https:\/\/dlvradio.es\/#website"},"primaryImageOfPage":{"@id":"https:\/\/dlvradio.es\/ecologistas-en-accion-denuncia-las-ayudas-de-260-millones-a-un-plan-renove\/#primaryimage"},"image":{"@id":"https:\/\/dlvradio.es\/ecologistas-en-accion-denuncia-las-ayudas-de-260-millones-a-un-plan-renove\/#primaryimage"},"thumbnailUrl":"https:\/\/dlvradio.es\/wp-content\/uploads\/2020\/06\/Ecologistas-en-Accion-denuncia-las-ayudas-de-260-millones-a-un-plan-renove.jpg","datePublished":"2020-06-15T16:38:50+00:00","description":"\u00b7 El Gobierno central ha anunciado ayudas al sector de automoci\u00f3n con un plan renove que incluye a los veh\u00edculos de combusti\u00f3n interna, el elemento que","breadcrumb":{"@id":"https:\/\/dlvradio.es\/ecologistas-en-accion-denuncia-las-ayudas-de-260-millones-a-un-plan-renove\/#breadcrumb"},"inLanguage":"en-US","potentialAction":[{"@type":"ReadAction","target":["https:\/\/dlvradio.es\/ecologistas-en-accion-denuncia-las-ayudas-de-260-millones-a-un-plan-renove\/"]}]},{"@type":"ImageObject","inLanguage":"en-US","@id":"https:\/\/dlvradio.es\/ecologistas-en-accion-denuncia-las-ayudas-de-260-millones-a-un-plan-renove\/#primaryimage","url":"https:\/\/dlvradio.es\/wp-content\/uploads\/2020\/06\/Ecologistas-en-Accion-denuncia-las-ayudas-de-260-millones-a-un-plan-renove.jpg","contentUrl":"https:\/\/dlvradio.es\/wp-content\/uploads\/2020\/06\/Ecologistas-en-Accion-denuncia-las-ayudas-de-260-millones-a-un-plan-renove.jpg","width":1511,"height":1511,"caption":"Ecologistas en Acci\u00f3n denuncia las ayudas de 260 millones a un plan renove"},{"@type":"BreadcrumbList","@id":"https:\/\/dlvradio.es\/ecologistas-en-accion-denuncia-las-ayudas-de-260-millones-a-un-plan-renove\/#breadcrumb","itemListElement":[{"@type":"ListItem","position":1,"name":"Inicio","item":"https:\/\/dlvradio.es\/"},{"@type":"ListItem","position":2,"name":"Ecologistas en Acci\u00f3n denuncia las ayudas de 260 millones a un plan renove"}]},{"@type":"WebSite","@id":"https:\/\/dlvradio.es\/#website","url":"https:\/\/dlvradio.es\/","name":"DLVRADIO","description":"We are an alternative media to traditional media","publisher":{"@id":"https:\/\/dlvradio.es\/#organization"},"potentialAction":[{"@type":"SearchAction","target":{"@type":"EntryPoint","urlTemplate":"https:\/\/dlvradio.es\/?s={search_term_string}"},"query-input":{"@type":"PropertyValueSpecification","valueRequired":true,"valueName":"search_term_string"}}],"inLanguage":"en-US"},{"@type":"Organization","@id":"https:\/\/dlvradio.es\/#organization","name":"DLVRADIO","url":"https:\/\/dlvradio.es\/","logo":{"@type":"ImageObject","inLanguage":"en-US","@id":"https:\/\/dlvradio.es\/#\/schema\/logo\/image\/","url":"","contentUrl":"","caption":"DLVRADIO"},"image":{"@id":"https:\/\/dlvradio.es\/#\/schema\/logo\/image\/"},"sameAs":["https:\/\/www.facebook.com\/RadioDLVradio\/","https:\/\/x.com\/RadioDlvradio","https:\/\/www.instagram.com\/radiodlvradio\/"]},{"@type":"Person","@id":"https:\/\/dlvradio.es\/#\/schema\/person\/7d533f9f89b13e3a3f2ba7f67d6412de","name":"DLV RADIO","sameAs":["https:\/\/dlvradio.es"]}]}},"_links":{"self":[{"href":"https:\/\/dlvradio.es\/en\/wp-json\/wp\/v2\/posts\/69719","targetHints":{"allow":["GET"]}}],"collection":[{"href":"https:\/\/dlvradio.es\/en\/wp-json\/wp\/v2\/posts"}],"about":[{"href":"https:\/\/dlvradio.es\/en\/wp-json\/wp\/v2\/types\/post"}],"author":[{"embeddable":true,"href":"https:\/\/dlvradio.es\/en\/wp-json\/wp\/v2\/users\/4"}],"replies":[{"embeddable":true,"href":"https:\/\/dlvradio.es\/en\/wp-json\/wp\/v2\/comments?post=69719"}],"version-history":[{"count":0,"href":"https:\/\/dlvradio.es\/en\/wp-json\/wp\/v2\/posts\/69719\/revisions"}],"wp:featuredmedia":[{"embeddable":true,"href":"https:\/\/dlvradio.es\/en\/wp-json\/wp\/v2\/media\/69720"}],"wp:attachment":[{"href":"https:\/\/dlvradio.es\/en\/wp-json\/wp\/v2\/media?parent=69719"}],"wp:term":[{"taxonomy":"category","embeddable":true,"href":"https:\/\/dlvradio.es\/en\/wp-json\/wp\/v2\/categories?post=69719"},{"taxonomy":"post_tag","embeddable":true,"href":"https:\/\/dlvradio.es\/en\/wp-json\/wp\/v2\/tags?post=69719"}],"curies":[{"name":"wp","href":"https:\/\/api.w.org\/{rel}","templated":true}]}}