{"id":69826,"date":"2020-07-28T11:42:57","date_gmt":"2020-07-28T09:42:57","guid":{"rendered":"https:\/\/dlvradio.es\/los-jovenes-tambien-somos-victimas\/"},"modified":"2020-07-28T11:42:57","modified_gmt":"2020-07-28T09:42:57","slug":"los-jovenes-tambien-somos-victimas","status":"publish","type":"post","link":"https:\/\/dlvradio.es\/en\/los-jovenes-tambien-somos-victimas\/","title":{"rendered":"Los j\u00f3venes tambi\u00e9n somos v\u00edctimas"},"content":{"rendered":"<figure class=\"wp-block-embed-spotify wp-block-embed is-type-rich is-provider-spotify wp-embed-aspect-21-9 wp-has-aspect-ratio\"><div class=\"wp-block-embed__wrapper\">\n<iframe title=\"Spotify Embed: Los j\u00f3venes tambi\u00e9n somos v\u00edctimas\" style=\"border-radius: 12px\" width=\"100%\" height=\"152\" frameborder=\"0\" allowfullscreen allow=\"autoplay; clipboard-write; encrypted-media; fullscreen; picture-in-picture\" loading=\"lazy\" src=\"https:\/\/open.spotify.com\/embed\/episode\/3zYOfqRjYWaeQjrlPgxsRX?utm_source=oembed\"><\/iframe>\n<\/div><\/figure>\n\n\n\n<p style=\"font-weight: 400;\"><img decoding=\"async\" class=\"alignleft wp-image-2868 size-thumbnail\" src=\"https:\/\/dlvradio.es\/wp-content\/uploads\/2020\/07\/Los-j\u00f3venes-tambi\u00e9n-somos-v\u00edctimas-150x150.jpg\" alt=\"\" width=\"150\" height=\"150\" \/>-Los j\u00f3venes llevan la muerte a casa.<\/p>\n<p style=\"font-weight: 400;\">-Los j\u00f3venes son irresponsables.<\/p>\n<p style=\"font-weight: 400;\">-El rebrote es por culpa de los j\u00f3venes.<\/p>\n<p style=\"font-weight: 400;\">Todo esto son frases que he escuchado durante estos \u00faltimos d\u00edas. Y me indigna por diferentes razones.Y lo s\u00e9, entro en un tema pol\u00e9mico pero he cre\u00eddo necesario escribir y decir mi punto de vista, ya que me parece injusto todo este bombardeo medi\u00e1tico que estamos recibiendo.\u00a0<\/p>\n<p style=\"font-weight: 400;\">Antes que nada, hay que destacar lo que estamos sufriendo los j\u00f3venes durante esta pandemia:<\/p>\n<p style=\"font-weight: 400;\">P\u00e9rdida y dificultad de encontrar trabajo en el estado y Europa, paro de todos nuestros planes, verano en blanco y para los que estudian, cambio de m\u00e9todos y muchas veces muy tediosos.<\/p>\n<p style=\"font-weight: 400;\">Mucha gente se queda con las fotos o los informativos televisivos. En fin, lo f\u00e1cil: La generalizaci\u00f3n. El decir \u201ctodos los j\u00f3venes\u201d cuando solo representan una parte o el culpar a un grupo de la poblaci\u00f3n de un mal que nos est\u00e1 afectando a todos y todas.<\/p>\n<p style=\"font-weight: 400;\">Entiendo que estamos en momentos dif\u00edciles y hay muchos nervios. Es verdad que hay bastante irresponsable. Pero, por otra parte, pensad en vuestros familiares cuando grit\u00e9is con enfado las frases que dec\u00eda en la introducci\u00f3n.<\/p>\n<p style=\"font-weight: 400;\">El ser humano en esta pandemia ha demostrado muchas cosas tanto positivas como negativas. Y una de estas es que parece que la mayor parte de nosotros necesitamos buscar el culpable de todo. Y la mayor\u00eda de las veces no es tan sencillo.<\/p>\n<p style=\"font-weight: 400;\">Me acuerdo perfectamente en el confinamiento cuando ve\u00eda por la ventana y contemplaba ancianos y gente mayor salt\u00e1ndoselo. \u00bfAlguien en su sano juicio puso un titular culpando a todas las personas de la tercera edad? No. Y no estar\u00eda nada bien hacerlo, ya que la irresponsabilidad de unos no describe a la mayor\u00eda.<\/p>\n<p style=\"font-weight: 400;\">Estamos en uno de los peores momentos de nuestra historia. Hay muchos j\u00f3venes que conozco que lo est\u00e1n pasando seriamente mal, ya sean confinados en sus casas sin poder salir o sin trabajo. Los j\u00f3venes (y ahora s\u00ed que es general) queremos que todo esto se acabe y volver a construir nuestros objetivos y planes porqu\u00e9 cada d\u00eda que pasa, perdemos tiempo del momento el cual tendr\u00eda que ser la mejor etapa de nuestras vidas.<\/p>\n<p style=\"font-weight: 400;\">Estamos de acuerdo en que hay muchas personas que se pasan las normas por el \u00abforro\u00bb. Pero tambi\u00e9n hay que decir que la mayor\u00eda estamos cumpliendo, mucho m\u00e1s que otros pa\u00edses. Pienso que hay que ser responsable para mejorar la situaci\u00f3n. Hay que serlo en el an\u00e1lisis, en las soluciones, pero tambi\u00e9n en la cr\u00edtica y como lo hacemos.\u00a0\u00a0Porqu\u00e9 aqu\u00ed todos estamos \u201cjodidos\u201d y buscar culpas no sumar\u00e1, restar\u00e1.<\/p>\n<p>By: <strong>Joan Jordi Alberd\u00edn<\/strong><\/p>\n<pre><strong>La opini\u00f3n es un espacio libre de nuestra radio, en la que diferentes personas colaboran dejando sus opiniones al respecto de temas de actualidad, los cuales podemos o no compartir desde esta emisora<\/strong><\/pre>","protected":false},"excerpt":{"rendered":"","protected":false},"author":4,"featured_media":69827,"comment_status":"open","ping_status":"open","sticky":false,"template":"","format":"standard","meta":{"_acf_changed":false,"footnotes":""},"categories":[2461],"tags":[2466,2469,2546],"class_list":["post-69826","post","type-post","status-publish","format-standard","has-post-thumbnail","hentry","category-opinion","tag-espana","tag-opinion","tag-pandemia"],"acf":[],"yoast_head":"<!-- This site is optimized with the Yoast SEO plugin v27.4 - https:\/\/yoast.com\/product\/yoast-seo-wordpress\/ -->\n<title>Los j\u00f3venes tambi\u00e9n somos v\u00edctimas - DLVRADIO<\/title>\n<meta name=\"description\" content=\"https:\/\/open.spotify.com\/episode\/3zYOfqRjYWaeQjrlPgxsRX -Los j\u00f3venes llevan la muerte a casa. -Los j\u00f3venes son irresponsables. -El rebrote es por culpa de\" \/>\n<meta name=\"robots\" content=\"index, follow, max-snippet:-1, max-image-preview:large, max-video-preview:-1\" \/>\n<link rel=\"canonical\" href=\"https:\/\/dlvradio.es\/en\/los-jovenes-tambien-somos-victimas\/\" \/>\n<meta property=\"og:locale\" content=\"en_US\" \/>\n<meta property=\"og:type\" content=\"article\" \/>\n<meta property=\"og:title\" content=\"Los j\u00f3venes tambi\u00e9n somos v\u00edctimas - DLVRADIO\" \/>\n<meta property=\"og:description\" content=\"https:\/\/open.spotify.com\/episode\/3zYOfqRjYWaeQjrlPgxsRX -Los j\u00f3venes llevan la muerte a casa. -Los j\u00f3venes son irresponsables. -El rebrote es por culpa de\" \/>\n<meta property=\"og:url\" content=\"https:\/\/dlvradio.es\/en\/los-jovenes-tambien-somos-victimas\/\" \/>\n<meta property=\"og:site_name\" content=\"DLVRADIO\" \/>\n<meta property=\"article:publisher\" content=\"https:\/\/www.facebook.com\/RadioDLVradio\/\" \/>\n<meta property=\"article:published_time\" content=\"2020-07-28T09:42:57+00:00\" \/>\n<meta property=\"og:image\" content=\"https:\/\/dlvradio.es\/wp-content\/uploads\/2020\/07\/Los-jovenes-tambien-somos-victimas.jpg\" \/>\n\t<meta property=\"og:image:width\" content=\"1511\" \/>\n\t<meta property=\"og:image:height\" content=\"1511\" \/>\n\t<meta property=\"og:image:type\" content=\"image\/jpeg\" \/>\n<meta name=\"author\" content=\"DLV RADIO\" \/>\n<meta name=\"twitter:card\" content=\"summary_large_image\" \/>\n<meta name=\"twitter:creator\" content=\"@RadioDlvradio\" \/>\n<meta name=\"twitter:site\" content=\"@RadioDlvradio\" \/>\n<script type=\"application\/ld+json\" class=\"yoast-schema-graph\">{\"@context\":\"https:\\\/\\\/schema.org\",\"@graph\":[{\"@type\":\"Article\",\"@id\":\"https:\\\/\\\/dlvradio.es\\\/los-jovenes-tambien-somos-victimas\\\/#article\",\"isPartOf\":{\"@id\":\"https:\\\/\\\/dlvradio.es\\\/los-jovenes-tambien-somos-victimas\\\/\"},\"author\":{\"name\":\"DLV RADIO\",\"@id\":\"https:\\\/\\\/dlvradio.es\\\/#\\\/schema\\\/person\\\/7d533f9f89b13e3a3f2ba7f67d6412de\"},\"headline\":\"Los j\u00f3venes tambi\u00e9n somos v\u00edctimas\",\"datePublished\":\"2020-07-28T09:42:57+00:00\",\"mainEntityOfPage\":{\"@id\":\"https:\\\/\\\/dlvradio.es\\\/los-jovenes-tambien-somos-victimas\\\/\"},\"wordCount\":492,\"commentCount\":0,\"publisher\":{\"@id\":\"https:\\\/\\\/dlvradio.es\\\/#organization\"},\"image\":{\"@id\":\"https:\\\/\\\/dlvradio.es\\\/los-jovenes-tambien-somos-victimas\\\/#primaryimage\"},\"thumbnailUrl\":\"https:\\\/\\\/dlvradio.es\\\/wp-content\\\/uploads\\\/2020\\\/07\\\/Los-jovenes-tambien-somos-victimas.jpg\",\"keywords\":[\"Espa\u00f1a\",\"opini\u00f3n\",\"pandemia\"],\"articleSection\":[\"Opini\u00f3n\"],\"inLanguage\":\"en-US\"},{\"@type\":\"WebPage\",\"@id\":\"https:\\\/\\\/dlvradio.es\\\/los-jovenes-tambien-somos-victimas\\\/\",\"url\":\"https:\\\/\\\/dlvradio.es\\\/los-jovenes-tambien-somos-victimas\\\/\",\"name\":\"Los j\u00f3venes tambi\u00e9n somos v\u00edctimas - DLVRADIO\",\"isPartOf\":{\"@id\":\"https:\\\/\\\/dlvradio.es\\\/#website\"},\"primaryImageOfPage\":{\"@id\":\"https:\\\/\\\/dlvradio.es\\\/los-jovenes-tambien-somos-victimas\\\/#primaryimage\"},\"image\":{\"@id\":\"https:\\\/\\\/dlvradio.es\\\/los-jovenes-tambien-somos-victimas\\\/#primaryimage\"},\"thumbnailUrl\":\"https:\\\/\\\/dlvradio.es\\\/wp-content\\\/uploads\\\/2020\\\/07\\\/Los-jovenes-tambien-somos-victimas.jpg\",\"datePublished\":\"2020-07-28T09:42:57+00:00\",\"description\":\"https:\\\/\\\/open.spotify.com\\\/episode\\\/3zYOfqRjYWaeQjrlPgxsRX -Los j\u00f3venes llevan la muerte a casa. -Los j\u00f3venes son irresponsables. -El rebrote es por culpa de\",\"breadcrumb\":{\"@id\":\"https:\\\/\\\/dlvradio.es\\\/los-jovenes-tambien-somos-victimas\\\/#breadcrumb\"},\"inLanguage\":\"en-US\",\"potentialAction\":[{\"@type\":\"ReadAction\",\"target\":[\"https:\\\/\\\/dlvradio.es\\\/los-jovenes-tambien-somos-victimas\\\/\"]}]},{\"@type\":\"ImageObject\",\"inLanguage\":\"en-US\",\"@id\":\"https:\\\/\\\/dlvradio.es\\\/los-jovenes-tambien-somos-victimas\\\/#primaryimage\",\"url\":\"https:\\\/\\\/dlvradio.es\\\/wp-content\\\/uploads\\\/2020\\\/07\\\/Los-jovenes-tambien-somos-victimas.jpg\",\"contentUrl\":\"https:\\\/\\\/dlvradio.es\\\/wp-content\\\/uploads\\\/2020\\\/07\\\/Los-jovenes-tambien-somos-victimas.jpg\",\"width\":1511,\"height\":1511,\"caption\":\"Los j\u00f3venes tambi\u00e9n somos v\u00edctimas\"},{\"@type\":\"BreadcrumbList\",\"@id\":\"https:\\\/\\\/dlvradio.es\\\/los-jovenes-tambien-somos-victimas\\\/#breadcrumb\",\"itemListElement\":[{\"@type\":\"ListItem\",\"position\":1,\"name\":\"Inicio\",\"item\":\"https:\\\/\\\/dlvradio.es\\\/\"},{\"@type\":\"ListItem\",\"position\":2,\"name\":\"Los j\u00f3venes tambi\u00e9n somos v\u00edctimas\"}]},{\"@type\":\"WebSite\",\"@id\":\"https:\\\/\\\/dlvradio.es\\\/#website\",\"url\":\"https:\\\/\\\/dlvradio.es\\\/\",\"name\":\"DLVRADIO\",\"description\":\"Somos un medio de comunicaci\u00f3n alternativo a los medios tradicionales\",\"publisher\":{\"@id\":\"https:\\\/\\\/dlvradio.es\\\/#organization\"},\"potentialAction\":[{\"@type\":\"SearchAction\",\"target\":{\"@type\":\"EntryPoint\",\"urlTemplate\":\"https:\\\/\\\/dlvradio.es\\\/?s={search_term_string}\"},\"query-input\":{\"@type\":\"PropertyValueSpecification\",\"valueRequired\":true,\"valueName\":\"search_term_string\"}}],\"inLanguage\":\"en-US\"},{\"@type\":\"Organization\",\"@id\":\"https:\\\/\\\/dlvradio.es\\\/#organization\",\"name\":\"DLVRADIO\",\"url\":\"https:\\\/\\\/dlvradio.es\\\/\",\"logo\":{\"@type\":\"ImageObject\",\"inLanguage\":\"en-US\",\"@id\":\"https:\\\/\\\/dlvradio.es\\\/#\\\/schema\\\/logo\\\/image\\\/\",\"url\":\"\",\"contentUrl\":\"\",\"caption\":\"DLVRADIO\"},\"image\":{\"@id\":\"https:\\\/\\\/dlvradio.es\\\/#\\\/schema\\\/logo\\\/image\\\/\"},\"sameAs\":[\"https:\\\/\\\/www.facebook.com\\\/RadioDLVradio\\\/\",\"https:\\\/\\\/x.com\\\/RadioDlvradio\",\"https:\\\/\\\/www.instagram.com\\\/radiodlvradio\\\/\"]},{\"@type\":\"Person\",\"@id\":\"https:\\\/\\\/dlvradio.es\\\/#\\\/schema\\\/person\\\/7d533f9f89b13e3a3f2ba7f67d6412de\",\"name\":\"DLV RADIO\",\"sameAs\":[\"https:\\\/\\\/dlvradio.es\"]}]}<\/script>\n<!-- \/ Yoast SEO plugin. -->","yoast_head_json":{"title":"Los j\u00f3venes tambi\u00e9n somos v\u00edctimas - DLVRADIO","description":"https:\/\/open.spotify.com\/episode\/3zYOfqRjYWaeQjrlPgxsRX -Los j\u00f3venes llevan la muerte a casa. -Los j\u00f3venes son irresponsables. -El rebrote es por culpa de","robots":{"index":"index","follow":"follow","max-snippet":"max-snippet:-1","max-image-preview":"max-image-preview:large","max-video-preview":"max-video-preview:-1"},"canonical":"https:\/\/dlvradio.es\/en\/los-jovenes-tambien-somos-victimas\/","og_locale":"en_US","og_type":"article","og_title":"Los j\u00f3venes tambi\u00e9n somos v\u00edctimas - DLVRADIO","og_description":"https:\/\/open.spotify.com\/episode\/3zYOfqRjYWaeQjrlPgxsRX -Los j\u00f3venes llevan la muerte a casa. -Los j\u00f3venes son irresponsables. -El rebrote es por culpa de","og_url":"https:\/\/dlvradio.es\/en\/los-jovenes-tambien-somos-victimas\/","og_site_name":"DLVRADIO","article_publisher":"https:\/\/www.facebook.com\/RadioDLVradio\/","article_published_time":"2020-07-28T09:42:57+00:00","og_image":[{"width":1511,"height":1511,"url":"https:\/\/dlvradio.es\/wp-content\/uploads\/2020\/07\/Los-jovenes-tambien-somos-victimas.jpg","type":"image\/jpeg"}],"author":"DLV RADIO","twitter_card":"summary_large_image","twitter_creator":"@RadioDlvradio","twitter_site":"@RadioDlvradio","schema":{"@context":"https:\/\/schema.org","@graph":[{"@type":"Article","@id":"https:\/\/dlvradio.es\/los-jovenes-tambien-somos-victimas\/#article","isPartOf":{"@id":"https:\/\/dlvradio.es\/los-jovenes-tambien-somos-victimas\/"},"author":{"name":"DLV RADIO","@id":"https:\/\/dlvradio.es\/#\/schema\/person\/7d533f9f89b13e3a3f2ba7f67d6412de"},"headline":"Los j\u00f3venes tambi\u00e9n somos v\u00edctimas","datePublished":"2020-07-28T09:42:57+00:00","mainEntityOfPage":{"@id":"https:\/\/dlvradio.es\/los-jovenes-tambien-somos-victimas\/"},"wordCount":492,"commentCount":0,"publisher":{"@id":"https:\/\/dlvradio.es\/#organization"},"image":{"@id":"https:\/\/dlvradio.es\/los-jovenes-tambien-somos-victimas\/#primaryimage"},"thumbnailUrl":"https:\/\/dlvradio.es\/wp-content\/uploads\/2020\/07\/Los-jovenes-tambien-somos-victimas.jpg","keywords":["Espa\u00f1a","opini\u00f3n","pandemia"],"articleSection":["Opini\u00f3n"],"inLanguage":"en-US"},{"@type":"WebPage","@id":"https:\/\/dlvradio.es\/los-jovenes-tambien-somos-victimas\/","url":"https:\/\/dlvradio.es\/los-jovenes-tambien-somos-victimas\/","name":"Los j\u00f3venes tambi\u00e9n somos v\u00edctimas - DLVRADIO","isPartOf":{"@id":"https:\/\/dlvradio.es\/#website"},"primaryImageOfPage":{"@id":"https:\/\/dlvradio.es\/los-jovenes-tambien-somos-victimas\/#primaryimage"},"image":{"@id":"https:\/\/dlvradio.es\/los-jovenes-tambien-somos-victimas\/#primaryimage"},"thumbnailUrl":"https:\/\/dlvradio.es\/wp-content\/uploads\/2020\/07\/Los-jovenes-tambien-somos-victimas.jpg","datePublished":"2020-07-28T09:42:57+00:00","description":"https:\/\/open.spotify.com\/episode\/3zYOfqRjYWaeQjrlPgxsRX -Los j\u00f3venes llevan la muerte a casa. -Los j\u00f3venes son irresponsables. -El rebrote es por culpa de","breadcrumb":{"@id":"https:\/\/dlvradio.es\/los-jovenes-tambien-somos-victimas\/#breadcrumb"},"inLanguage":"en-US","potentialAction":[{"@type":"ReadAction","target":["https:\/\/dlvradio.es\/los-jovenes-tambien-somos-victimas\/"]}]},{"@type":"ImageObject","inLanguage":"en-US","@id":"https:\/\/dlvradio.es\/los-jovenes-tambien-somos-victimas\/#primaryimage","url":"https:\/\/dlvradio.es\/wp-content\/uploads\/2020\/07\/Los-jovenes-tambien-somos-victimas.jpg","contentUrl":"https:\/\/dlvradio.es\/wp-content\/uploads\/2020\/07\/Los-jovenes-tambien-somos-victimas.jpg","width":1511,"height":1511,"caption":"Los j\u00f3venes tambi\u00e9n somos v\u00edctimas"},{"@type":"BreadcrumbList","@id":"https:\/\/dlvradio.es\/los-jovenes-tambien-somos-victimas\/#breadcrumb","itemListElement":[{"@type":"ListItem","position":1,"name":"Inicio","item":"https:\/\/dlvradio.es\/"},{"@type":"ListItem","position":2,"name":"Los j\u00f3venes tambi\u00e9n somos v\u00edctimas"}]},{"@type":"WebSite","@id":"https:\/\/dlvradio.es\/#website","url":"https:\/\/dlvradio.es\/","name":"DLVRADIO","description":"We are an alternative media to traditional media","publisher":{"@id":"https:\/\/dlvradio.es\/#organization"},"potentialAction":[{"@type":"SearchAction","target":{"@type":"EntryPoint","urlTemplate":"https:\/\/dlvradio.es\/?s={search_term_string}"},"query-input":{"@type":"PropertyValueSpecification","valueRequired":true,"valueName":"search_term_string"}}],"inLanguage":"en-US"},{"@type":"Organization","@id":"https:\/\/dlvradio.es\/#organization","name":"DLVRADIO","url":"https:\/\/dlvradio.es\/","logo":{"@type":"ImageObject","inLanguage":"en-US","@id":"https:\/\/dlvradio.es\/#\/schema\/logo\/image\/","url":"","contentUrl":"","caption":"DLVRADIO"},"image":{"@id":"https:\/\/dlvradio.es\/#\/schema\/logo\/image\/"},"sameAs":["https:\/\/www.facebook.com\/RadioDLVradio\/","https:\/\/x.com\/RadioDlvradio","https:\/\/www.instagram.com\/radiodlvradio\/"]},{"@type":"Person","@id":"https:\/\/dlvradio.es\/#\/schema\/person\/7d533f9f89b13e3a3f2ba7f67d6412de","name":"DLV RADIO","sameAs":["https:\/\/dlvradio.es"]}]}},"_links":{"self":[{"href":"https:\/\/dlvradio.es\/en\/wp-json\/wp\/v2\/posts\/69826","targetHints":{"allow":["GET"]}}],"collection":[{"href":"https:\/\/dlvradio.es\/en\/wp-json\/wp\/v2\/posts"}],"about":[{"href":"https:\/\/dlvradio.es\/en\/wp-json\/wp\/v2\/types\/post"}],"author":[{"embeddable":true,"href":"https:\/\/dlvradio.es\/en\/wp-json\/wp\/v2\/users\/4"}],"replies":[{"embeddable":true,"href":"https:\/\/dlvradio.es\/en\/wp-json\/wp\/v2\/comments?post=69826"}],"version-history":[{"count":0,"href":"https:\/\/dlvradio.es\/en\/wp-json\/wp\/v2\/posts\/69826\/revisions"}],"wp:featuredmedia":[{"embeddable":true,"href":"https:\/\/dlvradio.es\/en\/wp-json\/wp\/v2\/media\/69827"}],"wp:attachment":[{"href":"https:\/\/dlvradio.es\/en\/wp-json\/wp\/v2\/media?parent=69826"}],"wp:term":[{"taxonomy":"category","embeddable":true,"href":"https:\/\/dlvradio.es\/en\/wp-json\/wp\/v2\/categories?post=69826"},{"taxonomy":"post_tag","embeddable":true,"href":"https:\/\/dlvradio.es\/en\/wp-json\/wp\/v2\/tags?post=69826"}],"curies":[{"name":"wp","href":"https:\/\/api.w.org\/{rel}","templated":true}]}}