{"id":69939,"date":"2020-09-18T21:42:55","date_gmt":"2020-09-18T19:42:55","guid":{"rendered":"https:\/\/dlvradio.es\/en-lescola-con-nuria-55\/"},"modified":"2020-09-18T21:42:55","modified_gmt":"2020-09-18T19:42:55","slug":"en-lescola-con-nuria-55","status":"publish","type":"post","link":"https:\/\/dlvradio.es\/en\/en-lescola-con-nuria-55\/","title":{"rendered":"En L&#8217;Escola con N\u00faria, 55"},"content":{"rendered":"<figure class=\"wp-block-embed-spotify wp-block-embed is-type-rich is-provider-spotify wp-embed-aspect-21-9 wp-has-aspect-ratio\"><div class=\"wp-block-embed__wrapper\">\n<iframe title=\"Spotify Embed: En L&amp;apos;Escola con N\u00faria, 55\" style=\"border-radius: 12px\" width=\"100%\" height=\"152\" frameborder=\"0\" allowfullscreen allow=\"autoplay; clipboard-write; encrypted-media; fullscreen; picture-in-picture\" loading=\"lazy\" src=\"https:\/\/open.spotify.com\/embed\/episode\/7e913vwqET5aceippy9vqD?si=HHUBCLwHRZyrMm_8L7_akA&#038;utm_source=oembed\"><\/iframe>\n<\/div><\/figure>\n\n\n<p><img decoding=\"async\" class=\"alignleft wp-image-3355\" src=\"https:\/\/dlvradio.es\/wp-content\/uploads\/2020\/08\/Enescolalim-300x300.jpg\" alt=\"\" width=\"110\" height=\"110\" \/>En el programa de hoy N\u00faria conversa con Joaqu\u00edn Garc\u00eda de Asociaci\u00f3n de V\u00edctimas del paro que nos cuenta las propuestas hechas al Ministerio de Trabajo, para luchar contra el desempleo en toda Espa\u00f1a y que han sido ignoradas en su totalidad. Repasamos los \u00faltimos datos del #COVID__19. \u00bfHay vida en Venus, parece que s\u00ed? #OldLivesMatter contra el edadismo. Madonna dirigir\u00e1 su pel\u00edcula sobre su vida. Cerramos con el Rata!<\/p>","protected":false},"excerpt":{"rendered":"<p>En el programa de hoy N\u00faria conversa con Joaqu\u00edn Garc\u00eda de Asociaci\u00f3n de V\u00edctimas del paro que nos cuenta las propuestas hechas al Ministerio de Trabajo, para luchar contra el desempleo en toda Espa\u00f1a y que han sido ignoradas en su totalidad. Repasamos los \u00faltimos datos del #COVID__19. \u00bfHay vida en Venus, parece que s\u00ed? [&hellip;]<\/p>\n","protected":false},"author":4,"featured_media":69888,"comment_status":"open","ping_status":"open","sticky":false,"template":"","format":"standard","meta":{"_acf_changed":false,"footnotes":""},"categories":[2560],"tags":[2530,2471,2643],"class_list":["post-69939","post","type-post","status-publish","format-standard","has-post-thumbnail","hentry","category-en-lescola-con-nuria","tag-actualidad","tag-feminismo","tag-magazin"],"acf":[],"yoast_head":"<!-- This site is optimized with the Yoast SEO plugin v27.4 - https:\/\/yoast.com\/product\/yoast-seo-wordpress\/ -->\n<title>En L&#039;Escola con N\u00faria, 55 - DLVRADIO<\/title>\n<meta name=\"description\" content=\"https:\/\/open.spotify.com\/episode\/7e913vwqET5aceippy9vqD?si=HHUBCLwHRZyrMm_8L7_akA En el programa de hoy N\u00faria conversa con Joaqu\u00edn Garc\u00eda de Asociaci\u00f3n de\" \/>\n<meta name=\"robots\" content=\"index, follow, max-snippet:-1, max-image-preview:large, max-video-preview:-1\" \/>\n<link rel=\"canonical\" href=\"https:\/\/dlvradio.es\/en\/en-lescola-con-nuria-55\/\" \/>\n<meta property=\"og:locale\" content=\"en_US\" \/>\n<meta property=\"og:type\" content=\"article\" \/>\n<meta property=\"og:title\" content=\"En L&#039;Escola con N\u00faria, 55 - DLVRADIO\" \/>\n<meta property=\"og:description\" content=\"https:\/\/open.spotify.com\/episode\/7e913vwqET5aceippy9vqD?si=HHUBCLwHRZyrMm_8L7_akA En el programa de hoy N\u00faria conversa con Joaqu\u00edn Garc\u00eda de Asociaci\u00f3n de\" \/>\n<meta property=\"og:url\" content=\"https:\/\/dlvradio.es\/en\/en-lescola-con-nuria-55\/\" \/>\n<meta property=\"og:site_name\" content=\"DLVRADIO\" \/>\n<meta property=\"article:publisher\" content=\"https:\/\/www.facebook.com\/RadioDLVradio\/\" \/>\n<meta property=\"article:published_time\" content=\"2020-09-18T19:42:55+00:00\" \/>\n<meta property=\"og:image\" content=\"https:\/\/dlvradio.es\/wp-content\/uploads\/2020\/08\/Enescolalim.jpg\" \/>\n\t<meta property=\"og:image:width\" content=\"1511\" \/>\n\t<meta property=\"og:image:height\" content=\"1511\" \/>\n\t<meta property=\"og:image:type\" content=\"image\/jpeg\" \/>\n<meta name=\"author\" content=\"DLV RADIO\" \/>\n<meta name=\"twitter:card\" content=\"summary_large_image\" \/>\n<meta name=\"twitter:creator\" content=\"@RadioDlvradio\" \/>\n<meta name=\"twitter:site\" content=\"@RadioDlvradio\" \/>\n<script type=\"application\/ld+json\" class=\"yoast-schema-graph\">{\"@context\":\"https:\\\/\\\/schema.org\",\"@graph\":[{\"@type\":\"Article\",\"@id\":\"https:\\\/\\\/dlvradio.es\\\/en-lescola-con-nuria-55\\\/#article\",\"isPartOf\":{\"@id\":\"https:\\\/\\\/dlvradio.es\\\/en-lescola-con-nuria-55\\\/\"},\"author\":{\"name\":\"DLV RADIO\",\"@id\":\"https:\\\/\\\/dlvradio.es\\\/#\\\/schema\\\/person\\\/7d533f9f89b13e3a3f2ba7f67d6412de\"},\"headline\":\"En L&#8217;Escola con N\u00faria, 55\",\"datePublished\":\"2020-09-18T19:42:55+00:00\",\"mainEntityOfPage\":{\"@id\":\"https:\\\/\\\/dlvradio.es\\\/en-lescola-con-nuria-55\\\/\"},\"wordCount\":96,\"commentCount\":0,\"publisher\":{\"@id\":\"https:\\\/\\\/dlvradio.es\\\/#organization\"},\"image\":{\"@id\":\"https:\\\/\\\/dlvradio.es\\\/en-lescola-con-nuria-55\\\/#primaryimage\"},\"thumbnailUrl\":\"https:\\\/\\\/dlvradio.es\\\/wp-content\\\/uploads\\\/2020\\\/08\\\/Enescolalim.jpg\",\"keywords\":[\"actualidad\",\"feminismo\",\"magaz\u00edn\"],\"articleSection\":[\"En L'Escola con N\u00faria\"],\"inLanguage\":\"en-US\"},{\"@type\":\"WebPage\",\"@id\":\"https:\\\/\\\/dlvradio.es\\\/en-lescola-con-nuria-55\\\/\",\"url\":\"https:\\\/\\\/dlvradio.es\\\/en-lescola-con-nuria-55\\\/\",\"name\":\"En L'Escola con N\u00faria, 55 - DLVRADIO\",\"isPartOf\":{\"@id\":\"https:\\\/\\\/dlvradio.es\\\/#website\"},\"primaryImageOfPage\":{\"@id\":\"https:\\\/\\\/dlvradio.es\\\/en-lescola-con-nuria-55\\\/#primaryimage\"},\"image\":{\"@id\":\"https:\\\/\\\/dlvradio.es\\\/en-lescola-con-nuria-55\\\/#primaryimage\"},\"thumbnailUrl\":\"https:\\\/\\\/dlvradio.es\\\/wp-content\\\/uploads\\\/2020\\\/08\\\/Enescolalim.jpg\",\"datePublished\":\"2020-09-18T19:42:55+00:00\",\"description\":\"https:\\\/\\\/open.spotify.com\\\/episode\\\/7e913vwqET5aceippy9vqD?si=HHUBCLwHRZyrMm_8L7_akA En el programa de hoy N\u00faria conversa con Joaqu\u00edn Garc\u00eda de Asociaci\u00f3n de\",\"breadcrumb\":{\"@id\":\"https:\\\/\\\/dlvradio.es\\\/en-lescola-con-nuria-55\\\/#breadcrumb\"},\"inLanguage\":\"en-US\",\"potentialAction\":[{\"@type\":\"ReadAction\",\"target\":[\"https:\\\/\\\/dlvradio.es\\\/en-lescola-con-nuria-55\\\/\"]}]},{\"@type\":\"ImageObject\",\"inLanguage\":\"en-US\",\"@id\":\"https:\\\/\\\/dlvradio.es\\\/en-lescola-con-nuria-55\\\/#primaryimage\",\"url\":\"https:\\\/\\\/dlvradio.es\\\/wp-content\\\/uploads\\\/2020\\\/08\\\/Enescolalim.jpg\",\"contentUrl\":\"https:\\\/\\\/dlvradio.es\\\/wp-content\\\/uploads\\\/2020\\\/08\\\/Enescolalim.jpg\",\"width\":1511,\"height\":1511,\"caption\":\"Enescolalim\"},{\"@type\":\"BreadcrumbList\",\"@id\":\"https:\\\/\\\/dlvradio.es\\\/en-lescola-con-nuria-55\\\/#breadcrumb\",\"itemListElement\":[{\"@type\":\"ListItem\",\"position\":1,\"name\":\"Inicio\",\"item\":\"https:\\\/\\\/dlvradio.es\\\/\"},{\"@type\":\"ListItem\",\"position\":2,\"name\":\"En L&#8217;Escola con N\u00faria, 55\"}]},{\"@type\":\"WebSite\",\"@id\":\"https:\\\/\\\/dlvradio.es\\\/#website\",\"url\":\"https:\\\/\\\/dlvradio.es\\\/\",\"name\":\"DLVRADIO\",\"description\":\"Somos un medio de comunicaci\u00f3n alternativo a los medios tradicionales\",\"publisher\":{\"@id\":\"https:\\\/\\\/dlvradio.es\\\/#organization\"},\"potentialAction\":[{\"@type\":\"SearchAction\",\"target\":{\"@type\":\"EntryPoint\",\"urlTemplate\":\"https:\\\/\\\/dlvradio.es\\\/?s={search_term_string}\"},\"query-input\":{\"@type\":\"PropertyValueSpecification\",\"valueRequired\":true,\"valueName\":\"search_term_string\"}}],\"inLanguage\":\"en-US\"},{\"@type\":\"Organization\",\"@id\":\"https:\\\/\\\/dlvradio.es\\\/#organization\",\"name\":\"DLVRADIO\",\"url\":\"https:\\\/\\\/dlvradio.es\\\/\",\"logo\":{\"@type\":\"ImageObject\",\"inLanguage\":\"en-US\",\"@id\":\"https:\\\/\\\/dlvradio.es\\\/#\\\/schema\\\/logo\\\/image\\\/\",\"url\":\"\",\"contentUrl\":\"\",\"caption\":\"DLVRADIO\"},\"image\":{\"@id\":\"https:\\\/\\\/dlvradio.es\\\/#\\\/schema\\\/logo\\\/image\\\/\"},\"sameAs\":[\"https:\\\/\\\/www.facebook.com\\\/RadioDLVradio\\\/\",\"https:\\\/\\\/x.com\\\/RadioDlvradio\",\"https:\\\/\\\/www.instagram.com\\\/radiodlvradio\\\/\"]},{\"@type\":\"Person\",\"@id\":\"https:\\\/\\\/dlvradio.es\\\/#\\\/schema\\\/person\\\/7d533f9f89b13e3a3f2ba7f67d6412de\",\"name\":\"DLV RADIO\",\"sameAs\":[\"https:\\\/\\\/dlvradio.es\"]}]}<\/script>\n<!-- \/ Yoast SEO plugin. -->","yoast_head_json":{"title":"En L'Escola con N\u00faria, 55 - DLVRADIO","description":"https:\/\/open.spotify.com\/episode\/7e913vwqET5aceippy9vqD?si=HHUBCLwHRZyrMm_8L7_akA En el programa de hoy N\u00faria conversa con Joaqu\u00edn Garc\u00eda de Asociaci\u00f3n de","robots":{"index":"index","follow":"follow","max-snippet":"max-snippet:-1","max-image-preview":"max-image-preview:large","max-video-preview":"max-video-preview:-1"},"canonical":"https:\/\/dlvradio.es\/en\/en-lescola-con-nuria-55\/","og_locale":"en_US","og_type":"article","og_title":"En L'Escola con N\u00faria, 55 - DLVRADIO","og_description":"https:\/\/open.spotify.com\/episode\/7e913vwqET5aceippy9vqD?si=HHUBCLwHRZyrMm_8L7_akA En el programa de hoy N\u00faria conversa con Joaqu\u00edn Garc\u00eda de Asociaci\u00f3n de","og_url":"https:\/\/dlvradio.es\/en\/en-lescola-con-nuria-55\/","og_site_name":"DLVRADIO","article_publisher":"https:\/\/www.facebook.com\/RadioDLVradio\/","article_published_time":"2020-09-18T19:42:55+00:00","og_image":[{"width":1511,"height":1511,"url":"https:\/\/dlvradio.es\/wp-content\/uploads\/2020\/08\/Enescolalim.jpg","type":"image\/jpeg"}],"author":"DLV RADIO","twitter_card":"summary_large_image","twitter_creator":"@RadioDlvradio","twitter_site":"@RadioDlvradio","schema":{"@context":"https:\/\/schema.org","@graph":[{"@type":"Article","@id":"https:\/\/dlvradio.es\/en-lescola-con-nuria-55\/#article","isPartOf":{"@id":"https:\/\/dlvradio.es\/en-lescola-con-nuria-55\/"},"author":{"name":"DLV RADIO","@id":"https:\/\/dlvradio.es\/#\/schema\/person\/7d533f9f89b13e3a3f2ba7f67d6412de"},"headline":"En L&#8217;Escola con N\u00faria, 55","datePublished":"2020-09-18T19:42:55+00:00","mainEntityOfPage":{"@id":"https:\/\/dlvradio.es\/en-lescola-con-nuria-55\/"},"wordCount":96,"commentCount":0,"publisher":{"@id":"https:\/\/dlvradio.es\/#organization"},"image":{"@id":"https:\/\/dlvradio.es\/en-lescola-con-nuria-55\/#primaryimage"},"thumbnailUrl":"https:\/\/dlvradio.es\/wp-content\/uploads\/2020\/08\/Enescolalim.jpg","keywords":["actualidad","feminismo","magaz\u00edn"],"articleSection":["En L'Escola con N\u00faria"],"inLanguage":"en-US"},{"@type":"WebPage","@id":"https:\/\/dlvradio.es\/en-lescola-con-nuria-55\/","url":"https:\/\/dlvradio.es\/en-lescola-con-nuria-55\/","name":"En L'Escola con N\u00faria, 55 - DLVRADIO","isPartOf":{"@id":"https:\/\/dlvradio.es\/#website"},"primaryImageOfPage":{"@id":"https:\/\/dlvradio.es\/en-lescola-con-nuria-55\/#primaryimage"},"image":{"@id":"https:\/\/dlvradio.es\/en-lescola-con-nuria-55\/#primaryimage"},"thumbnailUrl":"https:\/\/dlvradio.es\/wp-content\/uploads\/2020\/08\/Enescolalim.jpg","datePublished":"2020-09-18T19:42:55+00:00","description":"https:\/\/open.spotify.com\/episode\/7e913vwqET5aceippy9vqD?si=HHUBCLwHRZyrMm_8L7_akA En el programa de hoy N\u00faria conversa con Joaqu\u00edn Garc\u00eda de Asociaci\u00f3n de","breadcrumb":{"@id":"https:\/\/dlvradio.es\/en-lescola-con-nuria-55\/#breadcrumb"},"inLanguage":"en-US","potentialAction":[{"@type":"ReadAction","target":["https:\/\/dlvradio.es\/en-lescola-con-nuria-55\/"]}]},{"@type":"ImageObject","inLanguage":"en-US","@id":"https:\/\/dlvradio.es\/en-lescola-con-nuria-55\/#primaryimage","url":"https:\/\/dlvradio.es\/wp-content\/uploads\/2020\/08\/Enescolalim.jpg","contentUrl":"https:\/\/dlvradio.es\/wp-content\/uploads\/2020\/08\/Enescolalim.jpg","width":1511,"height":1511,"caption":"Enescolalim"},{"@type":"BreadcrumbList","@id":"https:\/\/dlvradio.es\/en-lescola-con-nuria-55\/#breadcrumb","itemListElement":[{"@type":"ListItem","position":1,"name":"Inicio","item":"https:\/\/dlvradio.es\/"},{"@type":"ListItem","position":2,"name":"En L&#8217;Escola con N\u00faria, 55"}]},{"@type":"WebSite","@id":"https:\/\/dlvradio.es\/#website","url":"https:\/\/dlvradio.es\/","name":"DLVRADIO","description":"We are an alternative media to traditional media","publisher":{"@id":"https:\/\/dlvradio.es\/#organization"},"potentialAction":[{"@type":"SearchAction","target":{"@type":"EntryPoint","urlTemplate":"https:\/\/dlvradio.es\/?s={search_term_string}"},"query-input":{"@type":"PropertyValueSpecification","valueRequired":true,"valueName":"search_term_string"}}],"inLanguage":"en-US"},{"@type":"Organization","@id":"https:\/\/dlvradio.es\/#organization","name":"DLVRADIO","url":"https:\/\/dlvradio.es\/","logo":{"@type":"ImageObject","inLanguage":"en-US","@id":"https:\/\/dlvradio.es\/#\/schema\/logo\/image\/","url":"","contentUrl":"","caption":"DLVRADIO"},"image":{"@id":"https:\/\/dlvradio.es\/#\/schema\/logo\/image\/"},"sameAs":["https:\/\/www.facebook.com\/RadioDLVradio\/","https:\/\/x.com\/RadioDlvradio","https:\/\/www.instagram.com\/radiodlvradio\/"]},{"@type":"Person","@id":"https:\/\/dlvradio.es\/#\/schema\/person\/7d533f9f89b13e3a3f2ba7f67d6412de","name":"DLV RADIO","sameAs":["https:\/\/dlvradio.es"]}]}},"_links":{"self":[{"href":"https:\/\/dlvradio.es\/en\/wp-json\/wp\/v2\/posts\/69939","targetHints":{"allow":["GET"]}}],"collection":[{"href":"https:\/\/dlvradio.es\/en\/wp-json\/wp\/v2\/posts"}],"about":[{"href":"https:\/\/dlvradio.es\/en\/wp-json\/wp\/v2\/types\/post"}],"author":[{"embeddable":true,"href":"https:\/\/dlvradio.es\/en\/wp-json\/wp\/v2\/users\/4"}],"replies":[{"embeddable":true,"href":"https:\/\/dlvradio.es\/en\/wp-json\/wp\/v2\/comments?post=69939"}],"version-history":[{"count":0,"href":"https:\/\/dlvradio.es\/en\/wp-json\/wp\/v2\/posts\/69939\/revisions"}],"wp:featuredmedia":[{"embeddable":true,"href":"https:\/\/dlvradio.es\/en\/wp-json\/wp\/v2\/media\/69888"}],"wp:attachment":[{"href":"https:\/\/dlvradio.es\/en\/wp-json\/wp\/v2\/media?parent=69939"}],"wp:term":[{"taxonomy":"category","embeddable":true,"href":"https:\/\/dlvradio.es\/en\/wp-json\/wp\/v2\/categories?post=69939"},{"taxonomy":"post_tag","embeddable":true,"href":"https:\/\/dlvradio.es\/en\/wp-json\/wp\/v2\/tags?post=69939"}],"curies":[{"name":"wp","href":"https:\/\/api.w.org\/{rel}","templated":true}]}}