{"id":70011,"date":"2020-10-17T09:08:53","date_gmt":"2020-10-17T07:08:53","guid":{"rendered":"https:\/\/dlvradio.es\/conversamos-con-luis-ros-cortes-de-la-pac-badalona\/"},"modified":"2020-10-17T09:08:53","modified_gmt":"2020-10-17T07:08:53","slug":"conversamos-con-luis-ros-cortes-de-la-pac-badalona","status":"publish","type":"post","link":"https:\/\/dlvradio.es\/en\/conversamos-con-luis-ros-cortes-de-la-pac-badalona\/","title":{"rendered":"Conversamos con Luis Ros Cortes de la PAC Badalona"},"content":{"rendered":"<figure class=\"wp-block-embed-spotify wp-block-embed is-type-rich is-provider-spotify wp-embed-aspect-21-9 wp-has-aspect-ratio\"><div class=\"wp-block-embed__wrapper\">\n<iframe title=\"Spotify Embed: Conversamos con Luis Ros Cortes de la PAC Badalona\" style=\"border-radius: 12px\" width=\"100%\" height=\"152\" frameborder=\"0\" allowfullscreen allow=\"autoplay; clipboard-write; encrypted-media; fullscreen; picture-in-picture\" loading=\"lazy\" src=\"https:\/\/open.spotify.com\/embed\/episode\/2Cpr39odrteVSevvGVRgPm?si=vn9gCgT6TBy8yCXHAQ5GHg&#038;utm_source=oembed\"><\/iframe>\n<\/div><\/figure>\n\n\n\n<p><img decoding=\"async\" class=\"alignleft wp-image-3919\" src=\"https:\/\/dlvradio.es\/wp-content\/uploads\/2020\/10\/Conversamos-con-Luis-Ros-Cortes-de-la-PAC-Badalona-300x300.jpg\" alt=\"\" width=\"80\" height=\"80\" \/>Esta semana N\u00faria Gonz\u00e1lez habl\u00f3 con Luis Ros Cortes de la PAC Badalona; de desahucios, de familias, de pobreza de los trabajadores y trabajadoras de este pa\u00eds y de como muchos pol\u00edticos, como el alcalde de Badalona (Barcelona) Xavier Garc\u00eda Albiol, no hacen nada al respecto para mejorar la situaci\u00f3n de sus conciudadanos. Os dejamos el audio de la entrevista.<\/p>","protected":false},"excerpt":{"rendered":"","protected":false},"author":4,"featured_media":70012,"comment_status":"open","ping_status":"open","sticky":false,"template":"","format":"standard","meta":{"_acf_changed":false,"footnotes":""},"categories":[2485],"tags":[2466,2566],"class_list":["post-70011","post","type-post","status-publish","format-standard","has-post-thumbnail","hentry","category-personajes","tag-espana","tag-leyes"],"acf":[],"yoast_head":"<!-- This site is optimized with the Yoast SEO plugin v27.4 - https:\/\/yoast.com\/product\/yoast-seo-wordpress\/ -->\n<title>Conversamos con Luis Ros Cortes de la PAC Badalona - DLVRADIO<\/title>\n<meta name=\"description\" content=\"https:\/\/open.spotify.com\/episode\/2Cpr39odrteVSevvGVRgPm?si=vn9gCgT6TBy8yCXHAQ5GHg Esta semana N\u00faria Gonz\u00e1lez habl\u00f3 con Luis Ros Cortes de la PAC Badalona;\" \/>\n<meta name=\"robots\" content=\"index, follow, max-snippet:-1, max-image-preview:large, max-video-preview:-1\" \/>\n<link rel=\"canonical\" href=\"https:\/\/dlvradio.es\/en\/conversamos-con-luis-ros-cortes-de-la-pac-badalona\/\" \/>\n<meta property=\"og:locale\" content=\"en_US\" \/>\n<meta property=\"og:type\" content=\"article\" \/>\n<meta property=\"og:title\" content=\"Conversamos con Luis Ros Cortes de la PAC Badalona - DLVRADIO\" \/>\n<meta property=\"og:description\" content=\"https:\/\/open.spotify.com\/episode\/2Cpr39odrteVSevvGVRgPm?si=vn9gCgT6TBy8yCXHAQ5GHg Esta semana N\u00faria Gonz\u00e1lez habl\u00f3 con Luis Ros Cortes de la PAC Badalona;\" \/>\n<meta property=\"og:url\" content=\"https:\/\/dlvradio.es\/en\/conversamos-con-luis-ros-cortes-de-la-pac-badalona\/\" \/>\n<meta property=\"og:site_name\" content=\"DLVRADIO\" \/>\n<meta property=\"article:publisher\" content=\"https:\/\/www.facebook.com\/RadioDLVradio\/\" \/>\n<meta property=\"article:published_time\" content=\"2020-10-17T07:08:53+00:00\" \/>\n<meta property=\"og:image\" content=\"https:\/\/dlvradio.es\/wp-content\/uploads\/2020\/10\/Conversamos-con-Luis-Ros-Cortes-de-la-PAC-Badalona.jpg\" \/>\n\t<meta property=\"og:image:width\" content=\"1511\" \/>\n\t<meta property=\"og:image:height\" content=\"1511\" \/>\n\t<meta property=\"og:image:type\" content=\"image\/jpeg\" \/>\n<meta name=\"author\" content=\"DLV RADIO\" \/>\n<meta name=\"twitter:card\" content=\"summary_large_image\" \/>\n<meta name=\"twitter:creator\" content=\"@RadioDlvradio\" \/>\n<meta name=\"twitter:site\" content=\"@RadioDlvradio\" \/>\n<script type=\"application\/ld+json\" class=\"yoast-schema-graph\">{\"@context\":\"https:\\\/\\\/schema.org\",\"@graph\":[{\"@type\":\"Article\",\"@id\":\"https:\\\/\\\/dlvradio.es\\\/conversamos-con-luis-ros-cortes-de-la-pac-badalona\\\/#article\",\"isPartOf\":{\"@id\":\"https:\\\/\\\/dlvradio.es\\\/conversamos-con-luis-ros-cortes-de-la-pac-badalona\\\/\"},\"author\":{\"name\":\"DLV RADIO\",\"@id\":\"https:\\\/\\\/dlvradio.es\\\/#\\\/schema\\\/person\\\/7d533f9f89b13e3a3f2ba7f67d6412de\"},\"headline\":\"Conversamos con Luis Ros Cortes de la PAC Badalona\",\"datePublished\":\"2020-10-17T07:08:53+00:00\",\"mainEntityOfPage\":{\"@id\":\"https:\\\/\\\/dlvradio.es\\\/conversamos-con-luis-ros-cortes-de-la-pac-badalona\\\/\"},\"wordCount\":88,\"commentCount\":0,\"publisher\":{\"@id\":\"https:\\\/\\\/dlvradio.es\\\/#organization\"},\"image\":{\"@id\":\"https:\\\/\\\/dlvradio.es\\\/conversamos-con-luis-ros-cortes-de-la-pac-badalona\\\/#primaryimage\"},\"thumbnailUrl\":\"https:\\\/\\\/dlvradio.es\\\/wp-content\\\/uploads\\\/2020\\\/10\\\/Conversamos-con-Luis-Ros-Cortes-de-la-PAC-Badalona.jpg\",\"keywords\":[\"Espa\u00f1a\",\"leyes\"],\"articleSection\":[\"Personajes\"],\"inLanguage\":\"en-US\"},{\"@type\":\"WebPage\",\"@id\":\"https:\\\/\\\/dlvradio.es\\\/conversamos-con-luis-ros-cortes-de-la-pac-badalona\\\/\",\"url\":\"https:\\\/\\\/dlvradio.es\\\/conversamos-con-luis-ros-cortes-de-la-pac-badalona\\\/\",\"name\":\"Conversamos con Luis Ros Cortes de la PAC Badalona - DLVRADIO\",\"isPartOf\":{\"@id\":\"https:\\\/\\\/dlvradio.es\\\/#website\"},\"primaryImageOfPage\":{\"@id\":\"https:\\\/\\\/dlvradio.es\\\/conversamos-con-luis-ros-cortes-de-la-pac-badalona\\\/#primaryimage\"},\"image\":{\"@id\":\"https:\\\/\\\/dlvradio.es\\\/conversamos-con-luis-ros-cortes-de-la-pac-badalona\\\/#primaryimage\"},\"thumbnailUrl\":\"https:\\\/\\\/dlvradio.es\\\/wp-content\\\/uploads\\\/2020\\\/10\\\/Conversamos-con-Luis-Ros-Cortes-de-la-PAC-Badalona.jpg\",\"datePublished\":\"2020-10-17T07:08:53+00:00\",\"description\":\"https:\\\/\\\/open.spotify.com\\\/episode\\\/2Cpr39odrteVSevvGVRgPm?si=vn9gCgT6TBy8yCXHAQ5GHg Esta semana N\u00faria Gonz\u00e1lez habl\u00f3 con Luis Ros Cortes de la PAC Badalona;\",\"breadcrumb\":{\"@id\":\"https:\\\/\\\/dlvradio.es\\\/conversamos-con-luis-ros-cortes-de-la-pac-badalona\\\/#breadcrumb\"},\"inLanguage\":\"en-US\",\"potentialAction\":[{\"@type\":\"ReadAction\",\"target\":[\"https:\\\/\\\/dlvradio.es\\\/conversamos-con-luis-ros-cortes-de-la-pac-badalona\\\/\"]}]},{\"@type\":\"ImageObject\",\"inLanguage\":\"en-US\",\"@id\":\"https:\\\/\\\/dlvradio.es\\\/conversamos-con-luis-ros-cortes-de-la-pac-badalona\\\/#primaryimage\",\"url\":\"https:\\\/\\\/dlvradio.es\\\/wp-content\\\/uploads\\\/2020\\\/10\\\/Conversamos-con-Luis-Ros-Cortes-de-la-PAC-Badalona.jpg\",\"contentUrl\":\"https:\\\/\\\/dlvradio.es\\\/wp-content\\\/uploads\\\/2020\\\/10\\\/Conversamos-con-Luis-Ros-Cortes-de-la-PAC-Badalona.jpg\",\"width\":1511,\"height\":1511,\"caption\":\"Conversamos con Luis Ros Cortes de la PAC Badalona\"},{\"@type\":\"BreadcrumbList\",\"@id\":\"https:\\\/\\\/dlvradio.es\\\/conversamos-con-luis-ros-cortes-de-la-pac-badalona\\\/#breadcrumb\",\"itemListElement\":[{\"@type\":\"ListItem\",\"position\":1,\"name\":\"Inicio\",\"item\":\"https:\\\/\\\/dlvradio.es\\\/\"},{\"@type\":\"ListItem\",\"position\":2,\"name\":\"Conversamos con Luis Ros Cortes de la PAC Badalona\"}]},{\"@type\":\"WebSite\",\"@id\":\"https:\\\/\\\/dlvradio.es\\\/#website\",\"url\":\"https:\\\/\\\/dlvradio.es\\\/\",\"name\":\"DLVRADIO\",\"description\":\"Somos un medio de comunicaci\u00f3n alternativo a los medios tradicionales\",\"publisher\":{\"@id\":\"https:\\\/\\\/dlvradio.es\\\/#organization\"},\"potentialAction\":[{\"@type\":\"SearchAction\",\"target\":{\"@type\":\"EntryPoint\",\"urlTemplate\":\"https:\\\/\\\/dlvradio.es\\\/?s={search_term_string}\"},\"query-input\":{\"@type\":\"PropertyValueSpecification\",\"valueRequired\":true,\"valueName\":\"search_term_string\"}}],\"inLanguage\":\"en-US\"},{\"@type\":\"Organization\",\"@id\":\"https:\\\/\\\/dlvradio.es\\\/#organization\",\"name\":\"DLVRADIO\",\"url\":\"https:\\\/\\\/dlvradio.es\\\/\",\"logo\":{\"@type\":\"ImageObject\",\"inLanguage\":\"en-US\",\"@id\":\"https:\\\/\\\/dlvradio.es\\\/#\\\/schema\\\/logo\\\/image\\\/\",\"url\":\"\",\"contentUrl\":\"\",\"caption\":\"DLVRADIO\"},\"image\":{\"@id\":\"https:\\\/\\\/dlvradio.es\\\/#\\\/schema\\\/logo\\\/image\\\/\"},\"sameAs\":[\"https:\\\/\\\/www.facebook.com\\\/RadioDLVradio\\\/\",\"https:\\\/\\\/x.com\\\/RadioDlvradio\",\"https:\\\/\\\/www.instagram.com\\\/radiodlvradio\\\/\"]},{\"@type\":\"Person\",\"@id\":\"https:\\\/\\\/dlvradio.es\\\/#\\\/schema\\\/person\\\/7d533f9f89b13e3a3f2ba7f67d6412de\",\"name\":\"DLV RADIO\",\"sameAs\":[\"https:\\\/\\\/dlvradio.es\"]}]}<\/script>\n<!-- \/ Yoast SEO plugin. -->","yoast_head_json":{"title":"Conversamos con Luis Ros Cortes de la PAC Badalona - DLVRADIO","description":"https:\/\/open.spotify.com\/episode\/2Cpr39odrteVSevvGVRgPm?si=vn9gCgT6TBy8yCXHAQ5GHg Esta semana N\u00faria Gonz\u00e1lez habl\u00f3 con Luis Ros Cortes de la PAC Badalona;","robots":{"index":"index","follow":"follow","max-snippet":"max-snippet:-1","max-image-preview":"max-image-preview:large","max-video-preview":"max-video-preview:-1"},"canonical":"https:\/\/dlvradio.es\/en\/conversamos-con-luis-ros-cortes-de-la-pac-badalona\/","og_locale":"en_US","og_type":"article","og_title":"Conversamos con Luis Ros Cortes de la PAC Badalona - DLVRADIO","og_description":"https:\/\/open.spotify.com\/episode\/2Cpr39odrteVSevvGVRgPm?si=vn9gCgT6TBy8yCXHAQ5GHg Esta semana N\u00faria Gonz\u00e1lez habl\u00f3 con Luis Ros Cortes de la PAC Badalona;","og_url":"https:\/\/dlvradio.es\/en\/conversamos-con-luis-ros-cortes-de-la-pac-badalona\/","og_site_name":"DLVRADIO","article_publisher":"https:\/\/www.facebook.com\/RadioDLVradio\/","article_published_time":"2020-10-17T07:08:53+00:00","og_image":[{"width":1511,"height":1511,"url":"https:\/\/dlvradio.es\/wp-content\/uploads\/2020\/10\/Conversamos-con-Luis-Ros-Cortes-de-la-PAC-Badalona.jpg","type":"image\/jpeg"}],"author":"DLV RADIO","twitter_card":"summary_large_image","twitter_creator":"@RadioDlvradio","twitter_site":"@RadioDlvradio","schema":{"@context":"https:\/\/schema.org","@graph":[{"@type":"Article","@id":"https:\/\/dlvradio.es\/conversamos-con-luis-ros-cortes-de-la-pac-badalona\/#article","isPartOf":{"@id":"https:\/\/dlvradio.es\/conversamos-con-luis-ros-cortes-de-la-pac-badalona\/"},"author":{"name":"DLV RADIO","@id":"https:\/\/dlvradio.es\/#\/schema\/person\/7d533f9f89b13e3a3f2ba7f67d6412de"},"headline":"Conversamos con Luis Ros Cortes de la PAC Badalona","datePublished":"2020-10-17T07:08:53+00:00","mainEntityOfPage":{"@id":"https:\/\/dlvradio.es\/conversamos-con-luis-ros-cortes-de-la-pac-badalona\/"},"wordCount":88,"commentCount":0,"publisher":{"@id":"https:\/\/dlvradio.es\/#organization"},"image":{"@id":"https:\/\/dlvradio.es\/conversamos-con-luis-ros-cortes-de-la-pac-badalona\/#primaryimage"},"thumbnailUrl":"https:\/\/dlvradio.es\/wp-content\/uploads\/2020\/10\/Conversamos-con-Luis-Ros-Cortes-de-la-PAC-Badalona.jpg","keywords":["Espa\u00f1a","leyes"],"articleSection":["Personajes"],"inLanguage":"en-US"},{"@type":"WebPage","@id":"https:\/\/dlvradio.es\/conversamos-con-luis-ros-cortes-de-la-pac-badalona\/","url":"https:\/\/dlvradio.es\/conversamos-con-luis-ros-cortes-de-la-pac-badalona\/","name":"Conversamos con Luis Ros Cortes de la PAC Badalona - DLVRADIO","isPartOf":{"@id":"https:\/\/dlvradio.es\/#website"},"primaryImageOfPage":{"@id":"https:\/\/dlvradio.es\/conversamos-con-luis-ros-cortes-de-la-pac-badalona\/#primaryimage"},"image":{"@id":"https:\/\/dlvradio.es\/conversamos-con-luis-ros-cortes-de-la-pac-badalona\/#primaryimage"},"thumbnailUrl":"https:\/\/dlvradio.es\/wp-content\/uploads\/2020\/10\/Conversamos-con-Luis-Ros-Cortes-de-la-PAC-Badalona.jpg","datePublished":"2020-10-17T07:08:53+00:00","description":"https:\/\/open.spotify.com\/episode\/2Cpr39odrteVSevvGVRgPm?si=vn9gCgT6TBy8yCXHAQ5GHg Esta semana N\u00faria Gonz\u00e1lez habl\u00f3 con Luis Ros Cortes de la PAC Badalona;","breadcrumb":{"@id":"https:\/\/dlvradio.es\/conversamos-con-luis-ros-cortes-de-la-pac-badalona\/#breadcrumb"},"inLanguage":"en-US","potentialAction":[{"@type":"ReadAction","target":["https:\/\/dlvradio.es\/conversamos-con-luis-ros-cortes-de-la-pac-badalona\/"]}]},{"@type":"ImageObject","inLanguage":"en-US","@id":"https:\/\/dlvradio.es\/conversamos-con-luis-ros-cortes-de-la-pac-badalona\/#primaryimage","url":"https:\/\/dlvradio.es\/wp-content\/uploads\/2020\/10\/Conversamos-con-Luis-Ros-Cortes-de-la-PAC-Badalona.jpg","contentUrl":"https:\/\/dlvradio.es\/wp-content\/uploads\/2020\/10\/Conversamos-con-Luis-Ros-Cortes-de-la-PAC-Badalona.jpg","width":1511,"height":1511,"caption":"Conversamos con Luis Ros Cortes de la PAC Badalona"},{"@type":"BreadcrumbList","@id":"https:\/\/dlvradio.es\/conversamos-con-luis-ros-cortes-de-la-pac-badalona\/#breadcrumb","itemListElement":[{"@type":"ListItem","position":1,"name":"Inicio","item":"https:\/\/dlvradio.es\/"},{"@type":"ListItem","position":2,"name":"Conversamos con Luis Ros Cortes de la PAC Badalona"}]},{"@type":"WebSite","@id":"https:\/\/dlvradio.es\/#website","url":"https:\/\/dlvradio.es\/","name":"DLVRADIO","description":"We are an alternative media to traditional media","publisher":{"@id":"https:\/\/dlvradio.es\/#organization"},"potentialAction":[{"@type":"SearchAction","target":{"@type":"EntryPoint","urlTemplate":"https:\/\/dlvradio.es\/?s={search_term_string}"},"query-input":{"@type":"PropertyValueSpecification","valueRequired":true,"valueName":"search_term_string"}}],"inLanguage":"en-US"},{"@type":"Organization","@id":"https:\/\/dlvradio.es\/#organization","name":"DLVRADIO","url":"https:\/\/dlvradio.es\/","logo":{"@type":"ImageObject","inLanguage":"en-US","@id":"https:\/\/dlvradio.es\/#\/schema\/logo\/image\/","url":"","contentUrl":"","caption":"DLVRADIO"},"image":{"@id":"https:\/\/dlvradio.es\/#\/schema\/logo\/image\/"},"sameAs":["https:\/\/www.facebook.com\/RadioDLVradio\/","https:\/\/x.com\/RadioDlvradio","https:\/\/www.instagram.com\/radiodlvradio\/"]},{"@type":"Person","@id":"https:\/\/dlvradio.es\/#\/schema\/person\/7d533f9f89b13e3a3f2ba7f67d6412de","name":"DLV RADIO","sameAs":["https:\/\/dlvradio.es"]}]}},"_links":{"self":[{"href":"https:\/\/dlvradio.es\/en\/wp-json\/wp\/v2\/posts\/70011","targetHints":{"allow":["GET"]}}],"collection":[{"href":"https:\/\/dlvradio.es\/en\/wp-json\/wp\/v2\/posts"}],"about":[{"href":"https:\/\/dlvradio.es\/en\/wp-json\/wp\/v2\/types\/post"}],"author":[{"embeddable":true,"href":"https:\/\/dlvradio.es\/en\/wp-json\/wp\/v2\/users\/4"}],"replies":[{"embeddable":true,"href":"https:\/\/dlvradio.es\/en\/wp-json\/wp\/v2\/comments?post=70011"}],"version-history":[{"count":0,"href":"https:\/\/dlvradio.es\/en\/wp-json\/wp\/v2\/posts\/70011\/revisions"}],"wp:featuredmedia":[{"embeddable":true,"href":"https:\/\/dlvradio.es\/en\/wp-json\/wp\/v2\/media\/70012"}],"wp:attachment":[{"href":"https:\/\/dlvradio.es\/en\/wp-json\/wp\/v2\/media?parent=70011"}],"wp:term":[{"taxonomy":"category","embeddable":true,"href":"https:\/\/dlvradio.es\/en\/wp-json\/wp\/v2\/categories?post=70011"},{"taxonomy":"post_tag","embeddable":true,"href":"https:\/\/dlvradio.es\/en\/wp-json\/wp\/v2\/tags?post=70011"}],"curies":[{"name":"wp","href":"https:\/\/api.w.org\/{rel}","templated":true}]}}