{"id":70032,"date":"2020-10-27T20:37:31","date_gmt":"2020-10-27T19:37:31","guid":{"rendered":"https:\/\/dlvradio.es\/el-decreto-nuestro-de-cada-dia-29\/"},"modified":"2020-10-27T20:37:31","modified_gmt":"2020-10-27T19:37:31","slug":"el-decreto-nuestro-de-cada-dia-29","status":"publish","type":"post","link":"https:\/\/dlvradio.es\/en\/el-decreto-nuestro-de-cada-dia-29\/","title":{"rendered":"Our daily decree, 29"},"content":{"rendered":"<figure class=\"wp-block-embed-spotify wp-block-embed is-type-rich is-provider-spotify wp-embed-aspect-21-9 wp-has-aspect-ratio\"><div class=\"wp-block-embed__wrapper\">\n<iframe title=\"Spotify Embed: El decreto nuestro de cada d\u00eda, 29\" style=\"border-radius: 12px\" width=\"100%\" height=\"152\" frameborder=\"0\" allowfullscreen allow=\"autoplay; clipboard-write; encrypted-media; fullscreen; picture-in-picture\" loading=\"lazy\" src=\"https:\/\/open.spotify.com\/embed\/episode\/3UakZsvoYy1Yjn8cwvJDhd?si=h-c1Jxk4RxeEY8wRbYRzYg&#038;utm_source=oembed\"><\/iframe>\n<\/div><\/figure>\n\n\n\n<p><img decoding=\"async\" class=\"alignleft wp-image-4116\" src=\"https:\/\/dlvradio.es\/wp-content\/uploads\/2020\/10\/el-decreto-29-300x300.jpg\" alt=\"\" width=\"120\" height=\"120\" \/>Ya estamos en directo con nuestro programa, tertulia que gira en torno a las leyes, normas\u2026 que se est\u00e1n tomando sobre el #covid-19 en Espa\u00f1a. Esta semana hay muchos puntos que tratar ya que los datos cada vez son peores y las comunidades aut\u00f3nomas y el Gobierno central est\u00e1n tomando todo tipo de medidas. \u00bfEstado de alarma como nos afecta?, Fiestas ilegales estando la situaci\u00f3n como esta?, \u00bfDiferencias entre comunidades aut\u00f3nomas con respecto al toque de queda?&#8230; Est\u00e1 semana con N\u00faria Gonz\u00e1lez, Montse Seijas, Jos\u00e9 Lius \u00dariz, Gerardo Suarez y Joan Jordi Abent\u00edn.<\/p>\n<p><iframe title=\"El Decreto nuestro de cada d\u00eda, 29\" width=\"800\" height=\"450\" src=\"https:\/\/www.youtube.com\/embed\/7F1y-3SWGyU?feature=oembed\" frameborder=\"0\" allow=\"accelerometer; autoplay; clipboard-write; encrypted-media; gyroscope; picture-in-picture; web-share\" referrerpolicy=\"strict-origin-when-cross-origin\" allowfullscreen><\/iframe><\/p>\n\n\n\n<p><\/p>","protected":false},"excerpt":{"rendered":"","protected":false},"author":4,"featured_media":70033,"comment_status":"open","ping_status":"open","sticky":false,"template":"","format":"standard","meta":{"_acf_changed":false,"footnotes":""},"categories":[2766],"tags":[2479,2489],"class_list":["post-70032","post","type-post","status-publish","format-standard","has-post-thumbnail","hentry","category-el-decreto","tag-debate","tag-tertulia"],"acf":[],"yoast_head":"<!-- This site is optimized with the Yoast SEO plugin v27.4 - https:\/\/yoast.com\/product\/yoast-seo-wordpress\/ -->\n<title>El decreto nuestro de cada d\u00eda, 29 - DLVRADIO<\/title>\n<meta name=\"description\" content=\"https:\/\/open.spotify.com\/episode\/3UakZsvoYy1Yjn8cwvJDhd?si=h-c1Jxk4RxeEY8wRbYRzYg Ya estamos en directo con nuestro programa, tertulia que gira en torno a\" \/>\n<meta name=\"robots\" content=\"index, follow, max-snippet:-1, max-image-preview:large, max-video-preview:-1\" \/>\n<link rel=\"canonical\" href=\"https:\/\/dlvradio.es\/en\/el-decreto-nuestro-de-cada-dia-29\/\" \/>\n<meta property=\"og:locale\" content=\"en_US\" \/>\n<meta property=\"og:type\" content=\"article\" \/>\n<meta property=\"og:title\" content=\"El decreto nuestro de cada d\u00eda, 29 - DLVRADIO\" \/>\n<meta property=\"og:description\" content=\"https:\/\/open.spotify.com\/episode\/3UakZsvoYy1Yjn8cwvJDhd?si=h-c1Jxk4RxeEY8wRbYRzYg Ya estamos en directo con nuestro programa, tertulia que gira en torno a\" \/>\n<meta property=\"og:url\" content=\"https:\/\/dlvradio.es\/en\/el-decreto-nuestro-de-cada-dia-29\/\" \/>\n<meta property=\"og:site_name\" content=\"DLVRADIO\" \/>\n<meta property=\"article:publisher\" content=\"https:\/\/www.facebook.com\/RadioDLVradio\/\" \/>\n<meta property=\"article:published_time\" content=\"2020-10-27T19:37:31+00:00\" \/>\n<meta property=\"og:image\" content=\"https:\/\/dlvradio.es\/wp-content\/uploads\/2020\/10\/el-decreto-29.jpg\" \/>\n\t<meta property=\"og:image:width\" content=\"1511\" \/>\n\t<meta property=\"og:image:height\" content=\"1511\" \/>\n\t<meta property=\"og:image:type\" content=\"image\/jpeg\" \/>\n<meta name=\"author\" content=\"DLV RADIO\" \/>\n<meta name=\"twitter:card\" content=\"summary_large_image\" \/>\n<meta name=\"twitter:creator\" content=\"@RadioDlvradio\" \/>\n<meta name=\"twitter:site\" content=\"@RadioDlvradio\" \/>\n<script type=\"application\/ld+json\" class=\"yoast-schema-graph\">{\"@context\":\"https:\\\/\\\/schema.org\",\"@graph\":[{\"@type\":\"Article\",\"@id\":\"https:\\\/\\\/dlvradio.es\\\/el-decreto-nuestro-de-cada-dia-29\\\/#article\",\"isPartOf\":{\"@id\":\"https:\\\/\\\/dlvradio.es\\\/el-decreto-nuestro-de-cada-dia-29\\\/\"},\"author\":{\"name\":\"DLV RADIO\",\"@id\":\"https:\\\/\\\/dlvradio.es\\\/#\\\/schema\\\/person\\\/7d533f9f89b13e3a3f2ba7f67d6412de\"},\"headline\":\"El decreto nuestro de cada d\u00eda, 29\",\"datePublished\":\"2020-10-27T19:37:31+00:00\",\"mainEntityOfPage\":{\"@id\":\"https:\\\/\\\/dlvradio.es\\\/el-decreto-nuestro-de-cada-dia-29\\\/\"},\"wordCount\":130,\"commentCount\":0,\"publisher\":{\"@id\":\"https:\\\/\\\/dlvradio.es\\\/#organization\"},\"image\":{\"@id\":\"https:\\\/\\\/dlvradio.es\\\/el-decreto-nuestro-de-cada-dia-29\\\/#primaryimage\"},\"thumbnailUrl\":\"https:\\\/\\\/dlvradio.es\\\/wp-content\\\/uploads\\\/2020\\\/10\\\/el-decreto-29.jpg\",\"keywords\":[\"debate\",\"Tertulia\"],\"articleSection\":[\"El Decreto\"],\"inLanguage\":\"en-US\"},{\"@type\":\"WebPage\",\"@id\":\"https:\\\/\\\/dlvradio.es\\\/el-decreto-nuestro-de-cada-dia-29\\\/\",\"url\":\"https:\\\/\\\/dlvradio.es\\\/el-decreto-nuestro-de-cada-dia-29\\\/\",\"name\":\"El decreto nuestro de cada d\u00eda, 29 - DLVRADIO\",\"isPartOf\":{\"@id\":\"https:\\\/\\\/dlvradio.es\\\/#website\"},\"primaryImageOfPage\":{\"@id\":\"https:\\\/\\\/dlvradio.es\\\/el-decreto-nuestro-de-cada-dia-29\\\/#primaryimage\"},\"image\":{\"@id\":\"https:\\\/\\\/dlvradio.es\\\/el-decreto-nuestro-de-cada-dia-29\\\/#primaryimage\"},\"thumbnailUrl\":\"https:\\\/\\\/dlvradio.es\\\/wp-content\\\/uploads\\\/2020\\\/10\\\/el-decreto-29.jpg\",\"datePublished\":\"2020-10-27T19:37:31+00:00\",\"description\":\"https:\\\/\\\/open.spotify.com\\\/episode\\\/3UakZsvoYy1Yjn8cwvJDhd?si=h-c1Jxk4RxeEY8wRbYRzYg Ya estamos en directo con nuestro programa, tertulia que gira en torno a\",\"breadcrumb\":{\"@id\":\"https:\\\/\\\/dlvradio.es\\\/el-decreto-nuestro-de-cada-dia-29\\\/#breadcrumb\"},\"inLanguage\":\"en-US\",\"potentialAction\":[{\"@type\":\"ReadAction\",\"target\":[\"https:\\\/\\\/dlvradio.es\\\/el-decreto-nuestro-de-cada-dia-29\\\/\"]}]},{\"@type\":\"ImageObject\",\"inLanguage\":\"en-US\",\"@id\":\"https:\\\/\\\/dlvradio.es\\\/el-decreto-nuestro-de-cada-dia-29\\\/#primaryimage\",\"url\":\"https:\\\/\\\/dlvradio.es\\\/wp-content\\\/uploads\\\/2020\\\/10\\\/el-decreto-29.jpg\",\"contentUrl\":\"https:\\\/\\\/dlvradio.es\\\/wp-content\\\/uploads\\\/2020\\\/10\\\/el-decreto-29.jpg\",\"width\":1511,\"height\":1511,\"caption\":\"el decreto 29\"},{\"@type\":\"BreadcrumbList\",\"@id\":\"https:\\\/\\\/dlvradio.es\\\/el-decreto-nuestro-de-cada-dia-29\\\/#breadcrumb\",\"itemListElement\":[{\"@type\":\"ListItem\",\"position\":1,\"name\":\"Inicio\",\"item\":\"https:\\\/\\\/dlvradio.es\\\/\"},{\"@type\":\"ListItem\",\"position\":2,\"name\":\"El decreto nuestro de cada d\u00eda, 29\"}]},{\"@type\":\"WebSite\",\"@id\":\"https:\\\/\\\/dlvradio.es\\\/#website\",\"url\":\"https:\\\/\\\/dlvradio.es\\\/\",\"name\":\"DLVRADIO\",\"description\":\"Somos un medio de comunicaci\u00f3n alternativo a los medios tradicionales\",\"publisher\":{\"@id\":\"https:\\\/\\\/dlvradio.es\\\/#organization\"},\"potentialAction\":[{\"@type\":\"SearchAction\",\"target\":{\"@type\":\"EntryPoint\",\"urlTemplate\":\"https:\\\/\\\/dlvradio.es\\\/?s={search_term_string}\"},\"query-input\":{\"@type\":\"PropertyValueSpecification\",\"valueRequired\":true,\"valueName\":\"search_term_string\"}}],\"inLanguage\":\"en-US\"},{\"@type\":\"Organization\",\"@id\":\"https:\\\/\\\/dlvradio.es\\\/#organization\",\"name\":\"DLVRADIO\",\"url\":\"https:\\\/\\\/dlvradio.es\\\/\",\"logo\":{\"@type\":\"ImageObject\",\"inLanguage\":\"en-US\",\"@id\":\"https:\\\/\\\/dlvradio.es\\\/#\\\/schema\\\/logo\\\/image\\\/\",\"url\":\"\",\"contentUrl\":\"\",\"caption\":\"DLVRADIO\"},\"image\":{\"@id\":\"https:\\\/\\\/dlvradio.es\\\/#\\\/schema\\\/logo\\\/image\\\/\"},\"sameAs\":[\"https:\\\/\\\/www.facebook.com\\\/RadioDLVradio\\\/\",\"https:\\\/\\\/x.com\\\/RadioDlvradio\",\"https:\\\/\\\/www.instagram.com\\\/radiodlvradio\\\/\"]},{\"@type\":\"Person\",\"@id\":\"https:\\\/\\\/dlvradio.es\\\/#\\\/schema\\\/person\\\/7d533f9f89b13e3a3f2ba7f67d6412de\",\"name\":\"DLV RADIO\",\"sameAs\":[\"https:\\\/\\\/dlvradio.es\"]}]}<\/script>\n<!-- \/ Yoast SEO plugin. -->","yoast_head_json":{"title":"El decreto nuestro de cada d\u00eda, 29 - DLVRADIO","description":"https:\/\/open.spotify.com\/episode\/3UakZsvoYy1Yjn8cwvJDhd?si=h-c1Jxk4RxeEY8wRbYRzYg Ya estamos en directo con nuestro programa, tertulia que gira en torno a","robots":{"index":"index","follow":"follow","max-snippet":"max-snippet:-1","max-image-preview":"max-image-preview:large","max-video-preview":"max-video-preview:-1"},"canonical":"https:\/\/dlvradio.es\/en\/el-decreto-nuestro-de-cada-dia-29\/","og_locale":"en_US","og_type":"article","og_title":"El decreto nuestro de cada d\u00eda, 29 - DLVRADIO","og_description":"https:\/\/open.spotify.com\/episode\/3UakZsvoYy1Yjn8cwvJDhd?si=h-c1Jxk4RxeEY8wRbYRzYg Ya estamos en directo con nuestro programa, tertulia que gira en torno a","og_url":"https:\/\/dlvradio.es\/en\/el-decreto-nuestro-de-cada-dia-29\/","og_site_name":"DLVRADIO","article_publisher":"https:\/\/www.facebook.com\/RadioDLVradio\/","article_published_time":"2020-10-27T19:37:31+00:00","og_image":[{"width":1511,"height":1511,"url":"https:\/\/dlvradio.es\/wp-content\/uploads\/2020\/10\/el-decreto-29.jpg","type":"image\/jpeg"}],"author":"DLV RADIO","twitter_card":"summary_large_image","twitter_creator":"@RadioDlvradio","twitter_site":"@RadioDlvradio","schema":{"@context":"https:\/\/schema.org","@graph":[{"@type":"Article","@id":"https:\/\/dlvradio.es\/el-decreto-nuestro-de-cada-dia-29\/#article","isPartOf":{"@id":"https:\/\/dlvradio.es\/el-decreto-nuestro-de-cada-dia-29\/"},"author":{"name":"DLV RADIO","@id":"https:\/\/dlvradio.es\/#\/schema\/person\/7d533f9f89b13e3a3f2ba7f67d6412de"},"headline":"El decreto nuestro de cada d\u00eda, 29","datePublished":"2020-10-27T19:37:31+00:00","mainEntityOfPage":{"@id":"https:\/\/dlvradio.es\/el-decreto-nuestro-de-cada-dia-29\/"},"wordCount":130,"commentCount":0,"publisher":{"@id":"https:\/\/dlvradio.es\/#organization"},"image":{"@id":"https:\/\/dlvradio.es\/el-decreto-nuestro-de-cada-dia-29\/#primaryimage"},"thumbnailUrl":"https:\/\/dlvradio.es\/wp-content\/uploads\/2020\/10\/el-decreto-29.jpg","keywords":["debate","Tertulia"],"articleSection":["El Decreto"],"inLanguage":"en-US"},{"@type":"WebPage","@id":"https:\/\/dlvradio.es\/el-decreto-nuestro-de-cada-dia-29\/","url":"https:\/\/dlvradio.es\/el-decreto-nuestro-de-cada-dia-29\/","name":"El decreto nuestro de cada d\u00eda, 29 - DLVRADIO","isPartOf":{"@id":"https:\/\/dlvradio.es\/#website"},"primaryImageOfPage":{"@id":"https:\/\/dlvradio.es\/el-decreto-nuestro-de-cada-dia-29\/#primaryimage"},"image":{"@id":"https:\/\/dlvradio.es\/el-decreto-nuestro-de-cada-dia-29\/#primaryimage"},"thumbnailUrl":"https:\/\/dlvradio.es\/wp-content\/uploads\/2020\/10\/el-decreto-29.jpg","datePublished":"2020-10-27T19:37:31+00:00","description":"https:\/\/open.spotify.com\/episode\/3UakZsvoYy1Yjn8cwvJDhd?si=h-c1Jxk4RxeEY8wRbYRzYg Ya estamos en directo con nuestro programa, tertulia que gira en torno a","breadcrumb":{"@id":"https:\/\/dlvradio.es\/el-decreto-nuestro-de-cada-dia-29\/#breadcrumb"},"inLanguage":"en-US","potentialAction":[{"@type":"ReadAction","target":["https:\/\/dlvradio.es\/el-decreto-nuestro-de-cada-dia-29\/"]}]},{"@type":"ImageObject","inLanguage":"en-US","@id":"https:\/\/dlvradio.es\/el-decreto-nuestro-de-cada-dia-29\/#primaryimage","url":"https:\/\/dlvradio.es\/wp-content\/uploads\/2020\/10\/el-decreto-29.jpg","contentUrl":"https:\/\/dlvradio.es\/wp-content\/uploads\/2020\/10\/el-decreto-29.jpg","width":1511,"height":1511,"caption":"el decreto 29"},{"@type":"BreadcrumbList","@id":"https:\/\/dlvradio.es\/el-decreto-nuestro-de-cada-dia-29\/#breadcrumb","itemListElement":[{"@type":"ListItem","position":1,"name":"Inicio","item":"https:\/\/dlvradio.es\/"},{"@type":"ListItem","position":2,"name":"El decreto nuestro de cada d\u00eda, 29"}]},{"@type":"WebSite","@id":"https:\/\/dlvradio.es\/#website","url":"https:\/\/dlvradio.es\/","name":"DLVRADIO","description":"We are an alternative media to traditional media","publisher":{"@id":"https:\/\/dlvradio.es\/#organization"},"potentialAction":[{"@type":"SearchAction","target":{"@type":"EntryPoint","urlTemplate":"https:\/\/dlvradio.es\/?s={search_term_string}"},"query-input":{"@type":"PropertyValueSpecification","valueRequired":true,"valueName":"search_term_string"}}],"inLanguage":"en-US"},{"@type":"Organization","@id":"https:\/\/dlvradio.es\/#organization","name":"DLVRADIO","url":"https:\/\/dlvradio.es\/","logo":{"@type":"ImageObject","inLanguage":"en-US","@id":"https:\/\/dlvradio.es\/#\/schema\/logo\/image\/","url":"","contentUrl":"","caption":"DLVRADIO"},"image":{"@id":"https:\/\/dlvradio.es\/#\/schema\/logo\/image\/"},"sameAs":["https:\/\/www.facebook.com\/RadioDLVradio\/","https:\/\/x.com\/RadioDlvradio","https:\/\/www.instagram.com\/radiodlvradio\/"]},{"@type":"Person","@id":"https:\/\/dlvradio.es\/#\/schema\/person\/7d533f9f89b13e3a3f2ba7f67d6412de","name":"DLV RADIO","sameAs":["https:\/\/dlvradio.es"]}]}},"_links":{"self":[{"href":"https:\/\/dlvradio.es\/en\/wp-json\/wp\/v2\/posts\/70032","targetHints":{"allow":["GET"]}}],"collection":[{"href":"https:\/\/dlvradio.es\/en\/wp-json\/wp\/v2\/posts"}],"about":[{"href":"https:\/\/dlvradio.es\/en\/wp-json\/wp\/v2\/types\/post"}],"author":[{"embeddable":true,"href":"https:\/\/dlvradio.es\/en\/wp-json\/wp\/v2\/users\/4"}],"replies":[{"embeddable":true,"href":"https:\/\/dlvradio.es\/en\/wp-json\/wp\/v2\/comments?post=70032"}],"version-history":[{"count":0,"href":"https:\/\/dlvradio.es\/en\/wp-json\/wp\/v2\/posts\/70032\/revisions"}],"wp:featuredmedia":[{"embeddable":true,"href":"https:\/\/dlvradio.es\/en\/wp-json\/wp\/v2\/media\/70033"}],"wp:attachment":[{"href":"https:\/\/dlvradio.es\/en\/wp-json\/wp\/v2\/media?parent=70032"}],"wp:term":[{"taxonomy":"category","embeddable":true,"href":"https:\/\/dlvradio.es\/en\/wp-json\/wp\/v2\/categories?post=70032"},{"taxonomy":"post_tag","embeddable":true,"href":"https:\/\/dlvradio.es\/en\/wp-json\/wp\/v2\/tags?post=70032"}],"curies":[{"name":"wp","href":"https:\/\/api.w.org\/{rel}","templated":true}]}}