{"id":70075,"date":"2020-11-13T11:58:02","date_gmt":"2020-11-13T10:58:02","guid":{"rendered":"https:\/\/dlvradio.es\/rueda-de-prensa-de-facua-por-le-precio-maximo-de-las-mascarillas\/"},"modified":"2020-11-13T11:58:02","modified_gmt":"2020-11-13T10:58:02","slug":"rueda-de-prensa-de-facua-por-le-precio-maximo-de-las-mascarillas","status":"publish","type":"post","link":"https:\/\/dlvradio.es\/en\/rueda-de-prensa-de-facua-por-le-precio-maximo-de-las-mascarillas\/","title":{"rendered":"FACUA press conference on the maximum price of masks"},"content":{"rendered":"<figure class=\"wp-block-embed-spotify wp-block-embed is-type-rich is-provider-spotify wp-embed-aspect-21-9 wp-has-aspect-ratio\"><div class=\"wp-block-embed__wrapper\">\n<iframe title=\"Spotify Embed: FACUA press conference on the maximum price of masks\" style=\"border-radius: 12px\" width=\"100%\" height=\"152\" frameborder=\"0\" allowfullscreen allow=\"autoplay; clipboard-write; encrypted-media; fullscreen; picture-in-picture\" loading=\"lazy\" src=\"https:\/\/open.spotify.com\/embed\/episode\/3ha8zTPjpc9ZbJyycYj3Mm?si=wE37dyimTy6aNop16qOFeg&#038;utm_source=oembed\"><\/iframe>\n<\/div><\/figure>\n\n\n\n<p><img decoding=\"async\" class=\"alignleft wp-image-4353 size-thumbnail\" src=\"https:\/\/dlvradio.es\/wp-content\/uploads\/2020\/11\/Rueda-de-prensa-de-FACUA-por-le-precio-maximo-de-las-mascarillas-150x150.jpg\" alt=\"\" width=\"150\" height=\"150\" \/>Today, FACUA-Consumers in Action held a press conference in which they explained what they consider to be a joke, in which the Government sets the maximum price of surgical masks at 72 cents per unit, when in the market they can be obtained for a price that ranges between 20 and 50 cents per unit in large stores and on the Internet at lower prices depending on the quantity you buy.<\/p>\n<p><strong>Note from FACUA<\/strong><\/p>\n<p>Seg\u00fan ha comunicado el Ministerio de Sanidad, esta modificaci\u00f3n del precio m\u00e1ximo se ha producido despu\u00e9s de \u00abrevisar los precios de mercado actuales de las mascarillas quir\u00fargicas en Espa\u00f1a, tanto en grandes superficies, como en oficinas de farmacia y venta online con objeto de garantizar la libre competencia por debajo del precio m\u00e1ximo fijado\u00bb.<\/p>\n<p>In this regard, the association warns that this amount is above the vast majority of market prices, where masks can be found for amounts ranging from 20 to 50 cents, and stresses that, before the pandemic, national manufacturers supplied masks to distributors for 3 cents.<\/p>\n<p>De igual forma, FACUA recuerda que ya hab\u00eda reclamado al Gobierno que fijara en 10 c\u00e9ntimos el precio de las mascarillas quir\u00fargicas. \u00abDeterminados fabricantes, intermediarios y grandes establecimientos est\u00e1n incurriendo en una enorme especulaci\u00f3n al aplicar m\u00e1rgenes de beneficio desproporcionados\u00bb, ha criticado el secretario general de la asociaci\u00f3n, Rub\u00e9n S\u00e1nchez.<\/p>\n<p>This reduction in the maximum price is accompanied by the reduction in VAT applicable to masks from 21% to 4% announced by the Government on 11 November. A measure that FACUA considered insufficient if it was not accompanied by a drastic reduction in the maximum price, which ultimately did not occur.<\/p>","protected":false},"excerpt":{"rendered":"","protected":false},"author":4,"featured_media":70076,"comment_status":"open","ping_status":"open","sticky":false,"template":"","format":"standard","meta":{"_acf_changed":false,"footnotes":""},"categories":[2465],"tags":[2546,2463],"class_list":["post-70075","post","type-post","status-publish","format-standard","has-post-thumbnail","hentry","category-informativos","tag-pandemia","tag-sociedad"],"acf":[],"yoast_head":"<!-- This site is optimized with the Yoast SEO plugin v27.4 - https:\/\/yoast.com\/product\/yoast-seo-wordpress\/ -->\n<title>Rueda de prensa de FACUA por le precio m\u00e1ximo de las mascarillas - DLVRADIO<\/title>\n<meta name=\"description\" content=\"https:\/\/open.spotify.com\/episode\/3ha8zTPjpc9ZbJyycYj3Mm?si=wE37dyimTy6aNop16qOFeg Hoy FACUA-Consumidores en Acci\u00f3n ha dado una rueda de prensa en la cual\" \/>\n<meta name=\"robots\" content=\"index, follow, max-snippet:-1, max-image-preview:large, max-video-preview:-1\" \/>\n<link rel=\"canonical\" href=\"https:\/\/dlvradio.es\/en\/rueda-de-prensa-de-facua-por-le-precio-maximo-de-las-mascarillas\/\" \/>\n<meta property=\"og:locale\" content=\"en_US\" \/>\n<meta property=\"og:type\" content=\"article\" \/>\n<meta property=\"og:title\" content=\"Rueda de prensa de FACUA por le precio m\u00e1ximo de las mascarillas - DLVRADIO\" \/>\n<meta property=\"og:description\" content=\"https:\/\/open.spotify.com\/episode\/3ha8zTPjpc9ZbJyycYj3Mm?si=wE37dyimTy6aNop16qOFeg Hoy FACUA-Consumidores en Acci\u00f3n ha dado una rueda de prensa en la cual\" \/>\n<meta property=\"og:url\" content=\"https:\/\/dlvradio.es\/en\/rueda-de-prensa-de-facua-por-le-precio-maximo-de-las-mascarillas\/\" \/>\n<meta property=\"og:site_name\" content=\"DLVRADIO\" \/>\n<meta property=\"article:publisher\" content=\"https:\/\/www.facebook.com\/RadioDLVradio\/\" \/>\n<meta property=\"article:published_time\" content=\"2020-11-13T10:58:02+00:00\" \/>\n<meta property=\"og:image\" content=\"https:\/\/dlvradio.es\/wp-content\/uploads\/2020\/11\/Rueda-de-prensa-de-FACUA-por-le-precio-maximo-de-las-mascarillas.jpg\" \/>\n\t<meta property=\"og:image:width\" content=\"1511\" \/>\n\t<meta property=\"og:image:height\" content=\"1511\" \/>\n\t<meta property=\"og:image:type\" content=\"image\/jpeg\" \/>\n<meta name=\"author\" content=\"DLV RADIO\" \/>\n<meta name=\"twitter:card\" content=\"summary_large_image\" \/>\n<meta name=\"twitter:creator\" content=\"@RadioDlvradio\" \/>\n<meta name=\"twitter:site\" content=\"@RadioDlvradio\" \/>\n<script type=\"application\/ld+json\" class=\"yoast-schema-graph\">{\"@context\":\"https:\\\/\\\/schema.org\",\"@graph\":[{\"@type\":\"Article\",\"@id\":\"https:\\\/\\\/dlvradio.es\\\/rueda-de-prensa-de-facua-por-le-precio-maximo-de-las-mascarillas\\\/#article\",\"isPartOf\":{\"@id\":\"https:\\\/\\\/dlvradio.es\\\/rueda-de-prensa-de-facua-por-le-precio-maximo-de-las-mascarillas\\\/\"},\"author\":{\"name\":\"DLV RADIO\",\"@id\":\"https:\\\/\\\/dlvradio.es\\\/#\\\/schema\\\/person\\\/7d533f9f89b13e3a3f2ba7f67d6412de\"},\"headline\":\"Rueda de prensa de FACUA por le precio m\u00e1ximo de las mascarillas\",\"datePublished\":\"2020-11-13T10:58:02+00:00\",\"mainEntityOfPage\":{\"@id\":\"https:\\\/\\\/dlvradio.es\\\/rueda-de-prensa-de-facua-por-le-precio-maximo-de-las-mascarillas\\\/\"},\"wordCount\":342,\"commentCount\":0,\"publisher\":{\"@id\":\"https:\\\/\\\/dlvradio.es\\\/#organization\"},\"image\":{\"@id\":\"https:\\\/\\\/dlvradio.es\\\/rueda-de-prensa-de-facua-por-le-precio-maximo-de-las-mascarillas\\\/#primaryimage\"},\"thumbnailUrl\":\"https:\\\/\\\/dlvradio.es\\\/wp-content\\\/uploads\\\/2020\\\/11\\\/Rueda-de-prensa-de-FACUA-por-le-precio-maximo-de-las-mascarillas.jpg\",\"keywords\":[\"pandemia\",\"sociedad\"],\"articleSection\":[\"Informativos\"],\"inLanguage\":\"en-US\"},{\"@type\":\"WebPage\",\"@id\":\"https:\\\/\\\/dlvradio.es\\\/rueda-de-prensa-de-facua-por-le-precio-maximo-de-las-mascarillas\\\/\",\"url\":\"https:\\\/\\\/dlvradio.es\\\/rueda-de-prensa-de-facua-por-le-precio-maximo-de-las-mascarillas\\\/\",\"name\":\"Rueda de prensa de FACUA por le precio m\u00e1ximo de las mascarillas - DLVRADIO\",\"isPartOf\":{\"@id\":\"https:\\\/\\\/dlvradio.es\\\/#website\"},\"primaryImageOfPage\":{\"@id\":\"https:\\\/\\\/dlvradio.es\\\/rueda-de-prensa-de-facua-por-le-precio-maximo-de-las-mascarillas\\\/#primaryimage\"},\"image\":{\"@id\":\"https:\\\/\\\/dlvradio.es\\\/rueda-de-prensa-de-facua-por-le-precio-maximo-de-las-mascarillas\\\/#primaryimage\"},\"thumbnailUrl\":\"https:\\\/\\\/dlvradio.es\\\/wp-content\\\/uploads\\\/2020\\\/11\\\/Rueda-de-prensa-de-FACUA-por-le-precio-maximo-de-las-mascarillas.jpg\",\"datePublished\":\"2020-11-13T10:58:02+00:00\",\"description\":\"https:\\\/\\\/open.spotify.com\\\/episode\\\/3ha8zTPjpc9ZbJyycYj3Mm?si=wE37dyimTy6aNop16qOFeg Hoy FACUA-Consumidores en Acci\u00f3n ha dado una rueda de prensa en la cual\",\"breadcrumb\":{\"@id\":\"https:\\\/\\\/dlvradio.es\\\/rueda-de-prensa-de-facua-por-le-precio-maximo-de-las-mascarillas\\\/#breadcrumb\"},\"inLanguage\":\"en-US\",\"potentialAction\":[{\"@type\":\"ReadAction\",\"target\":[\"https:\\\/\\\/dlvradio.es\\\/rueda-de-prensa-de-facua-por-le-precio-maximo-de-las-mascarillas\\\/\"]}]},{\"@type\":\"ImageObject\",\"inLanguage\":\"en-US\",\"@id\":\"https:\\\/\\\/dlvradio.es\\\/rueda-de-prensa-de-facua-por-le-precio-maximo-de-las-mascarillas\\\/#primaryimage\",\"url\":\"https:\\\/\\\/dlvradio.es\\\/wp-content\\\/uploads\\\/2020\\\/11\\\/Rueda-de-prensa-de-FACUA-por-le-precio-maximo-de-las-mascarillas.jpg\",\"contentUrl\":\"https:\\\/\\\/dlvradio.es\\\/wp-content\\\/uploads\\\/2020\\\/11\\\/Rueda-de-prensa-de-FACUA-por-le-precio-maximo-de-las-mascarillas.jpg\",\"width\":1511,\"height\":1511,\"caption\":\"Rueda de prensa de FACUA por le precio m\u00e1ximo de las mascarillas\"},{\"@type\":\"BreadcrumbList\",\"@id\":\"https:\\\/\\\/dlvradio.es\\\/rueda-de-prensa-de-facua-por-le-precio-maximo-de-las-mascarillas\\\/#breadcrumb\",\"itemListElement\":[{\"@type\":\"ListItem\",\"position\":1,\"name\":\"Inicio\",\"item\":\"https:\\\/\\\/dlvradio.es\\\/\"},{\"@type\":\"ListItem\",\"position\":2,\"name\":\"Rueda de prensa de FACUA por le precio m\u00e1ximo de las mascarillas\"}]},{\"@type\":\"WebSite\",\"@id\":\"https:\\\/\\\/dlvradio.es\\\/#website\",\"url\":\"https:\\\/\\\/dlvradio.es\\\/\",\"name\":\"DLVRADIO\",\"description\":\"Somos un medio de comunicaci\u00f3n alternativo a los medios tradicionales\",\"publisher\":{\"@id\":\"https:\\\/\\\/dlvradio.es\\\/#organization\"},\"potentialAction\":[{\"@type\":\"SearchAction\",\"target\":{\"@type\":\"EntryPoint\",\"urlTemplate\":\"https:\\\/\\\/dlvradio.es\\\/?s={search_term_string}\"},\"query-input\":{\"@type\":\"PropertyValueSpecification\",\"valueRequired\":true,\"valueName\":\"search_term_string\"}}],\"inLanguage\":\"en-US\"},{\"@type\":\"Organization\",\"@id\":\"https:\\\/\\\/dlvradio.es\\\/#organization\",\"name\":\"DLVRADIO\",\"url\":\"https:\\\/\\\/dlvradio.es\\\/\",\"logo\":{\"@type\":\"ImageObject\",\"inLanguage\":\"en-US\",\"@id\":\"https:\\\/\\\/dlvradio.es\\\/#\\\/schema\\\/logo\\\/image\\\/\",\"url\":\"\",\"contentUrl\":\"\",\"caption\":\"DLVRADIO\"},\"image\":{\"@id\":\"https:\\\/\\\/dlvradio.es\\\/#\\\/schema\\\/logo\\\/image\\\/\"},\"sameAs\":[\"https:\\\/\\\/www.facebook.com\\\/RadioDLVradio\\\/\",\"https:\\\/\\\/x.com\\\/RadioDlvradio\",\"https:\\\/\\\/www.instagram.com\\\/radiodlvradio\\\/\"]},{\"@type\":\"Person\",\"@id\":\"https:\\\/\\\/dlvradio.es\\\/#\\\/schema\\\/person\\\/7d533f9f89b13e3a3f2ba7f67d6412de\",\"name\":\"DLV RADIO\",\"sameAs\":[\"https:\\\/\\\/dlvradio.es\"]}]}<\/script>\n<!-- \/ Yoast SEO plugin. -->","yoast_head_json":{"title":"FACUA press conference on the maximum price of masks - DLVRADIO","description":"https:\/\/open.spotify.com\/episode\/3ha8zTPjpc9ZbJyycYj3Mm?si=wE37dyimTy6aNop16qOFeg Today FACUA-Consumers in Action has given a press conference in which","robots":{"index":"index","follow":"follow","max-snippet":"max-snippet:-1","max-image-preview":"max-image-preview:large","max-video-preview":"max-video-preview:-1"},"canonical":"https:\/\/dlvradio.es\/en\/rueda-de-prensa-de-facua-por-le-precio-maximo-de-las-mascarillas\/","og_locale":"en_US","og_type":"article","og_title":"Rueda de prensa de FACUA por le precio m\u00e1ximo de las mascarillas - DLVRADIO","og_description":"https:\/\/open.spotify.com\/episode\/3ha8zTPjpc9ZbJyycYj3Mm?si=wE37dyimTy6aNop16qOFeg Hoy FACUA-Consumidores en Acci\u00f3n ha dado una rueda de prensa en la cual","og_url":"https:\/\/dlvradio.es\/en\/rueda-de-prensa-de-facua-por-le-precio-maximo-de-las-mascarillas\/","og_site_name":"DLVRADIO","article_publisher":"https:\/\/www.facebook.com\/RadioDLVradio\/","article_published_time":"2020-11-13T10:58:02+00:00","og_image":[{"width":1511,"height":1511,"url":"https:\/\/dlvradio.es\/wp-content\/uploads\/2020\/11\/Rueda-de-prensa-de-FACUA-por-le-precio-maximo-de-las-mascarillas.jpg","type":"image\/jpeg"}],"author":"DLV RADIO","twitter_card":"summary_large_image","twitter_creator":"@RadioDlvradio","twitter_site":"@RadioDlvradio","schema":{"@context":"https:\/\/schema.org","@graph":[{"@type":"Article","@id":"https:\/\/dlvradio.es\/rueda-de-prensa-de-facua-por-le-precio-maximo-de-las-mascarillas\/#article","isPartOf":{"@id":"https:\/\/dlvradio.es\/rueda-de-prensa-de-facua-por-le-precio-maximo-de-las-mascarillas\/"},"author":{"name":"DLV RADIO","@id":"https:\/\/dlvradio.es\/#\/schema\/person\/7d533f9f89b13e3a3f2ba7f67d6412de"},"headline":"Rueda de prensa de FACUA por le precio m\u00e1ximo de las mascarillas","datePublished":"2020-11-13T10:58:02+00:00","mainEntityOfPage":{"@id":"https:\/\/dlvradio.es\/rueda-de-prensa-de-facua-por-le-precio-maximo-de-las-mascarillas\/"},"wordCount":342,"commentCount":0,"publisher":{"@id":"https:\/\/dlvradio.es\/#organization"},"image":{"@id":"https:\/\/dlvradio.es\/rueda-de-prensa-de-facua-por-le-precio-maximo-de-las-mascarillas\/#primaryimage"},"thumbnailUrl":"https:\/\/dlvradio.es\/wp-content\/uploads\/2020\/11\/Rueda-de-prensa-de-FACUA-por-le-precio-maximo-de-las-mascarillas.jpg","keywords":["pandemia","sociedad"],"articleSection":["Informativos"],"inLanguage":"en-US"},{"@type":"WebPage","@id":"https:\/\/dlvradio.es\/rueda-de-prensa-de-facua-por-le-precio-maximo-de-las-mascarillas\/","url":"https:\/\/dlvradio.es\/rueda-de-prensa-de-facua-por-le-precio-maximo-de-las-mascarillas\/","name":"FACUA press conference on the maximum price of masks - DLVRADIO","isPartOf":{"@id":"https:\/\/dlvradio.es\/#website"},"primaryImageOfPage":{"@id":"https:\/\/dlvradio.es\/rueda-de-prensa-de-facua-por-le-precio-maximo-de-las-mascarillas\/#primaryimage"},"image":{"@id":"https:\/\/dlvradio.es\/rueda-de-prensa-de-facua-por-le-precio-maximo-de-las-mascarillas\/#primaryimage"},"thumbnailUrl":"https:\/\/dlvradio.es\/wp-content\/uploads\/2020\/11\/Rueda-de-prensa-de-FACUA-por-le-precio-maximo-de-las-mascarillas.jpg","datePublished":"2020-11-13T10:58:02+00:00","description":"https:\/\/open.spotify.com\/episode\/3ha8zTPjpc9ZbJyycYj3Mm?si=wE37dyimTy6aNop16qOFeg Today FACUA-Consumers in Action has given a press conference in which","breadcrumb":{"@id":"https:\/\/dlvradio.es\/rueda-de-prensa-de-facua-por-le-precio-maximo-de-las-mascarillas\/#breadcrumb"},"inLanguage":"en-US","potentialAction":[{"@type":"ReadAction","target":["https:\/\/dlvradio.es\/rueda-de-prensa-de-facua-por-le-precio-maximo-de-las-mascarillas\/"]}]},{"@type":"ImageObject","inLanguage":"en-US","@id":"https:\/\/dlvradio.es\/rueda-de-prensa-de-facua-por-le-precio-maximo-de-las-mascarillas\/#primaryimage","url":"https:\/\/dlvradio.es\/wp-content\/uploads\/2020\/11\/Rueda-de-prensa-de-FACUA-por-le-precio-maximo-de-las-mascarillas.jpg","contentUrl":"https:\/\/dlvradio.es\/wp-content\/uploads\/2020\/11\/Rueda-de-prensa-de-FACUA-por-le-precio-maximo-de-las-mascarillas.jpg","width":1511,"height":1511,"caption":"Rueda de prensa de FACUA por le precio m\u00e1ximo de las mascarillas"},{"@type":"BreadcrumbList","@id":"https:\/\/dlvradio.es\/rueda-de-prensa-de-facua-por-le-precio-maximo-de-las-mascarillas\/#breadcrumb","itemListElement":[{"@type":"ListItem","position":1,"name":"Inicio","item":"https:\/\/dlvradio.es\/"},{"@type":"ListItem","position":2,"name":"Rueda de prensa de FACUA por le precio m\u00e1ximo de las mascarillas"}]},{"@type":"WebSite","@id":"https:\/\/dlvradio.es\/#website","url":"https:\/\/dlvradio.es\/","name":"DLVRADIO","description":"We are an alternative media to traditional media","publisher":{"@id":"https:\/\/dlvradio.es\/#organization"},"potentialAction":[{"@type":"SearchAction","target":{"@type":"EntryPoint","urlTemplate":"https:\/\/dlvradio.es\/?s={search_term_string}"},"query-input":{"@type":"PropertyValueSpecification","valueRequired":true,"valueName":"search_term_string"}}],"inLanguage":"en-US"},{"@type":"Organization","@id":"https:\/\/dlvradio.es\/#organization","name":"DLVRADIO","url":"https:\/\/dlvradio.es\/","logo":{"@type":"ImageObject","inLanguage":"en-US","@id":"https:\/\/dlvradio.es\/#\/schema\/logo\/image\/","url":"","contentUrl":"","caption":"DLVRADIO"},"image":{"@id":"https:\/\/dlvradio.es\/#\/schema\/logo\/image\/"},"sameAs":["https:\/\/www.facebook.com\/RadioDLVradio\/","https:\/\/x.com\/RadioDlvradio","https:\/\/www.instagram.com\/radiodlvradio\/"]},{"@type":"Person","@id":"https:\/\/dlvradio.es\/#\/schema\/person\/7d533f9f89b13e3a3f2ba7f67d6412de","name":"DLV RADIO","sameAs":["https:\/\/dlvradio.es"]}]}},"_links":{"self":[{"href":"https:\/\/dlvradio.es\/en\/wp-json\/wp\/v2\/posts\/70075","targetHints":{"allow":["GET"]}}],"collection":[{"href":"https:\/\/dlvradio.es\/en\/wp-json\/wp\/v2\/posts"}],"about":[{"href":"https:\/\/dlvradio.es\/en\/wp-json\/wp\/v2\/types\/post"}],"author":[{"embeddable":true,"href":"https:\/\/dlvradio.es\/en\/wp-json\/wp\/v2\/users\/4"}],"replies":[{"embeddable":true,"href":"https:\/\/dlvradio.es\/en\/wp-json\/wp\/v2\/comments?post=70075"}],"version-history":[{"count":0,"href":"https:\/\/dlvradio.es\/en\/wp-json\/wp\/v2\/posts\/70075\/revisions"}],"wp:featuredmedia":[{"embeddable":true,"href":"https:\/\/dlvradio.es\/en\/wp-json\/wp\/v2\/media\/70076"}],"wp:attachment":[{"href":"https:\/\/dlvradio.es\/en\/wp-json\/wp\/v2\/media?parent=70075"}],"wp:term":[{"taxonomy":"category","embeddable":true,"href":"https:\/\/dlvradio.es\/en\/wp-json\/wp\/v2\/categories?post=70075"},{"taxonomy":"post_tag","embeddable":true,"href":"https:\/\/dlvradio.es\/en\/wp-json\/wp\/v2\/tags?post=70075"}],"curies":[{"name":"wp","href":"https:\/\/api.w.org\/{rel}","templated":true}]}}