{"id":70305,"date":"2021-02-11T19:49:45","date_gmt":"2021-02-11T18:49:45","guid":{"rendered":"https:\/\/dlvradio.es\/a-qui-votem-les-dones-el-14f-a-catalunya\/"},"modified":"2021-02-11T19:49:45","modified_gmt":"2021-02-11T18:49:45","slug":"a-qui-votem-les-dones-el-14f-a-catalunya","status":"publish","type":"post","link":"https:\/\/dlvradio.es\/en\/a-qui-votem-les-dones-el-14f-a-catalunya\/","title":{"rendered":"A qui votem les dones el 14F a Catalunya?"},"content":{"rendered":"<figure class=\"wp-block-embed is-type-rich is-provider-spotify wp-block-embed-spotify wp-embed-aspect-21-9 wp-has-aspect-ratio\"><div class=\"wp-block-embed__wrapper\">\n<iframe title=\"Spotify Embed: A qui votem les dones el 14F a Catalunya?\" style=\"border-radius: 12px\" width=\"100%\" height=\"152\" frameborder=\"0\" allowfullscreen allow=\"autoplay; clipboard-write; encrypted-media; fullscreen; picture-in-picture\" loading=\"lazy\" src=\"https:\/\/open.spotify.com\/embed\/episode\/0c475yG3Jbh8r2YSyhQwgX?si=gqdoci53TSaXNW3cCQ2RJg&#038;utm_source=oembed\"><\/iframe>\n<\/div><\/figure>\n\n\n<p><img decoding=\"async\" class=\"alignleft wp-image-5999 size-thumbnail\" src=\"https:\/\/dlvradio.es\/wp-content\/uploads\/2021\/02\/WhatsApp-Image-2021-02-09-at-13.29.14-150x150.jpeg\" alt=\"\" width=\"150\" height=\"150\" \/>Este acto est\u00e1 organizado y dirigido por CATAB. La retrasmisi\u00f3n de este ser\u00e1 realizada por nuestra radio. Hoy mi\u00e9rcoles 10 de febrero a las 22:00 h. en directo a trav\u00e9s de nuestro canal de YouTube y de emisora virtual de nuestra radio podr\u00e9is seguir el \u00fanico debate de mujeres candidatas a las Elecciones Catalanas del 14 de febrero. Las candidatas que intervendr\u00e1n son las siguientes: Anna Satorra Sansano de PDeCat,\u00a0 B\u00e0rbara Lligadas de ERC, Paula A\u00f1\u00f3 de PP,\u00a0 Gemma Lienas de PSC y Lourdes Ciur\u00f3 de Junts. Organiza y dirige este debate CATAB. Estar\u00e1 el chat del canal abierto para preguntas y comentarios de este.<\/p>\n<p><iframe title=\"A qui votem les dones el 14F a Catalunya?\" width=\"800\" height=\"450\" src=\"https:\/\/www.youtube.com\/embed\/nE3Z9xhN3fI?feature=oembed\" frameborder=\"0\" allow=\"accelerometer; autoplay; clipboard-write; encrypted-media; gyroscope; picture-in-picture; web-share\" referrerpolicy=\"strict-origin-when-cross-origin\" allowfullscreen><\/iframe><\/p>","protected":false},"excerpt":{"rendered":"<p>Este acto est\u00e1 organizado y dirigido por CATAB. La retrasmisi\u00f3n de este ser\u00e1 realizada por nuestra radio. Hoy mi\u00e9rcoles 10 de febrero a las 22:00 h. en directo a trav\u00e9s de nuestro canal de YouTube y de emisora virtual de nuestra radio podr\u00e9is seguir el \u00fanico debate de mujeres candidatas a las Elecciones Catalanas del [&hellip;]<\/p>\n","protected":false},"author":4,"featured_media":70306,"comment_status":"open","ping_status":"open","sticky":false,"template":"","format":"standard","meta":{"_acf_changed":false,"footnotes":""},"categories":[2766,2470],"tags":[2471,2489],"class_list":["post-70305","post","type-post","status-publish","format-standard","has-post-thumbnail","hentry","category-el-decreto","category-feminismo","tag-feminismo","tag-tertulia"],"acf":[],"yoast_head":"<!-- This site is optimized with the Yoast SEO plugin v27.4 - https:\/\/yoast.com\/product\/yoast-seo-wordpress\/ -->\n<title>A qui votem les dones el 14F a Catalunya? - DLVRADIO<\/title>\n<meta name=\"description\" content=\"https:\/\/open.spotify.com\/episode\/0c475yG3Jbh8r2YSyhQwgX?si=gqdoci53TSaXNW3cCQ2RJg Este acto est\u00e1 organizado y dirigido por CATAB. La retrasmisi\u00f3n de este\" \/>\n<meta name=\"robots\" content=\"index, follow, max-snippet:-1, max-image-preview:large, max-video-preview:-1\" \/>\n<link rel=\"canonical\" href=\"https:\/\/dlvradio.es\/en\/a-qui-votem-les-dones-el-14f-a-catalunya\/\" \/>\n<meta property=\"og:locale\" content=\"en_US\" \/>\n<meta property=\"og:type\" content=\"article\" \/>\n<meta property=\"og:title\" content=\"A qui votem les dones el 14F a Catalunya? - DLVRADIO\" \/>\n<meta property=\"og:description\" content=\"https:\/\/open.spotify.com\/episode\/0c475yG3Jbh8r2YSyhQwgX?si=gqdoci53TSaXNW3cCQ2RJg Este acto est\u00e1 organizado y dirigido por CATAB. La retrasmisi\u00f3n de este\" \/>\n<meta property=\"og:url\" content=\"https:\/\/dlvradio.es\/en\/a-qui-votem-les-dones-el-14f-a-catalunya\/\" \/>\n<meta property=\"og:site_name\" content=\"DLVRADIO\" \/>\n<meta property=\"article:publisher\" content=\"https:\/\/www.facebook.com\/RadioDLVradio\/\" \/>\n<meta property=\"article:published_time\" content=\"2021-02-11T18:49:45+00:00\" \/>\n<meta property=\"og:image\" content=\"https:\/\/dlvradio.es\/wp-content\/uploads\/2021\/02\/WhatsApp-Image-2021-02-09-at-13.29.14.jpeg\" \/>\n\t<meta property=\"og:image:width\" content=\"1599\" \/>\n\t<meta property=\"og:image:height\" content=\"1599\" \/>\n\t<meta property=\"og:image:type\" content=\"image\/jpeg\" \/>\n<meta name=\"author\" content=\"DLV RADIO\" \/>\n<meta name=\"twitter:card\" content=\"summary_large_image\" \/>\n<meta name=\"twitter:creator\" content=\"@RadioDlvradio\" \/>\n<meta name=\"twitter:site\" content=\"@RadioDlvradio\" \/>\n<script type=\"application\/ld+json\" class=\"yoast-schema-graph\">{\"@context\":\"https:\\\/\\\/schema.org\",\"@graph\":[{\"@type\":\"Article\",\"@id\":\"https:\\\/\\\/dlvradio.es\\\/a-qui-votem-les-dones-el-14f-a-catalunya\\\/#article\",\"isPartOf\":{\"@id\":\"https:\\\/\\\/dlvradio.es\\\/a-qui-votem-les-dones-el-14f-a-catalunya\\\/\"},\"author\":{\"name\":\"DLV RADIO\",\"@id\":\"https:\\\/\\\/dlvradio.es\\\/#\\\/schema\\\/person\\\/7d533f9f89b13e3a3f2ba7f67d6412de\"},\"headline\":\"A qui votem les dones el 14F a Catalunya?\",\"datePublished\":\"2021-02-11T18:49:45+00:00\",\"mainEntityOfPage\":{\"@id\":\"https:\\\/\\\/dlvradio.es\\\/a-qui-votem-les-dones-el-14f-a-catalunya\\\/\"},\"wordCount\":141,\"commentCount\":0,\"publisher\":{\"@id\":\"https:\\\/\\\/dlvradio.es\\\/#organization\"},\"image\":{\"@id\":\"https:\\\/\\\/dlvradio.es\\\/a-qui-votem-les-dones-el-14f-a-catalunya\\\/#primaryimage\"},\"thumbnailUrl\":\"https:\\\/\\\/dlvradio.es\\\/wp-content\\\/uploads\\\/2021\\\/02\\\/WhatsApp-Image-2021-02-09-at-13.29.14.jpeg\",\"keywords\":[\"feminismo\",\"Tertulia\"],\"articleSection\":[\"El Decreto\",\"Feminismo\"],\"inLanguage\":\"en-US\"},{\"@type\":\"WebPage\",\"@id\":\"https:\\\/\\\/dlvradio.es\\\/a-qui-votem-les-dones-el-14f-a-catalunya\\\/\",\"url\":\"https:\\\/\\\/dlvradio.es\\\/a-qui-votem-les-dones-el-14f-a-catalunya\\\/\",\"name\":\"A qui votem les dones el 14F a Catalunya? - DLVRADIO\",\"isPartOf\":{\"@id\":\"https:\\\/\\\/dlvradio.es\\\/#website\"},\"primaryImageOfPage\":{\"@id\":\"https:\\\/\\\/dlvradio.es\\\/a-qui-votem-les-dones-el-14f-a-catalunya\\\/#primaryimage\"},\"image\":{\"@id\":\"https:\\\/\\\/dlvradio.es\\\/a-qui-votem-les-dones-el-14f-a-catalunya\\\/#primaryimage\"},\"thumbnailUrl\":\"https:\\\/\\\/dlvradio.es\\\/wp-content\\\/uploads\\\/2021\\\/02\\\/WhatsApp-Image-2021-02-09-at-13.29.14.jpeg\",\"datePublished\":\"2021-02-11T18:49:45+00:00\",\"description\":\"https:\\\/\\\/open.spotify.com\\\/episode\\\/0c475yG3Jbh8r2YSyhQwgX?si=gqdoci53TSaXNW3cCQ2RJg Este acto est\u00e1 organizado y dirigido por CATAB. La retrasmisi\u00f3n de este\",\"breadcrumb\":{\"@id\":\"https:\\\/\\\/dlvradio.es\\\/a-qui-votem-les-dones-el-14f-a-catalunya\\\/#breadcrumb\"},\"inLanguage\":\"en-US\",\"potentialAction\":[{\"@type\":\"ReadAction\",\"target\":[\"https:\\\/\\\/dlvradio.es\\\/a-qui-votem-les-dones-el-14f-a-catalunya\\\/\"]}]},{\"@type\":\"ImageObject\",\"inLanguage\":\"en-US\",\"@id\":\"https:\\\/\\\/dlvradio.es\\\/a-qui-votem-les-dones-el-14f-a-catalunya\\\/#primaryimage\",\"url\":\"https:\\\/\\\/dlvradio.es\\\/wp-content\\\/uploads\\\/2021\\\/02\\\/WhatsApp-Image-2021-02-09-at-13.29.14.jpeg\",\"contentUrl\":\"https:\\\/\\\/dlvradio.es\\\/wp-content\\\/uploads\\\/2021\\\/02\\\/WhatsApp-Image-2021-02-09-at-13.29.14.jpeg\",\"width\":1599,\"height\":1599,\"caption\":\"WhatsApp Image 2021-02-09 at 13.29.14\"},{\"@type\":\"BreadcrumbList\",\"@id\":\"https:\\\/\\\/dlvradio.es\\\/a-qui-votem-les-dones-el-14f-a-catalunya\\\/#breadcrumb\",\"itemListElement\":[{\"@type\":\"ListItem\",\"position\":1,\"name\":\"Inicio\",\"item\":\"https:\\\/\\\/dlvradio.es\\\/\"},{\"@type\":\"ListItem\",\"position\":2,\"name\":\"A qui votem les dones el 14F a Catalunya?\"}]},{\"@type\":\"WebSite\",\"@id\":\"https:\\\/\\\/dlvradio.es\\\/#website\",\"url\":\"https:\\\/\\\/dlvradio.es\\\/\",\"name\":\"DLVRADIO\",\"description\":\"Somos un medio de comunicaci\u00f3n alternativo a los medios tradicionales\",\"publisher\":{\"@id\":\"https:\\\/\\\/dlvradio.es\\\/#organization\"},\"potentialAction\":[{\"@type\":\"SearchAction\",\"target\":{\"@type\":\"EntryPoint\",\"urlTemplate\":\"https:\\\/\\\/dlvradio.es\\\/?s={search_term_string}\"},\"query-input\":{\"@type\":\"PropertyValueSpecification\",\"valueRequired\":true,\"valueName\":\"search_term_string\"}}],\"inLanguage\":\"en-US\"},{\"@type\":\"Organization\",\"@id\":\"https:\\\/\\\/dlvradio.es\\\/#organization\",\"name\":\"DLVRADIO\",\"url\":\"https:\\\/\\\/dlvradio.es\\\/\",\"logo\":{\"@type\":\"ImageObject\",\"inLanguage\":\"en-US\",\"@id\":\"https:\\\/\\\/dlvradio.es\\\/#\\\/schema\\\/logo\\\/image\\\/\",\"url\":\"\",\"contentUrl\":\"\",\"caption\":\"DLVRADIO\"},\"image\":{\"@id\":\"https:\\\/\\\/dlvradio.es\\\/#\\\/schema\\\/logo\\\/image\\\/\"},\"sameAs\":[\"https:\\\/\\\/www.facebook.com\\\/RadioDLVradio\\\/\",\"https:\\\/\\\/x.com\\\/RadioDlvradio\",\"https:\\\/\\\/www.instagram.com\\\/radiodlvradio\\\/\"]},{\"@type\":\"Person\",\"@id\":\"https:\\\/\\\/dlvradio.es\\\/#\\\/schema\\\/person\\\/7d533f9f89b13e3a3f2ba7f67d6412de\",\"name\":\"DLV RADIO\",\"sameAs\":[\"https:\\\/\\\/dlvradio.es\"]}]}<\/script>\n<!-- \/ Yoast SEO plugin. -->","yoast_head_json":{"title":"A qui votem les dones el 14F a Catalunya? - DLVRADIO","description":"https:\/\/open.spotify.com\/episode\/0c475yG3Jbh8r2YSyhQwgX?si=gqdoci53TSaXNW3cCQ2RJg Este acto est\u00e1 organizado y dirigido por CATAB. La retrasmisi\u00f3n de este","robots":{"index":"index","follow":"follow","max-snippet":"max-snippet:-1","max-image-preview":"max-image-preview:large","max-video-preview":"max-video-preview:-1"},"canonical":"https:\/\/dlvradio.es\/en\/a-qui-votem-les-dones-el-14f-a-catalunya\/","og_locale":"en_US","og_type":"article","og_title":"A qui votem les dones el 14F a Catalunya? - DLVRADIO","og_description":"https:\/\/open.spotify.com\/episode\/0c475yG3Jbh8r2YSyhQwgX?si=gqdoci53TSaXNW3cCQ2RJg Este acto est\u00e1 organizado y dirigido por CATAB. La retrasmisi\u00f3n de este","og_url":"https:\/\/dlvradio.es\/en\/a-qui-votem-les-dones-el-14f-a-catalunya\/","og_site_name":"DLVRADIO","article_publisher":"https:\/\/www.facebook.com\/RadioDLVradio\/","article_published_time":"2021-02-11T18:49:45+00:00","og_image":[{"width":1599,"height":1599,"url":"https:\/\/dlvradio.es\/wp-content\/uploads\/2021\/02\/WhatsApp-Image-2021-02-09-at-13.29.14.jpeg","type":"image\/jpeg"}],"author":"DLV RADIO","twitter_card":"summary_large_image","twitter_creator":"@RadioDlvradio","twitter_site":"@RadioDlvradio","schema":{"@context":"https:\/\/schema.org","@graph":[{"@type":"Article","@id":"https:\/\/dlvradio.es\/a-qui-votem-les-dones-el-14f-a-catalunya\/#article","isPartOf":{"@id":"https:\/\/dlvradio.es\/a-qui-votem-les-dones-el-14f-a-catalunya\/"},"author":{"name":"DLV RADIO","@id":"https:\/\/dlvradio.es\/#\/schema\/person\/7d533f9f89b13e3a3f2ba7f67d6412de"},"headline":"A qui votem les dones el 14F a Catalunya?","datePublished":"2021-02-11T18:49:45+00:00","mainEntityOfPage":{"@id":"https:\/\/dlvradio.es\/a-qui-votem-les-dones-el-14f-a-catalunya\/"},"wordCount":141,"commentCount":0,"publisher":{"@id":"https:\/\/dlvradio.es\/#organization"},"image":{"@id":"https:\/\/dlvradio.es\/a-qui-votem-les-dones-el-14f-a-catalunya\/#primaryimage"},"thumbnailUrl":"https:\/\/dlvradio.es\/wp-content\/uploads\/2021\/02\/WhatsApp-Image-2021-02-09-at-13.29.14.jpeg","keywords":["feminismo","Tertulia"],"articleSection":["El Decreto","Feminismo"],"inLanguage":"en-US"},{"@type":"WebPage","@id":"https:\/\/dlvradio.es\/a-qui-votem-les-dones-el-14f-a-catalunya\/","url":"https:\/\/dlvradio.es\/a-qui-votem-les-dones-el-14f-a-catalunya\/","name":"A qui votem les dones el 14F a Catalunya? - DLVRADIO","isPartOf":{"@id":"https:\/\/dlvradio.es\/#website"},"primaryImageOfPage":{"@id":"https:\/\/dlvradio.es\/a-qui-votem-les-dones-el-14f-a-catalunya\/#primaryimage"},"image":{"@id":"https:\/\/dlvradio.es\/a-qui-votem-les-dones-el-14f-a-catalunya\/#primaryimage"},"thumbnailUrl":"https:\/\/dlvradio.es\/wp-content\/uploads\/2021\/02\/WhatsApp-Image-2021-02-09-at-13.29.14.jpeg","datePublished":"2021-02-11T18:49:45+00:00","description":"https:\/\/open.spotify.com\/episode\/0c475yG3Jbh8r2YSyhQwgX?si=gqdoci53TSaXNW3cCQ2RJg Este acto est\u00e1 organizado y dirigido por CATAB. La retrasmisi\u00f3n de este","breadcrumb":{"@id":"https:\/\/dlvradio.es\/a-qui-votem-les-dones-el-14f-a-catalunya\/#breadcrumb"},"inLanguage":"en-US","potentialAction":[{"@type":"ReadAction","target":["https:\/\/dlvradio.es\/a-qui-votem-les-dones-el-14f-a-catalunya\/"]}]},{"@type":"ImageObject","inLanguage":"en-US","@id":"https:\/\/dlvradio.es\/a-qui-votem-les-dones-el-14f-a-catalunya\/#primaryimage","url":"https:\/\/dlvradio.es\/wp-content\/uploads\/2021\/02\/WhatsApp-Image-2021-02-09-at-13.29.14.jpeg","contentUrl":"https:\/\/dlvradio.es\/wp-content\/uploads\/2021\/02\/WhatsApp-Image-2021-02-09-at-13.29.14.jpeg","width":1599,"height":1599,"caption":"WhatsApp Image 2021-02-09 at 13.29.14"},{"@type":"BreadcrumbList","@id":"https:\/\/dlvradio.es\/a-qui-votem-les-dones-el-14f-a-catalunya\/#breadcrumb","itemListElement":[{"@type":"ListItem","position":1,"name":"Inicio","item":"https:\/\/dlvradio.es\/"},{"@type":"ListItem","position":2,"name":"A qui votem les dones el 14F a Catalunya?"}]},{"@type":"WebSite","@id":"https:\/\/dlvradio.es\/#website","url":"https:\/\/dlvradio.es\/","name":"DLVRADIO","description":"We are an alternative media to traditional media","publisher":{"@id":"https:\/\/dlvradio.es\/#organization"},"potentialAction":[{"@type":"SearchAction","target":{"@type":"EntryPoint","urlTemplate":"https:\/\/dlvradio.es\/?s={search_term_string}"},"query-input":{"@type":"PropertyValueSpecification","valueRequired":true,"valueName":"search_term_string"}}],"inLanguage":"en-US"},{"@type":"Organization","@id":"https:\/\/dlvradio.es\/#organization","name":"DLVRADIO","url":"https:\/\/dlvradio.es\/","logo":{"@type":"ImageObject","inLanguage":"en-US","@id":"https:\/\/dlvradio.es\/#\/schema\/logo\/image\/","url":"","contentUrl":"","caption":"DLVRADIO"},"image":{"@id":"https:\/\/dlvradio.es\/#\/schema\/logo\/image\/"},"sameAs":["https:\/\/www.facebook.com\/RadioDLVradio\/","https:\/\/x.com\/RadioDlvradio","https:\/\/www.instagram.com\/radiodlvradio\/"]},{"@type":"Person","@id":"https:\/\/dlvradio.es\/#\/schema\/person\/7d533f9f89b13e3a3f2ba7f67d6412de","name":"DLV RADIO","sameAs":["https:\/\/dlvradio.es"]}]}},"_links":{"self":[{"href":"https:\/\/dlvradio.es\/en\/wp-json\/wp\/v2\/posts\/70305","targetHints":{"allow":["GET"]}}],"collection":[{"href":"https:\/\/dlvradio.es\/en\/wp-json\/wp\/v2\/posts"}],"about":[{"href":"https:\/\/dlvradio.es\/en\/wp-json\/wp\/v2\/types\/post"}],"author":[{"embeddable":true,"href":"https:\/\/dlvradio.es\/en\/wp-json\/wp\/v2\/users\/4"}],"replies":[{"embeddable":true,"href":"https:\/\/dlvradio.es\/en\/wp-json\/wp\/v2\/comments?post=70305"}],"version-history":[{"count":0,"href":"https:\/\/dlvradio.es\/en\/wp-json\/wp\/v2\/posts\/70305\/revisions"}],"wp:featuredmedia":[{"embeddable":true,"href":"https:\/\/dlvradio.es\/en\/wp-json\/wp\/v2\/media\/70306"}],"wp:attachment":[{"href":"https:\/\/dlvradio.es\/en\/wp-json\/wp\/v2\/media?parent=70305"}],"wp:term":[{"taxonomy":"category","embeddable":true,"href":"https:\/\/dlvradio.es\/en\/wp-json\/wp\/v2\/categories?post=70305"},{"taxonomy":"post_tag","embeddable":true,"href":"https:\/\/dlvradio.es\/en\/wp-json\/wp\/v2\/tags?post=70305"}],"curies":[{"name":"wp","href":"https:\/\/api.w.org\/{rel}","templated":true}]}}