{"id":70350,"date":"2021-02-25T19:56:35","date_gmt":"2021-02-25T18:56:35","guid":{"rendered":"https:\/\/dlvradio.es\/7-medidas-para-fomentar-la-coexistencia-entre-el-lobo-y-la-ganaderia\/"},"modified":"2021-02-25T19:56:35","modified_gmt":"2021-02-25T18:56:35","slug":"7-medidas-para-fomentar-la-coexistencia-entre-el-lobo-y-la-ganaderia","status":"publish","type":"post","link":"https:\/\/dlvradio.es\/en\/7-medidas-para-fomentar-la-coexistencia-entre-el-lobo-y-la-ganaderia\/","title":{"rendered":"7 measures to promote coexistence between wolves and livestock"},"content":{"rendered":"<p><img decoding=\"async\" class=\"alignleft wp-image-6167 size-thumbnail\" src=\"https:\/\/dlvradio.es\/wp-content\/uploads\/2021\/02\/7-medidas-para-fomentar-la-coexistencia-entre-el-lobo-y-la-ganaderia-150x150.jpg\" alt=\"\" width=\"150\" height=\"150\" \/>Ecologistas en Acci\u00f3n, con motivo de la comparecencia de Teresa Ribera y de Luis Planas en el Senado, reclama que las administraciones estatales y auton\u00f3micas con poblaciones de lobo pongan en marcha siete medidas de apoyo a la coexistencia entre el lobo y la ganader\u00eda.<\/p>\n<ul>\n<li>La organizaci\u00f3n ecologista muestra su total apoyo a la inclusi\u00f3n de todas las poblaciones espa\u00f1olas de lobo en el Listado de Especies Silvestres en R\u00e9gimen de Protecci\u00f3n Especial.<\/li>\n<\/ul>\n<p>Ecologistas en Acci\u00f3n considera oportuna y necesaria la inclusi\u00f3n del lobo en el Listado de Especies Silvestres en R\u00e9gimen de Protecci\u00f3n Especial (LESRPE), tal y como recomend\u00f3 el Comit\u00e9 Cient\u00edfico debido a que la informaci\u00f3n disponible pone de manifiesto su importancia como patrimonio cultural y cient\u00edfico, as\u00ed como los procesos ecosist\u00e9micos que produce la presencia de este carn\u00edvoro en los ecosistemas naturales. Y considera que la orden que realice la inclusi\u00f3n de esta especie en el LESRPE deber\u00e1 incluir que todos los planes de gesti\u00f3n del lobo auton\u00f3micos y provinciales queden autom\u00e1ticamente derogados, ya que estos planes deber\u00e1n de adecuarse a la nueva situaci\u00f3n legal de la especie.<\/p>\n<p>Debido a la comparecencia de la Vicepresidenta Cuarta del Gobierno y Ministra para la Transici\u00f3n Ecol\u00f3gica y el Reto Demogr\u00e1fico y del Ministro de Agricultura, Pesca y Alimentaci\u00f3n, ante las Comisiones de Transici\u00f3n Ecol\u00f3gica y de Agricultura, Pesca y Alimentaci\u00f3n del Senado sobre los trabajos del Gobierno para la protecci\u00f3n del lobo y de las medidas de apoyo a la ganader\u00eda extensiva, Ecologistas en Acci\u00f3n considera que la presencia de lobos en zonas ganaderas requiere que, lo antes posible, se adopten medidas preventivas para reducir los ataques del lobo. Esta la mejor herramienta para evitar los da\u00f1os y hacer compatible la ganader\u00eda extensiva y la presencia de lobo. Para ello es fundamental el apoyo de la administraci\u00f3n y de la sociedad en general.<\/p>\n<p>Como parte de la campa\u00f1a \u2018Vivir con lobos\u2019, que Ecologistas en Acci\u00f3n desarrolla con la colaboraci\u00f3n de alrededor de 50 ganaderas y ganaderos de zonas loberas, la organizaci\u00f3n ecologista reclama la adopci\u00f3n de siete medidas que las administraciones deben poner en marcha para impulsar la coexistencia de la ganader\u00eda extensiva y el lobo, que se resumen en las siguientes:<\/p>\n<ol>\n<li>Implementar ayudas a los costes derivados del manejo adaptado a la presencia de lobos, en el documento adjunto vienen ejemplos concretos de estas medidas.<\/li>\n<li>Reconocer legalmente a los mastines como animales de trabajo.<\/li>\n<li>Pagar indemnizaciones justas en tiempo y forma condicionadas a la adopci\u00f3n de medidas de prevenci\u00f3n facilitadas por las administraciones.<\/li>\n<li>Promover la prevenci\u00f3n de da\u00f1os, especialmente en zonas de posible expansi\u00f3n de la especie o en zonas de presencia reciente.<\/li>\n<li>Fomentar y apoyar en la ganader\u00eda extensiva el uso de canales cortos de comercializaci\u00f3n.<\/li>\n<li>Desarrollar una Ley de Ganader\u00eda Extensiva adaptada a las peque\u00f1as explotaciones extensivas y a un manejo sostenible.<\/li>\n<li>Fomentar en la sociedad el conocimiento y la empat\u00eda con la ganader\u00eda extensiva, y el papel fundamental de los profesionales del sector para la coexistencia con grandes carn\u00edvoros.<\/li>\n<\/ol>\n<p>Ecologistas en Acci\u00f3n considera necesario conocer al lobo e informarse de su ecoetolog\u00eda, para poder valorar los efectos positivos que tiene sobre los ecosistemas en los que habita. Profundizar en el conocimiento de la especie es la mejor forma de anticiparnos y de saber beneficiarnos de su presencia en los montes. Sus respuestas ante los est\u00edmulos, sus pautas de comportamiento, el porqu\u00e9 de sus conductas que tanto miedo y odio at\u00e1vico han vinculado siempre la relaci\u00f3n entre humano y lobo son la clave para reconocer en el c\u00e1nido salvaje un aliado y no un enemigo.<\/p>\n<p>El lobo, al ser predador apical, no tiene depredadores naturales. Por tanto, tiene sus propios mecanismos de autorregulaci\u00f3n que pasan por estrategias biol\u00f3gicas, ecol\u00f3gicas y etol\u00f3gicas, adem\u00e1s de muertes naturales, como cualquier ser vivo que vive en la naturaleza. Pero adem\u00e1s es una especie clave, ya que ejerce un efecto cascada sobre el resto del ecosistema que va m\u00e1s all\u00e1 de su mera predaci\u00f3n y que es impredecible en su presencia, pero tambi\u00e9n en su ausencia. Adem\u00e1s, es un mediador conductual, es decir, ejerce un impacto directo e indirecto, tanto sobre sus presas como sobre otros depredadores que est\u00e1n m\u00e1s abajo en la pir\u00e1mide como el zorro. Uno de estos efectos es el \u201cefecto miedo\u201d, que implica una cautela mayor por parte de ungulados silvestres por su mera presencia, y que hace que se dispersen m\u00e1s en vez de concentrarse en grandes grupos, lo que tiene unos efectos positivos sobre los cultivos (agricultura) y tambi\u00e9n sobre las enfermedades transmitidas al ganado dom\u00e9stico.<\/p>\n<a href=\"https:\/\/dlvradio.es\/wp-content\/uploads\/2021\/02\/lobo-documento-2020.pdf\" class=\"pdfemb-viewer\" style=\"\" data-width=\"max\" data-height=\"max\" data-toolbar=\"bottom\" data-toolbar-fixed=\"off\">lobo-documento-2020<\/a>","protected":false},"excerpt":{"rendered":"<p>Ecologistas en Acci\u00f3n, con motivo de la comparecencia de Teresa Ribera y de Luis Planas en el Senado, reclama que las administraciones estatales y auton\u00f3micas con poblaciones de lobo pongan en marcha siete medidas de apoyo a la coexistencia entre el lobo y la ganader\u00eda. La organizaci\u00f3n ecologista muestra su total apoyo a la inclusi\u00f3n [&hellip;]<\/p>\n","protected":false},"author":4,"featured_media":70351,"comment_status":"open","ping_status":"open","sticky":false,"template":"","format":"standard","meta":{"_acf_changed":false,"footnotes":""},"categories":[2465],"tags":[2478],"class_list":["post-70350","post","type-post","status-publish","format-standard","has-post-thumbnail","hentry","category-informativos","tag-ecologia"],"acf":[],"yoast_head":"<!-- This site is optimized with the Yoast SEO plugin v27.4 - https:\/\/yoast.com\/product\/yoast-seo-wordpress\/ -->\n<title>7 medidas para fomentar la coexistencia entre el lobo y la ganader\u00eda - DLVRADIO<\/title>\n<meta name=\"description\" content=\"Ecologistas en Acci\u00f3n, con motivo de la comparecencia de Teresa Ribera y de Luis Planas en el Senado, reclama que las administraciones estatales y\" \/>\n<meta name=\"robots\" content=\"index, follow, max-snippet:-1, max-image-preview:large, max-video-preview:-1\" \/>\n<link rel=\"canonical\" href=\"https:\/\/dlvradio.es\/en\/7-medidas-para-fomentar-la-coexistencia-entre-el-lobo-y-la-ganaderia\/\" \/>\n<meta property=\"og:locale\" content=\"en_US\" \/>\n<meta property=\"og:type\" content=\"article\" \/>\n<meta property=\"og:title\" content=\"7 medidas para fomentar la coexistencia entre el lobo y la ganader\u00eda - DLVRADIO\" \/>\n<meta property=\"og:description\" content=\"Ecologistas en Acci\u00f3n, con motivo de la comparecencia de Teresa Ribera y de Luis Planas en el Senado, reclama que las administraciones estatales y\" \/>\n<meta property=\"og:url\" content=\"https:\/\/dlvradio.es\/en\/7-medidas-para-fomentar-la-coexistencia-entre-el-lobo-y-la-ganaderia\/\" \/>\n<meta property=\"og:site_name\" content=\"DLVRADIO\" \/>\n<meta property=\"article:publisher\" content=\"https:\/\/www.facebook.com\/RadioDLVradio\/\" \/>\n<meta property=\"article:published_time\" content=\"2021-02-25T18:56:35+00:00\" \/>\n<meta property=\"og:image\" content=\"https:\/\/dlvradio.es\/wp-content\/uploads\/2021\/02\/7-medidas-para-fomentar-la-coexistencia-entre-el-lobo-y-la-ganaderia.jpg\" \/>\n\t<meta property=\"og:image:width\" content=\"1511\" \/>\n\t<meta property=\"og:image:height\" content=\"1511\" \/>\n\t<meta property=\"og:image:type\" content=\"image\/jpeg\" \/>\n<meta name=\"author\" content=\"DLV RADIO\" \/>\n<meta name=\"twitter:card\" content=\"summary_large_image\" \/>\n<meta name=\"twitter:creator\" content=\"@RadioDlvradio\" \/>\n<meta name=\"twitter:site\" content=\"@RadioDlvradio\" \/>\n<script type=\"application\/ld+json\" class=\"yoast-schema-graph\">{\"@context\":\"https:\\\/\\\/schema.org\",\"@graph\":[{\"@type\":\"Article\",\"@id\":\"https:\\\/\\\/dlvradio.es\\\/7-medidas-para-fomentar-la-coexistencia-entre-el-lobo-y-la-ganaderia\\\/#article\",\"isPartOf\":{\"@id\":\"https:\\\/\\\/dlvradio.es\\\/7-medidas-para-fomentar-la-coexistencia-entre-el-lobo-y-la-ganaderia\\\/\"},\"author\":{\"name\":\"DLV RADIO\",\"@id\":\"https:\\\/\\\/dlvradio.es\\\/#\\\/schema\\\/person\\\/7d533f9f89b13e3a3f2ba7f67d6412de\"},\"headline\":\"7 medidas para fomentar la coexistencia entre el lobo y la ganader\u00eda\",\"datePublished\":\"2021-02-25T18:56:35+00:00\",\"mainEntityOfPage\":{\"@id\":\"https:\\\/\\\/dlvradio.es\\\/7-medidas-para-fomentar-la-coexistencia-entre-el-lobo-y-la-ganaderia\\\/\"},\"wordCount\":847,\"commentCount\":0,\"publisher\":{\"@id\":\"https:\\\/\\\/dlvradio.es\\\/#organization\"},\"image\":{\"@id\":\"https:\\\/\\\/dlvradio.es\\\/7-medidas-para-fomentar-la-coexistencia-entre-el-lobo-y-la-ganaderia\\\/#primaryimage\"},\"thumbnailUrl\":\"https:\\\/\\\/dlvradio.es\\\/wp-content\\\/uploads\\\/2021\\\/02\\\/7-medidas-para-fomentar-la-coexistencia-entre-el-lobo-y-la-ganaderia.jpg\",\"keywords\":[\"ecolog\u00eda\"],\"articleSection\":[\"Informativos\"],\"inLanguage\":\"en-US\"},{\"@type\":\"WebPage\",\"@id\":\"https:\\\/\\\/dlvradio.es\\\/7-medidas-para-fomentar-la-coexistencia-entre-el-lobo-y-la-ganaderia\\\/\",\"url\":\"https:\\\/\\\/dlvradio.es\\\/7-medidas-para-fomentar-la-coexistencia-entre-el-lobo-y-la-ganaderia\\\/\",\"name\":\"7 medidas para fomentar la coexistencia entre el lobo y la ganader\u00eda - DLVRADIO\",\"isPartOf\":{\"@id\":\"https:\\\/\\\/dlvradio.es\\\/#website\"},\"primaryImageOfPage\":{\"@id\":\"https:\\\/\\\/dlvradio.es\\\/7-medidas-para-fomentar-la-coexistencia-entre-el-lobo-y-la-ganaderia\\\/#primaryimage\"},\"image\":{\"@id\":\"https:\\\/\\\/dlvradio.es\\\/7-medidas-para-fomentar-la-coexistencia-entre-el-lobo-y-la-ganaderia\\\/#primaryimage\"},\"thumbnailUrl\":\"https:\\\/\\\/dlvradio.es\\\/wp-content\\\/uploads\\\/2021\\\/02\\\/7-medidas-para-fomentar-la-coexistencia-entre-el-lobo-y-la-ganaderia.jpg\",\"datePublished\":\"2021-02-25T18:56:35+00:00\",\"description\":\"Ecologistas en Acci\u00f3n, con motivo de la comparecencia de Teresa Ribera y de Luis Planas en el Senado, reclama que las administraciones estatales y\",\"breadcrumb\":{\"@id\":\"https:\\\/\\\/dlvradio.es\\\/7-medidas-para-fomentar-la-coexistencia-entre-el-lobo-y-la-ganaderia\\\/#breadcrumb\"},\"inLanguage\":\"en-US\",\"potentialAction\":[{\"@type\":\"ReadAction\",\"target\":[\"https:\\\/\\\/dlvradio.es\\\/7-medidas-para-fomentar-la-coexistencia-entre-el-lobo-y-la-ganaderia\\\/\"]}]},{\"@type\":\"ImageObject\",\"inLanguage\":\"en-US\",\"@id\":\"https:\\\/\\\/dlvradio.es\\\/7-medidas-para-fomentar-la-coexistencia-entre-el-lobo-y-la-ganaderia\\\/#primaryimage\",\"url\":\"https:\\\/\\\/dlvradio.es\\\/wp-content\\\/uploads\\\/2021\\\/02\\\/7-medidas-para-fomentar-la-coexistencia-entre-el-lobo-y-la-ganaderia.jpg\",\"contentUrl\":\"https:\\\/\\\/dlvradio.es\\\/wp-content\\\/uploads\\\/2021\\\/02\\\/7-medidas-para-fomentar-la-coexistencia-entre-el-lobo-y-la-ganaderia.jpg\",\"width\":1511,\"height\":1511,\"caption\":\"7 medidas para fomentar la coexistencia entre el lobo y la ganader\u00eda\"},{\"@type\":\"BreadcrumbList\",\"@id\":\"https:\\\/\\\/dlvradio.es\\\/7-medidas-para-fomentar-la-coexistencia-entre-el-lobo-y-la-ganaderia\\\/#breadcrumb\",\"itemListElement\":[{\"@type\":\"ListItem\",\"position\":1,\"name\":\"Inicio\",\"item\":\"https:\\\/\\\/dlvradio.es\\\/\"},{\"@type\":\"ListItem\",\"position\":2,\"name\":\"7 medidas para fomentar la coexistencia entre el lobo y la ganader\u00eda\"}]},{\"@type\":\"WebSite\",\"@id\":\"https:\\\/\\\/dlvradio.es\\\/#website\",\"url\":\"https:\\\/\\\/dlvradio.es\\\/\",\"name\":\"DLVRADIO\",\"description\":\"Somos un medio de comunicaci\u00f3n alternativo a los medios tradicionales\",\"publisher\":{\"@id\":\"https:\\\/\\\/dlvradio.es\\\/#organization\"},\"potentialAction\":[{\"@type\":\"SearchAction\",\"target\":{\"@type\":\"EntryPoint\",\"urlTemplate\":\"https:\\\/\\\/dlvradio.es\\\/?s={search_term_string}\"},\"query-input\":{\"@type\":\"PropertyValueSpecification\",\"valueRequired\":true,\"valueName\":\"search_term_string\"}}],\"inLanguage\":\"en-US\"},{\"@type\":\"Organization\",\"@id\":\"https:\\\/\\\/dlvradio.es\\\/#organization\",\"name\":\"DLVRADIO\",\"url\":\"https:\\\/\\\/dlvradio.es\\\/\",\"logo\":{\"@type\":\"ImageObject\",\"inLanguage\":\"en-US\",\"@id\":\"https:\\\/\\\/dlvradio.es\\\/#\\\/schema\\\/logo\\\/image\\\/\",\"url\":\"\",\"contentUrl\":\"\",\"caption\":\"DLVRADIO\"},\"image\":{\"@id\":\"https:\\\/\\\/dlvradio.es\\\/#\\\/schema\\\/logo\\\/image\\\/\"},\"sameAs\":[\"https:\\\/\\\/www.facebook.com\\\/RadioDLVradio\\\/\",\"https:\\\/\\\/x.com\\\/RadioDlvradio\",\"https:\\\/\\\/www.instagram.com\\\/radiodlvradio\\\/\"]},{\"@type\":\"Person\",\"@id\":\"https:\\\/\\\/dlvradio.es\\\/#\\\/schema\\\/person\\\/7d533f9f89b13e3a3f2ba7f67d6412de\",\"name\":\"DLV RADIO\",\"sameAs\":[\"https:\\\/\\\/dlvradio.es\"]}]}<\/script>\n<!-- \/ Yoast SEO plugin. -->","yoast_head_json":{"title":"7 medidas para fomentar la coexistencia entre el lobo y la ganader\u00eda - DLVRADIO","description":"Ecologistas en Acci\u00f3n, con motivo de la comparecencia de Teresa Ribera y de Luis Planas en el Senado, reclama que las administraciones estatales y","robots":{"index":"index","follow":"follow","max-snippet":"max-snippet:-1","max-image-preview":"max-image-preview:large","max-video-preview":"max-video-preview:-1"},"canonical":"https:\/\/dlvradio.es\/en\/7-medidas-para-fomentar-la-coexistencia-entre-el-lobo-y-la-ganaderia\/","og_locale":"en_US","og_type":"article","og_title":"7 medidas para fomentar la coexistencia entre el lobo y la ganader\u00eda - DLVRADIO","og_description":"Ecologistas en Acci\u00f3n, con motivo de la comparecencia de Teresa Ribera y de Luis Planas en el Senado, reclama que las administraciones estatales y","og_url":"https:\/\/dlvradio.es\/en\/7-medidas-para-fomentar-la-coexistencia-entre-el-lobo-y-la-ganaderia\/","og_site_name":"DLVRADIO","article_publisher":"https:\/\/www.facebook.com\/RadioDLVradio\/","article_published_time":"2021-02-25T18:56:35+00:00","og_image":[{"width":1511,"height":1511,"url":"https:\/\/dlvradio.es\/wp-content\/uploads\/2021\/02\/7-medidas-para-fomentar-la-coexistencia-entre-el-lobo-y-la-ganaderia.jpg","type":"image\/jpeg"}],"author":"DLV RADIO","twitter_card":"summary_large_image","twitter_creator":"@RadioDlvradio","twitter_site":"@RadioDlvradio","schema":{"@context":"https:\/\/schema.org","@graph":[{"@type":"Article","@id":"https:\/\/dlvradio.es\/7-medidas-para-fomentar-la-coexistencia-entre-el-lobo-y-la-ganaderia\/#article","isPartOf":{"@id":"https:\/\/dlvradio.es\/7-medidas-para-fomentar-la-coexistencia-entre-el-lobo-y-la-ganaderia\/"},"author":{"name":"DLV RADIO","@id":"https:\/\/dlvradio.es\/#\/schema\/person\/7d533f9f89b13e3a3f2ba7f67d6412de"},"headline":"7 medidas para fomentar la coexistencia entre el lobo y la ganader\u00eda","datePublished":"2021-02-25T18:56:35+00:00","mainEntityOfPage":{"@id":"https:\/\/dlvradio.es\/7-medidas-para-fomentar-la-coexistencia-entre-el-lobo-y-la-ganaderia\/"},"wordCount":847,"commentCount":0,"publisher":{"@id":"https:\/\/dlvradio.es\/#organization"},"image":{"@id":"https:\/\/dlvradio.es\/7-medidas-para-fomentar-la-coexistencia-entre-el-lobo-y-la-ganaderia\/#primaryimage"},"thumbnailUrl":"https:\/\/dlvradio.es\/wp-content\/uploads\/2021\/02\/7-medidas-para-fomentar-la-coexistencia-entre-el-lobo-y-la-ganaderia.jpg","keywords":["ecolog\u00eda"],"articleSection":["Informativos"],"inLanguage":"en-US"},{"@type":"WebPage","@id":"https:\/\/dlvradio.es\/7-medidas-para-fomentar-la-coexistencia-entre-el-lobo-y-la-ganaderia\/","url":"https:\/\/dlvradio.es\/7-medidas-para-fomentar-la-coexistencia-entre-el-lobo-y-la-ganaderia\/","name":"7 medidas para fomentar la coexistencia entre el lobo y la ganader\u00eda - DLVRADIO","isPartOf":{"@id":"https:\/\/dlvradio.es\/#website"},"primaryImageOfPage":{"@id":"https:\/\/dlvradio.es\/7-medidas-para-fomentar-la-coexistencia-entre-el-lobo-y-la-ganaderia\/#primaryimage"},"image":{"@id":"https:\/\/dlvradio.es\/7-medidas-para-fomentar-la-coexistencia-entre-el-lobo-y-la-ganaderia\/#primaryimage"},"thumbnailUrl":"https:\/\/dlvradio.es\/wp-content\/uploads\/2021\/02\/7-medidas-para-fomentar-la-coexistencia-entre-el-lobo-y-la-ganaderia.jpg","datePublished":"2021-02-25T18:56:35+00:00","description":"Ecologistas en Acci\u00f3n, con motivo de la comparecencia de Teresa Ribera y de Luis Planas en el Senado, reclama que las administraciones estatales y","breadcrumb":{"@id":"https:\/\/dlvradio.es\/7-medidas-para-fomentar-la-coexistencia-entre-el-lobo-y-la-ganaderia\/#breadcrumb"},"inLanguage":"en-US","potentialAction":[{"@type":"ReadAction","target":["https:\/\/dlvradio.es\/7-medidas-para-fomentar-la-coexistencia-entre-el-lobo-y-la-ganaderia\/"]}]},{"@type":"ImageObject","inLanguage":"en-US","@id":"https:\/\/dlvradio.es\/7-medidas-para-fomentar-la-coexistencia-entre-el-lobo-y-la-ganaderia\/#primaryimage","url":"https:\/\/dlvradio.es\/wp-content\/uploads\/2021\/02\/7-medidas-para-fomentar-la-coexistencia-entre-el-lobo-y-la-ganaderia.jpg","contentUrl":"https:\/\/dlvradio.es\/wp-content\/uploads\/2021\/02\/7-medidas-para-fomentar-la-coexistencia-entre-el-lobo-y-la-ganaderia.jpg","width":1511,"height":1511,"caption":"7 medidas para fomentar la coexistencia entre el lobo y la ganader\u00eda"},{"@type":"BreadcrumbList","@id":"https:\/\/dlvradio.es\/7-medidas-para-fomentar-la-coexistencia-entre-el-lobo-y-la-ganaderia\/#breadcrumb","itemListElement":[{"@type":"ListItem","position":1,"name":"Inicio","item":"https:\/\/dlvradio.es\/"},{"@type":"ListItem","position":2,"name":"7 medidas para fomentar la coexistencia entre el lobo y la ganader\u00eda"}]},{"@type":"WebSite","@id":"https:\/\/dlvradio.es\/#website","url":"https:\/\/dlvradio.es\/","name":"DLVRADIO","description":"We are an alternative media to traditional media","publisher":{"@id":"https:\/\/dlvradio.es\/#organization"},"potentialAction":[{"@type":"SearchAction","target":{"@type":"EntryPoint","urlTemplate":"https:\/\/dlvradio.es\/?s={search_term_string}"},"query-input":{"@type":"PropertyValueSpecification","valueRequired":true,"valueName":"search_term_string"}}],"inLanguage":"en-US"},{"@type":"Organization","@id":"https:\/\/dlvradio.es\/#organization","name":"DLVRADIO","url":"https:\/\/dlvradio.es\/","logo":{"@type":"ImageObject","inLanguage":"en-US","@id":"https:\/\/dlvradio.es\/#\/schema\/logo\/image\/","url":"","contentUrl":"","caption":"DLVRADIO"},"image":{"@id":"https:\/\/dlvradio.es\/#\/schema\/logo\/image\/"},"sameAs":["https:\/\/www.facebook.com\/RadioDLVradio\/","https:\/\/x.com\/RadioDlvradio","https:\/\/www.instagram.com\/radiodlvradio\/"]},{"@type":"Person","@id":"https:\/\/dlvradio.es\/#\/schema\/person\/7d533f9f89b13e3a3f2ba7f67d6412de","name":"DLV RADIO","sameAs":["https:\/\/dlvradio.es"]}]}},"_links":{"self":[{"href":"https:\/\/dlvradio.es\/en\/wp-json\/wp\/v2\/posts\/70350","targetHints":{"allow":["GET"]}}],"collection":[{"href":"https:\/\/dlvradio.es\/en\/wp-json\/wp\/v2\/posts"}],"about":[{"href":"https:\/\/dlvradio.es\/en\/wp-json\/wp\/v2\/types\/post"}],"author":[{"embeddable":true,"href":"https:\/\/dlvradio.es\/en\/wp-json\/wp\/v2\/users\/4"}],"replies":[{"embeddable":true,"href":"https:\/\/dlvradio.es\/en\/wp-json\/wp\/v2\/comments?post=70350"}],"version-history":[{"count":0,"href":"https:\/\/dlvradio.es\/en\/wp-json\/wp\/v2\/posts\/70350\/revisions"}],"wp:featuredmedia":[{"embeddable":true,"href":"https:\/\/dlvradio.es\/en\/wp-json\/wp\/v2\/media\/70351"}],"wp:attachment":[{"href":"https:\/\/dlvradio.es\/en\/wp-json\/wp\/v2\/media?parent=70350"}],"wp:term":[{"taxonomy":"category","embeddable":true,"href":"https:\/\/dlvradio.es\/en\/wp-json\/wp\/v2\/categories?post=70350"},{"taxonomy":"post_tag","embeddable":true,"href":"https:\/\/dlvradio.es\/en\/wp-json\/wp\/v2\/tags?post=70350"}],"curies":[{"name":"wp","href":"https:\/\/api.w.org\/{rel}","templated":true}]}}