{"id":70353,"date":"2021-02-26T13:41:35","date_gmt":"2021-02-26T12:41:35","guid":{"rendered":"https:\/\/dlvradio.es\/el-feminismo-en-tiempos-de-la-4t\/"},"modified":"2021-02-26T13:41:35","modified_gmt":"2021-02-26T12:41:35","slug":"el-feminismo-en-tiempos-de-la-4t","status":"publish","type":"post","link":"https:\/\/dlvradio.es\/en\/el-feminismo-en-tiempos-de-la-4t\/","title":{"rendered":"El feminismo en tiempos de la 4T"},"content":{"rendered":"<figure class=\"wp-block-embed is-type-rich is-provider-spotify wp-block-embed-spotify wp-embed-aspect-21-9 wp-has-aspect-ratio\"><div class=\"wp-block-embed__wrapper\">\n<iframe title=\"Spotify Embed: El feminismo en tiempos de la 4T\" style=\"border-radius: 12px\" width=\"100%\" height=\"152\" frameborder=\"0\" allowfullscreen allow=\"autoplay; clipboard-write; encrypted-media; fullscreen; picture-in-picture\" loading=\"lazy\" src=\"https:\/\/open.spotify.com\/embed\/episode\/7dcX6rKUjhj35vAtzxgkhu?si=vpKnpEevSBSTorKnkiq8xg&#038;utm_source=oembed\"><\/iframe>\n<\/div><\/figure>\n\n\n<p align=\"JUSTIFY\"><span lang=\"es-ES\"><img decoding=\"async\" class=\"alignleft wp-image-6173 size-thumbnail\" src=\"https:\/\/dlvradio.es\/wp-content\/uploads\/2021\/02\/El-feminismo-en-tiempos-de-la-4T-150x150.jpg\" alt=\"\" width=\"150\" height=\"150\" \/>A petici\u00f3n de mi amiga Nuria que vive en el otro lado del mundo (Espa\u00f1a), me permito contar desde mi experiencia y mi perspectiva feminista lo que las mujeres mexicanas estamos viviendo a partir de la llegada de la \u201cizquierda\u201d al poder.<\/span><\/p>\n<p align=\"JUSTIFY\"><span lang=\"es-ES\">Ser feminista en tiempos de la 4T (cuarta transformaci\u00f3n) est\u00e1 resultando m\u00e1s dif\u00edcil que en los gobiernos anteriores. Antes la simulaci\u00f3n desde la presidencia era importante, de alguna manera las feministas consegu\u00edamos sentarnos a dialogar con autoridades y nuestras representantes en el congreso a cabildear. Con mucho trabajo, alianzas y acuerdos se fueron consolidando leyes y derechos por los que lucharon las mujeres y las feministas que nos precedieron. Sin embargo los avances y retrocesos de los derechos de las mujeres han ido siempre de la mano de la voluntad pol\u00edtica del patriarca en el poder, y para aquellas que apostaron que la llegada de la \u201cizquierda\u201d significaba compartir en igualdad y paridad el poder se encontraron con otra decepci\u00f3n, nuevamente se les orden\u00f3 silencio y sometimiento al mandato patriarcal de un solo hombre, llamado Andr\u00e9s Manuel L\u00f3pez Obrador, AMLO.<\/span><\/p>\n<p align=\"JUSTIFY\">V\u00eda <a href=\"https:\/\/nuevarevolucion.es\/el-feminismo-en-tiempos-de-la-4t\/\">Nueva Revoluci\u00f3n<\/a>.<\/p>","protected":false},"excerpt":{"rendered":"<p>A petici\u00f3n de mi amiga Nuria que vive en el otro lado del mundo (Espa\u00f1a), me permito contar desde mi experiencia y mi perspectiva feminista lo que las mujeres mexicanas estamos viviendo a partir de la llegada de la \u201cizquierda\u201d al poder. Ser feminista en tiempos de la 4T (cuarta transformaci\u00f3n) est\u00e1 resultando m\u00e1s dif\u00edcil [&hellip;]<\/p>\n","protected":false},"author":4,"featured_media":70354,"comment_status":"open","ping_status":"open","sticky":false,"template":"","format":"standard","meta":{"_acf_changed":false,"footnotes":""},"categories":[2470,2593],"tags":[2471,2645],"class_list":["post-70353","post","type-post","status-publish","format-standard","has-post-thumbnail","hentry","category-feminismo","category-internacional","tag-feminismo","tag-igualdad"],"acf":[],"yoast_head":"<!-- This site is optimized with the Yoast SEO plugin v27.4 - https:\/\/yoast.com\/product\/yoast-seo-wordpress\/ -->\n<title>El feminismo en tiempos de la 4T - DLVRADIO<\/title>\n<meta name=\"description\" content=\"https:\/\/open.spotify.com\/episode\/7dcX6rKUjhj35vAtzxgkhu?si=vpKnpEevSBSTorKnkiq8xg A petici\u00f3n de mi amiga Nuria que vive en el otro lado del mundo\" \/>\n<meta name=\"robots\" content=\"index, follow, max-snippet:-1, max-image-preview:large, max-video-preview:-1\" \/>\n<link rel=\"canonical\" href=\"https:\/\/dlvradio.es\/en\/el-feminismo-en-tiempos-de-la-4t\/\" \/>\n<meta property=\"og:locale\" content=\"en_US\" \/>\n<meta property=\"og:type\" content=\"article\" \/>\n<meta property=\"og:title\" content=\"El feminismo en tiempos de la 4T - DLVRADIO\" \/>\n<meta property=\"og:description\" content=\"https:\/\/open.spotify.com\/episode\/7dcX6rKUjhj35vAtzxgkhu?si=vpKnpEevSBSTorKnkiq8xg A petici\u00f3n de mi amiga Nuria que vive en el otro lado del mundo\" \/>\n<meta property=\"og:url\" content=\"https:\/\/dlvradio.es\/en\/el-feminismo-en-tiempos-de-la-4t\/\" \/>\n<meta property=\"og:site_name\" content=\"DLVRADIO\" \/>\n<meta property=\"article:publisher\" content=\"https:\/\/www.facebook.com\/RadioDLVradio\/\" \/>\n<meta property=\"article:published_time\" content=\"2021-02-26T12:41:35+00:00\" \/>\n<meta property=\"og:image\" content=\"https:\/\/dlvradio.es\/wp-content\/uploads\/2021\/02\/El-feminismo-en-tiempos-de-la-4T.jpg\" \/>\n\t<meta property=\"og:image:width\" content=\"1511\" \/>\n\t<meta property=\"og:image:height\" content=\"1511\" \/>\n\t<meta property=\"og:image:type\" content=\"image\/jpeg\" \/>\n<meta name=\"author\" content=\"DLV RADIO\" \/>\n<meta name=\"twitter:card\" content=\"summary_large_image\" \/>\n<meta name=\"twitter:creator\" content=\"@RadioDlvradio\" \/>\n<meta name=\"twitter:site\" content=\"@RadioDlvradio\" \/>\n<script type=\"application\/ld+json\" class=\"yoast-schema-graph\">{\"@context\":\"https:\\\/\\\/schema.org\",\"@graph\":[{\"@type\":\"Article\",\"@id\":\"https:\\\/\\\/dlvradio.es\\\/el-feminismo-en-tiempos-de-la-4t\\\/#article\",\"isPartOf\":{\"@id\":\"https:\\\/\\\/dlvradio.es\\\/el-feminismo-en-tiempos-de-la-4t\\\/\"},\"author\":{\"name\":\"DLV RADIO\",\"@id\":\"https:\\\/\\\/dlvradio.es\\\/#\\\/schema\\\/person\\\/7d533f9f89b13e3a3f2ba7f67d6412de\"},\"headline\":\"El feminismo en tiempos de la 4T\",\"datePublished\":\"2021-02-26T12:41:35+00:00\",\"mainEntityOfPage\":{\"@id\":\"https:\\\/\\\/dlvradio.es\\\/el-feminismo-en-tiempos-de-la-4t\\\/\"},\"wordCount\":216,\"commentCount\":0,\"publisher\":{\"@id\":\"https:\\\/\\\/dlvradio.es\\\/#organization\"},\"image\":{\"@id\":\"https:\\\/\\\/dlvradio.es\\\/el-feminismo-en-tiempos-de-la-4t\\\/#primaryimage\"},\"thumbnailUrl\":\"https:\\\/\\\/dlvradio.es\\\/wp-content\\\/uploads\\\/2021\\\/02\\\/El-feminismo-en-tiempos-de-la-4T.jpg\",\"keywords\":[\"feminismo\",\"igualdad\"],\"articleSection\":[\"Feminismo\",\"Internacional\"],\"inLanguage\":\"en-US\"},{\"@type\":\"WebPage\",\"@id\":\"https:\\\/\\\/dlvradio.es\\\/el-feminismo-en-tiempos-de-la-4t\\\/\",\"url\":\"https:\\\/\\\/dlvradio.es\\\/el-feminismo-en-tiempos-de-la-4t\\\/\",\"name\":\"El feminismo en tiempos de la 4T - DLVRADIO\",\"isPartOf\":{\"@id\":\"https:\\\/\\\/dlvradio.es\\\/#website\"},\"primaryImageOfPage\":{\"@id\":\"https:\\\/\\\/dlvradio.es\\\/el-feminismo-en-tiempos-de-la-4t\\\/#primaryimage\"},\"image\":{\"@id\":\"https:\\\/\\\/dlvradio.es\\\/el-feminismo-en-tiempos-de-la-4t\\\/#primaryimage\"},\"thumbnailUrl\":\"https:\\\/\\\/dlvradio.es\\\/wp-content\\\/uploads\\\/2021\\\/02\\\/El-feminismo-en-tiempos-de-la-4T.jpg\",\"datePublished\":\"2021-02-26T12:41:35+00:00\",\"description\":\"https:\\\/\\\/open.spotify.com\\\/episode\\\/7dcX6rKUjhj35vAtzxgkhu?si=vpKnpEevSBSTorKnkiq8xg A petici\u00f3n de mi amiga Nuria que vive en el otro lado del mundo\",\"breadcrumb\":{\"@id\":\"https:\\\/\\\/dlvradio.es\\\/el-feminismo-en-tiempos-de-la-4t\\\/#breadcrumb\"},\"inLanguage\":\"en-US\",\"potentialAction\":[{\"@type\":\"ReadAction\",\"target\":[\"https:\\\/\\\/dlvradio.es\\\/el-feminismo-en-tiempos-de-la-4t\\\/\"]}]},{\"@type\":\"ImageObject\",\"inLanguage\":\"en-US\",\"@id\":\"https:\\\/\\\/dlvradio.es\\\/el-feminismo-en-tiempos-de-la-4t\\\/#primaryimage\",\"url\":\"https:\\\/\\\/dlvradio.es\\\/wp-content\\\/uploads\\\/2021\\\/02\\\/El-feminismo-en-tiempos-de-la-4T.jpg\",\"contentUrl\":\"https:\\\/\\\/dlvradio.es\\\/wp-content\\\/uploads\\\/2021\\\/02\\\/El-feminismo-en-tiempos-de-la-4T.jpg\",\"width\":1511,\"height\":1511,\"caption\":\"El feminismo en tiempos de la 4T\"},{\"@type\":\"BreadcrumbList\",\"@id\":\"https:\\\/\\\/dlvradio.es\\\/el-feminismo-en-tiempos-de-la-4t\\\/#breadcrumb\",\"itemListElement\":[{\"@type\":\"ListItem\",\"position\":1,\"name\":\"Inicio\",\"item\":\"https:\\\/\\\/dlvradio.es\\\/\"},{\"@type\":\"ListItem\",\"position\":2,\"name\":\"El feminismo en tiempos de la 4T\"}]},{\"@type\":\"WebSite\",\"@id\":\"https:\\\/\\\/dlvradio.es\\\/#website\",\"url\":\"https:\\\/\\\/dlvradio.es\\\/\",\"name\":\"DLVRADIO\",\"description\":\"Somos un medio de comunicaci\u00f3n alternativo a los medios tradicionales\",\"publisher\":{\"@id\":\"https:\\\/\\\/dlvradio.es\\\/#organization\"},\"potentialAction\":[{\"@type\":\"SearchAction\",\"target\":{\"@type\":\"EntryPoint\",\"urlTemplate\":\"https:\\\/\\\/dlvradio.es\\\/?s={search_term_string}\"},\"query-input\":{\"@type\":\"PropertyValueSpecification\",\"valueRequired\":true,\"valueName\":\"search_term_string\"}}],\"inLanguage\":\"en-US\"},{\"@type\":\"Organization\",\"@id\":\"https:\\\/\\\/dlvradio.es\\\/#organization\",\"name\":\"DLVRADIO\",\"url\":\"https:\\\/\\\/dlvradio.es\\\/\",\"logo\":{\"@type\":\"ImageObject\",\"inLanguage\":\"en-US\",\"@id\":\"https:\\\/\\\/dlvradio.es\\\/#\\\/schema\\\/logo\\\/image\\\/\",\"url\":\"\",\"contentUrl\":\"\",\"caption\":\"DLVRADIO\"},\"image\":{\"@id\":\"https:\\\/\\\/dlvradio.es\\\/#\\\/schema\\\/logo\\\/image\\\/\"},\"sameAs\":[\"https:\\\/\\\/www.facebook.com\\\/RadioDLVradio\\\/\",\"https:\\\/\\\/x.com\\\/RadioDlvradio\",\"https:\\\/\\\/www.instagram.com\\\/radiodlvradio\\\/\"]},{\"@type\":\"Person\",\"@id\":\"https:\\\/\\\/dlvradio.es\\\/#\\\/schema\\\/person\\\/7d533f9f89b13e3a3f2ba7f67d6412de\",\"name\":\"DLV RADIO\",\"sameAs\":[\"https:\\\/\\\/dlvradio.es\"]}]}<\/script>\n<!-- \/ Yoast SEO plugin. -->","yoast_head_json":{"title":"El feminismo en tiempos de la 4T - DLVRADIO","description":"https:\/\/open.spotify.com\/episode\/7dcX6rKUjhj35vAtzxgkhu?si=vpKnpEevSBSTorKnkiq8xg A petici\u00f3n de mi amiga Nuria que vive en el otro lado del mundo","robots":{"index":"index","follow":"follow","max-snippet":"max-snippet:-1","max-image-preview":"max-image-preview:large","max-video-preview":"max-video-preview:-1"},"canonical":"https:\/\/dlvradio.es\/en\/el-feminismo-en-tiempos-de-la-4t\/","og_locale":"en_US","og_type":"article","og_title":"El feminismo en tiempos de la 4T - DLVRADIO","og_description":"https:\/\/open.spotify.com\/episode\/7dcX6rKUjhj35vAtzxgkhu?si=vpKnpEevSBSTorKnkiq8xg A petici\u00f3n de mi amiga Nuria que vive en el otro lado del mundo","og_url":"https:\/\/dlvradio.es\/en\/el-feminismo-en-tiempos-de-la-4t\/","og_site_name":"DLVRADIO","article_publisher":"https:\/\/www.facebook.com\/RadioDLVradio\/","article_published_time":"2021-02-26T12:41:35+00:00","og_image":[{"width":1511,"height":1511,"url":"https:\/\/dlvradio.es\/wp-content\/uploads\/2021\/02\/El-feminismo-en-tiempos-de-la-4T.jpg","type":"image\/jpeg"}],"author":"DLV RADIO","twitter_card":"summary_large_image","twitter_creator":"@RadioDlvradio","twitter_site":"@RadioDlvradio","schema":{"@context":"https:\/\/schema.org","@graph":[{"@type":"Article","@id":"https:\/\/dlvradio.es\/el-feminismo-en-tiempos-de-la-4t\/#article","isPartOf":{"@id":"https:\/\/dlvradio.es\/el-feminismo-en-tiempos-de-la-4t\/"},"author":{"name":"DLV RADIO","@id":"https:\/\/dlvradio.es\/#\/schema\/person\/7d533f9f89b13e3a3f2ba7f67d6412de"},"headline":"El feminismo en tiempos de la 4T","datePublished":"2021-02-26T12:41:35+00:00","mainEntityOfPage":{"@id":"https:\/\/dlvradio.es\/el-feminismo-en-tiempos-de-la-4t\/"},"wordCount":216,"commentCount":0,"publisher":{"@id":"https:\/\/dlvradio.es\/#organization"},"image":{"@id":"https:\/\/dlvradio.es\/el-feminismo-en-tiempos-de-la-4t\/#primaryimage"},"thumbnailUrl":"https:\/\/dlvradio.es\/wp-content\/uploads\/2021\/02\/El-feminismo-en-tiempos-de-la-4T.jpg","keywords":["feminismo","igualdad"],"articleSection":["Feminismo","Internacional"],"inLanguage":"en-US"},{"@type":"WebPage","@id":"https:\/\/dlvradio.es\/el-feminismo-en-tiempos-de-la-4t\/","url":"https:\/\/dlvradio.es\/el-feminismo-en-tiempos-de-la-4t\/","name":"El feminismo en tiempos de la 4T - DLVRADIO","isPartOf":{"@id":"https:\/\/dlvradio.es\/#website"},"primaryImageOfPage":{"@id":"https:\/\/dlvradio.es\/el-feminismo-en-tiempos-de-la-4t\/#primaryimage"},"image":{"@id":"https:\/\/dlvradio.es\/el-feminismo-en-tiempos-de-la-4t\/#primaryimage"},"thumbnailUrl":"https:\/\/dlvradio.es\/wp-content\/uploads\/2021\/02\/El-feminismo-en-tiempos-de-la-4T.jpg","datePublished":"2021-02-26T12:41:35+00:00","description":"https:\/\/open.spotify.com\/episode\/7dcX6rKUjhj35vAtzxgkhu?si=vpKnpEevSBSTorKnkiq8xg A petici\u00f3n de mi amiga Nuria que vive en el otro lado del mundo","breadcrumb":{"@id":"https:\/\/dlvradio.es\/el-feminismo-en-tiempos-de-la-4t\/#breadcrumb"},"inLanguage":"en-US","potentialAction":[{"@type":"ReadAction","target":["https:\/\/dlvradio.es\/el-feminismo-en-tiempos-de-la-4t\/"]}]},{"@type":"ImageObject","inLanguage":"en-US","@id":"https:\/\/dlvradio.es\/el-feminismo-en-tiempos-de-la-4t\/#primaryimage","url":"https:\/\/dlvradio.es\/wp-content\/uploads\/2021\/02\/El-feminismo-en-tiempos-de-la-4T.jpg","contentUrl":"https:\/\/dlvradio.es\/wp-content\/uploads\/2021\/02\/El-feminismo-en-tiempos-de-la-4T.jpg","width":1511,"height":1511,"caption":"El feminismo en tiempos de la 4T"},{"@type":"BreadcrumbList","@id":"https:\/\/dlvradio.es\/el-feminismo-en-tiempos-de-la-4t\/#breadcrumb","itemListElement":[{"@type":"ListItem","position":1,"name":"Inicio","item":"https:\/\/dlvradio.es\/"},{"@type":"ListItem","position":2,"name":"El feminismo en tiempos de la 4T"}]},{"@type":"WebSite","@id":"https:\/\/dlvradio.es\/#website","url":"https:\/\/dlvradio.es\/","name":"DLVRADIO","description":"We are an alternative media to traditional media","publisher":{"@id":"https:\/\/dlvradio.es\/#organization"},"potentialAction":[{"@type":"SearchAction","target":{"@type":"EntryPoint","urlTemplate":"https:\/\/dlvradio.es\/?s={search_term_string}"},"query-input":{"@type":"PropertyValueSpecification","valueRequired":true,"valueName":"search_term_string"}}],"inLanguage":"en-US"},{"@type":"Organization","@id":"https:\/\/dlvradio.es\/#organization","name":"DLVRADIO","url":"https:\/\/dlvradio.es\/","logo":{"@type":"ImageObject","inLanguage":"en-US","@id":"https:\/\/dlvradio.es\/#\/schema\/logo\/image\/","url":"","contentUrl":"","caption":"DLVRADIO"},"image":{"@id":"https:\/\/dlvradio.es\/#\/schema\/logo\/image\/"},"sameAs":["https:\/\/www.facebook.com\/RadioDLVradio\/","https:\/\/x.com\/RadioDlvradio","https:\/\/www.instagram.com\/radiodlvradio\/"]},{"@type":"Person","@id":"https:\/\/dlvradio.es\/#\/schema\/person\/7d533f9f89b13e3a3f2ba7f67d6412de","name":"DLV RADIO","sameAs":["https:\/\/dlvradio.es"]}]}},"_links":{"self":[{"href":"https:\/\/dlvradio.es\/en\/wp-json\/wp\/v2\/posts\/70353","targetHints":{"allow":["GET"]}}],"collection":[{"href":"https:\/\/dlvradio.es\/en\/wp-json\/wp\/v2\/posts"}],"about":[{"href":"https:\/\/dlvradio.es\/en\/wp-json\/wp\/v2\/types\/post"}],"author":[{"embeddable":true,"href":"https:\/\/dlvradio.es\/en\/wp-json\/wp\/v2\/users\/4"}],"replies":[{"embeddable":true,"href":"https:\/\/dlvradio.es\/en\/wp-json\/wp\/v2\/comments?post=70353"}],"version-history":[{"count":0,"href":"https:\/\/dlvradio.es\/en\/wp-json\/wp\/v2\/posts\/70353\/revisions"}],"wp:featuredmedia":[{"embeddable":true,"href":"https:\/\/dlvradio.es\/en\/wp-json\/wp\/v2\/media\/70354"}],"wp:attachment":[{"href":"https:\/\/dlvradio.es\/en\/wp-json\/wp\/v2\/media?parent=70353"}],"wp:term":[{"taxonomy":"category","embeddable":true,"href":"https:\/\/dlvradio.es\/en\/wp-json\/wp\/v2\/categories?post=70353"},{"taxonomy":"post_tag","embeddable":true,"href":"https:\/\/dlvradio.es\/en\/wp-json\/wp\/v2\/tags?post=70353"}],"curies":[{"name":"wp","href":"https:\/\/api.w.org\/{rel}","templated":true}]}}