{"id":70373,"date":"2021-03-03T09:45:00","date_gmt":"2021-03-03T08:45:00","guid":{"rendered":"https:\/\/dlvradio.es\/nos-estamos-quedando-sin-estadistas-por-jose-luis-uriz\/"},"modified":"2021-03-03T09:45:00","modified_gmt":"2021-03-03T08:45:00","slug":"nos-estamos-quedando-sin-estadistas-por-jose-luis-uriz","status":"publish","type":"post","link":"https:\/\/dlvradio.es\/en\/nos-estamos-quedando-sin-estadistas-por-jose-luis-uriz\/","title":{"rendered":"Nos estamos quedando sin estadistas, por Jos\u00e9 Luis \u00dariz"},"content":{"rendered":"<p><img decoding=\"async\" class=\"alignleft wp-image-6141 size-thumbnail\" src=\"https:\/\/dlvradio.es\/wp-content\/uploads\/2021\/02\/Jose-Luis-150x150.jpg\" alt=\"\" width=\"150\" height=\"150\" \/>Observando las im\u00e1genes de los participantes en la recepci\u00f3n que se desarroll\u00f3 en el Congreso de los Diputados, conmemorativa del 40 aniversario del 23-F, uno era consciente de que est\u00e1 desapareciendo aquella generaci\u00f3n gloriosa de estadistas, que transitaron por el tardofranquismo y fueron protagonistas de nuestra Transici\u00f3n.<\/p>\n<p>Como \u00fanica figura relevante nos queda un respetado por todos, izquierdas y derechas, Miguel Herrero de Mi\u00f1\u00f3n y en Catalunya ante la desaparici\u00f3n de Pujol apenas Miquel Roca.<\/p>\n<p>El 2 de marzo de 2011 nos dej\u00f3 uno de esos \u00faltimos pol\u00edticos de aquel grupo, se cumplen as\u00ed ahora diez a\u00f1os.<\/p>\n<p>Ignoro la raz\u00f3n, pero las conmemoraciones m\u00faltiplos de 5 se recuerdan con una mayor importancia, mayor a\u00fan si lo son de 10.<\/p>\n<p>Enrique Curiel comenz\u00f3 su andadura pol\u00edtica de la mano del \u201cviejo profesor\u201d, otro Enrique, en este caso Tierno Galv\u00e1n, en las luchas contra el franquismo desde la Universidad de Madrid.<\/p>\n<p>Lider\u00f3 junto a \u00e9l las impresionantes marchas de universitarios de los a\u00f1os 60, se licenci\u00f3 en ciencias pol\u00edticas y particip\u00f3 en la andadura del Partido Socialista del interior, luego PSP, liderado por ambos.<\/p>\n<p>Despu\u00e9s una larga militancia en el PCE de Santiago Carrillo, donde lleg\u00f3 a ser Vicesecretario General junto a Nicol\u00e1s Sartorius. Persecuci\u00f3n, detenciones, c\u00e1rcel en la famosa de Carabanchel junto a Marcelino Camacho y los del sumario 1001.<\/p>\n<p>La deriva de Carrillo y la visi\u00f3n de que la izquierda no se pod\u00eda permitir el lujo de tener dos fuerzas pol\u00edticas confrontadas, le llev\u00f3 a enfrentarse a \u00e9l y abandonar su militancia creando la Fundaci\u00f3n Europa con un grupo de exmilitantes.<\/p>\n<p>Termin\u00f3 su andadura pol\u00edtica aplicando su teor\u00eda que el PSOE deb\u00eda ser la \u201cCasa com\u00fan de la izquierda\u201d, afili\u00e1ndose a impulso de \u201cTxiki\u201d Benegas junto a la mayor parte de quienes conformamos aquella \u201cFundaci\u00f3n Europa\u201d a finales de 1990.<\/p>\n<p>Fuimos recibidos con recelos y siempre se nos consider\u00f3 los comunistas intelectuales que nos quieren dar lecciones de an\u00e1lisis y lucha.<\/p>\n<p>Ven\u00edamos de una militancia activa en un PCE, donde las reuniones se alargaban despu\u00e9s de profundos debates. Eso no pasaba en un PSOE jerarquizado, donde se discut\u00eda poco o nada lo que planteaban quienes mandaban. Era la \u00e9poca de Alfonso Guerra y su famoso \u201cquien se mueve no sale en la foto\u201d.<\/p>\n<p>A pesar de ello y tras muchas resistencias desde el PSdeG, lleg\u00f3 al Congreso de los Diputados en tiempos de Almunia como SG, e incluso fue Secretario del Grupo Parlamentario. Despu\u00e9s el retiro dorado del Senado.<\/p>\n<p>Era demasiado potente intelectualmente para la mediocridad imperante entonces. Brillaba demasiado y era lo que consideraban poco d\u00f3cil, o maleable, un estorbo en una \u00e9poca de sumisi\u00f3n militante.<\/p>\n<p>A pesar de ello fue utilizado por un Maquiavelo de la pol\u00edtica como Alfredo P\u00e9rez Rubalcaba, para intentar crear v\u00ednculos de comunicaci\u00f3n con la izquierda abertzale y ETA. Zapatero le debe mucha parte de lo que logr\u00f3.<\/p>\n<p>As\u00ed llegaron 20 a\u00f1os de contactos, traslado de mensajes, caf\u00e9s, comidas como la famosa de 1999 en el caser\u00edo de Patxi Zabaleta de Leitza, en la que participamos junto a Rubalcaba en un largo encuentro con la c\u00fapula de la izquierda abertzale. Esa reuni\u00f3n acabar\u00eda resultando clave para entender todo lo ocurrido despu\u00e9s.<\/p>\n<p>Cabe repetir ahora esa idea de que Enrique Curiel fue, junto a otros como Patxi Zabaleta, Paul R\u00edos, o Jes\u00fas Eguiguren (entr\u00f3 en esto gracias a nosotros), quien m\u00e1s colabor\u00f3 para que fuera posible la consecuci\u00f3n de la paz y alg\u00fan d\u00eda deber\u00eda ser reconocido por ello.<\/p>\n<p>Es precisamente Enrique Curiel quien mantuvo desde aquel lejano 1989, los contactos con la entonces Herri Batasuna a trav\u00e9s de las comidas en el restaurante Antonio del pueblo soriano de Almaz\u00e1n, con Patxi Zabaleta, por entonces miembro de su Mesa Nacional. Soy testigo de todo ello.<\/p>\n<p>Continu\u00f3 durante veinte a\u00f1os de trabajo intenso desde la discreci\u00f3n, incluyendo el dise\u00f1o y preparaci\u00f3n (en la realizaci\u00f3n con mi colaboraci\u00f3n) de esa hist\u00f3rica comida de Leitza.<\/p>\n<p>Enrique Curiel fue cimentando s\u00f3lidos puentes con lo que nuestros dirigentes denominaban \u201cmundo de ETA\u201d, cuando ser\u00eda m\u00e1s correcto decir de la Izquierda Abertzale.<\/p>\n<p>Gracias a esos continuos y discretos contactos algunas cuestiones, que quedan para el libro que prometi\u00f3 escribir pero que alguien culminar\u00e1 recogiendo la ingente documentaci\u00f3n que me consta dej\u00f3, fueron posibles.<\/p>\n<p>Testigo de ello fueron quienes desde la otra orilla le conocieron, le respetaron y le apreciaron. As\u00ed en su muerte un art\u00edculo de reconocimiento (el que no le dio quien m\u00e1s debiera hacerlo) fue firmado por los propios <strong>Patxi Zabaleta y Pernando Barrena<\/strong>; \u201cEnrique Curiel un hombre de paz\u201d.<\/p>\n<p>No fue el \u00fanico, en otro publicado posteriormente reconociendo su inmensa labor a favor de la paz, se vieron un conjunto de firmas plurales; la de <strong>Od\u00f3n Elorza, Santiago Carrillo, Txiki Benegas, Xos\u00e9 Manuel Beiras, Jos\u00e9 Mar\u00eda Mohedano, Jos\u00e9 Luis Buhigas, Fernando L\u00f3pez Agud\u00edn, Nicol\u00e1s Sartorius, o Daniel Arranz<\/strong><\/p>\n<p>Ahora diez a\u00f1os despu\u00e9s de su p\u00e9rdida reivindico su memoria, la inmensa labor que hizo a favor del entendimiento entre muy diferentes, en la construcci\u00f3n de puentes (t\u00e9rmino que utilizamos all\u00ed por 1990 y que ahora todo el mundo copia), por la reconciliaci\u00f3n, la convivencia y la paz.<\/p>\n<p>Esa que no pudo ver pero que le debe mucho a su visi\u00f3n intelectual, a su esfuerzo, muchas veces con incomprensiones y sufriendo injustos comportamientos de aquellos mediocres que envidiaban su clarividencia.<\/p>\n<p>A\u00fan resuenan sus palabras haciendo un llamado al Estado espa\u00f1ol, para que diera soluci\u00f3n a las viejas tensiones centro-periferia heredadas de una Transici\u00f3n de la que fue sujeto activo, colaborando incluso en la propia Constituci\u00f3n.<\/p>\n<p>Escribi\u00f3 mucho sobre Euskadi y Catalunya, an\u00e1lisis profundos que vieron la luz especialmente en diarios como Deia y La Voz de Galicia. Los hizo desde su conocimiento en primera persona. Posiblemente si alguien le hubiera hecho caso la situaci\u00f3n actual all\u00ed no ser\u00eda tan grave.<\/p>\n<p>Lamentablemente se nos est\u00e1 yendo aquella generaci\u00f3n y nos estamos quedando en la pol\u00edtica actual sin estadistas, intelectuales, ni ide\u00f3logos.<\/p>\n<p>Enrique Curiel, diez a\u00f1os despu\u00e9s la paz y el di\u00e1logo llevan en alg\u00fan rinc\u00f3n tu nombre, por los puentes que construiste ya nos comunicamos. Hoy desde aqu\u00ed mi recuerdo y mi humilde homenaje.<\/p>\n<p>Signed: <span style=\"color: #000000;\"><strong>Jos\u00e9 Luis \u00dariz Iglesias<\/strong><\/span> (Exparlamentario y concejal de PSN-PSOE)<\/p>\n<pre><span style=\"color: #000000;\"><strong>Opinion is a free space on our radio, in which different people collaborate by leaving their opinions on current issues, which we may or may not share from this station.<\/strong><\/span><\/pre>\n\n\n<p><\/p>","protected":false},"excerpt":{"rendered":"<p>Observando las im\u00e1genes de los participantes en la recepci\u00f3n que se desarroll\u00f3 en el Congreso de los Diputados, conmemorativa del 40 aniversario del 23-F, uno era consciente de que est\u00e1 desapareciendo aquella generaci\u00f3n gloriosa de estadistas, que transitaron por el tardofranquismo y fueron protagonistas de nuestra Transici\u00f3n. Como \u00fanica figura relevante nos queda un respetado [&hellip;]<\/p>\n","protected":false},"author":4,"featured_media":70340,"comment_status":"open","ping_status":"open","sticky":false,"template":"","format":"standard","meta":{"_acf_changed":false,"footnotes":""},"categories":[2461],"tags":[2469],"class_list":["post-70373","post","type-post","status-publish","format-standard","has-post-thumbnail","hentry","category-opinion","tag-opinion"],"acf":[],"yoast_head":"<!-- This site is optimized with the Yoast SEO plugin v27.4 - https:\/\/yoast.com\/product\/yoast-seo-wordpress\/ -->\n<title>Nos estamos quedando sin estadistas, por Jos\u00e9 Luis \u00dariz - DLVRADIO<\/title>\n<meta name=\"description\" content=\"Observando las im\u00e1genes de los participantes en la recepci\u00f3n que se desarroll\u00f3 en el Congreso de los Diputados, conmemorativa del 40 aniversario del 23-F,\" \/>\n<meta name=\"robots\" content=\"index, follow, max-snippet:-1, max-image-preview:large, max-video-preview:-1\" \/>\n<link rel=\"canonical\" href=\"https:\/\/dlvradio.es\/en\/nos-estamos-quedando-sin-estadistas-por-jose-luis-uriz\/\" \/>\n<meta property=\"og:locale\" content=\"en_US\" \/>\n<meta property=\"og:type\" content=\"article\" \/>\n<meta property=\"og:title\" content=\"Nos estamos quedando sin estadistas, por Jos\u00e9 Luis \u00dariz - DLVRADIO\" \/>\n<meta property=\"og:description\" content=\"Observando las im\u00e1genes de los participantes en la recepci\u00f3n que se desarroll\u00f3 en el Congreso de los Diputados, conmemorativa del 40 aniversario del 23-F,\" \/>\n<meta property=\"og:url\" content=\"https:\/\/dlvradio.es\/en\/nos-estamos-quedando-sin-estadistas-por-jose-luis-uriz\/\" \/>\n<meta property=\"og:site_name\" content=\"DLVRADIO\" \/>\n<meta property=\"article:publisher\" content=\"https:\/\/www.facebook.com\/RadioDLVradio\/\" \/>\n<meta property=\"article:published_time\" content=\"2021-03-03T08:45:00+00:00\" \/>\n<meta property=\"og:image\" content=\"https:\/\/dlvradio.es\/wp-content\/uploads\/2021\/02\/Jose-Luis.jpg\" \/>\n\t<meta property=\"og:image:width\" content=\"1511\" \/>\n\t<meta property=\"og:image:height\" content=\"1511\" \/>\n\t<meta property=\"og:image:type\" content=\"image\/jpeg\" \/>\n<meta name=\"author\" content=\"DLV RADIO\" \/>\n<meta name=\"twitter:card\" content=\"summary_large_image\" \/>\n<meta name=\"twitter:creator\" content=\"@RadioDlvradio\" \/>\n<meta name=\"twitter:site\" content=\"@RadioDlvradio\" \/>\n<script type=\"application\/ld+json\" class=\"yoast-schema-graph\">{\"@context\":\"https:\\\/\\\/schema.org\",\"@graph\":[{\"@type\":\"Article\",\"@id\":\"https:\\\/\\\/dlvradio.es\\\/nos-estamos-quedando-sin-estadistas-por-jose-luis-uriz\\\/#article\",\"isPartOf\":{\"@id\":\"https:\\\/\\\/dlvradio.es\\\/nos-estamos-quedando-sin-estadistas-por-jose-luis-uriz\\\/\"},\"author\":{\"name\":\"DLV RADIO\",\"@id\":\"https:\\\/\\\/dlvradio.es\\\/#\\\/schema\\\/person\\\/7d533f9f89b13e3a3f2ba7f67d6412de\"},\"headline\":\"Nos estamos quedando sin estadistas, por Jos\u00e9 Luis \u00dariz\",\"datePublished\":\"2021-03-03T08:45:00+00:00\",\"mainEntityOfPage\":{\"@id\":\"https:\\\/\\\/dlvradio.es\\\/nos-estamos-quedando-sin-estadistas-por-jose-luis-uriz\\\/\"},\"wordCount\":1117,\"commentCount\":0,\"publisher\":{\"@id\":\"https:\\\/\\\/dlvradio.es\\\/#organization\"},\"image\":{\"@id\":\"https:\\\/\\\/dlvradio.es\\\/nos-estamos-quedando-sin-estadistas-por-jose-luis-uriz\\\/#primaryimage\"},\"thumbnailUrl\":\"https:\\\/\\\/dlvradio.es\\\/wp-content\\\/uploads\\\/2021\\\/02\\\/Jose-Luis.jpg\",\"keywords\":[\"opini\u00f3n\"],\"articleSection\":[\"Opini\u00f3n\"],\"inLanguage\":\"en-US\"},{\"@type\":\"WebPage\",\"@id\":\"https:\\\/\\\/dlvradio.es\\\/nos-estamos-quedando-sin-estadistas-por-jose-luis-uriz\\\/\",\"url\":\"https:\\\/\\\/dlvradio.es\\\/nos-estamos-quedando-sin-estadistas-por-jose-luis-uriz\\\/\",\"name\":\"Nos estamos quedando sin estadistas, por Jos\u00e9 Luis \u00dariz - DLVRADIO\",\"isPartOf\":{\"@id\":\"https:\\\/\\\/dlvradio.es\\\/#website\"},\"primaryImageOfPage\":{\"@id\":\"https:\\\/\\\/dlvradio.es\\\/nos-estamos-quedando-sin-estadistas-por-jose-luis-uriz\\\/#primaryimage\"},\"image\":{\"@id\":\"https:\\\/\\\/dlvradio.es\\\/nos-estamos-quedando-sin-estadistas-por-jose-luis-uriz\\\/#primaryimage\"},\"thumbnailUrl\":\"https:\\\/\\\/dlvradio.es\\\/wp-content\\\/uploads\\\/2021\\\/02\\\/Jose-Luis.jpg\",\"datePublished\":\"2021-03-03T08:45:00+00:00\",\"description\":\"Observando las im\u00e1genes de los participantes en la recepci\u00f3n que se desarroll\u00f3 en el Congreso de los Diputados, conmemorativa del 40 aniversario del 23-F,\",\"breadcrumb\":{\"@id\":\"https:\\\/\\\/dlvradio.es\\\/nos-estamos-quedando-sin-estadistas-por-jose-luis-uriz\\\/#breadcrumb\"},\"inLanguage\":\"en-US\",\"potentialAction\":[{\"@type\":\"ReadAction\",\"target\":[\"https:\\\/\\\/dlvradio.es\\\/nos-estamos-quedando-sin-estadistas-por-jose-luis-uriz\\\/\"]}]},{\"@type\":\"ImageObject\",\"inLanguage\":\"en-US\",\"@id\":\"https:\\\/\\\/dlvradio.es\\\/nos-estamos-quedando-sin-estadistas-por-jose-luis-uriz\\\/#primaryimage\",\"url\":\"https:\\\/\\\/dlvradio.es\\\/wp-content\\\/uploads\\\/2021\\\/02\\\/Jose-Luis.jpg\",\"contentUrl\":\"https:\\\/\\\/dlvradio.es\\\/wp-content\\\/uploads\\\/2021\\\/02\\\/Jose-Luis.jpg\",\"width\":1511,\"height\":1511,\"caption\":\"Jose Luis\"},{\"@type\":\"BreadcrumbList\",\"@id\":\"https:\\\/\\\/dlvradio.es\\\/nos-estamos-quedando-sin-estadistas-por-jose-luis-uriz\\\/#breadcrumb\",\"itemListElement\":[{\"@type\":\"ListItem\",\"position\":1,\"name\":\"Inicio\",\"item\":\"https:\\\/\\\/dlvradio.es\\\/\"},{\"@type\":\"ListItem\",\"position\":2,\"name\":\"Nos estamos quedando sin estadistas, por Jos\u00e9 Luis \u00dariz\"}]},{\"@type\":\"WebSite\",\"@id\":\"https:\\\/\\\/dlvradio.es\\\/#website\",\"url\":\"https:\\\/\\\/dlvradio.es\\\/\",\"name\":\"DLVRADIO\",\"description\":\"Somos un medio de comunicaci\u00f3n alternativo a los medios tradicionales\",\"publisher\":{\"@id\":\"https:\\\/\\\/dlvradio.es\\\/#organization\"},\"potentialAction\":[{\"@type\":\"SearchAction\",\"target\":{\"@type\":\"EntryPoint\",\"urlTemplate\":\"https:\\\/\\\/dlvradio.es\\\/?s={search_term_string}\"},\"query-input\":{\"@type\":\"PropertyValueSpecification\",\"valueRequired\":true,\"valueName\":\"search_term_string\"}}],\"inLanguage\":\"en-US\"},{\"@type\":\"Organization\",\"@id\":\"https:\\\/\\\/dlvradio.es\\\/#organization\",\"name\":\"DLVRADIO\",\"url\":\"https:\\\/\\\/dlvradio.es\\\/\",\"logo\":{\"@type\":\"ImageObject\",\"inLanguage\":\"en-US\",\"@id\":\"https:\\\/\\\/dlvradio.es\\\/#\\\/schema\\\/logo\\\/image\\\/\",\"url\":\"\",\"contentUrl\":\"\",\"caption\":\"DLVRADIO\"},\"image\":{\"@id\":\"https:\\\/\\\/dlvradio.es\\\/#\\\/schema\\\/logo\\\/image\\\/\"},\"sameAs\":[\"https:\\\/\\\/www.facebook.com\\\/RadioDLVradio\\\/\",\"https:\\\/\\\/x.com\\\/RadioDlvradio\",\"https:\\\/\\\/www.instagram.com\\\/radiodlvradio\\\/\"]},{\"@type\":\"Person\",\"@id\":\"https:\\\/\\\/dlvradio.es\\\/#\\\/schema\\\/person\\\/7d533f9f89b13e3a3f2ba7f67d6412de\",\"name\":\"DLV RADIO\",\"sameAs\":[\"https:\\\/\\\/dlvradio.es\"]}]}<\/script>\n<!-- \/ Yoast SEO plugin. -->","yoast_head_json":{"title":"Nos estamos quedando sin estadistas, por Jos\u00e9 Luis \u00dariz - DLVRADIO","description":"Observando las im\u00e1genes de los participantes en la recepci\u00f3n que se desarroll\u00f3 en el Congreso de los Diputados, conmemorativa del 40 aniversario del 23-F,","robots":{"index":"index","follow":"follow","max-snippet":"max-snippet:-1","max-image-preview":"max-image-preview:large","max-video-preview":"max-video-preview:-1"},"canonical":"https:\/\/dlvradio.es\/en\/nos-estamos-quedando-sin-estadistas-por-jose-luis-uriz\/","og_locale":"en_US","og_type":"article","og_title":"Nos estamos quedando sin estadistas, por Jos\u00e9 Luis \u00dariz - DLVRADIO","og_description":"Observando las im\u00e1genes de los participantes en la recepci\u00f3n que se desarroll\u00f3 en el Congreso de los Diputados, conmemorativa del 40 aniversario del 23-F,","og_url":"https:\/\/dlvradio.es\/en\/nos-estamos-quedando-sin-estadistas-por-jose-luis-uriz\/","og_site_name":"DLVRADIO","article_publisher":"https:\/\/www.facebook.com\/RadioDLVradio\/","article_published_time":"2021-03-03T08:45:00+00:00","og_image":[{"width":1511,"height":1511,"url":"https:\/\/dlvradio.es\/wp-content\/uploads\/2021\/02\/Jose-Luis.jpg","type":"image\/jpeg"}],"author":"DLV RADIO","twitter_card":"summary_large_image","twitter_creator":"@RadioDlvradio","twitter_site":"@RadioDlvradio","schema":{"@context":"https:\/\/schema.org","@graph":[{"@type":"Article","@id":"https:\/\/dlvradio.es\/nos-estamos-quedando-sin-estadistas-por-jose-luis-uriz\/#article","isPartOf":{"@id":"https:\/\/dlvradio.es\/nos-estamos-quedando-sin-estadistas-por-jose-luis-uriz\/"},"author":{"name":"DLV RADIO","@id":"https:\/\/dlvradio.es\/#\/schema\/person\/7d533f9f89b13e3a3f2ba7f67d6412de"},"headline":"Nos estamos quedando sin estadistas, por Jos\u00e9 Luis \u00dariz","datePublished":"2021-03-03T08:45:00+00:00","mainEntityOfPage":{"@id":"https:\/\/dlvradio.es\/nos-estamos-quedando-sin-estadistas-por-jose-luis-uriz\/"},"wordCount":1117,"commentCount":0,"publisher":{"@id":"https:\/\/dlvradio.es\/#organization"},"image":{"@id":"https:\/\/dlvradio.es\/nos-estamos-quedando-sin-estadistas-por-jose-luis-uriz\/#primaryimage"},"thumbnailUrl":"https:\/\/dlvradio.es\/wp-content\/uploads\/2021\/02\/Jose-Luis.jpg","keywords":["opini\u00f3n"],"articleSection":["Opini\u00f3n"],"inLanguage":"en-US"},{"@type":"WebPage","@id":"https:\/\/dlvradio.es\/nos-estamos-quedando-sin-estadistas-por-jose-luis-uriz\/","url":"https:\/\/dlvradio.es\/nos-estamos-quedando-sin-estadistas-por-jose-luis-uriz\/","name":"Nos estamos quedando sin estadistas, por Jos\u00e9 Luis \u00dariz - DLVRADIO","isPartOf":{"@id":"https:\/\/dlvradio.es\/#website"},"primaryImageOfPage":{"@id":"https:\/\/dlvradio.es\/nos-estamos-quedando-sin-estadistas-por-jose-luis-uriz\/#primaryimage"},"image":{"@id":"https:\/\/dlvradio.es\/nos-estamos-quedando-sin-estadistas-por-jose-luis-uriz\/#primaryimage"},"thumbnailUrl":"https:\/\/dlvradio.es\/wp-content\/uploads\/2021\/02\/Jose-Luis.jpg","datePublished":"2021-03-03T08:45:00+00:00","description":"Observando las im\u00e1genes de los participantes en la recepci\u00f3n que se desarroll\u00f3 en el Congreso de los Diputados, conmemorativa del 40 aniversario del 23-F,","breadcrumb":{"@id":"https:\/\/dlvradio.es\/nos-estamos-quedando-sin-estadistas-por-jose-luis-uriz\/#breadcrumb"},"inLanguage":"en-US","potentialAction":[{"@type":"ReadAction","target":["https:\/\/dlvradio.es\/nos-estamos-quedando-sin-estadistas-por-jose-luis-uriz\/"]}]},{"@type":"ImageObject","inLanguage":"en-US","@id":"https:\/\/dlvradio.es\/nos-estamos-quedando-sin-estadistas-por-jose-luis-uriz\/#primaryimage","url":"https:\/\/dlvradio.es\/wp-content\/uploads\/2021\/02\/Jose-Luis.jpg","contentUrl":"https:\/\/dlvradio.es\/wp-content\/uploads\/2021\/02\/Jose-Luis.jpg","width":1511,"height":1511,"caption":"Jose Luis"},{"@type":"BreadcrumbList","@id":"https:\/\/dlvradio.es\/nos-estamos-quedando-sin-estadistas-por-jose-luis-uriz\/#breadcrumb","itemListElement":[{"@type":"ListItem","position":1,"name":"Inicio","item":"https:\/\/dlvradio.es\/"},{"@type":"ListItem","position":2,"name":"Nos estamos quedando sin estadistas, por Jos\u00e9 Luis \u00dariz"}]},{"@type":"WebSite","@id":"https:\/\/dlvradio.es\/#website","url":"https:\/\/dlvradio.es\/","name":"DLVRADIO","description":"We are an alternative media to traditional media","publisher":{"@id":"https:\/\/dlvradio.es\/#organization"},"potentialAction":[{"@type":"SearchAction","target":{"@type":"EntryPoint","urlTemplate":"https:\/\/dlvradio.es\/?s={search_term_string}"},"query-input":{"@type":"PropertyValueSpecification","valueRequired":true,"valueName":"search_term_string"}}],"inLanguage":"en-US"},{"@type":"Organization","@id":"https:\/\/dlvradio.es\/#organization","name":"DLVRADIO","url":"https:\/\/dlvradio.es\/","logo":{"@type":"ImageObject","inLanguage":"en-US","@id":"https:\/\/dlvradio.es\/#\/schema\/logo\/image\/","url":"","contentUrl":"","caption":"DLVRADIO"},"image":{"@id":"https:\/\/dlvradio.es\/#\/schema\/logo\/image\/"},"sameAs":["https:\/\/www.facebook.com\/RadioDLVradio\/","https:\/\/x.com\/RadioDlvradio","https:\/\/www.instagram.com\/radiodlvradio\/"]},{"@type":"Person","@id":"https:\/\/dlvradio.es\/#\/schema\/person\/7d533f9f89b13e3a3f2ba7f67d6412de","name":"DLV RADIO","sameAs":["https:\/\/dlvradio.es"]}]}},"_links":{"self":[{"href":"https:\/\/dlvradio.es\/en\/wp-json\/wp\/v2\/posts\/70373","targetHints":{"allow":["GET"]}}],"collection":[{"href":"https:\/\/dlvradio.es\/en\/wp-json\/wp\/v2\/posts"}],"about":[{"href":"https:\/\/dlvradio.es\/en\/wp-json\/wp\/v2\/types\/post"}],"author":[{"embeddable":true,"href":"https:\/\/dlvradio.es\/en\/wp-json\/wp\/v2\/users\/4"}],"replies":[{"embeddable":true,"href":"https:\/\/dlvradio.es\/en\/wp-json\/wp\/v2\/comments?post=70373"}],"version-history":[{"count":0,"href":"https:\/\/dlvradio.es\/en\/wp-json\/wp\/v2\/posts\/70373\/revisions"}],"wp:featuredmedia":[{"embeddable":true,"href":"https:\/\/dlvradio.es\/en\/wp-json\/wp\/v2\/media\/70340"}],"wp:attachment":[{"href":"https:\/\/dlvradio.es\/en\/wp-json\/wp\/v2\/media?parent=70373"}],"wp:term":[{"taxonomy":"category","embeddable":true,"href":"https:\/\/dlvradio.es\/en\/wp-json\/wp\/v2\/categories?post=70373"},{"taxonomy":"post_tag","embeddable":true,"href":"https:\/\/dlvradio.es\/en\/wp-json\/wp\/v2\/tags?post=70373"}],"curies":[{"name":"wp","href":"https:\/\/api.w.org\/{rel}","templated":true}]}}