{"id":70398,"date":"2021-03-12T22:06:08","date_gmt":"2021-03-12T21:06:08","guid":{"rendered":"https:\/\/dlvradio.es\/analizamos-la-actualidad-politica-en-espana\/"},"modified":"2021-03-12T22:06:08","modified_gmt":"2021-03-12T21:06:08","slug":"analizamos-la-actualidad-politica-en-espana","status":"publish","type":"post","link":"https:\/\/dlvradio.es\/en\/analizamos-la-actualidad-politica-en-espana\/","title":{"rendered":"Analizamos la actualidad pol\u00edtica en Espa\u00f1a"},"content":{"rendered":"<figure class=\"wp-block-embed is-type-rich is-provider-spotify wp-block-embed-spotify wp-embed-aspect-21-9 wp-has-aspect-ratio\"><div class=\"wp-block-embed__wrapper\">\n<iframe title=\"Spotify Embed: Analizamos la actualidad pol\u00edtica en Espa\u00f1a\" style=\"border-radius: 12px\" width=\"100%\" height=\"152\" frameborder=\"0\" allowfullscreen allow=\"autoplay; clipboard-write; encrypted-media; fullscreen; picture-in-picture\" loading=\"lazy\" src=\"https:\/\/open.spotify.com\/embed\/episode\/5h2s6eG21M2xJvw7kSskrM?si=xhwMnVC8ReO5H-VNRQ8W9g&#038;utm_source=oembed\"><\/iframe>\n<\/div><\/figure>\n\n\n<p><img decoding=\"async\" class=\"alignleft wp-image-6313 size-thumbnail\" src=\"https:\/\/dlvradio.es\/wp-content\/uploads\/2021\/03\/Politica-activa-150x150.jpg\" alt=\"\" width=\"150\" height=\"150\" \/>Dentro de nuestro espacio Pol\u00edtica activa de los jueves, vamos \u201cAnalizar la actualidad pol\u00edtica de Espa\u00f1a\u201d. Nuestra tertulia se enfoca desde la l\u00ednea de la gente de la calle, no desde la de pol\u00edticos que al fin y acabo buscan sus intereses, respetable por su puesto, pero no siempre objetivos. En esta semana se ha producido un giro brusco en el panorama pol\u00edtico espa\u00f1ol, tras la moci\u00f3n de censura en Murcia por parte de Ciudadanos y PSOE, ha hecho que se desencadene una serie de acontecimientos dentro de algunas formaciones pol\u00edticas. Como el intento de adelanto electoral comunicado por Ayuso, presidenta de la Comunidad de Madrid, y las posteriores mociones presentadas por Mas Madrid y POSE en la Comunidad de Madrid, estamos en una situaci\u00f3n que no se sabe bien c\u00f3mo va a terminar la cosa. Nuestros contertulianos debatir\u00e1n sobre el tema y dar\u00e1n su opini\u00f3n al respecto. Ten\u00e9is el chat del canal de YouTube para dejar vuestras preguntas y dudas al respecto del tema.<\/p>\n<p><iframe title=\"&quot;Analizamos la actualidad pol\u00edtica en Espa\u00f1a&quot;\" width=\"800\" height=\"450\" src=\"https:\/\/www.youtube.com\/embed\/tgLsQ6E88Xk?feature=oembed\" frameborder=\"0\" allow=\"accelerometer; autoplay; clipboard-write; encrypted-media; gyroscope; picture-in-picture; web-share\" referrerpolicy=\"strict-origin-when-cross-origin\" allowfullscreen><\/iframe><\/p>","protected":false},"excerpt":{"rendered":"<p>Dentro de nuestro espacio Pol\u00edtica activa de los jueves, vamos \u201cAnalizar la actualidad pol\u00edtica de Espa\u00f1a\u201d. Nuestra tertulia se enfoca desde la l\u00ednea de la gente de la calle, no desde la de pol\u00edticos que al fin y acabo buscan sus intereses, respetable por su puesto, pero no siempre objetivos. En esta semana se ha [&hellip;]<\/p>\n","protected":false},"author":4,"featured_media":70399,"comment_status":"open","ping_status":"open","sticky":false,"template":"","format":"standard","meta":{"_acf_changed":false,"footnotes":""},"categories":[2766],"tags":[2466,2489],"class_list":["post-70398","post","type-post","status-publish","format-standard","has-post-thumbnail","hentry","category-el-decreto","tag-espana","tag-tertulia"],"acf":[],"yoast_head":"<!-- This site is optimized with the Yoast SEO plugin v27.4 - https:\/\/yoast.com\/product\/yoast-seo-wordpress\/ -->\n<title>Analizamos la actualidad pol\u00edtica en Espa\u00f1a - DLVRADIO<\/title>\n<meta name=\"description\" content=\"https:\/\/open.spotify.com\/episode\/5h2s6eG21M2xJvw7kSskrM?si=xhwMnVC8ReO5H-VNRQ8W9g Dentro de nuestro espacio Pol\u00edtica activa de los jueves, vamos \u201cAnalizar\" \/>\n<meta name=\"robots\" content=\"index, follow, max-snippet:-1, max-image-preview:large, max-video-preview:-1\" \/>\n<link rel=\"canonical\" href=\"https:\/\/dlvradio.es\/en\/analizamos-la-actualidad-politica-en-espana\/\" \/>\n<meta property=\"og:locale\" content=\"en_US\" \/>\n<meta property=\"og:type\" content=\"article\" \/>\n<meta property=\"og:title\" content=\"Analizamos la actualidad pol\u00edtica en Espa\u00f1a - DLVRADIO\" \/>\n<meta property=\"og:description\" content=\"https:\/\/open.spotify.com\/episode\/5h2s6eG21M2xJvw7kSskrM?si=xhwMnVC8ReO5H-VNRQ8W9g Dentro de nuestro espacio Pol\u00edtica activa de los jueves, vamos \u201cAnalizar\" \/>\n<meta property=\"og:url\" content=\"https:\/\/dlvradio.es\/en\/analizamos-la-actualidad-politica-en-espana\/\" \/>\n<meta property=\"og:site_name\" content=\"DLVRADIO\" \/>\n<meta property=\"article:publisher\" content=\"https:\/\/www.facebook.com\/RadioDLVradio\/\" \/>\n<meta property=\"article:published_time\" content=\"2021-03-12T21:06:08+00:00\" \/>\n<meta property=\"og:image\" content=\"https:\/\/dlvradio.es\/wp-content\/uploads\/2021\/03\/Politica-activa.jpg\" \/>\n\t<meta property=\"og:image:width\" content=\"1511\" \/>\n\t<meta property=\"og:image:height\" content=\"1511\" \/>\n\t<meta property=\"og:image:type\" content=\"image\/jpeg\" \/>\n<meta name=\"author\" content=\"DLV RADIO\" \/>\n<meta name=\"twitter:card\" content=\"summary_large_image\" \/>\n<meta name=\"twitter:creator\" content=\"@RadioDlvradio\" \/>\n<meta name=\"twitter:site\" content=\"@RadioDlvradio\" \/>\n<script type=\"application\/ld+json\" class=\"yoast-schema-graph\">{\"@context\":\"https:\\\/\\\/schema.org\",\"@graph\":[{\"@type\":\"Article\",\"@id\":\"https:\\\/\\\/dlvradio.es\\\/analizamos-la-actualidad-politica-en-espana\\\/#article\",\"isPartOf\":{\"@id\":\"https:\\\/\\\/dlvradio.es\\\/analizamos-la-actualidad-politica-en-espana\\\/\"},\"author\":{\"name\":\"DLV RADIO\",\"@id\":\"https:\\\/\\\/dlvradio.es\\\/#\\\/schema\\\/person\\\/7d533f9f89b13e3a3f2ba7f67d6412de\"},\"headline\":\"Analizamos la actualidad pol\u00edtica en Espa\u00f1a\",\"datePublished\":\"2021-03-12T21:06:08+00:00\",\"mainEntityOfPage\":{\"@id\":\"https:\\\/\\\/dlvradio.es\\\/analizamos-la-actualidad-politica-en-espana\\\/\"},\"wordCount\":213,\"commentCount\":0,\"publisher\":{\"@id\":\"https:\\\/\\\/dlvradio.es\\\/#organization\"},\"image\":{\"@id\":\"https:\\\/\\\/dlvradio.es\\\/analizamos-la-actualidad-politica-en-espana\\\/#primaryimage\"},\"thumbnailUrl\":\"https:\\\/\\\/dlvradio.es\\\/wp-content\\\/uploads\\\/2021\\\/03\\\/Politica-activa.jpg\",\"keywords\":[\"Espa\u00f1a\",\"Tertulia\"],\"articleSection\":[\"El Decreto\"],\"inLanguage\":\"en-US\"},{\"@type\":\"WebPage\",\"@id\":\"https:\\\/\\\/dlvradio.es\\\/analizamos-la-actualidad-politica-en-espana\\\/\",\"url\":\"https:\\\/\\\/dlvradio.es\\\/analizamos-la-actualidad-politica-en-espana\\\/\",\"name\":\"Analizamos la actualidad pol\u00edtica en Espa\u00f1a - DLVRADIO\",\"isPartOf\":{\"@id\":\"https:\\\/\\\/dlvradio.es\\\/#website\"},\"primaryImageOfPage\":{\"@id\":\"https:\\\/\\\/dlvradio.es\\\/analizamos-la-actualidad-politica-en-espana\\\/#primaryimage\"},\"image\":{\"@id\":\"https:\\\/\\\/dlvradio.es\\\/analizamos-la-actualidad-politica-en-espana\\\/#primaryimage\"},\"thumbnailUrl\":\"https:\\\/\\\/dlvradio.es\\\/wp-content\\\/uploads\\\/2021\\\/03\\\/Politica-activa.jpg\",\"datePublished\":\"2021-03-12T21:06:08+00:00\",\"description\":\"https:\\\/\\\/open.spotify.com\\\/episode\\\/5h2s6eG21M2xJvw7kSskrM?si=xhwMnVC8ReO5H-VNRQ8W9g Dentro de nuestro espacio Pol\u00edtica activa de los jueves, vamos \u201cAnalizar\",\"breadcrumb\":{\"@id\":\"https:\\\/\\\/dlvradio.es\\\/analizamos-la-actualidad-politica-en-espana\\\/#breadcrumb\"},\"inLanguage\":\"en-US\",\"potentialAction\":[{\"@type\":\"ReadAction\",\"target\":[\"https:\\\/\\\/dlvradio.es\\\/analizamos-la-actualidad-politica-en-espana\\\/\"]}]},{\"@type\":\"ImageObject\",\"inLanguage\":\"en-US\",\"@id\":\"https:\\\/\\\/dlvradio.es\\\/analizamos-la-actualidad-politica-en-espana\\\/#primaryimage\",\"url\":\"https:\\\/\\\/dlvradio.es\\\/wp-content\\\/uploads\\\/2021\\\/03\\\/Politica-activa.jpg\",\"contentUrl\":\"https:\\\/\\\/dlvradio.es\\\/wp-content\\\/uploads\\\/2021\\\/03\\\/Politica-activa.jpg\",\"width\":1511,\"height\":1511,\"caption\":\"Pol\u00edtica activa\"},{\"@type\":\"BreadcrumbList\",\"@id\":\"https:\\\/\\\/dlvradio.es\\\/analizamos-la-actualidad-politica-en-espana\\\/#breadcrumb\",\"itemListElement\":[{\"@type\":\"ListItem\",\"position\":1,\"name\":\"Inicio\",\"item\":\"https:\\\/\\\/dlvradio.es\\\/\"},{\"@type\":\"ListItem\",\"position\":2,\"name\":\"Analizamos la actualidad pol\u00edtica en Espa\u00f1a\"}]},{\"@type\":\"WebSite\",\"@id\":\"https:\\\/\\\/dlvradio.es\\\/#website\",\"url\":\"https:\\\/\\\/dlvradio.es\\\/\",\"name\":\"DLVRADIO\",\"description\":\"Somos un medio de comunicaci\u00f3n alternativo a los medios tradicionales\",\"publisher\":{\"@id\":\"https:\\\/\\\/dlvradio.es\\\/#organization\"},\"potentialAction\":[{\"@type\":\"SearchAction\",\"target\":{\"@type\":\"EntryPoint\",\"urlTemplate\":\"https:\\\/\\\/dlvradio.es\\\/?s={search_term_string}\"},\"query-input\":{\"@type\":\"PropertyValueSpecification\",\"valueRequired\":true,\"valueName\":\"search_term_string\"}}],\"inLanguage\":\"en-US\"},{\"@type\":\"Organization\",\"@id\":\"https:\\\/\\\/dlvradio.es\\\/#organization\",\"name\":\"DLVRADIO\",\"url\":\"https:\\\/\\\/dlvradio.es\\\/\",\"logo\":{\"@type\":\"ImageObject\",\"inLanguage\":\"en-US\",\"@id\":\"https:\\\/\\\/dlvradio.es\\\/#\\\/schema\\\/logo\\\/image\\\/\",\"url\":\"\",\"contentUrl\":\"\",\"caption\":\"DLVRADIO\"},\"image\":{\"@id\":\"https:\\\/\\\/dlvradio.es\\\/#\\\/schema\\\/logo\\\/image\\\/\"},\"sameAs\":[\"https:\\\/\\\/www.facebook.com\\\/RadioDLVradio\\\/\",\"https:\\\/\\\/x.com\\\/RadioDlvradio\",\"https:\\\/\\\/www.instagram.com\\\/radiodlvradio\\\/\"]},{\"@type\":\"Person\",\"@id\":\"https:\\\/\\\/dlvradio.es\\\/#\\\/schema\\\/person\\\/7d533f9f89b13e3a3f2ba7f67d6412de\",\"name\":\"DLV RADIO\",\"sameAs\":[\"https:\\\/\\\/dlvradio.es\"]}]}<\/script>\n<!-- \/ Yoast SEO plugin. -->","yoast_head_json":{"title":"Analizamos la actualidad pol\u00edtica en Espa\u00f1a - DLVRADIO","description":"https:\/\/open.spotify.com\/episode\/5h2s6eG21M2xJvw7kSskrM?si=xhwMnVC8ReO5H-VNRQ8W9g Dentro de nuestro espacio Pol\u00edtica activa de los jueves, vamos \u201cAnalizar","robots":{"index":"index","follow":"follow","max-snippet":"max-snippet:-1","max-image-preview":"max-image-preview:large","max-video-preview":"max-video-preview:-1"},"canonical":"https:\/\/dlvradio.es\/en\/analizamos-la-actualidad-politica-en-espana\/","og_locale":"en_US","og_type":"article","og_title":"Analizamos la actualidad pol\u00edtica en Espa\u00f1a - DLVRADIO","og_description":"https:\/\/open.spotify.com\/episode\/5h2s6eG21M2xJvw7kSskrM?si=xhwMnVC8ReO5H-VNRQ8W9g Dentro de nuestro espacio Pol\u00edtica activa de los jueves, vamos \u201cAnalizar","og_url":"https:\/\/dlvradio.es\/en\/analizamos-la-actualidad-politica-en-espana\/","og_site_name":"DLVRADIO","article_publisher":"https:\/\/www.facebook.com\/RadioDLVradio\/","article_published_time":"2021-03-12T21:06:08+00:00","og_image":[{"width":1511,"height":1511,"url":"https:\/\/dlvradio.es\/wp-content\/uploads\/2021\/03\/Politica-activa.jpg","type":"image\/jpeg"}],"author":"DLV RADIO","twitter_card":"summary_large_image","twitter_creator":"@RadioDlvradio","twitter_site":"@RadioDlvradio","schema":{"@context":"https:\/\/schema.org","@graph":[{"@type":"Article","@id":"https:\/\/dlvradio.es\/analizamos-la-actualidad-politica-en-espana\/#article","isPartOf":{"@id":"https:\/\/dlvradio.es\/analizamos-la-actualidad-politica-en-espana\/"},"author":{"name":"DLV RADIO","@id":"https:\/\/dlvradio.es\/#\/schema\/person\/7d533f9f89b13e3a3f2ba7f67d6412de"},"headline":"Analizamos la actualidad pol\u00edtica en Espa\u00f1a","datePublished":"2021-03-12T21:06:08+00:00","mainEntityOfPage":{"@id":"https:\/\/dlvradio.es\/analizamos-la-actualidad-politica-en-espana\/"},"wordCount":213,"commentCount":0,"publisher":{"@id":"https:\/\/dlvradio.es\/#organization"},"image":{"@id":"https:\/\/dlvradio.es\/analizamos-la-actualidad-politica-en-espana\/#primaryimage"},"thumbnailUrl":"https:\/\/dlvradio.es\/wp-content\/uploads\/2021\/03\/Politica-activa.jpg","keywords":["Espa\u00f1a","Tertulia"],"articleSection":["El Decreto"],"inLanguage":"en-US"},{"@type":"WebPage","@id":"https:\/\/dlvradio.es\/analizamos-la-actualidad-politica-en-espana\/","url":"https:\/\/dlvradio.es\/analizamos-la-actualidad-politica-en-espana\/","name":"Analizamos la actualidad pol\u00edtica en Espa\u00f1a - DLVRADIO","isPartOf":{"@id":"https:\/\/dlvradio.es\/#website"},"primaryImageOfPage":{"@id":"https:\/\/dlvradio.es\/analizamos-la-actualidad-politica-en-espana\/#primaryimage"},"image":{"@id":"https:\/\/dlvradio.es\/analizamos-la-actualidad-politica-en-espana\/#primaryimage"},"thumbnailUrl":"https:\/\/dlvradio.es\/wp-content\/uploads\/2021\/03\/Politica-activa.jpg","datePublished":"2021-03-12T21:06:08+00:00","description":"https:\/\/open.spotify.com\/episode\/5h2s6eG21M2xJvw7kSskrM?si=xhwMnVC8ReO5H-VNRQ8W9g Dentro de nuestro espacio Pol\u00edtica activa de los jueves, vamos \u201cAnalizar","breadcrumb":{"@id":"https:\/\/dlvradio.es\/analizamos-la-actualidad-politica-en-espana\/#breadcrumb"},"inLanguage":"en-US","potentialAction":[{"@type":"ReadAction","target":["https:\/\/dlvradio.es\/analizamos-la-actualidad-politica-en-espana\/"]}]},{"@type":"ImageObject","inLanguage":"en-US","@id":"https:\/\/dlvradio.es\/analizamos-la-actualidad-politica-en-espana\/#primaryimage","url":"https:\/\/dlvradio.es\/wp-content\/uploads\/2021\/03\/Politica-activa.jpg","contentUrl":"https:\/\/dlvradio.es\/wp-content\/uploads\/2021\/03\/Politica-activa.jpg","width":1511,"height":1511,"caption":"Pol\u00edtica activa"},{"@type":"BreadcrumbList","@id":"https:\/\/dlvradio.es\/analizamos-la-actualidad-politica-en-espana\/#breadcrumb","itemListElement":[{"@type":"ListItem","position":1,"name":"Inicio","item":"https:\/\/dlvradio.es\/"},{"@type":"ListItem","position":2,"name":"Analizamos la actualidad pol\u00edtica en Espa\u00f1a"}]},{"@type":"WebSite","@id":"https:\/\/dlvradio.es\/#website","url":"https:\/\/dlvradio.es\/","name":"DLVRADIO","description":"We are an alternative media to traditional media","publisher":{"@id":"https:\/\/dlvradio.es\/#organization"},"potentialAction":[{"@type":"SearchAction","target":{"@type":"EntryPoint","urlTemplate":"https:\/\/dlvradio.es\/?s={search_term_string}"},"query-input":{"@type":"PropertyValueSpecification","valueRequired":true,"valueName":"search_term_string"}}],"inLanguage":"en-US"},{"@type":"Organization","@id":"https:\/\/dlvradio.es\/#organization","name":"DLVRADIO","url":"https:\/\/dlvradio.es\/","logo":{"@type":"ImageObject","inLanguage":"en-US","@id":"https:\/\/dlvradio.es\/#\/schema\/logo\/image\/","url":"","contentUrl":"","caption":"DLVRADIO"},"image":{"@id":"https:\/\/dlvradio.es\/#\/schema\/logo\/image\/"},"sameAs":["https:\/\/www.facebook.com\/RadioDLVradio\/","https:\/\/x.com\/RadioDlvradio","https:\/\/www.instagram.com\/radiodlvradio\/"]},{"@type":"Person","@id":"https:\/\/dlvradio.es\/#\/schema\/person\/7d533f9f89b13e3a3f2ba7f67d6412de","name":"DLV RADIO","sameAs":["https:\/\/dlvradio.es"]}]}},"_links":{"self":[{"href":"https:\/\/dlvradio.es\/en\/wp-json\/wp\/v2\/posts\/70398","targetHints":{"allow":["GET"]}}],"collection":[{"href":"https:\/\/dlvradio.es\/en\/wp-json\/wp\/v2\/posts"}],"about":[{"href":"https:\/\/dlvradio.es\/en\/wp-json\/wp\/v2\/types\/post"}],"author":[{"embeddable":true,"href":"https:\/\/dlvradio.es\/en\/wp-json\/wp\/v2\/users\/4"}],"replies":[{"embeddable":true,"href":"https:\/\/dlvradio.es\/en\/wp-json\/wp\/v2\/comments?post=70398"}],"version-history":[{"count":0,"href":"https:\/\/dlvradio.es\/en\/wp-json\/wp\/v2\/posts\/70398\/revisions"}],"wp:featuredmedia":[{"embeddable":true,"href":"https:\/\/dlvradio.es\/en\/wp-json\/wp\/v2\/media\/70399"}],"wp:attachment":[{"href":"https:\/\/dlvradio.es\/en\/wp-json\/wp\/v2\/media?parent=70398"}],"wp:term":[{"taxonomy":"category","embeddable":true,"href":"https:\/\/dlvradio.es\/en\/wp-json\/wp\/v2\/categories?post=70398"},{"taxonomy":"post_tag","embeddable":true,"href":"https:\/\/dlvradio.es\/en\/wp-json\/wp\/v2\/tags?post=70398"}],"curies":[{"name":"wp","href":"https:\/\/api.w.org\/{rel}","templated":true}]}}