{"id":70436,"date":"2021-03-28T19:22:48","date_gmt":"2021-03-28T17:22:48","guid":{"rendered":"https:\/\/dlvradio.es\/existe-en-espana-discriminacion-racial\/"},"modified":"2021-03-28T19:22:48","modified_gmt":"2021-03-28T17:22:48","slug":"existe-en-espana-discriminacion-racial","status":"publish","type":"post","link":"https:\/\/dlvradio.es\/en\/existe-en-espana-discriminacion-racial\/","title":{"rendered":"\u00bfExiste en Espa\u00f1a discriminaci\u00f3n racial?"},"content":{"rendered":"<figure class=\"wp-block-embed is-type-rich is-provider-spotify wp-block-embed-spotify wp-embed-aspect-21-9 wp-has-aspect-ratio\"><div class=\"wp-block-embed__wrapper\">\n<iframe title=\"Spotify Embed: \u00bfExiste en Espa\u00f1a discriminaci\u00f3n racial?\" style=\"border-radius: 12px\" width=\"100%\" height=\"152\" frameborder=\"0\" allowfullscreen allow=\"autoplay; clipboard-write; encrypted-media; fullscreen; picture-in-picture\" loading=\"lazy\" src=\"https:\/\/open.spotify.com\/embed\/episode\/5bQrgk1LS04He4rekctSRi?si=1tVckqC6T7aLi7aauVvuoQ&#038;utm_source=oembed\"><\/iframe>\n<\/div><\/figure>\n\n\n<p><img decoding=\"async\" class=\"alignleft wp-image-6448 size-thumbnail\" src=\"https:\/\/dlvradio.es\/wp-content\/uploads\/2021\/03\/tertulia-politica-2503-150x150.jpg\" alt=\"\" width=\"150\" height=\"150\" \/>Esta semana en nuestro espacio de Pol\u00edtica activa vamos a tartar un tema que no se habla con mucha frecuencia en los medios de comunicaci\u00f3n tradicionales, pero que no por ello se sabe que esta latente que es el racismo. Evidentemente no es tan visible como en algunos pa\u00edses, pero si se sabe de problemas surgidos en toda Espa\u00f1a entorno a la cuesti\u00f3n, pata ello vamos a variar algunos de los tertulianos que participan habitualmente en nuestra radio, para traer a personas que por razones de trabajo tiene un contacto m\u00e1s directo con estos temas. As\u00ed que esta semana nos acompa\u00f1an: Paula Qu\u00edlez \u2013 polit\u00f3loga, Montse Se\u00edjas \u2013 licenciada en derecho, Francisco Lupia\u00f1ez \u2013 de Inserta Andaluc\u00eda que trabajan con j\u00f3venes marginados y Mar\u00eda Mat\u00edn \u2013 Presidenta de la asociaci\u00f3n La Volaera, que tambi\u00e9n tratan temas relacionados con la inmigraci\u00f3n.<\/p>\n<p><iframe title=\"\u00bfExiste en Espa\u00f1a discriminaci\u00f3n racial?\" width=\"800\" height=\"450\" src=\"https:\/\/www.youtube.com\/embed\/6siNbDR6bTE?feature=oembed\" frameborder=\"0\" allow=\"accelerometer; autoplay; clipboard-write; encrypted-media; gyroscope; picture-in-picture; web-share\" referrerpolicy=\"strict-origin-when-cross-origin\" allowfullscreen><\/iframe><\/p>","protected":false},"excerpt":{"rendered":"<p>Esta semana en nuestro espacio de Pol\u00edtica activa vamos a tartar un tema que no se habla con mucha frecuencia en los medios de comunicaci\u00f3n tradicionales, pero que no por ello se sabe que esta latente que es el racismo. Evidentemente no es tan visible como en algunos pa\u00edses, pero si se sabe de problemas [&hellip;]<\/p>\n","protected":false},"author":4,"featured_media":70437,"comment_status":"open","ping_status":"open","sticky":false,"template":"","format":"standard","meta":{"_acf_changed":false,"footnotes":""},"categories":[2766],"tags":[2466,2489],"class_list":["post-70436","post","type-post","status-publish","format-standard","has-post-thumbnail","hentry","category-el-decreto","tag-espana","tag-tertulia"],"acf":[],"yoast_head":"<!-- This site is optimized with the Yoast SEO plugin v27.4 - https:\/\/yoast.com\/product\/yoast-seo-wordpress\/ -->\n<title>\u00bfExiste en Espa\u00f1a discriminaci\u00f3n racial? - DLVRADIO<\/title>\n<meta name=\"description\" content=\"https:\/\/open.spotify.com\/episode\/5bQrgk1LS04He4rekctSRi?si=1tVckqC6T7aLi7aauVvuoQ Esta semana en nuestro espacio de Pol\u00edtica activa vamos a tartar un tema\" \/>\n<meta name=\"robots\" content=\"index, follow, max-snippet:-1, max-image-preview:large, max-video-preview:-1\" \/>\n<link rel=\"canonical\" href=\"https:\/\/dlvradio.es\/en\/existe-en-espana-discriminacion-racial\/\" \/>\n<meta property=\"og:locale\" content=\"en_US\" \/>\n<meta property=\"og:type\" content=\"article\" \/>\n<meta property=\"og:title\" content=\"\u00bfExiste en Espa\u00f1a discriminaci\u00f3n racial? - DLVRADIO\" \/>\n<meta property=\"og:description\" content=\"https:\/\/open.spotify.com\/episode\/5bQrgk1LS04He4rekctSRi?si=1tVckqC6T7aLi7aauVvuoQ Esta semana en nuestro espacio de Pol\u00edtica activa vamos a tartar un tema\" \/>\n<meta property=\"og:url\" content=\"https:\/\/dlvradio.es\/en\/existe-en-espana-discriminacion-racial\/\" \/>\n<meta property=\"og:site_name\" content=\"DLVRADIO\" \/>\n<meta property=\"article:publisher\" content=\"https:\/\/www.facebook.com\/RadioDLVradio\/\" \/>\n<meta property=\"article:published_time\" content=\"2021-03-28T17:22:48+00:00\" \/>\n<meta property=\"og:image\" content=\"https:\/\/dlvradio.es\/wp-content\/uploads\/2021\/03\/tertulia-politica-2503.jpg\" \/>\n\t<meta property=\"og:image:width\" content=\"1511\" \/>\n\t<meta property=\"og:image:height\" content=\"1511\" \/>\n\t<meta property=\"og:image:type\" content=\"image\/jpeg\" \/>\n<meta name=\"author\" content=\"DLV RADIO\" \/>\n<meta name=\"twitter:card\" content=\"summary_large_image\" \/>\n<meta name=\"twitter:creator\" content=\"@RadioDlvradio\" \/>\n<meta name=\"twitter:site\" content=\"@RadioDlvradio\" \/>\n<script type=\"application\/ld+json\" class=\"yoast-schema-graph\">{\"@context\":\"https:\\\/\\\/schema.org\",\"@graph\":[{\"@type\":\"Article\",\"@id\":\"https:\\\/\\\/dlvradio.es\\\/existe-en-espana-discriminacion-racial\\\/#article\",\"isPartOf\":{\"@id\":\"https:\\\/\\\/dlvradio.es\\\/existe-en-espana-discriminacion-racial\\\/\"},\"author\":{\"name\":\"DLV RADIO\",\"@id\":\"https:\\\/\\\/dlvradio.es\\\/#\\\/schema\\\/person\\\/7d533f9f89b13e3a3f2ba7f67d6412de\"},\"headline\":\"\u00bfExiste en Espa\u00f1a discriminaci\u00f3n racial?\",\"datePublished\":\"2021-03-28T17:22:48+00:00\",\"mainEntityOfPage\":{\"@id\":\"https:\\\/\\\/dlvradio.es\\\/existe-en-espana-discriminacion-racial\\\/\"},\"wordCount\":182,\"commentCount\":0,\"publisher\":{\"@id\":\"https:\\\/\\\/dlvradio.es\\\/#organization\"},\"image\":{\"@id\":\"https:\\\/\\\/dlvradio.es\\\/existe-en-espana-discriminacion-racial\\\/#primaryimage\"},\"thumbnailUrl\":\"https:\\\/\\\/dlvradio.es\\\/wp-content\\\/uploads\\\/2021\\\/03\\\/tertulia-politica-2503.jpg\",\"keywords\":[\"Espa\u00f1a\",\"Tertulia\"],\"articleSection\":[\"El Decreto\"],\"inLanguage\":\"en-US\"},{\"@type\":\"WebPage\",\"@id\":\"https:\\\/\\\/dlvradio.es\\\/existe-en-espana-discriminacion-racial\\\/\",\"url\":\"https:\\\/\\\/dlvradio.es\\\/existe-en-espana-discriminacion-racial\\\/\",\"name\":\"\u00bfExiste en Espa\u00f1a discriminaci\u00f3n racial? - DLVRADIO\",\"isPartOf\":{\"@id\":\"https:\\\/\\\/dlvradio.es\\\/#website\"},\"primaryImageOfPage\":{\"@id\":\"https:\\\/\\\/dlvradio.es\\\/existe-en-espana-discriminacion-racial\\\/#primaryimage\"},\"image\":{\"@id\":\"https:\\\/\\\/dlvradio.es\\\/existe-en-espana-discriminacion-racial\\\/#primaryimage\"},\"thumbnailUrl\":\"https:\\\/\\\/dlvradio.es\\\/wp-content\\\/uploads\\\/2021\\\/03\\\/tertulia-politica-2503.jpg\",\"datePublished\":\"2021-03-28T17:22:48+00:00\",\"description\":\"https:\\\/\\\/open.spotify.com\\\/episode\\\/5bQrgk1LS04He4rekctSRi?si=1tVckqC6T7aLi7aauVvuoQ Esta semana en nuestro espacio de Pol\u00edtica activa vamos a tartar un tema\",\"breadcrumb\":{\"@id\":\"https:\\\/\\\/dlvradio.es\\\/existe-en-espana-discriminacion-racial\\\/#breadcrumb\"},\"inLanguage\":\"en-US\",\"potentialAction\":[{\"@type\":\"ReadAction\",\"target\":[\"https:\\\/\\\/dlvradio.es\\\/existe-en-espana-discriminacion-racial\\\/\"]}]},{\"@type\":\"ImageObject\",\"inLanguage\":\"en-US\",\"@id\":\"https:\\\/\\\/dlvradio.es\\\/existe-en-espana-discriminacion-racial\\\/#primaryimage\",\"url\":\"https:\\\/\\\/dlvradio.es\\\/wp-content\\\/uploads\\\/2021\\\/03\\\/tertulia-politica-2503.jpg\",\"contentUrl\":\"https:\\\/\\\/dlvradio.es\\\/wp-content\\\/uploads\\\/2021\\\/03\\\/tertulia-politica-2503.jpg\",\"width\":1511,\"height\":1511,\"caption\":\"tertulia pol\u00edtica 2503\"},{\"@type\":\"BreadcrumbList\",\"@id\":\"https:\\\/\\\/dlvradio.es\\\/existe-en-espana-discriminacion-racial\\\/#breadcrumb\",\"itemListElement\":[{\"@type\":\"ListItem\",\"position\":1,\"name\":\"Inicio\",\"item\":\"https:\\\/\\\/dlvradio.es\\\/\"},{\"@type\":\"ListItem\",\"position\":2,\"name\":\"\u00bfExiste en Espa\u00f1a discriminaci\u00f3n racial?\"}]},{\"@type\":\"WebSite\",\"@id\":\"https:\\\/\\\/dlvradio.es\\\/#website\",\"url\":\"https:\\\/\\\/dlvradio.es\\\/\",\"name\":\"DLVRADIO\",\"description\":\"Somos un medio de comunicaci\u00f3n alternativo a los medios tradicionales\",\"publisher\":{\"@id\":\"https:\\\/\\\/dlvradio.es\\\/#organization\"},\"potentialAction\":[{\"@type\":\"SearchAction\",\"target\":{\"@type\":\"EntryPoint\",\"urlTemplate\":\"https:\\\/\\\/dlvradio.es\\\/?s={search_term_string}\"},\"query-input\":{\"@type\":\"PropertyValueSpecification\",\"valueRequired\":true,\"valueName\":\"search_term_string\"}}],\"inLanguage\":\"en-US\"},{\"@type\":\"Organization\",\"@id\":\"https:\\\/\\\/dlvradio.es\\\/#organization\",\"name\":\"DLVRADIO\",\"url\":\"https:\\\/\\\/dlvradio.es\\\/\",\"logo\":{\"@type\":\"ImageObject\",\"inLanguage\":\"en-US\",\"@id\":\"https:\\\/\\\/dlvradio.es\\\/#\\\/schema\\\/logo\\\/image\\\/\",\"url\":\"\",\"contentUrl\":\"\",\"caption\":\"DLVRADIO\"},\"image\":{\"@id\":\"https:\\\/\\\/dlvradio.es\\\/#\\\/schema\\\/logo\\\/image\\\/\"},\"sameAs\":[\"https:\\\/\\\/www.facebook.com\\\/RadioDLVradio\\\/\",\"https:\\\/\\\/x.com\\\/RadioDlvradio\",\"https:\\\/\\\/www.instagram.com\\\/radiodlvradio\\\/\"]},{\"@type\":\"Person\",\"@id\":\"https:\\\/\\\/dlvradio.es\\\/#\\\/schema\\\/person\\\/7d533f9f89b13e3a3f2ba7f67d6412de\",\"name\":\"DLV RADIO\",\"sameAs\":[\"https:\\\/\\\/dlvradio.es\"]}]}<\/script>\n<!-- \/ Yoast SEO plugin. -->","yoast_head_json":{"title":"\u00bfExiste en Espa\u00f1a discriminaci\u00f3n racial? - DLVRADIO","description":"https:\/\/open.spotify.com\/episode\/5bQrgk1LS04He4rekctSRi?si=1tVckqC6T7aLi7aauVvuoQ Esta semana en nuestro espacio de Pol\u00edtica activa vamos a tartar un tema","robots":{"index":"index","follow":"follow","max-snippet":"max-snippet:-1","max-image-preview":"max-image-preview:large","max-video-preview":"max-video-preview:-1"},"canonical":"https:\/\/dlvradio.es\/en\/existe-en-espana-discriminacion-racial\/","og_locale":"en_US","og_type":"article","og_title":"\u00bfExiste en Espa\u00f1a discriminaci\u00f3n racial? - DLVRADIO","og_description":"https:\/\/open.spotify.com\/episode\/5bQrgk1LS04He4rekctSRi?si=1tVckqC6T7aLi7aauVvuoQ Esta semana en nuestro espacio de Pol\u00edtica activa vamos a tartar un tema","og_url":"https:\/\/dlvradio.es\/en\/existe-en-espana-discriminacion-racial\/","og_site_name":"DLVRADIO","article_publisher":"https:\/\/www.facebook.com\/RadioDLVradio\/","article_published_time":"2021-03-28T17:22:48+00:00","og_image":[{"width":1511,"height":1511,"url":"https:\/\/dlvradio.es\/wp-content\/uploads\/2021\/03\/tertulia-politica-2503.jpg","type":"image\/jpeg"}],"author":"DLV RADIO","twitter_card":"summary_large_image","twitter_creator":"@RadioDlvradio","twitter_site":"@RadioDlvradio","schema":{"@context":"https:\/\/schema.org","@graph":[{"@type":"Article","@id":"https:\/\/dlvradio.es\/existe-en-espana-discriminacion-racial\/#article","isPartOf":{"@id":"https:\/\/dlvradio.es\/existe-en-espana-discriminacion-racial\/"},"author":{"name":"DLV RADIO","@id":"https:\/\/dlvradio.es\/#\/schema\/person\/7d533f9f89b13e3a3f2ba7f67d6412de"},"headline":"\u00bfExiste en Espa\u00f1a discriminaci\u00f3n racial?","datePublished":"2021-03-28T17:22:48+00:00","mainEntityOfPage":{"@id":"https:\/\/dlvradio.es\/existe-en-espana-discriminacion-racial\/"},"wordCount":182,"commentCount":0,"publisher":{"@id":"https:\/\/dlvradio.es\/#organization"},"image":{"@id":"https:\/\/dlvradio.es\/existe-en-espana-discriminacion-racial\/#primaryimage"},"thumbnailUrl":"https:\/\/dlvradio.es\/wp-content\/uploads\/2021\/03\/tertulia-politica-2503.jpg","keywords":["Espa\u00f1a","Tertulia"],"articleSection":["El Decreto"],"inLanguage":"en-US"},{"@type":"WebPage","@id":"https:\/\/dlvradio.es\/existe-en-espana-discriminacion-racial\/","url":"https:\/\/dlvradio.es\/existe-en-espana-discriminacion-racial\/","name":"\u00bfExiste en Espa\u00f1a discriminaci\u00f3n racial? - DLVRADIO","isPartOf":{"@id":"https:\/\/dlvradio.es\/#website"},"primaryImageOfPage":{"@id":"https:\/\/dlvradio.es\/existe-en-espana-discriminacion-racial\/#primaryimage"},"image":{"@id":"https:\/\/dlvradio.es\/existe-en-espana-discriminacion-racial\/#primaryimage"},"thumbnailUrl":"https:\/\/dlvradio.es\/wp-content\/uploads\/2021\/03\/tertulia-politica-2503.jpg","datePublished":"2021-03-28T17:22:48+00:00","description":"https:\/\/open.spotify.com\/episode\/5bQrgk1LS04He4rekctSRi?si=1tVckqC6T7aLi7aauVvuoQ Esta semana en nuestro espacio de Pol\u00edtica activa vamos a tartar un tema","breadcrumb":{"@id":"https:\/\/dlvradio.es\/existe-en-espana-discriminacion-racial\/#breadcrumb"},"inLanguage":"en-US","potentialAction":[{"@type":"ReadAction","target":["https:\/\/dlvradio.es\/existe-en-espana-discriminacion-racial\/"]}]},{"@type":"ImageObject","inLanguage":"en-US","@id":"https:\/\/dlvradio.es\/existe-en-espana-discriminacion-racial\/#primaryimage","url":"https:\/\/dlvradio.es\/wp-content\/uploads\/2021\/03\/tertulia-politica-2503.jpg","contentUrl":"https:\/\/dlvradio.es\/wp-content\/uploads\/2021\/03\/tertulia-politica-2503.jpg","width":1511,"height":1511,"caption":"tertulia pol\u00edtica 2503"},{"@type":"BreadcrumbList","@id":"https:\/\/dlvradio.es\/existe-en-espana-discriminacion-racial\/#breadcrumb","itemListElement":[{"@type":"ListItem","position":1,"name":"Inicio","item":"https:\/\/dlvradio.es\/"},{"@type":"ListItem","position":2,"name":"\u00bfExiste en Espa\u00f1a discriminaci\u00f3n racial?"}]},{"@type":"WebSite","@id":"https:\/\/dlvradio.es\/#website","url":"https:\/\/dlvradio.es\/","name":"DLVRADIO","description":"We are an alternative media to traditional media","publisher":{"@id":"https:\/\/dlvradio.es\/#organization"},"potentialAction":[{"@type":"SearchAction","target":{"@type":"EntryPoint","urlTemplate":"https:\/\/dlvradio.es\/?s={search_term_string}"},"query-input":{"@type":"PropertyValueSpecification","valueRequired":true,"valueName":"search_term_string"}}],"inLanguage":"en-US"},{"@type":"Organization","@id":"https:\/\/dlvradio.es\/#organization","name":"DLVRADIO","url":"https:\/\/dlvradio.es\/","logo":{"@type":"ImageObject","inLanguage":"en-US","@id":"https:\/\/dlvradio.es\/#\/schema\/logo\/image\/","url":"","contentUrl":"","caption":"DLVRADIO"},"image":{"@id":"https:\/\/dlvradio.es\/#\/schema\/logo\/image\/"},"sameAs":["https:\/\/www.facebook.com\/RadioDLVradio\/","https:\/\/x.com\/RadioDlvradio","https:\/\/www.instagram.com\/radiodlvradio\/"]},{"@type":"Person","@id":"https:\/\/dlvradio.es\/#\/schema\/person\/7d533f9f89b13e3a3f2ba7f67d6412de","name":"DLV RADIO","sameAs":["https:\/\/dlvradio.es"]}]}},"_links":{"self":[{"href":"https:\/\/dlvradio.es\/en\/wp-json\/wp\/v2\/posts\/70436","targetHints":{"allow":["GET"]}}],"collection":[{"href":"https:\/\/dlvradio.es\/en\/wp-json\/wp\/v2\/posts"}],"about":[{"href":"https:\/\/dlvradio.es\/en\/wp-json\/wp\/v2\/types\/post"}],"author":[{"embeddable":true,"href":"https:\/\/dlvradio.es\/en\/wp-json\/wp\/v2\/users\/4"}],"replies":[{"embeddable":true,"href":"https:\/\/dlvradio.es\/en\/wp-json\/wp\/v2\/comments?post=70436"}],"version-history":[{"count":0,"href":"https:\/\/dlvradio.es\/en\/wp-json\/wp\/v2\/posts\/70436\/revisions"}],"wp:featuredmedia":[{"embeddable":true,"href":"https:\/\/dlvradio.es\/en\/wp-json\/wp\/v2\/media\/70437"}],"wp:attachment":[{"href":"https:\/\/dlvradio.es\/en\/wp-json\/wp\/v2\/media?parent=70436"}],"wp:term":[{"taxonomy":"category","embeddable":true,"href":"https:\/\/dlvradio.es\/en\/wp-json\/wp\/v2\/categories?post=70436"},{"taxonomy":"post_tag","embeddable":true,"href":"https:\/\/dlvradio.es\/en\/wp-json\/wp\/v2\/tags?post=70436"}],"curies":[{"name":"wp","href":"https:\/\/api.w.org\/{rel}","templated":true}]}}