{"id":70541,"date":"2021-05-19T17:39:40","date_gmt":"2021-05-19T15:39:40","guid":{"rendered":"https:\/\/dlvradio.es\/la-mineria-submarina-podria-reducir-un-15-las-capturas-de-la-flota-espanola\/"},"modified":"2021-05-19T17:39:40","modified_gmt":"2021-05-19T15:39:40","slug":"la-mineria-submarina-podria-reducir-un-15-las-capturas-de-la-flota-espanola","status":"publish","type":"post","link":"https:\/\/dlvradio.es\/en\/la-mineria-submarina-podria-reducir-un-15-las-capturas-de-la-flota-espanola\/","title":{"rendered":"La miner\u00eda submarina podr\u00eda reducir un 15 % las capturas de la flota espa\u00f1ola"},"content":{"rendered":"<p><img decoding=\"async\" class=\"alignleft wp-image-6854 size-thumbnail\" src=\"https:\/\/dlvradio.es\/copia\/wp-content\/uploads\/2021\/05\/La-mineria-submarina-podria-reducir-un-15-las-capturas-de-la-flota-espanola-150x150.jpg\" alt=\"\" width=\"150\" height=\"150\" \/><\/p>\n<ul>\n<li>Un estudio cient\u00edfico confirma las advertencias de Ecologistas en Acci\u00f3n sobre los impactos que tendr\u00edan estas explotaciones sobre la pesca y los ecosistemas.<\/li>\n<li>La organizaci\u00f3n ecologista demanda al Gobierno un cambio de posici\u00f3n en la Alta Autoridad de los Fondos Marinos y defiende una moratoria a la miner\u00eda submarina.<\/li>\n<\/ul>\n<p>Ecologistas en Acci\u00f3n y Seas At Risk llevan a\u00f1os alertando sobre los impactos que la miner\u00eda submarina tendr\u00eda no solo en los h\u00e1bitats pr\u00edstinos y especies vulnerables de corales y campos de esponjas que acogen los fondos marinos, sino tambi\u00e9n en muchas de las especies de consumo humano. As\u00ed se advert\u00eda en el informe \u2018Ojos que no ven\u2026 La miner\u00eda submarina en Espa\u00f1a\u2019 y en el reciente estudio <a href=\"https:\/\/seas-at-risk.org\/publications\/at-a-crossroads-europes-role-in-deep-sea-mining\/\">\u2018En la encrucijada: el papel de Europa en la miner\u00eda submarina\u2019<\/a>.<\/p>\n<p>Un nuevo art\u00edculo publicado en la revista cient\u00edfica Marine Policy confirma estas advertencias. Sus p\u00e1ginas incluyen datos alarmantes sobre las consecuencias que las nubes de sedimentos provocadas por la miner\u00eda submarina tendr\u00edan sobre la pesca de algunas de las principales especies comerciales que se consumen. Estas enormes columnas de sedimentos provocadas tanto por la actividad minera en el fondo como por la reinyecci\u00f3n de residuos pueden desplazarse cientos o miles de kil\u00f3metros dependiendo de las corrientes.<\/p>\n<p>La flota pesquera espa\u00f1ola ser\u00eda una de las m\u00e1s expuestas, ya que los efectos de la miner\u00eda submarina podr\u00edan afectar al 15 % de sus capturas de t\u00fanidos en el Oc\u00e9ano Pac\u00edfico y al 10 % de las capturas de barcos espa\u00f1oles en la dorsal del Atl\u00e1ntico. Aunque el estudio no incluye otras especies, Ecologistas en Acci\u00f3n se\u00f1ala que los resultados ser\u00edan todav\u00eda m\u00e1s alarmantes si se extrapolan a las zonas de pesca pr\u00f3ximas a las costas espa\u00f1olas que tambi\u00e9n han levantado inter\u00e9s por sus dep\u00f3sitos minerales.<\/p>\n<p><strong>Moratoria frente a la postura prominera de Espa\u00f1a<\/strong><\/p>\n<p>Ante la evidencia de sus impactos, Ecologistas en Acci\u00f3n cuestiona que el Gobierno espa\u00f1ol contin\u00fae confiado a t\u00e9cnicos manifiestamente partidarios de la miner\u00eda submarina su representaci\u00f3n en los \u00f3rganos de la Autoridad Internacional de los Fondos Marinos.<\/p>\n<p>Desde 2007 esta representaci\u00f3n ha reca\u00eddo siempre en miembros del Instituto Geol\u00f3gico y Minero de Espa\u00f1a. De esta forma se ha marginado a la comunidad cient\u00edfica que mejor podr\u00eda contribuir al an\u00e1lisis de los potenciales impactos ambientales y a su prevenci\u00f3n. Tambi\u00e9n ha exclu\u00eddo a las organizaciones ecologistas y pesqueras, que durante los \u00faltimos a\u00f1os han documentado los previsibles efectos de la miner\u00eda submarina.<\/p>\n<p>En los pr\u00f3ximos meses debe renovarse la Comisi\u00f3n Jur\u00eddica y T\u00e9cnica de la Autoridad Internacional de los Fondos Marinos, organismo internacional responsable por regular la miner\u00eda submarina en alta mar. Por ello, Ecologistas en Acci\u00f3n reclama al Ministerio para la Transici\u00f3n Ecol\u00f3gica y el Reto Demogr\u00e1fico que cambie su criterio de renovaci\u00f3n y defienda la integridad de los fondos oce\u00e1nicos frente a la amenaza que supone la miner\u00eda submarina. Esto, seg\u00fan la organizaci\u00f3n ecologista, pasa por adoptar una moratoria como la que ya pidi\u00f3 el Parlamento Europeo.<\/p>\n<p><strong>Impacto desconocido sobre el banco pesquero canario-sahariano<\/strong><\/p>\n<p>Seg\u00fan Ecologistas en Acci\u00f3n, las investigaciones de miner\u00eda submarina en el monte submarino Tropic, situado a 250 millas n\u00e1uticas (463 km) al suroeste de la isla de El Hierro, y los dem\u00e1s montes submarinos que se encuentran al sur de las Islas Canarias, son especialmente preocupantes. Las continuas misiones de investigaci\u00f3n que est\u00e1n extrayendo muestras de mineralizaciones de costras y n\u00f3dulos de ferromanganeso, fosforitas y rocas volc\u00e1nicas mediante minisubmarinos no tripulados, anticipan el inter\u00e9s comercial por explotar la zona.<\/p>\n<p>En 2017 se anunci\u00f3 la existencia de un dep\u00f3sito de 2.600 toneladas de telurio en el Tropic. Al mismo tiempo se ha estimado que las cortezas con inter\u00e9s comercial (con mineralizaciones ricas en cobalto) se extienden sobre una superficie de m\u00e1s de 16.000 km2, cubriendo casi todas las elevaciones de los montes submarinos, as\u00ed como otras zonas entre Gran Canaria y Fuerteventura, al noroeste de Lanzarote y en las proximidades de La Palma y El Hierro.<\/p>\n<p>Elena Sol\u00eds, portavoz de Ecologistas en Acci\u00f3n: \u201cUna explotaci\u00f3n en estos espacios submarinos tan delicados no s\u00f3lo podr\u00eda llevar a la ruina al sector pesquero, sino que implicar\u00eda la destrucci\u00f3n de una zona propuesta para su designaci\u00f3n como \u00c1rea Marina de Importancia Ecol\u00f3gica. El Monte Tropic presenta un gran n\u00famero de ecosistemas marinos vulnerables, incluyendo una alta densidad de jardines de ortocorales y corales negros, arrecifes de aguas profundas con Solenosmilia variabilis, campos de crinoideos y h\u00e1bitats de esponjas de aguas profundas\u201d.<\/p>","protected":false},"excerpt":{"rendered":"<p>Un estudio cient\u00edfico confirma las advertencias de Ecologistas en Acci\u00f3n sobre los impactos que tendr\u00edan estas explotaciones sobre la pesca y los ecosistemas. La organizaci\u00f3n ecologista demanda al Gobierno un cambio de posici\u00f3n en la Alta Autoridad de los Fondos Marinos y defiende una moratoria a la miner\u00eda submarina. Ecologistas en Acci\u00f3n y Seas At [&hellip;]<\/p>\n","protected":false},"author":4,"featured_media":70542,"comment_status":"open","ping_status":"open","sticky":false,"template":"","format":"standard","meta":{"_acf_changed":false,"footnotes":""},"categories":[2465],"tags":[2478],"class_list":["post-70541","post","type-post","status-publish","format-standard","has-post-thumbnail","hentry","category-informativos","tag-ecologia"],"acf":[],"yoast_head":"<!-- This site is optimized with the Yoast SEO plugin v27.4 - https:\/\/yoast.com\/product\/yoast-seo-wordpress\/ -->\n<title>La miner\u00eda submarina podr\u00eda reducir un 15 % las capturas de la flota espa\u00f1ola - DLVRADIO<\/title>\n<meta name=\"description\" content=\"Un estudio cient\u00edfico confirma las advertencias de Ecologistas en Acci\u00f3n sobre los impactos que tendr\u00edan estas explotaciones sobre la pesca y los\" \/>\n<meta name=\"robots\" content=\"index, follow, max-snippet:-1, max-image-preview:large, max-video-preview:-1\" \/>\n<link rel=\"canonical\" href=\"https:\/\/dlvradio.es\/en\/la-mineria-submarina-podria-reducir-un-15-las-capturas-de-la-flota-espanola\/\" \/>\n<meta property=\"og:locale\" content=\"en_US\" \/>\n<meta property=\"og:type\" content=\"article\" \/>\n<meta property=\"og:title\" content=\"La miner\u00eda submarina podr\u00eda reducir un 15 % las capturas de la flota espa\u00f1ola - DLVRADIO\" \/>\n<meta property=\"og:description\" content=\"Un estudio cient\u00edfico confirma las advertencias de Ecologistas en Acci\u00f3n sobre los impactos que tendr\u00edan estas explotaciones sobre la pesca y los\" \/>\n<meta property=\"og:url\" content=\"https:\/\/dlvradio.es\/en\/la-mineria-submarina-podria-reducir-un-15-las-capturas-de-la-flota-espanola\/\" \/>\n<meta property=\"og:site_name\" content=\"DLVRADIO\" \/>\n<meta property=\"article:publisher\" content=\"https:\/\/www.facebook.com\/RadioDLVradio\/\" \/>\n<meta property=\"article:published_time\" content=\"2021-05-19T15:39:40+00:00\" \/>\n<meta property=\"og:image\" content=\"https:\/\/dlvradio.es\/wp-content\/uploads\/2021\/05\/La-mineria-submarina-podria-reducir-un-15-las-capturas-de-la-flota-espanola.jpg\" \/>\n\t<meta property=\"og:image:width\" content=\"1511\" \/>\n\t<meta property=\"og:image:height\" content=\"1511\" \/>\n\t<meta property=\"og:image:type\" content=\"image\/jpeg\" \/>\n<meta name=\"author\" content=\"DLV RADIO\" \/>\n<meta name=\"twitter:card\" content=\"summary_large_image\" \/>\n<meta name=\"twitter:creator\" content=\"@RadioDlvradio\" \/>\n<meta name=\"twitter:site\" content=\"@RadioDlvradio\" \/>\n<script type=\"application\/ld+json\" class=\"yoast-schema-graph\">{\"@context\":\"https:\\\/\\\/schema.org\",\"@graph\":[{\"@type\":\"Article\",\"@id\":\"https:\\\/\\\/dlvradio.es\\\/la-mineria-submarina-podria-reducir-un-15-las-capturas-de-la-flota-espanola\\\/#article\",\"isPartOf\":{\"@id\":\"https:\\\/\\\/dlvradio.es\\\/la-mineria-submarina-podria-reducir-un-15-las-capturas-de-la-flota-espanola\\\/\"},\"author\":{\"name\":\"DLV RADIO\",\"@id\":\"https:\\\/\\\/dlvradio.es\\\/#\\\/schema\\\/person\\\/7d533f9f89b13e3a3f2ba7f67d6412de\"},\"headline\":\"La miner\u00eda submarina podr\u00eda reducir un 15 % las capturas de la flota espa\u00f1ola\",\"datePublished\":\"2021-05-19T15:39:40+00:00\",\"mainEntityOfPage\":{\"@id\":\"https:\\\/\\\/dlvradio.es\\\/la-mineria-submarina-podria-reducir-un-15-las-capturas-de-la-flota-espanola\\\/\"},\"wordCount\":837,\"commentCount\":0,\"publisher\":{\"@id\":\"https:\\\/\\\/dlvradio.es\\\/#organization\"},\"image\":{\"@id\":\"https:\\\/\\\/dlvradio.es\\\/la-mineria-submarina-podria-reducir-un-15-las-capturas-de-la-flota-espanola\\\/#primaryimage\"},\"thumbnailUrl\":\"https:\\\/\\\/dlvradio.es\\\/wp-content\\\/uploads\\\/2021\\\/05\\\/La-mineria-submarina-podria-reducir-un-15-las-capturas-de-la-flota-espanola.jpg\",\"keywords\":[\"ecolog\u00eda\"],\"articleSection\":[\"Informativos\"],\"inLanguage\":\"en-US\"},{\"@type\":\"WebPage\",\"@id\":\"https:\\\/\\\/dlvradio.es\\\/la-mineria-submarina-podria-reducir-un-15-las-capturas-de-la-flota-espanola\\\/\",\"url\":\"https:\\\/\\\/dlvradio.es\\\/la-mineria-submarina-podria-reducir-un-15-las-capturas-de-la-flota-espanola\\\/\",\"name\":\"La miner\u00eda submarina podr\u00eda reducir un 15 % las capturas de la flota espa\u00f1ola - DLVRADIO\",\"isPartOf\":{\"@id\":\"https:\\\/\\\/dlvradio.es\\\/#website\"},\"primaryImageOfPage\":{\"@id\":\"https:\\\/\\\/dlvradio.es\\\/la-mineria-submarina-podria-reducir-un-15-las-capturas-de-la-flota-espanola\\\/#primaryimage\"},\"image\":{\"@id\":\"https:\\\/\\\/dlvradio.es\\\/la-mineria-submarina-podria-reducir-un-15-las-capturas-de-la-flota-espanola\\\/#primaryimage\"},\"thumbnailUrl\":\"https:\\\/\\\/dlvradio.es\\\/wp-content\\\/uploads\\\/2021\\\/05\\\/La-mineria-submarina-podria-reducir-un-15-las-capturas-de-la-flota-espanola.jpg\",\"datePublished\":\"2021-05-19T15:39:40+00:00\",\"description\":\"Un estudio cient\u00edfico confirma las advertencias de Ecologistas en Acci\u00f3n sobre los impactos que tendr\u00edan estas explotaciones sobre la pesca y los\",\"breadcrumb\":{\"@id\":\"https:\\\/\\\/dlvradio.es\\\/la-mineria-submarina-podria-reducir-un-15-las-capturas-de-la-flota-espanola\\\/#breadcrumb\"},\"inLanguage\":\"en-US\",\"potentialAction\":[{\"@type\":\"ReadAction\",\"target\":[\"https:\\\/\\\/dlvradio.es\\\/la-mineria-submarina-podria-reducir-un-15-las-capturas-de-la-flota-espanola\\\/\"]}]},{\"@type\":\"ImageObject\",\"inLanguage\":\"en-US\",\"@id\":\"https:\\\/\\\/dlvradio.es\\\/la-mineria-submarina-podria-reducir-un-15-las-capturas-de-la-flota-espanola\\\/#primaryimage\",\"url\":\"https:\\\/\\\/dlvradio.es\\\/wp-content\\\/uploads\\\/2021\\\/05\\\/La-mineria-submarina-podria-reducir-un-15-las-capturas-de-la-flota-espanola.jpg\",\"contentUrl\":\"https:\\\/\\\/dlvradio.es\\\/wp-content\\\/uploads\\\/2021\\\/05\\\/La-mineria-submarina-podria-reducir-un-15-las-capturas-de-la-flota-espanola.jpg\",\"width\":1511,\"height\":1511,\"caption\":\"La miner\u00eda submarina podr\u00eda reducir un 15 % las capturas de la flota espa\u00f1ola\"},{\"@type\":\"BreadcrumbList\",\"@id\":\"https:\\\/\\\/dlvradio.es\\\/la-mineria-submarina-podria-reducir-un-15-las-capturas-de-la-flota-espanola\\\/#breadcrumb\",\"itemListElement\":[{\"@type\":\"ListItem\",\"position\":1,\"name\":\"Inicio\",\"item\":\"https:\\\/\\\/dlvradio.es\\\/\"},{\"@type\":\"ListItem\",\"position\":2,\"name\":\"La miner\u00eda submarina podr\u00eda reducir un 15 % las capturas de la flota espa\u00f1ola\"}]},{\"@type\":\"WebSite\",\"@id\":\"https:\\\/\\\/dlvradio.es\\\/#website\",\"url\":\"https:\\\/\\\/dlvradio.es\\\/\",\"name\":\"DLVRADIO\",\"description\":\"Somos un medio de comunicaci\u00f3n alternativo a los medios tradicionales\",\"publisher\":{\"@id\":\"https:\\\/\\\/dlvradio.es\\\/#organization\"},\"potentialAction\":[{\"@type\":\"SearchAction\",\"target\":{\"@type\":\"EntryPoint\",\"urlTemplate\":\"https:\\\/\\\/dlvradio.es\\\/?s={search_term_string}\"},\"query-input\":{\"@type\":\"PropertyValueSpecification\",\"valueRequired\":true,\"valueName\":\"search_term_string\"}}],\"inLanguage\":\"en-US\"},{\"@type\":\"Organization\",\"@id\":\"https:\\\/\\\/dlvradio.es\\\/#organization\",\"name\":\"DLVRADIO\",\"url\":\"https:\\\/\\\/dlvradio.es\\\/\",\"logo\":{\"@type\":\"ImageObject\",\"inLanguage\":\"en-US\",\"@id\":\"https:\\\/\\\/dlvradio.es\\\/#\\\/schema\\\/logo\\\/image\\\/\",\"url\":\"\",\"contentUrl\":\"\",\"caption\":\"DLVRADIO\"},\"image\":{\"@id\":\"https:\\\/\\\/dlvradio.es\\\/#\\\/schema\\\/logo\\\/image\\\/\"},\"sameAs\":[\"https:\\\/\\\/www.facebook.com\\\/RadioDLVradio\\\/\",\"https:\\\/\\\/x.com\\\/RadioDlvradio\",\"https:\\\/\\\/www.instagram.com\\\/radiodlvradio\\\/\"]},{\"@type\":\"Person\",\"@id\":\"https:\\\/\\\/dlvradio.es\\\/#\\\/schema\\\/person\\\/7d533f9f89b13e3a3f2ba7f67d6412de\",\"name\":\"DLV RADIO\",\"sameAs\":[\"https:\\\/\\\/dlvradio.es\"]}]}<\/script>\n<!-- \/ Yoast SEO plugin. -->","yoast_head_json":{"title":"La miner\u00eda submarina podr\u00eda reducir un 15 % las capturas de la flota espa\u00f1ola - DLVRADIO","description":"Un estudio cient\u00edfico confirma las advertencias de Ecologistas en Acci\u00f3n sobre los impactos que tendr\u00edan estas explotaciones sobre la pesca y los","robots":{"index":"index","follow":"follow","max-snippet":"max-snippet:-1","max-image-preview":"max-image-preview:large","max-video-preview":"max-video-preview:-1"},"canonical":"https:\/\/dlvradio.es\/en\/la-mineria-submarina-podria-reducir-un-15-las-capturas-de-la-flota-espanola\/","og_locale":"en_US","og_type":"article","og_title":"La miner\u00eda submarina podr\u00eda reducir un 15 % las capturas de la flota espa\u00f1ola - DLVRADIO","og_description":"Un estudio cient\u00edfico confirma las advertencias de Ecologistas en Acci\u00f3n sobre los impactos que tendr\u00edan estas explotaciones sobre la pesca y los","og_url":"https:\/\/dlvradio.es\/en\/la-mineria-submarina-podria-reducir-un-15-las-capturas-de-la-flota-espanola\/","og_site_name":"DLVRADIO","article_publisher":"https:\/\/www.facebook.com\/RadioDLVradio\/","article_published_time":"2021-05-19T15:39:40+00:00","og_image":[{"width":1511,"height":1511,"url":"https:\/\/dlvradio.es\/wp-content\/uploads\/2021\/05\/La-mineria-submarina-podria-reducir-un-15-las-capturas-de-la-flota-espanola.jpg","type":"image\/jpeg"}],"author":"DLV RADIO","twitter_card":"summary_large_image","twitter_creator":"@RadioDlvradio","twitter_site":"@RadioDlvradio","schema":{"@context":"https:\/\/schema.org","@graph":[{"@type":"Article","@id":"https:\/\/dlvradio.es\/la-mineria-submarina-podria-reducir-un-15-las-capturas-de-la-flota-espanola\/#article","isPartOf":{"@id":"https:\/\/dlvradio.es\/la-mineria-submarina-podria-reducir-un-15-las-capturas-de-la-flota-espanola\/"},"author":{"name":"DLV RADIO","@id":"https:\/\/dlvradio.es\/#\/schema\/person\/7d533f9f89b13e3a3f2ba7f67d6412de"},"headline":"La miner\u00eda submarina podr\u00eda reducir un 15 % las capturas de la flota espa\u00f1ola","datePublished":"2021-05-19T15:39:40+00:00","mainEntityOfPage":{"@id":"https:\/\/dlvradio.es\/la-mineria-submarina-podria-reducir-un-15-las-capturas-de-la-flota-espanola\/"},"wordCount":837,"commentCount":0,"publisher":{"@id":"https:\/\/dlvradio.es\/#organization"},"image":{"@id":"https:\/\/dlvradio.es\/la-mineria-submarina-podria-reducir-un-15-las-capturas-de-la-flota-espanola\/#primaryimage"},"thumbnailUrl":"https:\/\/dlvradio.es\/wp-content\/uploads\/2021\/05\/La-mineria-submarina-podria-reducir-un-15-las-capturas-de-la-flota-espanola.jpg","keywords":["ecolog\u00eda"],"articleSection":["Informativos"],"inLanguage":"en-US"},{"@type":"WebPage","@id":"https:\/\/dlvradio.es\/la-mineria-submarina-podria-reducir-un-15-las-capturas-de-la-flota-espanola\/","url":"https:\/\/dlvradio.es\/la-mineria-submarina-podria-reducir-un-15-las-capturas-de-la-flota-espanola\/","name":"La miner\u00eda submarina podr\u00eda reducir un 15 % las capturas de la flota espa\u00f1ola - DLVRADIO","isPartOf":{"@id":"https:\/\/dlvradio.es\/#website"},"primaryImageOfPage":{"@id":"https:\/\/dlvradio.es\/la-mineria-submarina-podria-reducir-un-15-las-capturas-de-la-flota-espanola\/#primaryimage"},"image":{"@id":"https:\/\/dlvradio.es\/la-mineria-submarina-podria-reducir-un-15-las-capturas-de-la-flota-espanola\/#primaryimage"},"thumbnailUrl":"https:\/\/dlvradio.es\/wp-content\/uploads\/2021\/05\/La-mineria-submarina-podria-reducir-un-15-las-capturas-de-la-flota-espanola.jpg","datePublished":"2021-05-19T15:39:40+00:00","description":"Un estudio cient\u00edfico confirma las advertencias de Ecologistas en Acci\u00f3n sobre los impactos que tendr\u00edan estas explotaciones sobre la pesca y los","breadcrumb":{"@id":"https:\/\/dlvradio.es\/la-mineria-submarina-podria-reducir-un-15-las-capturas-de-la-flota-espanola\/#breadcrumb"},"inLanguage":"en-US","potentialAction":[{"@type":"ReadAction","target":["https:\/\/dlvradio.es\/la-mineria-submarina-podria-reducir-un-15-las-capturas-de-la-flota-espanola\/"]}]},{"@type":"ImageObject","inLanguage":"en-US","@id":"https:\/\/dlvradio.es\/la-mineria-submarina-podria-reducir-un-15-las-capturas-de-la-flota-espanola\/#primaryimage","url":"https:\/\/dlvradio.es\/wp-content\/uploads\/2021\/05\/La-mineria-submarina-podria-reducir-un-15-las-capturas-de-la-flota-espanola.jpg","contentUrl":"https:\/\/dlvradio.es\/wp-content\/uploads\/2021\/05\/La-mineria-submarina-podria-reducir-un-15-las-capturas-de-la-flota-espanola.jpg","width":1511,"height":1511,"caption":"La miner\u00eda submarina podr\u00eda reducir un 15 % las capturas de la flota espa\u00f1ola"},{"@type":"BreadcrumbList","@id":"https:\/\/dlvradio.es\/la-mineria-submarina-podria-reducir-un-15-las-capturas-de-la-flota-espanola\/#breadcrumb","itemListElement":[{"@type":"ListItem","position":1,"name":"Inicio","item":"https:\/\/dlvradio.es\/"},{"@type":"ListItem","position":2,"name":"La miner\u00eda submarina podr\u00eda reducir un 15 % las capturas de la flota espa\u00f1ola"}]},{"@type":"WebSite","@id":"https:\/\/dlvradio.es\/#website","url":"https:\/\/dlvradio.es\/","name":"DLVRADIO","description":"We are an alternative media to traditional media","publisher":{"@id":"https:\/\/dlvradio.es\/#organization"},"potentialAction":[{"@type":"SearchAction","target":{"@type":"EntryPoint","urlTemplate":"https:\/\/dlvradio.es\/?s={search_term_string}"},"query-input":{"@type":"PropertyValueSpecification","valueRequired":true,"valueName":"search_term_string"}}],"inLanguage":"en-US"},{"@type":"Organization","@id":"https:\/\/dlvradio.es\/#organization","name":"DLVRADIO","url":"https:\/\/dlvradio.es\/","logo":{"@type":"ImageObject","inLanguage":"en-US","@id":"https:\/\/dlvradio.es\/#\/schema\/logo\/image\/","url":"","contentUrl":"","caption":"DLVRADIO"},"image":{"@id":"https:\/\/dlvradio.es\/#\/schema\/logo\/image\/"},"sameAs":["https:\/\/www.facebook.com\/RadioDLVradio\/","https:\/\/x.com\/RadioDlvradio","https:\/\/www.instagram.com\/radiodlvradio\/"]},{"@type":"Person","@id":"https:\/\/dlvradio.es\/#\/schema\/person\/7d533f9f89b13e3a3f2ba7f67d6412de","name":"DLV RADIO","sameAs":["https:\/\/dlvradio.es"]}]}},"_links":{"self":[{"href":"https:\/\/dlvradio.es\/en\/wp-json\/wp\/v2\/posts\/70541","targetHints":{"allow":["GET"]}}],"collection":[{"href":"https:\/\/dlvradio.es\/en\/wp-json\/wp\/v2\/posts"}],"about":[{"href":"https:\/\/dlvradio.es\/en\/wp-json\/wp\/v2\/types\/post"}],"author":[{"embeddable":true,"href":"https:\/\/dlvradio.es\/en\/wp-json\/wp\/v2\/users\/4"}],"replies":[{"embeddable":true,"href":"https:\/\/dlvradio.es\/en\/wp-json\/wp\/v2\/comments?post=70541"}],"version-history":[{"count":0,"href":"https:\/\/dlvradio.es\/en\/wp-json\/wp\/v2\/posts\/70541\/revisions"}],"wp:featuredmedia":[{"embeddable":true,"href":"https:\/\/dlvradio.es\/en\/wp-json\/wp\/v2\/media\/70542"}],"wp:attachment":[{"href":"https:\/\/dlvradio.es\/en\/wp-json\/wp\/v2\/media?parent=70541"}],"wp:term":[{"taxonomy":"category","embeddable":true,"href":"https:\/\/dlvradio.es\/en\/wp-json\/wp\/v2\/categories?post=70541"},{"taxonomy":"post_tag","embeddable":true,"href":"https:\/\/dlvradio.es\/en\/wp-json\/wp\/v2\/tags?post=70541"}],"curies":[{"name":"wp","href":"https:\/\/api.w.org\/{rel}","templated":true}]}}