{"id":70624,"date":"2021-06-24T10:32:04","date_gmt":"2021-06-24T08:32:04","guid":{"rendered":"https:\/\/dlvradio.es\/lescola-ac-recupera-su-actividad-nocturna-y-vuelve-con-sus-puntoslila\/"},"modified":"2021-06-24T10:32:04","modified_gmt":"2021-06-24T08:32:04","slug":"lescola-ac-recupera-su-actividad-nocturna-y-vuelve-con-sus-puntoslila","status":"publish","type":"post","link":"https:\/\/dlvradio.es\/en\/lescola-ac-recupera-su-actividad-nocturna-y-vuelve-con-sus-puntoslila\/","title":{"rendered":"L&#8217;ESCOLA AC recupera su actividad nocturna y vuelve con sus #PUNTOSLILA"},"content":{"rendered":"<iframe id=\"audio_71887665\" frameborder=\"0\" allowfullscreen=\"\" scrolling=\"no\" height=\"200\" style=\"width:100%;\" src=\"https:\/\/www.ivoox.com\/player_ej_71887665_6_1.html\"><\/iframe>\n\n\n<p><img decoding=\"async\" class=\"alignleft wp-image-7137 size-thumbnail\" src=\"https:\/\/dlvradio.es\/copia\/wp-content\/uploads\/2021\/06\/LEscola-AC-PuntoS-LilaS-150x150.jpg\" alt=\"\" width=\"150\" height=\"150\" \/>Por fin anoche la verbena de San Juan y L\u2019Escola pudo recuperar una de sus actividades m\u00e1s importantes que es la gesti\u00f3n de puntos lilas en el ocio nocturno, para prevenir las agresiones sexuales, la verdad es que estamos muy contentas y nos hemos reestrenado como digo en la verbena de San Juan en el municipio de Calafell. Desde el punto lila pudimos garantizar que la noche fuera lila, que la noche fuera divertida y tranquila igualitaria y sin violencia sexual, dimos much\u00edsima informaci\u00f3n, tuvimos que hacer desgraciadamente alguna intervenci\u00f3n, pero ah\u00ed vamos a estar, para garantizar que el ocio nocturno, la noche y las calles tambi\u00e9n sean siempre de las mujeres y libres de agresiones sexuales de cualquier tipo de violencia machista. As\u00ed que estamos encantadas, estamos muy contentas, iremos a donde nos llamen, un verano bastante movidito, pero bueno es nuestra vocaci\u00f3n, as\u00ed que estamos en L\u2019Escola celebrando que nos vamos a la calle, que volvamos a la noche, para garantizar unas noches lilas seguras divertidas y libres de violencia.<\/p>\n<p>Si te interesa montar un punto lila en tu pueblo o ciudad puedes escribirnos a contacto@lescola.org<\/p>","protected":false},"excerpt":{"rendered":"<p>Por fin anoche la verbena de San Juan y L\u2019Escola pudo recuperar una de sus actividades m\u00e1s importantes que es la gesti\u00f3n de puntos lilas en el ocio nocturno, para prevenir las agresiones sexuales, la verdad es que estamos muy contentas y nos hemos reestrenado como digo en la verbena de San Juan en el [&hellip;]<\/p>\n","protected":false},"author":4,"featured_media":70625,"comment_status":"open","ping_status":"open","sticky":false,"template":"","format":"standard","meta":{"_acf_changed":false,"footnotes":""},"categories":[2470,2465],"tags":[2528,2471,2477],"class_list":["post-70624","post","type-post","status-publish","format-standard","has-post-thumbnail","hentry","category-feminismo","category-informativos","tag-activismo","tag-feminismo","tag-violencia-machista"],"acf":[],"yoast_head":"<!-- This site is optimized with the Yoast SEO plugin v27.4 - https:\/\/yoast.com\/product\/yoast-seo-wordpress\/ -->\n<title>L&#039;ESCOLA AC recupera su actividad nocturna y vuelve con sus #PUNTOSLILA - DLVRADIO<\/title>\n<meta name=\"description\" content=\"Por fin anoche la verbena de San Juan y L\u2019Escola pudo recuperar una de sus actividades m\u00e1s importantes que es la gesti\u00f3n de puntos lilas en el ocio\" \/>\n<meta name=\"robots\" content=\"index, follow, max-snippet:-1, max-image-preview:large, max-video-preview:-1\" \/>\n<link rel=\"canonical\" href=\"https:\/\/dlvradio.es\/en\/lescola-ac-recupera-su-actividad-nocturna-y-vuelve-con-sus-puntoslila\/\" \/>\n<meta property=\"og:locale\" content=\"en_US\" \/>\n<meta property=\"og:type\" content=\"article\" \/>\n<meta property=\"og:title\" content=\"L&#039;ESCOLA AC recupera su actividad nocturna y vuelve con sus #PUNTOSLILA - DLVRADIO\" \/>\n<meta property=\"og:description\" content=\"Por fin anoche la verbena de San Juan y L\u2019Escola pudo recuperar una de sus actividades m\u00e1s importantes que es la gesti\u00f3n de puntos lilas en el ocio\" \/>\n<meta property=\"og:url\" content=\"https:\/\/dlvradio.es\/en\/lescola-ac-recupera-su-actividad-nocturna-y-vuelve-con-sus-puntoslila\/\" \/>\n<meta property=\"og:site_name\" content=\"DLVRADIO\" \/>\n<meta property=\"article:publisher\" content=\"https:\/\/www.facebook.com\/RadioDLVradio\/\" \/>\n<meta property=\"article:published_time\" content=\"2021-06-24T08:32:04+00:00\" \/>\n<meta property=\"og:image\" content=\"https:\/\/dlvradio.es\/wp-content\/uploads\/2021\/06\/LEscola-AC-PuntoS-LilaS.jpg\" \/>\n\t<meta property=\"og:image:width\" content=\"2048\" \/>\n\t<meta property=\"og:image:height\" content=\"2048\" \/>\n\t<meta property=\"og:image:type\" content=\"image\/jpeg\" \/>\n<meta name=\"author\" content=\"DLV RADIO\" \/>\n<meta name=\"twitter:card\" content=\"summary_large_image\" \/>\n<meta name=\"twitter:creator\" content=\"@RadioDlvradio\" \/>\n<meta name=\"twitter:site\" content=\"@RadioDlvradio\" \/>\n<script type=\"application\/ld+json\" class=\"yoast-schema-graph\">{\"@context\":\"https:\\\/\\\/schema.org\",\"@graph\":[{\"@type\":\"Article\",\"@id\":\"https:\\\/\\\/dlvradio.es\\\/lescola-ac-recupera-su-actividad-nocturna-y-vuelve-con-sus-puntoslila\\\/#article\",\"isPartOf\":{\"@id\":\"https:\\\/\\\/dlvradio.es\\\/lescola-ac-recupera-su-actividad-nocturna-y-vuelve-con-sus-puntoslila\\\/\"},\"author\":{\"name\":\"DLV RADIO\",\"@id\":\"https:\\\/\\\/dlvradio.es\\\/#\\\/schema\\\/person\\\/7d533f9f89b13e3a3f2ba7f67d6412de\"},\"headline\":\"L&#8217;ESCOLA AC recupera su actividad nocturna y vuelve con sus #PUNTOSLILA\",\"datePublished\":\"2021-06-24T08:32:04+00:00\",\"mainEntityOfPage\":{\"@id\":\"https:\\\/\\\/dlvradio.es\\\/lescola-ac-recupera-su-actividad-nocturna-y-vuelve-con-sus-puntoslila\\\/\"},\"wordCount\":211,\"commentCount\":0,\"publisher\":{\"@id\":\"https:\\\/\\\/dlvradio.es\\\/#organization\"},\"image\":{\"@id\":\"https:\\\/\\\/dlvradio.es\\\/lescola-ac-recupera-su-actividad-nocturna-y-vuelve-con-sus-puntoslila\\\/#primaryimage\"},\"thumbnailUrl\":\"https:\\\/\\\/dlvradio.es\\\/wp-content\\\/uploads\\\/2021\\\/06\\\/LEscola-AC-PuntoS-LilaS.jpg\",\"keywords\":[\"activismo\",\"feminismo\",\"Violencia machista\"],\"articleSection\":[\"Feminismo\",\"Informativos\"],\"inLanguage\":\"en-US\"},{\"@type\":\"WebPage\",\"@id\":\"https:\\\/\\\/dlvradio.es\\\/lescola-ac-recupera-su-actividad-nocturna-y-vuelve-con-sus-puntoslila\\\/\",\"url\":\"https:\\\/\\\/dlvradio.es\\\/lescola-ac-recupera-su-actividad-nocturna-y-vuelve-con-sus-puntoslila\\\/\",\"name\":\"L'ESCOLA AC recupera su actividad nocturna y vuelve con sus #PUNTOSLILA - DLVRADIO\",\"isPartOf\":{\"@id\":\"https:\\\/\\\/dlvradio.es\\\/#website\"},\"primaryImageOfPage\":{\"@id\":\"https:\\\/\\\/dlvradio.es\\\/lescola-ac-recupera-su-actividad-nocturna-y-vuelve-con-sus-puntoslila\\\/#primaryimage\"},\"image\":{\"@id\":\"https:\\\/\\\/dlvradio.es\\\/lescola-ac-recupera-su-actividad-nocturna-y-vuelve-con-sus-puntoslila\\\/#primaryimage\"},\"thumbnailUrl\":\"https:\\\/\\\/dlvradio.es\\\/wp-content\\\/uploads\\\/2021\\\/06\\\/LEscola-AC-PuntoS-LilaS.jpg\",\"datePublished\":\"2021-06-24T08:32:04+00:00\",\"description\":\"Por fin anoche la verbena de San Juan y L\u2019Escola pudo recuperar una de sus actividades m\u00e1s importantes que es la gesti\u00f3n de puntos lilas en el ocio\",\"breadcrumb\":{\"@id\":\"https:\\\/\\\/dlvradio.es\\\/lescola-ac-recupera-su-actividad-nocturna-y-vuelve-con-sus-puntoslila\\\/#breadcrumb\"},\"inLanguage\":\"en-US\",\"potentialAction\":[{\"@type\":\"ReadAction\",\"target\":[\"https:\\\/\\\/dlvradio.es\\\/lescola-ac-recupera-su-actividad-nocturna-y-vuelve-con-sus-puntoslila\\\/\"]}]},{\"@type\":\"ImageObject\",\"inLanguage\":\"en-US\",\"@id\":\"https:\\\/\\\/dlvradio.es\\\/lescola-ac-recupera-su-actividad-nocturna-y-vuelve-con-sus-puntoslila\\\/#primaryimage\",\"url\":\"https:\\\/\\\/dlvradio.es\\\/wp-content\\\/uploads\\\/2021\\\/06\\\/LEscola-AC-PuntoS-LilaS.jpg\",\"contentUrl\":\"https:\\\/\\\/dlvradio.es\\\/wp-content\\\/uploads\\\/2021\\\/06\\\/LEscola-AC-PuntoS-LilaS.jpg\",\"width\":2048,\"height\":2048,\"caption\":\"L'Escola AC PuntoS LilaS\"},{\"@type\":\"BreadcrumbList\",\"@id\":\"https:\\\/\\\/dlvradio.es\\\/lescola-ac-recupera-su-actividad-nocturna-y-vuelve-con-sus-puntoslila\\\/#breadcrumb\",\"itemListElement\":[{\"@type\":\"ListItem\",\"position\":1,\"name\":\"Inicio\",\"item\":\"https:\\\/\\\/dlvradio.es\\\/\"},{\"@type\":\"ListItem\",\"position\":2,\"name\":\"L&#8217;ESCOLA AC recupera su actividad nocturna y vuelve con sus #PUNTOSLILA\"}]},{\"@type\":\"WebSite\",\"@id\":\"https:\\\/\\\/dlvradio.es\\\/#website\",\"url\":\"https:\\\/\\\/dlvradio.es\\\/\",\"name\":\"DLVRADIO\",\"description\":\"Somos un medio de comunicaci\u00f3n alternativo a los medios tradicionales\",\"publisher\":{\"@id\":\"https:\\\/\\\/dlvradio.es\\\/#organization\"},\"potentialAction\":[{\"@type\":\"SearchAction\",\"target\":{\"@type\":\"EntryPoint\",\"urlTemplate\":\"https:\\\/\\\/dlvradio.es\\\/?s={search_term_string}\"},\"query-input\":{\"@type\":\"PropertyValueSpecification\",\"valueRequired\":true,\"valueName\":\"search_term_string\"}}],\"inLanguage\":\"en-US\"},{\"@type\":\"Organization\",\"@id\":\"https:\\\/\\\/dlvradio.es\\\/#organization\",\"name\":\"DLVRADIO\",\"url\":\"https:\\\/\\\/dlvradio.es\\\/\",\"logo\":{\"@type\":\"ImageObject\",\"inLanguage\":\"en-US\",\"@id\":\"https:\\\/\\\/dlvradio.es\\\/#\\\/schema\\\/logo\\\/image\\\/\",\"url\":\"\",\"contentUrl\":\"\",\"caption\":\"DLVRADIO\"},\"image\":{\"@id\":\"https:\\\/\\\/dlvradio.es\\\/#\\\/schema\\\/logo\\\/image\\\/\"},\"sameAs\":[\"https:\\\/\\\/www.facebook.com\\\/RadioDLVradio\\\/\",\"https:\\\/\\\/x.com\\\/RadioDlvradio\",\"https:\\\/\\\/www.instagram.com\\\/radiodlvradio\\\/\"]},{\"@type\":\"Person\",\"@id\":\"https:\\\/\\\/dlvradio.es\\\/#\\\/schema\\\/person\\\/7d533f9f89b13e3a3f2ba7f67d6412de\",\"name\":\"DLV RADIO\",\"sameAs\":[\"https:\\\/\\\/dlvradio.es\"]}]}<\/script>\n<!-- \/ Yoast SEO plugin. -->","yoast_head_json":{"title":"L'ESCOLA AC recupera su actividad nocturna y vuelve con sus #PUNTOSLILA - DLVRADIO","description":"Por fin anoche la verbena de San Juan y L\u2019Escola pudo recuperar una de sus actividades m\u00e1s importantes que es la gesti\u00f3n de puntos lilas en el ocio","robots":{"index":"index","follow":"follow","max-snippet":"max-snippet:-1","max-image-preview":"max-image-preview:large","max-video-preview":"max-video-preview:-1"},"canonical":"https:\/\/dlvradio.es\/en\/lescola-ac-recupera-su-actividad-nocturna-y-vuelve-con-sus-puntoslila\/","og_locale":"en_US","og_type":"article","og_title":"L'ESCOLA AC recupera su actividad nocturna y vuelve con sus #PUNTOSLILA - DLVRADIO","og_description":"Por fin anoche la verbena de San Juan y L\u2019Escola pudo recuperar una de sus actividades m\u00e1s importantes que es la gesti\u00f3n de puntos lilas en el ocio","og_url":"https:\/\/dlvradio.es\/en\/lescola-ac-recupera-su-actividad-nocturna-y-vuelve-con-sus-puntoslila\/","og_site_name":"DLVRADIO","article_publisher":"https:\/\/www.facebook.com\/RadioDLVradio\/","article_published_time":"2021-06-24T08:32:04+00:00","og_image":[{"width":2048,"height":2048,"url":"https:\/\/dlvradio.es\/wp-content\/uploads\/2021\/06\/LEscola-AC-PuntoS-LilaS.jpg","type":"image\/jpeg"}],"author":"DLV RADIO","twitter_card":"summary_large_image","twitter_creator":"@RadioDlvradio","twitter_site":"@RadioDlvradio","schema":{"@context":"https:\/\/schema.org","@graph":[{"@type":"Article","@id":"https:\/\/dlvradio.es\/lescola-ac-recupera-su-actividad-nocturna-y-vuelve-con-sus-puntoslila\/#article","isPartOf":{"@id":"https:\/\/dlvradio.es\/lescola-ac-recupera-su-actividad-nocturna-y-vuelve-con-sus-puntoslila\/"},"author":{"name":"DLV RADIO","@id":"https:\/\/dlvradio.es\/#\/schema\/person\/7d533f9f89b13e3a3f2ba7f67d6412de"},"headline":"L&#8217;ESCOLA AC recupera su actividad nocturna y vuelve con sus #PUNTOSLILA","datePublished":"2021-06-24T08:32:04+00:00","mainEntityOfPage":{"@id":"https:\/\/dlvradio.es\/lescola-ac-recupera-su-actividad-nocturna-y-vuelve-con-sus-puntoslila\/"},"wordCount":211,"commentCount":0,"publisher":{"@id":"https:\/\/dlvradio.es\/#organization"},"image":{"@id":"https:\/\/dlvradio.es\/lescola-ac-recupera-su-actividad-nocturna-y-vuelve-con-sus-puntoslila\/#primaryimage"},"thumbnailUrl":"https:\/\/dlvradio.es\/wp-content\/uploads\/2021\/06\/LEscola-AC-PuntoS-LilaS.jpg","keywords":["activismo","feminismo","Violencia machista"],"articleSection":["Feminismo","Informativos"],"inLanguage":"en-US"},{"@type":"WebPage","@id":"https:\/\/dlvradio.es\/lescola-ac-recupera-su-actividad-nocturna-y-vuelve-con-sus-puntoslila\/","url":"https:\/\/dlvradio.es\/lescola-ac-recupera-su-actividad-nocturna-y-vuelve-con-sus-puntoslila\/","name":"L'ESCOLA AC recupera su actividad nocturna y vuelve con sus #PUNTOSLILA - DLVRADIO","isPartOf":{"@id":"https:\/\/dlvradio.es\/#website"},"primaryImageOfPage":{"@id":"https:\/\/dlvradio.es\/lescola-ac-recupera-su-actividad-nocturna-y-vuelve-con-sus-puntoslila\/#primaryimage"},"image":{"@id":"https:\/\/dlvradio.es\/lescola-ac-recupera-su-actividad-nocturna-y-vuelve-con-sus-puntoslila\/#primaryimage"},"thumbnailUrl":"https:\/\/dlvradio.es\/wp-content\/uploads\/2021\/06\/LEscola-AC-PuntoS-LilaS.jpg","datePublished":"2021-06-24T08:32:04+00:00","description":"Por fin anoche la verbena de San Juan y L\u2019Escola pudo recuperar una de sus actividades m\u00e1s importantes que es la gesti\u00f3n de puntos lilas en el ocio","breadcrumb":{"@id":"https:\/\/dlvradio.es\/lescola-ac-recupera-su-actividad-nocturna-y-vuelve-con-sus-puntoslila\/#breadcrumb"},"inLanguage":"en-US","potentialAction":[{"@type":"ReadAction","target":["https:\/\/dlvradio.es\/lescola-ac-recupera-su-actividad-nocturna-y-vuelve-con-sus-puntoslila\/"]}]},{"@type":"ImageObject","inLanguage":"en-US","@id":"https:\/\/dlvradio.es\/lescola-ac-recupera-su-actividad-nocturna-y-vuelve-con-sus-puntoslila\/#primaryimage","url":"https:\/\/dlvradio.es\/wp-content\/uploads\/2021\/06\/LEscola-AC-PuntoS-LilaS.jpg","contentUrl":"https:\/\/dlvradio.es\/wp-content\/uploads\/2021\/06\/LEscola-AC-PuntoS-LilaS.jpg","width":2048,"height":2048,"caption":"L'Escola AC PuntoS LilaS"},{"@type":"BreadcrumbList","@id":"https:\/\/dlvradio.es\/lescola-ac-recupera-su-actividad-nocturna-y-vuelve-con-sus-puntoslila\/#breadcrumb","itemListElement":[{"@type":"ListItem","position":1,"name":"Inicio","item":"https:\/\/dlvradio.es\/"},{"@type":"ListItem","position":2,"name":"L&#8217;ESCOLA AC recupera su actividad nocturna y vuelve con sus #PUNTOSLILA"}]},{"@type":"WebSite","@id":"https:\/\/dlvradio.es\/#website","url":"https:\/\/dlvradio.es\/","name":"DLVRADIO","description":"We are an alternative media to traditional media","publisher":{"@id":"https:\/\/dlvradio.es\/#organization"},"potentialAction":[{"@type":"SearchAction","target":{"@type":"EntryPoint","urlTemplate":"https:\/\/dlvradio.es\/?s={search_term_string}"},"query-input":{"@type":"PropertyValueSpecification","valueRequired":true,"valueName":"search_term_string"}}],"inLanguage":"en-US"},{"@type":"Organization","@id":"https:\/\/dlvradio.es\/#organization","name":"DLVRADIO","url":"https:\/\/dlvradio.es\/","logo":{"@type":"ImageObject","inLanguage":"en-US","@id":"https:\/\/dlvradio.es\/#\/schema\/logo\/image\/","url":"","contentUrl":"","caption":"DLVRADIO"},"image":{"@id":"https:\/\/dlvradio.es\/#\/schema\/logo\/image\/"},"sameAs":["https:\/\/www.facebook.com\/RadioDLVradio\/","https:\/\/x.com\/RadioDlvradio","https:\/\/www.instagram.com\/radiodlvradio\/"]},{"@type":"Person","@id":"https:\/\/dlvradio.es\/#\/schema\/person\/7d533f9f89b13e3a3f2ba7f67d6412de","name":"DLV RADIO","sameAs":["https:\/\/dlvradio.es"]}]}},"_links":{"self":[{"href":"https:\/\/dlvradio.es\/en\/wp-json\/wp\/v2\/posts\/70624","targetHints":{"allow":["GET"]}}],"collection":[{"href":"https:\/\/dlvradio.es\/en\/wp-json\/wp\/v2\/posts"}],"about":[{"href":"https:\/\/dlvradio.es\/en\/wp-json\/wp\/v2\/types\/post"}],"author":[{"embeddable":true,"href":"https:\/\/dlvradio.es\/en\/wp-json\/wp\/v2\/users\/4"}],"replies":[{"embeddable":true,"href":"https:\/\/dlvradio.es\/en\/wp-json\/wp\/v2\/comments?post=70624"}],"version-history":[{"count":0,"href":"https:\/\/dlvradio.es\/en\/wp-json\/wp\/v2\/posts\/70624\/revisions"}],"wp:featuredmedia":[{"embeddable":true,"href":"https:\/\/dlvradio.es\/en\/wp-json\/wp\/v2\/media\/70625"}],"wp:attachment":[{"href":"https:\/\/dlvradio.es\/en\/wp-json\/wp\/v2\/media?parent=70624"}],"wp:term":[{"taxonomy":"category","embeddable":true,"href":"https:\/\/dlvradio.es\/en\/wp-json\/wp\/v2\/categories?post=70624"},{"taxonomy":"post_tag","embeddable":true,"href":"https:\/\/dlvradio.es\/en\/wp-json\/wp\/v2\/tags?post=70624"}],"curies":[{"name":"wp","href":"https:\/\/api.w.org\/{rel}","templated":true}]}}