{"id":70657,"date":"2021-07-06T06:00:00","date_gmt":"2021-07-06T04:00:00","guid":{"rendered":"https:\/\/dlvradio.es\/acuerdo-del-gobierno-con-los-sindicatos-cc-oo-ugt-y-csif-del-plan-de-choque-para-reducir-la-temporalidad-en-las-aa-pp\/"},"modified":"2021-07-06T06:00:00","modified_gmt":"2021-07-06T04:00:00","slug":"acuerdo-del-gobierno-con-los-sindicatos-cc-oo-ugt-y-csif-del-plan-de-choque-para-reducir-la-temporalidad-en-las-aa-pp","status":"publish","type":"post","link":"https:\/\/dlvradio.es\/en\/acuerdo-del-gobierno-con-los-sindicatos-cc-oo-ugt-y-csif-del-plan-de-choque-para-reducir-la-temporalidad-en-las-aa-pp\/","title":{"rendered":"Government agreement with the CC.OO, UGT and CSIF unions on the Shock Plan to reduce temporary employment in the AA.PP"},"content":{"rendered":"<p><img decoding=\"async\" class=\"alignleft wp-image-6138 size-thumbnail\" src=\"https:\/\/dlvradio.es\/copia\/wp-content\/uploads\/2021\/02\/informativosDLV-150x150.jpg\" alt=\"\" width=\"150\" height=\"150\" \/>El ministro de Pol\u00edtica Territorial y Funci\u00f3n P\u00fablica, Miquel Iceta, ha suscrito con las formaciones sindicales de CC.OO, UGT y CSIF un acuerdo sobre el Plan de choque para as\u00ed reducir la alta temporalidad dentro de las administraciones p\u00fablicas, que aprobar\u00e1 el Consejo de Ministros ma\u00f1ana martes 6 de julio, a trav\u00e9s de un Real Decreto-ley.<\/p>\n<p>El secretario de Estado de Pol\u00edtica Territorial y Funci\u00f3n P\u00fablica, V\u00edctor Francos, ha presidido previamente la Mesa General de Negociaci\u00f3n de las Administraciones P\u00fablicas, donde est\u00e1n representadas todas las Comunidades Aut\u00f3nomas, la FEMP y los sindicatos.<\/p>\n<p>A la firma del acuerdo, con el ministro, han asistido el secretario de Estado de Pol\u00edtica Territorial y Funci\u00f3n P\u00fablica, V\u00edctor Francos, el secretario general de Funci\u00f3n P\u00fablica, Javier Rueda, y la directora general de Funci\u00f3n P\u00fablica, Isabel Borrell. Por parte de los sindicatos, han suscrito este acuerdo Francisco Garc\u00eda Su\u00e1rez, por CC.OO, Julio Lacuerda, por UGT, y Miguel Borra, por CSIF.<\/p>\n<p>Os dejamos el documento del acuerdo firmado.<\/p>\n<a href=\"https:\/\/dlvradio.es\/copia\/wp-content\/uploads\/2021\/07\/Acuerdo-plan-de-choque-temporalidad-AAPP-copia.pdf\" class=\"pdfemb-viewer\" style=\"\" data-width=\"max\" data-height=\"max\" data-toolbar=\"bottom\" data-toolbar-fixed=\"off\">Acuerdo plan de choque temporalidad AAPP - copia<\/a>","protected":false},"excerpt":{"rendered":"<p>El ministro de Pol\u00edtica Territorial y Funci\u00f3n P\u00fablica, Miquel Iceta, ha suscrito con las formaciones sindicales de CC.OO, UGT y CSIF un acuerdo sobre el Plan de choque para as\u00ed reducir la alta temporalidad dentro de las administraciones p\u00fablicas, que aprobar\u00e1 el Consejo de Ministros ma\u00f1ana martes 6 de julio, a trav\u00e9s de un Real [&hellip;]<\/p>\n","protected":false},"author":4,"featured_media":70338,"comment_status":"open","ping_status":"open","sticky":false,"template":"","format":"standard","meta":{"_acf_changed":false,"footnotes":""},"categories":[2465],"tags":[2584],"class_list":["post-70657","post","type-post","status-publish","format-standard","has-post-thumbnail","hentry","category-informativos","tag-gobierno-espana"],"acf":[],"yoast_head":"<!-- This site is optimized with the Yoast SEO plugin v27.4 - https:\/\/yoast.com\/product\/yoast-seo-wordpress\/ -->\n<title>Acuerdo del Gobierno con los sindicatos CC.OO, UGT y CSIF del Plan de choque para reducir la temporalidad en las AA.PP - DLVRADIO<\/title>\n<meta name=\"description\" content=\"El ministro de Pol\u00edtica Territorial y Funci\u00f3n P\u00fablica, Miquel Iceta, ha suscrito con las formaciones sindicales de CC.OO, UGT y CSIF un acuerdo sobre el\" \/>\n<meta name=\"robots\" content=\"index, follow, max-snippet:-1, max-image-preview:large, max-video-preview:-1\" \/>\n<link rel=\"canonical\" href=\"https:\/\/dlvradio.es\/en\/acuerdo-del-gobierno-con-los-sindicatos-cc-oo-ugt-y-csif-del-plan-de-choque-para-reducir-la-temporalidad-en-las-aa-pp\/\" \/>\n<meta property=\"og:locale\" content=\"en_US\" \/>\n<meta property=\"og:type\" content=\"article\" \/>\n<meta property=\"og:title\" content=\"Acuerdo del Gobierno con los sindicatos CC.OO, UGT y CSIF del Plan de choque para reducir la temporalidad en las AA.PP - DLVRADIO\" \/>\n<meta property=\"og:description\" content=\"El ministro de Pol\u00edtica Territorial y Funci\u00f3n P\u00fablica, Miquel Iceta, ha suscrito con las formaciones sindicales de CC.OO, UGT y CSIF un acuerdo sobre el\" \/>\n<meta property=\"og:url\" content=\"https:\/\/dlvradio.es\/en\/acuerdo-del-gobierno-con-los-sindicatos-cc-oo-ugt-y-csif-del-plan-de-choque-para-reducir-la-temporalidad-en-las-aa-pp\/\" \/>\n<meta property=\"og:site_name\" content=\"DLVRADIO\" \/>\n<meta property=\"article:publisher\" content=\"https:\/\/www.facebook.com\/RadioDLVradio\/\" \/>\n<meta property=\"article:published_time\" content=\"2021-07-06T04:00:00+00:00\" \/>\n<meta property=\"og:image\" content=\"https:\/\/dlvradio.es\/wp-content\/uploads\/2021\/02\/informativosDLV.jpg\" \/>\n\t<meta property=\"og:image:width\" content=\"1511\" \/>\n\t<meta property=\"og:image:height\" content=\"1511\" \/>\n\t<meta property=\"og:image:type\" content=\"image\/jpeg\" \/>\n<meta name=\"author\" content=\"DLV RADIO\" \/>\n<meta name=\"twitter:card\" content=\"summary_large_image\" \/>\n<meta name=\"twitter:creator\" content=\"@RadioDlvradio\" \/>\n<meta name=\"twitter:site\" content=\"@RadioDlvradio\" \/>\n<script type=\"application\/ld+json\" class=\"yoast-schema-graph\">{\"@context\":\"https:\\\/\\\/schema.org\",\"@graph\":[{\"@type\":\"Article\",\"@id\":\"https:\\\/\\\/dlvradio.es\\\/acuerdo-del-gobierno-con-los-sindicatos-cc-oo-ugt-y-csif-del-plan-de-choque-para-reducir-la-temporalidad-en-las-aa-pp\\\/#article\",\"isPartOf\":{\"@id\":\"https:\\\/\\\/dlvradio.es\\\/acuerdo-del-gobierno-con-los-sindicatos-cc-oo-ugt-y-csif-del-plan-de-choque-para-reducir-la-temporalidad-en-las-aa-pp\\\/\"},\"author\":{\"name\":\"DLV RADIO\",\"@id\":\"https:\\\/\\\/dlvradio.es\\\/#\\\/schema\\\/person\\\/7d533f9f89b13e3a3f2ba7f67d6412de\"},\"headline\":\"Acuerdo del Gobierno con los sindicatos CC.OO, UGT y CSIF del Plan de choque para reducir la temporalidad en las AA.PP\",\"datePublished\":\"2021-07-06T04:00:00+00:00\",\"mainEntityOfPage\":{\"@id\":\"https:\\\/\\\/dlvradio.es\\\/acuerdo-del-gobierno-con-los-sindicatos-cc-oo-ugt-y-csif-del-plan-de-choque-para-reducir-la-temporalidad-en-las-aa-pp\\\/\"},\"wordCount\":228,\"commentCount\":0,\"publisher\":{\"@id\":\"https:\\\/\\\/dlvradio.es\\\/#organization\"},\"image\":{\"@id\":\"https:\\\/\\\/dlvradio.es\\\/acuerdo-del-gobierno-con-los-sindicatos-cc-oo-ugt-y-csif-del-plan-de-choque-para-reducir-la-temporalidad-en-las-aa-pp\\\/#primaryimage\"},\"thumbnailUrl\":\"https:\\\/\\\/dlvradio.es\\\/wp-content\\\/uploads\\\/2021\\\/02\\\/informativosDLV.jpg\",\"keywords\":[\"gobierno espa\u00f1a\"],\"articleSection\":[\"Informativos\"],\"inLanguage\":\"en-US\"},{\"@type\":\"WebPage\",\"@id\":\"https:\\\/\\\/dlvradio.es\\\/acuerdo-del-gobierno-con-los-sindicatos-cc-oo-ugt-y-csif-del-plan-de-choque-para-reducir-la-temporalidad-en-las-aa-pp\\\/\",\"url\":\"https:\\\/\\\/dlvradio.es\\\/acuerdo-del-gobierno-con-los-sindicatos-cc-oo-ugt-y-csif-del-plan-de-choque-para-reducir-la-temporalidad-en-las-aa-pp\\\/\",\"name\":\"Acuerdo del Gobierno con los sindicatos CC.OO, UGT y CSIF del Plan de choque para reducir la temporalidad en las AA.PP - DLVRADIO\",\"isPartOf\":{\"@id\":\"https:\\\/\\\/dlvradio.es\\\/#website\"},\"primaryImageOfPage\":{\"@id\":\"https:\\\/\\\/dlvradio.es\\\/acuerdo-del-gobierno-con-los-sindicatos-cc-oo-ugt-y-csif-del-plan-de-choque-para-reducir-la-temporalidad-en-las-aa-pp\\\/#primaryimage\"},\"image\":{\"@id\":\"https:\\\/\\\/dlvradio.es\\\/acuerdo-del-gobierno-con-los-sindicatos-cc-oo-ugt-y-csif-del-plan-de-choque-para-reducir-la-temporalidad-en-las-aa-pp\\\/#primaryimage\"},\"thumbnailUrl\":\"https:\\\/\\\/dlvradio.es\\\/wp-content\\\/uploads\\\/2021\\\/02\\\/informativosDLV.jpg\",\"datePublished\":\"2021-07-06T04:00:00+00:00\",\"description\":\"El ministro de Pol\u00edtica Territorial y Funci\u00f3n P\u00fablica, Miquel Iceta, ha suscrito con las formaciones sindicales de CC.OO, UGT y CSIF un acuerdo sobre el\",\"breadcrumb\":{\"@id\":\"https:\\\/\\\/dlvradio.es\\\/acuerdo-del-gobierno-con-los-sindicatos-cc-oo-ugt-y-csif-del-plan-de-choque-para-reducir-la-temporalidad-en-las-aa-pp\\\/#breadcrumb\"},\"inLanguage\":\"en-US\",\"potentialAction\":[{\"@type\":\"ReadAction\",\"target\":[\"https:\\\/\\\/dlvradio.es\\\/acuerdo-del-gobierno-con-los-sindicatos-cc-oo-ugt-y-csif-del-plan-de-choque-para-reducir-la-temporalidad-en-las-aa-pp\\\/\"]}]},{\"@type\":\"ImageObject\",\"inLanguage\":\"en-US\",\"@id\":\"https:\\\/\\\/dlvradio.es\\\/acuerdo-del-gobierno-con-los-sindicatos-cc-oo-ugt-y-csif-del-plan-de-choque-para-reducir-la-temporalidad-en-las-aa-pp\\\/#primaryimage\",\"url\":\"https:\\\/\\\/dlvradio.es\\\/wp-content\\\/uploads\\\/2021\\\/02\\\/informativosDLV.jpg\",\"contentUrl\":\"https:\\\/\\\/dlvradio.es\\\/wp-content\\\/uploads\\\/2021\\\/02\\\/informativosDLV.jpg\",\"width\":1511,\"height\":1511,\"caption\":\"informativosDLV\"},{\"@type\":\"BreadcrumbList\",\"@id\":\"https:\\\/\\\/dlvradio.es\\\/acuerdo-del-gobierno-con-los-sindicatos-cc-oo-ugt-y-csif-del-plan-de-choque-para-reducir-la-temporalidad-en-las-aa-pp\\\/#breadcrumb\",\"itemListElement\":[{\"@type\":\"ListItem\",\"position\":1,\"name\":\"Inicio\",\"item\":\"https:\\\/\\\/dlvradio.es\\\/\"},{\"@type\":\"ListItem\",\"position\":2,\"name\":\"Acuerdo del Gobierno con los sindicatos CC.OO, UGT y CSIF del Plan de choque para reducir la temporalidad en las AA.PP\"}]},{\"@type\":\"WebSite\",\"@id\":\"https:\\\/\\\/dlvradio.es\\\/#website\",\"url\":\"https:\\\/\\\/dlvradio.es\\\/\",\"name\":\"DLVRADIO\",\"description\":\"Somos un medio de comunicaci\u00f3n alternativo a los medios tradicionales\",\"publisher\":{\"@id\":\"https:\\\/\\\/dlvradio.es\\\/#organization\"},\"potentialAction\":[{\"@type\":\"SearchAction\",\"target\":{\"@type\":\"EntryPoint\",\"urlTemplate\":\"https:\\\/\\\/dlvradio.es\\\/?s={search_term_string}\"},\"query-input\":{\"@type\":\"PropertyValueSpecification\",\"valueRequired\":true,\"valueName\":\"search_term_string\"}}],\"inLanguage\":\"en-US\"},{\"@type\":\"Organization\",\"@id\":\"https:\\\/\\\/dlvradio.es\\\/#organization\",\"name\":\"DLVRADIO\",\"url\":\"https:\\\/\\\/dlvradio.es\\\/\",\"logo\":{\"@type\":\"ImageObject\",\"inLanguage\":\"en-US\",\"@id\":\"https:\\\/\\\/dlvradio.es\\\/#\\\/schema\\\/logo\\\/image\\\/\",\"url\":\"\",\"contentUrl\":\"\",\"caption\":\"DLVRADIO\"},\"image\":{\"@id\":\"https:\\\/\\\/dlvradio.es\\\/#\\\/schema\\\/logo\\\/image\\\/\"},\"sameAs\":[\"https:\\\/\\\/www.facebook.com\\\/RadioDLVradio\\\/\",\"https:\\\/\\\/x.com\\\/RadioDlvradio\",\"https:\\\/\\\/www.instagram.com\\\/radiodlvradio\\\/\"]},{\"@type\":\"Person\",\"@id\":\"https:\\\/\\\/dlvradio.es\\\/#\\\/schema\\\/person\\\/7d533f9f89b13e3a3f2ba7f67d6412de\",\"name\":\"DLV RADIO\",\"sameAs\":[\"https:\\\/\\\/dlvradio.es\"]}]}<\/script>\n<!-- \/ Yoast SEO plugin. -->","yoast_head_json":{"title":"Acuerdo del Gobierno con los sindicatos CC.OO, UGT y CSIF del Plan de choque para reducir la temporalidad en las AA.PP - DLVRADIO","description":"El ministro de Pol\u00edtica Territorial y Funci\u00f3n P\u00fablica, Miquel Iceta, ha suscrito con las formaciones sindicales de CC.OO, UGT y CSIF un acuerdo sobre el","robots":{"index":"index","follow":"follow","max-snippet":"max-snippet:-1","max-image-preview":"max-image-preview:large","max-video-preview":"max-video-preview:-1"},"canonical":"https:\/\/dlvradio.es\/en\/acuerdo-del-gobierno-con-los-sindicatos-cc-oo-ugt-y-csif-del-plan-de-choque-para-reducir-la-temporalidad-en-las-aa-pp\/","og_locale":"en_US","og_type":"article","og_title":"Acuerdo del Gobierno con los sindicatos CC.OO, UGT y CSIF del Plan de choque para reducir la temporalidad en las AA.PP - DLVRADIO","og_description":"El ministro de Pol\u00edtica Territorial y Funci\u00f3n P\u00fablica, Miquel Iceta, ha suscrito con las formaciones sindicales de CC.OO, UGT y CSIF un acuerdo sobre el","og_url":"https:\/\/dlvradio.es\/en\/acuerdo-del-gobierno-con-los-sindicatos-cc-oo-ugt-y-csif-del-plan-de-choque-para-reducir-la-temporalidad-en-las-aa-pp\/","og_site_name":"DLVRADIO","article_publisher":"https:\/\/www.facebook.com\/RadioDLVradio\/","article_published_time":"2021-07-06T04:00:00+00:00","og_image":[{"width":1511,"height":1511,"url":"https:\/\/dlvradio.es\/wp-content\/uploads\/2021\/02\/informativosDLV.jpg","type":"image\/jpeg"}],"author":"DLV RADIO","twitter_card":"summary_large_image","twitter_creator":"@RadioDlvradio","twitter_site":"@RadioDlvradio","schema":{"@context":"https:\/\/schema.org","@graph":[{"@type":"Article","@id":"https:\/\/dlvradio.es\/acuerdo-del-gobierno-con-los-sindicatos-cc-oo-ugt-y-csif-del-plan-de-choque-para-reducir-la-temporalidad-en-las-aa-pp\/#article","isPartOf":{"@id":"https:\/\/dlvradio.es\/acuerdo-del-gobierno-con-los-sindicatos-cc-oo-ugt-y-csif-del-plan-de-choque-para-reducir-la-temporalidad-en-las-aa-pp\/"},"author":{"name":"DLV RADIO","@id":"https:\/\/dlvradio.es\/#\/schema\/person\/7d533f9f89b13e3a3f2ba7f67d6412de"},"headline":"Acuerdo del Gobierno con los sindicatos CC.OO, UGT y CSIF del Plan de choque para reducir la temporalidad en las AA.PP","datePublished":"2021-07-06T04:00:00+00:00","mainEntityOfPage":{"@id":"https:\/\/dlvradio.es\/acuerdo-del-gobierno-con-los-sindicatos-cc-oo-ugt-y-csif-del-plan-de-choque-para-reducir-la-temporalidad-en-las-aa-pp\/"},"wordCount":228,"commentCount":0,"publisher":{"@id":"https:\/\/dlvradio.es\/#organization"},"image":{"@id":"https:\/\/dlvradio.es\/acuerdo-del-gobierno-con-los-sindicatos-cc-oo-ugt-y-csif-del-plan-de-choque-para-reducir-la-temporalidad-en-las-aa-pp\/#primaryimage"},"thumbnailUrl":"https:\/\/dlvradio.es\/wp-content\/uploads\/2021\/02\/informativosDLV.jpg","keywords":["gobierno espa\u00f1a"],"articleSection":["Informativos"],"inLanguage":"en-US"},{"@type":"WebPage","@id":"https:\/\/dlvradio.es\/acuerdo-del-gobierno-con-los-sindicatos-cc-oo-ugt-y-csif-del-plan-de-choque-para-reducir-la-temporalidad-en-las-aa-pp\/","url":"https:\/\/dlvradio.es\/acuerdo-del-gobierno-con-los-sindicatos-cc-oo-ugt-y-csif-del-plan-de-choque-para-reducir-la-temporalidad-en-las-aa-pp\/","name":"Acuerdo del Gobierno con los sindicatos CC.OO, UGT y CSIF del Plan de choque para reducir la temporalidad en las AA.PP - DLVRADIO","isPartOf":{"@id":"https:\/\/dlvradio.es\/#website"},"primaryImageOfPage":{"@id":"https:\/\/dlvradio.es\/acuerdo-del-gobierno-con-los-sindicatos-cc-oo-ugt-y-csif-del-plan-de-choque-para-reducir-la-temporalidad-en-las-aa-pp\/#primaryimage"},"image":{"@id":"https:\/\/dlvradio.es\/acuerdo-del-gobierno-con-los-sindicatos-cc-oo-ugt-y-csif-del-plan-de-choque-para-reducir-la-temporalidad-en-las-aa-pp\/#primaryimage"},"thumbnailUrl":"https:\/\/dlvradio.es\/wp-content\/uploads\/2021\/02\/informativosDLV.jpg","datePublished":"2021-07-06T04:00:00+00:00","description":"El ministro de Pol\u00edtica Territorial y Funci\u00f3n P\u00fablica, Miquel Iceta, ha suscrito con las formaciones sindicales de CC.OO, UGT y CSIF un acuerdo sobre el","breadcrumb":{"@id":"https:\/\/dlvradio.es\/acuerdo-del-gobierno-con-los-sindicatos-cc-oo-ugt-y-csif-del-plan-de-choque-para-reducir-la-temporalidad-en-las-aa-pp\/#breadcrumb"},"inLanguage":"en-US","potentialAction":[{"@type":"ReadAction","target":["https:\/\/dlvradio.es\/acuerdo-del-gobierno-con-los-sindicatos-cc-oo-ugt-y-csif-del-plan-de-choque-para-reducir-la-temporalidad-en-las-aa-pp\/"]}]},{"@type":"ImageObject","inLanguage":"en-US","@id":"https:\/\/dlvradio.es\/acuerdo-del-gobierno-con-los-sindicatos-cc-oo-ugt-y-csif-del-plan-de-choque-para-reducir-la-temporalidad-en-las-aa-pp\/#primaryimage","url":"https:\/\/dlvradio.es\/wp-content\/uploads\/2021\/02\/informativosDLV.jpg","contentUrl":"https:\/\/dlvradio.es\/wp-content\/uploads\/2021\/02\/informativosDLV.jpg","width":1511,"height":1511,"caption":"informativosDLV"},{"@type":"BreadcrumbList","@id":"https:\/\/dlvradio.es\/acuerdo-del-gobierno-con-los-sindicatos-cc-oo-ugt-y-csif-del-plan-de-choque-para-reducir-la-temporalidad-en-las-aa-pp\/#breadcrumb","itemListElement":[{"@type":"ListItem","position":1,"name":"Inicio","item":"https:\/\/dlvradio.es\/"},{"@type":"ListItem","position":2,"name":"Acuerdo del Gobierno con los sindicatos CC.OO, UGT y CSIF del Plan de choque para reducir la temporalidad en las AA.PP"}]},{"@type":"WebSite","@id":"https:\/\/dlvradio.es\/#website","url":"https:\/\/dlvradio.es\/","name":"DLVRADIO","description":"We are an alternative media to traditional media","publisher":{"@id":"https:\/\/dlvradio.es\/#organization"},"potentialAction":[{"@type":"SearchAction","target":{"@type":"EntryPoint","urlTemplate":"https:\/\/dlvradio.es\/?s={search_term_string}"},"query-input":{"@type":"PropertyValueSpecification","valueRequired":true,"valueName":"search_term_string"}}],"inLanguage":"en-US"},{"@type":"Organization","@id":"https:\/\/dlvradio.es\/#organization","name":"DLVRADIO","url":"https:\/\/dlvradio.es\/","logo":{"@type":"ImageObject","inLanguage":"en-US","@id":"https:\/\/dlvradio.es\/#\/schema\/logo\/image\/","url":"","contentUrl":"","caption":"DLVRADIO"},"image":{"@id":"https:\/\/dlvradio.es\/#\/schema\/logo\/image\/"},"sameAs":["https:\/\/www.facebook.com\/RadioDLVradio\/","https:\/\/x.com\/RadioDlvradio","https:\/\/www.instagram.com\/radiodlvradio\/"]},{"@type":"Person","@id":"https:\/\/dlvradio.es\/#\/schema\/person\/7d533f9f89b13e3a3f2ba7f67d6412de","name":"DLV RADIO","sameAs":["https:\/\/dlvradio.es"]}]}},"_links":{"self":[{"href":"https:\/\/dlvradio.es\/en\/wp-json\/wp\/v2\/posts\/70657","targetHints":{"allow":["GET"]}}],"collection":[{"href":"https:\/\/dlvradio.es\/en\/wp-json\/wp\/v2\/posts"}],"about":[{"href":"https:\/\/dlvradio.es\/en\/wp-json\/wp\/v2\/types\/post"}],"author":[{"embeddable":true,"href":"https:\/\/dlvradio.es\/en\/wp-json\/wp\/v2\/users\/4"}],"replies":[{"embeddable":true,"href":"https:\/\/dlvradio.es\/en\/wp-json\/wp\/v2\/comments?post=70657"}],"version-history":[{"count":0,"href":"https:\/\/dlvradio.es\/en\/wp-json\/wp\/v2\/posts\/70657\/revisions"}],"wp:featuredmedia":[{"embeddable":true,"href":"https:\/\/dlvradio.es\/en\/wp-json\/wp\/v2\/media\/70338"}],"wp:attachment":[{"href":"https:\/\/dlvradio.es\/en\/wp-json\/wp\/v2\/media?parent=70657"}],"wp:term":[{"taxonomy":"category","embeddable":true,"href":"https:\/\/dlvradio.es\/en\/wp-json\/wp\/v2\/categories?post=70657"},{"taxonomy":"post_tag","embeddable":true,"href":"https:\/\/dlvradio.es\/en\/wp-json\/wp\/v2\/tags?post=70657"}],"curies":[{"name":"wp","href":"https:\/\/api.w.org\/{rel}","templated":true}]}}