{"id":70659,"date":"2021-07-06T18:04:51","date_gmt":"2021-07-06T16:04:51","guid":{"rendered":"https:\/\/dlvradio.es\/ultimatum-a-los-gobiernos-para-la-salida-del-tratado-de-la-carta-de-la-energia-no-mas-tarde-de-la-cop26\/"},"modified":"2021-07-06T18:04:51","modified_gmt":"2021-07-06T16:04:51","slug":"ultimatum-a-los-gobiernos-para-la-salida-del-tratado-de-la-carta-de-la-energia-no-mas-tarde-de-la-cop26","status":"publish","type":"post","link":"https:\/\/dlvradio.es\/en\/ultimatum-a-los-gobiernos-para-la-salida-del-tratado-de-la-carta-de-la-energia-no-mas-tarde-de-la-cop26\/","title":{"rendered":"Ultim\u00e1tum a los gobiernos para la salida del Tratado de la Carta de la Energ\u00eda no m\u00e1s tarde de la COP26"},"content":{"rendered":"<h6><img decoding=\"async\" class=\"alignleft wp-image-7237 size-thumbnail\" src=\"https:\/\/dlvradio.es\/copia\/wp-content\/uploads\/2021\/07\/Medio-ambiente-150x150.jpg\" alt=\"\" width=\"150\" height=\"150\" \/>Ultim\u00e1tum a los gobiernos para la salida del Tratado de la Carta de la Energ\u00eda no m\u00e1s tarde de la COP26<\/h6>\n<ul>\n<li>M\u00e1s de 400 organizaciones lanzan un ultim\u00e1tum a los gobiernos europeos para que declaren la salida del Tratado de la Carta de la Energ\u00eda (TCE) no m\u00e1s tarde de la COP26.<\/li>\n<li>En el Estado espa\u00f1ol, 102 colectivos han apoyado la declaraci\u00f3n, entre ellos las cinco grandes organizaciones ecologistas y plataformas clim\u00e1ticas como Rebeli\u00f3n por el Clima.<\/li>\n<li>El mismo d\u00eda que comienza la sexta ronda de modernizaci\u00f3n del TCE, una filtraci\u00f3n de la Comisi\u00f3n Europea revela que las propuestas de la UE para reformar el Tratado han sido rechazadas y que el proceso de negociaci\u00f3n est\u00e1 abocado al fracaso.<\/li>\n<\/ul>\n<p>Una coalici\u00f3n de m\u00e1s de 400 organizaciones en toda Europa, entre ellas Ecologistas en Acci\u00f3n lanzan una declaraci\u00f3n conjunta para exigir a todos los gobiernos europeos que anuncien la salida del Tratado de la Carta de la Energ\u00eda (TCE) no m\u00e1s tarde de la Conferencia de las Naciones Unidas sobre el Cambio Clim\u00e1tico de 2021 (COP26), que se celebra en Glasgow el pr\u00f3ximo mes de noviembre.<\/p>\n<p>En el Estado espa\u00f1ol la declaraci\u00f3n ha sido apoyada por 102 colectivos, entre los que se encuentran las cinco grandes organizaciones ecologistas (Amigos de la Tierra, Ecologistas en Acci\u00f3n, Greenpeace, SEO\/BirdLife y WWF), adem\u00e1s de plataformas de desobediencia civil frente a la emergencia clim\u00e1tica, como Rebeli\u00f3n por el Clima.<\/p>\n<p>El lanzamiento de la declaraci\u00f3n coincide con el inicio de la sexta ronda de negociaciones para modernizar el TCE, un proceso est\u00e9ril que, tal y como ha revelado una filtraci\u00f3n de dos documentos oficiales de la Comisi\u00f3n Europea (CE), no aspira a dar lugar a resultados reales para alinear el Tratado con los objetivos del Acuerdo de Par\u00eds.<\/p>\n<p>Los informes de la \u00faltima ronda de negociaciones celebrada el pasado mes de junio se\u00f1alan que, la propuesta de la CE para eliminar la protecci\u00f3n de las inversiones en combustibles f\u00f3siles de forma gradual no ha sido respaldada por ninguna otra parte y ha recibido el rechazo absoluto de Kazajist\u00e1n. Un hecho decisivo ya que para introducir cambios sustanciales al Tratado se necesita la unanimidad de todos los pa\u00edses signatarios.<\/p>\n<p>Este escenario sugiere que la Comisi\u00f3n podr\u00eda dar nuevas concesiones en el proceso de modernizaci\u00f3n, debilitando a\u00fan m\u00e1s su posici\u00f3n, que ya ha sido calificada como \u201cinsuficiente\u201d. A pesar de ser la parte m\u00e1s ambiciosa en las negociaciones, la CE apuesta por: (1) continuar protegiendo las inversiones existentes en combustibles f\u00f3siles durante diez a\u00f1os m\u00e1s, (2) proteger las nuevas inversiones en proyectos relacionados con el gas hasta 2030 e incluso hasta 2040 en algunas ocasiones, y (3) expandir la protecci\u00f3n del Tratado a otras energ\u00edas controvertidas como el hidr\u00f3geno o la biomasa.<\/p>\n<p>Ante esta situaci\u00f3n, y cuatro meses antes de que las y los l\u00edderes pol\u00edticos de todo el mundo se re\u00fanan en Glasgow para avanzar en el desarrollo de medidas m\u00e1s ambiciosas frente a la emergencia clim\u00e1tica, la sociedad civil exige coherencia de pol\u00edticas: hay que salir del TCE no m\u00e1s tarde de la COP26. \u201cSolo as\u00ed podremos salvaguardar las pol\u00edticas clim\u00e1ticas y el futuro del planeta\u201d, apuntan desde Ecologistas en Acci\u00f3n y la campa\u00f1a No a los Tratados de Comercio e Inversi\u00f3n.<\/p>\n<p>Mientras la comunidad cient\u00edfica ha alertado de que el 80% de las reservas conocidas de combustibles f\u00f3siles (petr\u00f3leo, carb\u00f3n y gas) deben permanecer bajo el suelo para contener el aumento de la temperatura global en 1,5\u00baC, a d\u00eda de hoy solo en Europa la infraestructura f\u00f3sil protegida por el TCE es de 344.600 millones de euros. Y, tal y como advierten en el comunicado, \u201ccualquier intento por cambiar las pol\u00edticas o las subvenciones p\u00fablicas en el sector energ\u00e9tico puede dar lugar a demandas millonarias o incluso multimillonarias que se pagan con el dinero de las arcas p\u00fablicas\u201d. Es lo que ha pasado en los Pa\u00edses Bajos, que en menos de tres meses se enfrenta a dos demandas de 1.400 y 1.000 millones de euros por una ley para eliminar el carb\u00f3n en 2030.<\/p>\n<p>Pa\u00edses como Espa\u00f1a y Francia ya han mandado un mensaje tajante a la Comisi\u00f3n Europea, \u201csi la modernizaci\u00f3n fracasa, la \u00fanica v\u00eda ser\u00e1 la salida del TCE\u201d. La diputada francesa Marjolaine Meynier-Millefert (LREM) y el diputado espa\u00f1ol Germ\u00e1n Renau Mart\u00ednez (PSOE) tambi\u00e9n se han hecho eco y han pedido una salida del TCE coordinada a nivel europeo, o de lo contrario, entre varios pa\u00edses.<\/p>\n<p>M\u00e1s de 500 miembros de la comunidad cient\u00edfica \u2013entre ellos Jean-Pascal van Ypersele, vicepresidente del IPCC\u2013 y m\u00e1s de 1 mill\u00f3n de personas en toda Europa tambi\u00e9n han pedido a los gobiernos que pongan fin a la protecci\u00f3n de los combustibles f\u00f3siles y abandonen el TCE.<\/p>\n<a href=\"https:\/\/dlvradio.es\/copia\/wp-content\/uploads\/2021\/07\/declaracion-salida-TCE.pdf\" class=\"pdfemb-viewer\" style=\"\" data-width=\"max\" data-height=\"max\" data-toolbar=\"bottom\" data-toolbar-fixed=\"off\">declaracion-salida-TCE<\/a>","protected":false},"excerpt":{"rendered":"<p>Ultim\u00e1tum a los gobiernos para la salida del Tratado de la Carta de la Energ\u00eda no m\u00e1s tarde de la COP26 M\u00e1s de 400 organizaciones lanzan un ultim\u00e1tum a los gobiernos europeos para que declaren la salida del Tratado de la Carta de la Energ\u00eda (TCE) no m\u00e1s tarde de la COP26. En el Estado [&hellip;]<\/p>\n","protected":false},"author":4,"featured_media":70660,"comment_status":"open","ping_status":"open","sticky":false,"template":"","format":"standard","meta":{"_acf_changed":false,"footnotes":""},"categories":[2465],"tags":[2478,2466],"class_list":["post-70659","post","type-post","status-publish","format-standard","has-post-thumbnail","hentry","category-informativos","tag-ecologia","tag-espana"],"acf":[],"yoast_head":"<!-- This site is optimized with the Yoast SEO plugin v27.4 - https:\/\/yoast.com\/product\/yoast-seo-wordpress\/ -->\n<title>Ultim\u00e1tum a los gobiernos para la salida del Tratado de la Carta de la Energ\u00eda no m\u00e1s tarde de la COP26 - DLVRADIO<\/title>\n<meta name=\"description\" content=\"Ultim\u00e1tum a los gobiernos para la salida del Tratado de la Carta de la Energ\u00eda no m\u00e1s tarde de la COP26 M\u00e1s de 400 organizaciones lanzan un ultim\u00e1tum a\" \/>\n<meta name=\"robots\" content=\"index, follow, max-snippet:-1, max-image-preview:large, max-video-preview:-1\" \/>\n<link rel=\"canonical\" href=\"https:\/\/dlvradio.es\/en\/ultimatum-a-los-gobiernos-para-la-salida-del-tratado-de-la-carta-de-la-energia-no-mas-tarde-de-la-cop26\/\" \/>\n<meta property=\"og:locale\" content=\"en_US\" \/>\n<meta property=\"og:type\" content=\"article\" \/>\n<meta property=\"og:title\" content=\"Ultim\u00e1tum a los gobiernos para la salida del Tratado de la Carta de la Energ\u00eda no m\u00e1s tarde de la COP26 - DLVRADIO\" \/>\n<meta property=\"og:description\" content=\"Ultim\u00e1tum a los gobiernos para la salida del Tratado de la Carta de la Energ\u00eda no m\u00e1s tarde de la COP26 M\u00e1s de 400 organizaciones lanzan un ultim\u00e1tum a\" \/>\n<meta property=\"og:url\" content=\"https:\/\/dlvradio.es\/en\/ultimatum-a-los-gobiernos-para-la-salida-del-tratado-de-la-carta-de-la-energia-no-mas-tarde-de-la-cop26\/\" \/>\n<meta property=\"og:site_name\" content=\"DLVRADIO\" \/>\n<meta property=\"article:publisher\" content=\"https:\/\/www.facebook.com\/RadioDLVradio\/\" \/>\n<meta property=\"article:published_time\" content=\"2021-07-06T16:04:51+00:00\" \/>\n<meta property=\"og:image\" content=\"https:\/\/dlvradio.es\/wp-content\/uploads\/2021\/07\/Medio-ambiente.jpg\" \/>\n\t<meta property=\"og:image:width\" content=\"1511\" \/>\n\t<meta property=\"og:image:height\" content=\"1511\" \/>\n\t<meta property=\"og:image:type\" content=\"image\/jpeg\" \/>\n<meta name=\"author\" content=\"DLV RADIO\" \/>\n<meta name=\"twitter:card\" content=\"summary_large_image\" \/>\n<meta name=\"twitter:creator\" content=\"@RadioDlvradio\" \/>\n<meta name=\"twitter:site\" content=\"@RadioDlvradio\" \/>\n<script type=\"application\/ld+json\" class=\"yoast-schema-graph\">{\"@context\":\"https:\\\/\\\/schema.org\",\"@graph\":[{\"@type\":\"Article\",\"@id\":\"https:\\\/\\\/dlvradio.es\\\/ultimatum-a-los-gobiernos-para-la-salida-del-tratado-de-la-carta-de-la-energia-no-mas-tarde-de-la-cop26\\\/#article\",\"isPartOf\":{\"@id\":\"https:\\\/\\\/dlvradio.es\\\/ultimatum-a-los-gobiernos-para-la-salida-del-tratado-de-la-carta-de-la-energia-no-mas-tarde-de-la-cop26\\\/\"},\"author\":{\"name\":\"DLV RADIO\",\"@id\":\"https:\\\/\\\/dlvradio.es\\\/#\\\/schema\\\/person\\\/7d533f9f89b13e3a3f2ba7f67d6412de\"},\"headline\":\"Ultim\u00e1tum a los gobiernos para la salida del Tratado de la Carta de la Energ\u00eda no m\u00e1s tarde de la COP26\",\"datePublished\":\"2021-07-06T16:04:51+00:00\",\"mainEntityOfPage\":{\"@id\":\"https:\\\/\\\/dlvradio.es\\\/ultimatum-a-los-gobiernos-para-la-salida-del-tratado-de-la-carta-de-la-energia-no-mas-tarde-de-la-cop26\\\/\"},\"wordCount\":892,\"commentCount\":0,\"publisher\":{\"@id\":\"https:\\\/\\\/dlvradio.es\\\/#organization\"},\"image\":{\"@id\":\"https:\\\/\\\/dlvradio.es\\\/ultimatum-a-los-gobiernos-para-la-salida-del-tratado-de-la-carta-de-la-energia-no-mas-tarde-de-la-cop26\\\/#primaryimage\"},\"thumbnailUrl\":\"https:\\\/\\\/dlvradio.es\\\/wp-content\\\/uploads\\\/2021\\\/07\\\/Medio-ambiente.jpg\",\"keywords\":[\"ecolog\u00eda\",\"Espa\u00f1a\"],\"articleSection\":[\"Informativos\"],\"inLanguage\":\"en-US\"},{\"@type\":\"WebPage\",\"@id\":\"https:\\\/\\\/dlvradio.es\\\/ultimatum-a-los-gobiernos-para-la-salida-del-tratado-de-la-carta-de-la-energia-no-mas-tarde-de-la-cop26\\\/\",\"url\":\"https:\\\/\\\/dlvradio.es\\\/ultimatum-a-los-gobiernos-para-la-salida-del-tratado-de-la-carta-de-la-energia-no-mas-tarde-de-la-cop26\\\/\",\"name\":\"Ultim\u00e1tum a los gobiernos para la salida del Tratado de la Carta de la Energ\u00eda no m\u00e1s tarde de la COP26 - DLVRADIO\",\"isPartOf\":{\"@id\":\"https:\\\/\\\/dlvradio.es\\\/#website\"},\"primaryImageOfPage\":{\"@id\":\"https:\\\/\\\/dlvradio.es\\\/ultimatum-a-los-gobiernos-para-la-salida-del-tratado-de-la-carta-de-la-energia-no-mas-tarde-de-la-cop26\\\/#primaryimage\"},\"image\":{\"@id\":\"https:\\\/\\\/dlvradio.es\\\/ultimatum-a-los-gobiernos-para-la-salida-del-tratado-de-la-carta-de-la-energia-no-mas-tarde-de-la-cop26\\\/#primaryimage\"},\"thumbnailUrl\":\"https:\\\/\\\/dlvradio.es\\\/wp-content\\\/uploads\\\/2021\\\/07\\\/Medio-ambiente.jpg\",\"datePublished\":\"2021-07-06T16:04:51+00:00\",\"description\":\"Ultim\u00e1tum a los gobiernos para la salida del Tratado de la Carta de la Energ\u00eda no m\u00e1s tarde de la COP26 M\u00e1s de 400 organizaciones lanzan un ultim\u00e1tum a\",\"breadcrumb\":{\"@id\":\"https:\\\/\\\/dlvradio.es\\\/ultimatum-a-los-gobiernos-para-la-salida-del-tratado-de-la-carta-de-la-energia-no-mas-tarde-de-la-cop26\\\/#breadcrumb\"},\"inLanguage\":\"en-US\",\"potentialAction\":[{\"@type\":\"ReadAction\",\"target\":[\"https:\\\/\\\/dlvradio.es\\\/ultimatum-a-los-gobiernos-para-la-salida-del-tratado-de-la-carta-de-la-energia-no-mas-tarde-de-la-cop26\\\/\"]}]},{\"@type\":\"ImageObject\",\"inLanguage\":\"en-US\",\"@id\":\"https:\\\/\\\/dlvradio.es\\\/ultimatum-a-los-gobiernos-para-la-salida-del-tratado-de-la-carta-de-la-energia-no-mas-tarde-de-la-cop26\\\/#primaryimage\",\"url\":\"https:\\\/\\\/dlvradio.es\\\/wp-content\\\/uploads\\\/2021\\\/07\\\/Medio-ambiente.jpg\",\"contentUrl\":\"https:\\\/\\\/dlvradio.es\\\/wp-content\\\/uploads\\\/2021\\\/07\\\/Medio-ambiente.jpg\",\"width\":1511,\"height\":1511,\"caption\":\"Medio ambiente\"},{\"@type\":\"BreadcrumbList\",\"@id\":\"https:\\\/\\\/dlvradio.es\\\/ultimatum-a-los-gobiernos-para-la-salida-del-tratado-de-la-carta-de-la-energia-no-mas-tarde-de-la-cop26\\\/#breadcrumb\",\"itemListElement\":[{\"@type\":\"ListItem\",\"position\":1,\"name\":\"Inicio\",\"item\":\"https:\\\/\\\/dlvradio.es\\\/\"},{\"@type\":\"ListItem\",\"position\":2,\"name\":\"Ultim\u00e1tum a los gobiernos para la salida del Tratado de la Carta de la Energ\u00eda no m\u00e1s tarde de la COP26\"}]},{\"@type\":\"WebSite\",\"@id\":\"https:\\\/\\\/dlvradio.es\\\/#website\",\"url\":\"https:\\\/\\\/dlvradio.es\\\/\",\"name\":\"DLVRADIO\",\"description\":\"Somos un medio de comunicaci\u00f3n alternativo a los medios tradicionales\",\"publisher\":{\"@id\":\"https:\\\/\\\/dlvradio.es\\\/#organization\"},\"potentialAction\":[{\"@type\":\"SearchAction\",\"target\":{\"@type\":\"EntryPoint\",\"urlTemplate\":\"https:\\\/\\\/dlvradio.es\\\/?s={search_term_string}\"},\"query-input\":{\"@type\":\"PropertyValueSpecification\",\"valueRequired\":true,\"valueName\":\"search_term_string\"}}],\"inLanguage\":\"en-US\"},{\"@type\":\"Organization\",\"@id\":\"https:\\\/\\\/dlvradio.es\\\/#organization\",\"name\":\"DLVRADIO\",\"url\":\"https:\\\/\\\/dlvradio.es\\\/\",\"logo\":{\"@type\":\"ImageObject\",\"inLanguage\":\"en-US\",\"@id\":\"https:\\\/\\\/dlvradio.es\\\/#\\\/schema\\\/logo\\\/image\\\/\",\"url\":\"\",\"contentUrl\":\"\",\"caption\":\"DLVRADIO\"},\"image\":{\"@id\":\"https:\\\/\\\/dlvradio.es\\\/#\\\/schema\\\/logo\\\/image\\\/\"},\"sameAs\":[\"https:\\\/\\\/www.facebook.com\\\/RadioDLVradio\\\/\",\"https:\\\/\\\/x.com\\\/RadioDlvradio\",\"https:\\\/\\\/www.instagram.com\\\/radiodlvradio\\\/\"]},{\"@type\":\"Person\",\"@id\":\"https:\\\/\\\/dlvradio.es\\\/#\\\/schema\\\/person\\\/7d533f9f89b13e3a3f2ba7f67d6412de\",\"name\":\"DLV RADIO\",\"sameAs\":[\"https:\\\/\\\/dlvradio.es\"]}]}<\/script>\n<!-- \/ Yoast SEO plugin. -->","yoast_head_json":{"title":"Ultim\u00e1tum a los gobiernos para la salida del Tratado de la Carta de la Energ\u00eda no m\u00e1s tarde de la COP26 - DLVRADIO","description":"Ultim\u00e1tum a los gobiernos para la salida del Tratado de la Carta de la Energ\u00eda no m\u00e1s tarde de la COP26 M\u00e1s de 400 organizaciones lanzan un ultim\u00e1tum a","robots":{"index":"index","follow":"follow","max-snippet":"max-snippet:-1","max-image-preview":"max-image-preview:large","max-video-preview":"max-video-preview:-1"},"canonical":"https:\/\/dlvradio.es\/en\/ultimatum-a-los-gobiernos-para-la-salida-del-tratado-de-la-carta-de-la-energia-no-mas-tarde-de-la-cop26\/","og_locale":"en_US","og_type":"article","og_title":"Ultim\u00e1tum a los gobiernos para la salida del Tratado de la Carta de la Energ\u00eda no m\u00e1s tarde de la COP26 - DLVRADIO","og_description":"Ultim\u00e1tum a los gobiernos para la salida del Tratado de la Carta de la Energ\u00eda no m\u00e1s tarde de la COP26 M\u00e1s de 400 organizaciones lanzan un ultim\u00e1tum a","og_url":"https:\/\/dlvradio.es\/en\/ultimatum-a-los-gobiernos-para-la-salida-del-tratado-de-la-carta-de-la-energia-no-mas-tarde-de-la-cop26\/","og_site_name":"DLVRADIO","article_publisher":"https:\/\/www.facebook.com\/RadioDLVradio\/","article_published_time":"2021-07-06T16:04:51+00:00","og_image":[{"width":1511,"height":1511,"url":"https:\/\/dlvradio.es\/wp-content\/uploads\/2021\/07\/Medio-ambiente.jpg","type":"image\/jpeg"}],"author":"DLV RADIO","twitter_card":"summary_large_image","twitter_creator":"@RadioDlvradio","twitter_site":"@RadioDlvradio","schema":{"@context":"https:\/\/schema.org","@graph":[{"@type":"Article","@id":"https:\/\/dlvradio.es\/ultimatum-a-los-gobiernos-para-la-salida-del-tratado-de-la-carta-de-la-energia-no-mas-tarde-de-la-cop26\/#article","isPartOf":{"@id":"https:\/\/dlvradio.es\/ultimatum-a-los-gobiernos-para-la-salida-del-tratado-de-la-carta-de-la-energia-no-mas-tarde-de-la-cop26\/"},"author":{"name":"DLV RADIO","@id":"https:\/\/dlvradio.es\/#\/schema\/person\/7d533f9f89b13e3a3f2ba7f67d6412de"},"headline":"Ultim\u00e1tum a los gobiernos para la salida del Tratado de la Carta de la Energ\u00eda no m\u00e1s tarde de la COP26","datePublished":"2021-07-06T16:04:51+00:00","mainEntityOfPage":{"@id":"https:\/\/dlvradio.es\/ultimatum-a-los-gobiernos-para-la-salida-del-tratado-de-la-carta-de-la-energia-no-mas-tarde-de-la-cop26\/"},"wordCount":892,"commentCount":0,"publisher":{"@id":"https:\/\/dlvradio.es\/#organization"},"image":{"@id":"https:\/\/dlvradio.es\/ultimatum-a-los-gobiernos-para-la-salida-del-tratado-de-la-carta-de-la-energia-no-mas-tarde-de-la-cop26\/#primaryimage"},"thumbnailUrl":"https:\/\/dlvradio.es\/wp-content\/uploads\/2021\/07\/Medio-ambiente.jpg","keywords":["ecolog\u00eda","Espa\u00f1a"],"articleSection":["Informativos"],"inLanguage":"en-US"},{"@type":"WebPage","@id":"https:\/\/dlvradio.es\/ultimatum-a-los-gobiernos-para-la-salida-del-tratado-de-la-carta-de-la-energia-no-mas-tarde-de-la-cop26\/","url":"https:\/\/dlvradio.es\/ultimatum-a-los-gobiernos-para-la-salida-del-tratado-de-la-carta-de-la-energia-no-mas-tarde-de-la-cop26\/","name":"Ultim\u00e1tum a los gobiernos para la salida del Tratado de la Carta de la Energ\u00eda no m\u00e1s tarde de la COP26 - DLVRADIO","isPartOf":{"@id":"https:\/\/dlvradio.es\/#website"},"primaryImageOfPage":{"@id":"https:\/\/dlvradio.es\/ultimatum-a-los-gobiernos-para-la-salida-del-tratado-de-la-carta-de-la-energia-no-mas-tarde-de-la-cop26\/#primaryimage"},"image":{"@id":"https:\/\/dlvradio.es\/ultimatum-a-los-gobiernos-para-la-salida-del-tratado-de-la-carta-de-la-energia-no-mas-tarde-de-la-cop26\/#primaryimage"},"thumbnailUrl":"https:\/\/dlvradio.es\/wp-content\/uploads\/2021\/07\/Medio-ambiente.jpg","datePublished":"2021-07-06T16:04:51+00:00","description":"Ultim\u00e1tum a los gobiernos para la salida del Tratado de la Carta de la Energ\u00eda no m\u00e1s tarde de la COP26 M\u00e1s de 400 organizaciones lanzan un ultim\u00e1tum a","breadcrumb":{"@id":"https:\/\/dlvradio.es\/ultimatum-a-los-gobiernos-para-la-salida-del-tratado-de-la-carta-de-la-energia-no-mas-tarde-de-la-cop26\/#breadcrumb"},"inLanguage":"en-US","potentialAction":[{"@type":"ReadAction","target":["https:\/\/dlvradio.es\/ultimatum-a-los-gobiernos-para-la-salida-del-tratado-de-la-carta-de-la-energia-no-mas-tarde-de-la-cop26\/"]}]},{"@type":"ImageObject","inLanguage":"en-US","@id":"https:\/\/dlvradio.es\/ultimatum-a-los-gobiernos-para-la-salida-del-tratado-de-la-carta-de-la-energia-no-mas-tarde-de-la-cop26\/#primaryimage","url":"https:\/\/dlvradio.es\/wp-content\/uploads\/2021\/07\/Medio-ambiente.jpg","contentUrl":"https:\/\/dlvradio.es\/wp-content\/uploads\/2021\/07\/Medio-ambiente.jpg","width":1511,"height":1511,"caption":"Medio ambiente"},{"@type":"BreadcrumbList","@id":"https:\/\/dlvradio.es\/ultimatum-a-los-gobiernos-para-la-salida-del-tratado-de-la-carta-de-la-energia-no-mas-tarde-de-la-cop26\/#breadcrumb","itemListElement":[{"@type":"ListItem","position":1,"name":"Inicio","item":"https:\/\/dlvradio.es\/"},{"@type":"ListItem","position":2,"name":"Ultim\u00e1tum a los gobiernos para la salida del Tratado de la Carta de la Energ\u00eda no m\u00e1s tarde de la COP26"}]},{"@type":"WebSite","@id":"https:\/\/dlvradio.es\/#website","url":"https:\/\/dlvradio.es\/","name":"DLVRADIO","description":"We are an alternative media to traditional media","publisher":{"@id":"https:\/\/dlvradio.es\/#organization"},"potentialAction":[{"@type":"SearchAction","target":{"@type":"EntryPoint","urlTemplate":"https:\/\/dlvradio.es\/?s={search_term_string}"},"query-input":{"@type":"PropertyValueSpecification","valueRequired":true,"valueName":"search_term_string"}}],"inLanguage":"en-US"},{"@type":"Organization","@id":"https:\/\/dlvradio.es\/#organization","name":"DLVRADIO","url":"https:\/\/dlvradio.es\/","logo":{"@type":"ImageObject","inLanguage":"en-US","@id":"https:\/\/dlvradio.es\/#\/schema\/logo\/image\/","url":"","contentUrl":"","caption":"DLVRADIO"},"image":{"@id":"https:\/\/dlvradio.es\/#\/schema\/logo\/image\/"},"sameAs":["https:\/\/www.facebook.com\/RadioDLVradio\/","https:\/\/x.com\/RadioDlvradio","https:\/\/www.instagram.com\/radiodlvradio\/"]},{"@type":"Person","@id":"https:\/\/dlvradio.es\/#\/schema\/person\/7d533f9f89b13e3a3f2ba7f67d6412de","name":"DLV RADIO","sameAs":["https:\/\/dlvradio.es"]}]}},"_links":{"self":[{"href":"https:\/\/dlvradio.es\/en\/wp-json\/wp\/v2\/posts\/70659","targetHints":{"allow":["GET"]}}],"collection":[{"href":"https:\/\/dlvradio.es\/en\/wp-json\/wp\/v2\/posts"}],"about":[{"href":"https:\/\/dlvradio.es\/en\/wp-json\/wp\/v2\/types\/post"}],"author":[{"embeddable":true,"href":"https:\/\/dlvradio.es\/en\/wp-json\/wp\/v2\/users\/4"}],"replies":[{"embeddable":true,"href":"https:\/\/dlvradio.es\/en\/wp-json\/wp\/v2\/comments?post=70659"}],"version-history":[{"count":0,"href":"https:\/\/dlvradio.es\/en\/wp-json\/wp\/v2\/posts\/70659\/revisions"}],"wp:featuredmedia":[{"embeddable":true,"href":"https:\/\/dlvradio.es\/en\/wp-json\/wp\/v2\/media\/70660"}],"wp:attachment":[{"href":"https:\/\/dlvradio.es\/en\/wp-json\/wp\/v2\/media?parent=70659"}],"wp:term":[{"taxonomy":"category","embeddable":true,"href":"https:\/\/dlvradio.es\/en\/wp-json\/wp\/v2\/categories?post=70659"},{"taxonomy":"post_tag","embeddable":true,"href":"https:\/\/dlvradio.es\/en\/wp-json\/wp\/v2\/tags?post=70659"}],"curies":[{"name":"wp","href":"https:\/\/api.w.org\/{rel}","templated":true}]}}