{"id":70670,"date":"2021-07-12T19:54:53","date_gmt":"2021-07-12T17:54:53","guid":{"rendered":"https:\/\/dlvradio.es\/cierre-definitivo-del-proyecto-de-la-mina-de-uranio-en-retortillo-salamanca\/"},"modified":"2021-07-12T19:54:53","modified_gmt":"2021-07-12T17:54:53","slug":"cierre-definitivo-del-proyecto-de-la-mina-de-uranio-en-retortillo-salamanca","status":"publish","type":"post","link":"https:\/\/dlvradio.es\/en\/cierre-definitivo-del-proyecto-de-la-mina-de-uranio-en-retortillo-salamanca\/","title":{"rendered":"Cierre definitivo del proyecto de la mina de uranio en Retortillo (Salamanca)"},"content":{"rendered":"<h6><img decoding=\"async\" class=\"alignleft wp-image-7268 size-thumbnail\" src=\"https:\/\/dlvradio.es\/copia\/wp-content\/uploads\/2021\/07\/Cierre-definitivo-del-proyecto-de-la-mina-de-uranio-en-Retortillo-Salamanca-150x150.jpg\" alt=\"\" width=\"150\" height=\"150\" \/>Ecologistas en Acci\u00f3n, Greenpeace y el Movimiento Ib\u00e9rico Antinuclear celebran el cierre definitivo del proyecto de la mina de uranio en Retortillo (Salamanca)<\/h6>\n<ul>\n<li>Este anuncio supone el fin de la miner\u00eda de uranio en Espa\u00f1a.<\/li>\n<li>El CSN ha dado un gran paso al priorizar el medio ambiente y las personas sobre proyectos especulativos y que aumentan la contaminaci\u00f3n radiactiva.<\/li>\n<li>Las organizaciones reclaman que, a trav\u00e9s de los fondos europeos, se impulse una transici\u00f3n ecol\u00f3gica y una recuperaci\u00f3n econ\u00f3mica que respete el medio ambiente en Salamanca.<\/li>\n<\/ul>\n<p>Ecologistas en Acci\u00f3n, Greenpeace y el Movimiento Ib\u00e9rico Antinuclear celebran que el Consejo de Seguridad Nuclear (CSN) haya denegado la autorizaci\u00f3n de construcci\u00f3n de la planta de fabricaci\u00f3n de concentrados de uranio en Retortillo (Salamanca), por la escasa fiabilidad y las grandes incertidumbres de los an\u00e1lisis de seguridad de la instalaci\u00f3n radiactiva en los aspectos geot\u00e9cnicos e hidrogeol\u00f3gicos as\u00ed como las numerosas deficiencias a lo largo de la evaluaci\u00f3n. Esta decisi\u00f3n supone el fin del proyecto minero de la empresa Berkeley Minera Espa\u00f1a, SL (BME) en Salamanca y, con ello, el fin de la miner\u00eda de uranio en Espa\u00f1a.<\/p>\n<p>\u201cEl fin de la miner\u00eda de uranio en Espa\u00f1a significa el fin de una industria que destruye el territorio, su cultura y su econom\u00eda, que incrementa la contaminaci\u00f3n radiactiva y que es insostenible en la transici\u00f3n ecol\u00f3gica que necesariamente debemos acelerar. Felicitamos especialmente al CSN por desechar el proyecto de una compa\u00f1\u00eda como Berkeley cuyo negocio es mayoritariamente especulativo, que ha tratado de coaccionar al organismo regulador y que ha mostrado d\u00e9ficits t\u00e9cnicos sistem\u00e1ticamente en su proyecto\u201d, ha declarado Raquel Mont\u00f3n en representaci\u00f3n de Greenpeace.<\/p>\n<p>El proyecto, que comenz\u00f3 en 2013, inclu\u00eda una mina de uranio de Retortillo-Santidad, una planta de concentrados de uranio y un almac\u00e9n de residuos radiactivos. La planta de concentrados es una instalaci\u00f3n radiactiva y est\u00e1 sujeta a varias autorizaciones que debe otorgar el Ministerio para la Transici\u00f3n Ecol\u00f3gica y Reto Demogr\u00e1fico (MITERD), previo informe del CSN. Dichas autorizaciones son preceptivas en el caso de la selecci\u00f3n del emplazamiento, la construcci\u00f3n de la planta, la entrada en funcionamiento de la misma, su desmantelamiento y clausura. En este caso, el CSN ha emitido su informe desfavorable y preceptivo, respecto a la construcci\u00f3n de la planta, tras estar estudi\u00e1ndolo desde el 7 de septiembre de 2016 y haber requerido informaci\u00f3n y documentaci\u00f3n adicional a Berkeley desde el 2017 hasta el 2020.<\/p>\n<p>La sociedad civil, articulada a trav\u00e9s de la Plataforma Stop Uranio que se constituy\u00f3 en 2013, ha sido fundamental para visibilizar y reclamar la protecci\u00f3n del medio ambiente y de las personas. Junto a ellas han estado organizaciones ecologistas como Greenpeace o Ecologistas en Acci\u00f3n para plantear demandas y propuestas como la que finalmente se incluy\u00f3 en la Ley de Cambio Clim\u00e1tico y Transici\u00f3n Energ\u00e9tica \u2013en vigor desde el pasado 20 de mayo\u2013 que, en su art\u00edculo 8, proh\u00edbe expresamente las actividades de exploraci\u00f3n o explotaci\u00f3n de yacimientos minerales radiactivos como el uranio.<\/p>\n<p>\u201cTras una d\u00e9cada de movilizaciones vemos la luz al final del t\u00fanel, con una decisi\u00f3n fundamentada en criterios t\u00e9cnicos, cuando nos pod\u00edamos haber ahorrado sufrimiento y 2000 encinas centenarias si hubiera habido m\u00e1s determinaci\u00f3n en defender el territorio ante proyectos da\u00f1inos para nuestra tierra\u201d, ha declarado Jose Ram\u00f3n Berrueco, en representaci\u00f3n del Movimiento Ib\u00e9rico Antinuclear y la plataforma Stop Uranio<\/p>\n<p>\u00abDesde un inicio la poblaci\u00f3n de la zona y las organizaciones sociales se\u00f1alamos la inviabilidad y peligrosidad de abrir una mina de uranio en Salamanca. Estos a\u00f1os hemos comprobado continuos errores y opacidades en la tramitaci\u00f3n de este proyecto, una muestra clara de la irresponsabilidad que supon\u00eda su continuidad. Nos alegramos de empezar a ver el final de la pesadilla de la miner\u00eda de uranio en nuestro pa\u00eds\u00bb, se\u00f1ala Cristina Rois en representaci\u00f3n de Ecologistas en Acci\u00f3n.<\/p>","protected":false},"excerpt":{"rendered":"<p>Ecologistas en Acci\u00f3n, Greenpeace y el Movimiento Ib\u00e9rico Antinuclear celebran el cierre definitivo del proyecto de la mina de uranio en Retortillo (Salamanca) Este anuncio supone el fin de la miner\u00eda de uranio en Espa\u00f1a. El CSN ha dado un gran paso al priorizar el medio ambiente y las personas sobre proyectos especulativos y que [&hellip;]<\/p>\n","protected":false},"author":4,"featured_media":70671,"comment_status":"open","ping_status":"open","sticky":false,"template":"","format":"standard","meta":{"_acf_changed":false,"footnotes":""},"categories":[2465],"tags":[2478,2466],"class_list":["post-70670","post","type-post","status-publish","format-standard","has-post-thumbnail","hentry","category-informativos","tag-ecologia","tag-espana"],"acf":[],"yoast_head":"<!-- This site is optimized with the Yoast SEO plugin v27.4 - https:\/\/yoast.com\/product\/yoast-seo-wordpress\/ -->\n<title>Cierre definitivo del proyecto de la mina de uranio en Retortillo (Salamanca) - DLVRADIO<\/title>\n<meta name=\"description\" content=\"Ecologistas en Acci\u00f3n, Greenpeace y el Movimiento Ib\u00e9rico Antinuclear celebran el cierre definitivo del proyecto de la mina de uranio en Retortillo\" \/>\n<meta name=\"robots\" content=\"index, follow, max-snippet:-1, max-image-preview:large, max-video-preview:-1\" \/>\n<link rel=\"canonical\" href=\"https:\/\/dlvradio.es\/en\/cierre-definitivo-del-proyecto-de-la-mina-de-uranio-en-retortillo-salamanca\/\" \/>\n<meta property=\"og:locale\" content=\"en_US\" \/>\n<meta property=\"og:type\" content=\"article\" \/>\n<meta property=\"og:title\" content=\"Cierre definitivo del proyecto de la mina de uranio en Retortillo (Salamanca) - DLVRADIO\" \/>\n<meta property=\"og:description\" content=\"Ecologistas en Acci\u00f3n, Greenpeace y el Movimiento Ib\u00e9rico Antinuclear celebran el cierre definitivo del proyecto de la mina de uranio en Retortillo\" \/>\n<meta property=\"og:url\" content=\"https:\/\/dlvradio.es\/en\/cierre-definitivo-del-proyecto-de-la-mina-de-uranio-en-retortillo-salamanca\/\" \/>\n<meta property=\"og:site_name\" content=\"DLVRADIO\" \/>\n<meta property=\"article:publisher\" content=\"https:\/\/www.facebook.com\/RadioDLVradio\/\" \/>\n<meta property=\"article:published_time\" content=\"2021-07-12T17:54:53+00:00\" \/>\n<meta property=\"og:image\" content=\"https:\/\/dlvradio.es\/wp-content\/uploads\/2021\/07\/Cierre-definitivo-del-proyecto-de-la-mina-de-uranio-en-Retortillo-Salamanca.jpg\" \/>\n\t<meta property=\"og:image:width\" content=\"1511\" \/>\n\t<meta property=\"og:image:height\" content=\"1511\" \/>\n\t<meta property=\"og:image:type\" content=\"image\/jpeg\" \/>\n<meta name=\"author\" content=\"DLV RADIO\" \/>\n<meta name=\"twitter:card\" content=\"summary_large_image\" \/>\n<meta name=\"twitter:creator\" content=\"@RadioDlvradio\" \/>\n<meta name=\"twitter:site\" content=\"@RadioDlvradio\" \/>\n<script type=\"application\/ld+json\" class=\"yoast-schema-graph\">{\"@context\":\"https:\\\/\\\/schema.org\",\"@graph\":[{\"@type\":\"Article\",\"@id\":\"https:\\\/\\\/dlvradio.es\\\/cierre-definitivo-del-proyecto-de-la-mina-de-uranio-en-retortillo-salamanca\\\/#article\",\"isPartOf\":{\"@id\":\"https:\\\/\\\/dlvradio.es\\\/cierre-definitivo-del-proyecto-de-la-mina-de-uranio-en-retortillo-salamanca\\\/\"},\"author\":{\"name\":\"DLV RADIO\",\"@id\":\"https:\\\/\\\/dlvradio.es\\\/#\\\/schema\\\/person\\\/7d533f9f89b13e3a3f2ba7f67d6412de\"},\"headline\":\"Cierre definitivo del proyecto de la mina de uranio en Retortillo (Salamanca)\",\"datePublished\":\"2021-07-12T17:54:53+00:00\",\"mainEntityOfPage\":{\"@id\":\"https:\\\/\\\/dlvradio.es\\\/cierre-definitivo-del-proyecto-de-la-mina-de-uranio-en-retortillo-salamanca\\\/\"},\"wordCount\":709,\"commentCount\":0,\"publisher\":{\"@id\":\"https:\\\/\\\/dlvradio.es\\\/#organization\"},\"image\":{\"@id\":\"https:\\\/\\\/dlvradio.es\\\/cierre-definitivo-del-proyecto-de-la-mina-de-uranio-en-retortillo-salamanca\\\/#primaryimage\"},\"thumbnailUrl\":\"https:\\\/\\\/dlvradio.es\\\/wp-content\\\/uploads\\\/2021\\\/07\\\/Cierre-definitivo-del-proyecto-de-la-mina-de-uranio-en-Retortillo-Salamanca.jpg\",\"keywords\":[\"ecolog\u00eda\",\"Espa\u00f1a\"],\"articleSection\":[\"Informativos\"],\"inLanguage\":\"en-US\"},{\"@type\":\"WebPage\",\"@id\":\"https:\\\/\\\/dlvradio.es\\\/cierre-definitivo-del-proyecto-de-la-mina-de-uranio-en-retortillo-salamanca\\\/\",\"url\":\"https:\\\/\\\/dlvradio.es\\\/cierre-definitivo-del-proyecto-de-la-mina-de-uranio-en-retortillo-salamanca\\\/\",\"name\":\"Cierre definitivo del proyecto de la mina de uranio en Retortillo (Salamanca) - DLVRADIO\",\"isPartOf\":{\"@id\":\"https:\\\/\\\/dlvradio.es\\\/#website\"},\"primaryImageOfPage\":{\"@id\":\"https:\\\/\\\/dlvradio.es\\\/cierre-definitivo-del-proyecto-de-la-mina-de-uranio-en-retortillo-salamanca\\\/#primaryimage\"},\"image\":{\"@id\":\"https:\\\/\\\/dlvradio.es\\\/cierre-definitivo-del-proyecto-de-la-mina-de-uranio-en-retortillo-salamanca\\\/#primaryimage\"},\"thumbnailUrl\":\"https:\\\/\\\/dlvradio.es\\\/wp-content\\\/uploads\\\/2021\\\/07\\\/Cierre-definitivo-del-proyecto-de-la-mina-de-uranio-en-Retortillo-Salamanca.jpg\",\"datePublished\":\"2021-07-12T17:54:53+00:00\",\"description\":\"Ecologistas en Acci\u00f3n, Greenpeace y el Movimiento Ib\u00e9rico Antinuclear celebran el cierre definitivo del proyecto de la mina de uranio en Retortillo\",\"breadcrumb\":{\"@id\":\"https:\\\/\\\/dlvradio.es\\\/cierre-definitivo-del-proyecto-de-la-mina-de-uranio-en-retortillo-salamanca\\\/#breadcrumb\"},\"inLanguage\":\"en-US\",\"potentialAction\":[{\"@type\":\"ReadAction\",\"target\":[\"https:\\\/\\\/dlvradio.es\\\/cierre-definitivo-del-proyecto-de-la-mina-de-uranio-en-retortillo-salamanca\\\/\"]}]},{\"@type\":\"ImageObject\",\"inLanguage\":\"en-US\",\"@id\":\"https:\\\/\\\/dlvradio.es\\\/cierre-definitivo-del-proyecto-de-la-mina-de-uranio-en-retortillo-salamanca\\\/#primaryimage\",\"url\":\"https:\\\/\\\/dlvradio.es\\\/wp-content\\\/uploads\\\/2021\\\/07\\\/Cierre-definitivo-del-proyecto-de-la-mina-de-uranio-en-Retortillo-Salamanca.jpg\",\"contentUrl\":\"https:\\\/\\\/dlvradio.es\\\/wp-content\\\/uploads\\\/2021\\\/07\\\/Cierre-definitivo-del-proyecto-de-la-mina-de-uranio-en-Retortillo-Salamanca.jpg\",\"width\":1511,\"height\":1511,\"caption\":\"Cierre definitivo del proyecto de la mina de uranio en Retortillo (Salamanca)\"},{\"@type\":\"BreadcrumbList\",\"@id\":\"https:\\\/\\\/dlvradio.es\\\/cierre-definitivo-del-proyecto-de-la-mina-de-uranio-en-retortillo-salamanca\\\/#breadcrumb\",\"itemListElement\":[{\"@type\":\"ListItem\",\"position\":1,\"name\":\"Inicio\",\"item\":\"https:\\\/\\\/dlvradio.es\\\/\"},{\"@type\":\"ListItem\",\"position\":2,\"name\":\"Cierre definitivo del proyecto de la mina de uranio en Retortillo (Salamanca)\"}]},{\"@type\":\"WebSite\",\"@id\":\"https:\\\/\\\/dlvradio.es\\\/#website\",\"url\":\"https:\\\/\\\/dlvradio.es\\\/\",\"name\":\"DLVRADIO\",\"description\":\"Somos un medio de comunicaci\u00f3n alternativo a los medios tradicionales\",\"publisher\":{\"@id\":\"https:\\\/\\\/dlvradio.es\\\/#organization\"},\"potentialAction\":[{\"@type\":\"SearchAction\",\"target\":{\"@type\":\"EntryPoint\",\"urlTemplate\":\"https:\\\/\\\/dlvradio.es\\\/?s={search_term_string}\"},\"query-input\":{\"@type\":\"PropertyValueSpecification\",\"valueRequired\":true,\"valueName\":\"search_term_string\"}}],\"inLanguage\":\"en-US\"},{\"@type\":\"Organization\",\"@id\":\"https:\\\/\\\/dlvradio.es\\\/#organization\",\"name\":\"DLVRADIO\",\"url\":\"https:\\\/\\\/dlvradio.es\\\/\",\"logo\":{\"@type\":\"ImageObject\",\"inLanguage\":\"en-US\",\"@id\":\"https:\\\/\\\/dlvradio.es\\\/#\\\/schema\\\/logo\\\/image\\\/\",\"url\":\"\",\"contentUrl\":\"\",\"caption\":\"DLVRADIO\"},\"image\":{\"@id\":\"https:\\\/\\\/dlvradio.es\\\/#\\\/schema\\\/logo\\\/image\\\/\"},\"sameAs\":[\"https:\\\/\\\/www.facebook.com\\\/RadioDLVradio\\\/\",\"https:\\\/\\\/x.com\\\/RadioDlvradio\",\"https:\\\/\\\/www.instagram.com\\\/radiodlvradio\\\/\"]},{\"@type\":\"Person\",\"@id\":\"https:\\\/\\\/dlvradio.es\\\/#\\\/schema\\\/person\\\/7d533f9f89b13e3a3f2ba7f67d6412de\",\"name\":\"DLV RADIO\",\"sameAs\":[\"https:\\\/\\\/dlvradio.es\"]}]}<\/script>\n<!-- \/ Yoast SEO plugin. -->","yoast_head_json":{"title":"Cierre definitivo del proyecto de la mina de uranio en Retortillo (Salamanca) - DLVRADIO","description":"Ecologistas en Acci\u00f3n, Greenpeace y el Movimiento Ib\u00e9rico Antinuclear celebran el cierre definitivo del proyecto de la mina de uranio en Retortillo","robots":{"index":"index","follow":"follow","max-snippet":"max-snippet:-1","max-image-preview":"max-image-preview:large","max-video-preview":"max-video-preview:-1"},"canonical":"https:\/\/dlvradio.es\/en\/cierre-definitivo-del-proyecto-de-la-mina-de-uranio-en-retortillo-salamanca\/","og_locale":"en_US","og_type":"article","og_title":"Cierre definitivo del proyecto de la mina de uranio en Retortillo (Salamanca) - DLVRADIO","og_description":"Ecologistas en Acci\u00f3n, Greenpeace y el Movimiento Ib\u00e9rico Antinuclear celebran el cierre definitivo del proyecto de la mina de uranio en Retortillo","og_url":"https:\/\/dlvradio.es\/en\/cierre-definitivo-del-proyecto-de-la-mina-de-uranio-en-retortillo-salamanca\/","og_site_name":"DLVRADIO","article_publisher":"https:\/\/www.facebook.com\/RadioDLVradio\/","article_published_time":"2021-07-12T17:54:53+00:00","og_image":[{"width":1511,"height":1511,"url":"https:\/\/dlvradio.es\/wp-content\/uploads\/2021\/07\/Cierre-definitivo-del-proyecto-de-la-mina-de-uranio-en-Retortillo-Salamanca.jpg","type":"image\/jpeg"}],"author":"DLV RADIO","twitter_card":"summary_large_image","twitter_creator":"@RadioDlvradio","twitter_site":"@RadioDlvradio","schema":{"@context":"https:\/\/schema.org","@graph":[{"@type":"Article","@id":"https:\/\/dlvradio.es\/cierre-definitivo-del-proyecto-de-la-mina-de-uranio-en-retortillo-salamanca\/#article","isPartOf":{"@id":"https:\/\/dlvradio.es\/cierre-definitivo-del-proyecto-de-la-mina-de-uranio-en-retortillo-salamanca\/"},"author":{"name":"DLV RADIO","@id":"https:\/\/dlvradio.es\/#\/schema\/person\/7d533f9f89b13e3a3f2ba7f67d6412de"},"headline":"Cierre definitivo del proyecto de la mina de uranio en Retortillo (Salamanca)","datePublished":"2021-07-12T17:54:53+00:00","mainEntityOfPage":{"@id":"https:\/\/dlvradio.es\/cierre-definitivo-del-proyecto-de-la-mina-de-uranio-en-retortillo-salamanca\/"},"wordCount":709,"commentCount":0,"publisher":{"@id":"https:\/\/dlvradio.es\/#organization"},"image":{"@id":"https:\/\/dlvradio.es\/cierre-definitivo-del-proyecto-de-la-mina-de-uranio-en-retortillo-salamanca\/#primaryimage"},"thumbnailUrl":"https:\/\/dlvradio.es\/wp-content\/uploads\/2021\/07\/Cierre-definitivo-del-proyecto-de-la-mina-de-uranio-en-Retortillo-Salamanca.jpg","keywords":["ecolog\u00eda","Espa\u00f1a"],"articleSection":["Informativos"],"inLanguage":"en-US"},{"@type":"WebPage","@id":"https:\/\/dlvradio.es\/cierre-definitivo-del-proyecto-de-la-mina-de-uranio-en-retortillo-salamanca\/","url":"https:\/\/dlvradio.es\/cierre-definitivo-del-proyecto-de-la-mina-de-uranio-en-retortillo-salamanca\/","name":"Cierre definitivo del proyecto de la mina de uranio en Retortillo (Salamanca) - DLVRADIO","isPartOf":{"@id":"https:\/\/dlvradio.es\/#website"},"primaryImageOfPage":{"@id":"https:\/\/dlvradio.es\/cierre-definitivo-del-proyecto-de-la-mina-de-uranio-en-retortillo-salamanca\/#primaryimage"},"image":{"@id":"https:\/\/dlvradio.es\/cierre-definitivo-del-proyecto-de-la-mina-de-uranio-en-retortillo-salamanca\/#primaryimage"},"thumbnailUrl":"https:\/\/dlvradio.es\/wp-content\/uploads\/2021\/07\/Cierre-definitivo-del-proyecto-de-la-mina-de-uranio-en-Retortillo-Salamanca.jpg","datePublished":"2021-07-12T17:54:53+00:00","description":"Ecologistas en Acci\u00f3n, Greenpeace y el Movimiento Ib\u00e9rico Antinuclear celebran el cierre definitivo del proyecto de la mina de uranio en Retortillo","breadcrumb":{"@id":"https:\/\/dlvradio.es\/cierre-definitivo-del-proyecto-de-la-mina-de-uranio-en-retortillo-salamanca\/#breadcrumb"},"inLanguage":"en-US","potentialAction":[{"@type":"ReadAction","target":["https:\/\/dlvradio.es\/cierre-definitivo-del-proyecto-de-la-mina-de-uranio-en-retortillo-salamanca\/"]}]},{"@type":"ImageObject","inLanguage":"en-US","@id":"https:\/\/dlvradio.es\/cierre-definitivo-del-proyecto-de-la-mina-de-uranio-en-retortillo-salamanca\/#primaryimage","url":"https:\/\/dlvradio.es\/wp-content\/uploads\/2021\/07\/Cierre-definitivo-del-proyecto-de-la-mina-de-uranio-en-Retortillo-Salamanca.jpg","contentUrl":"https:\/\/dlvradio.es\/wp-content\/uploads\/2021\/07\/Cierre-definitivo-del-proyecto-de-la-mina-de-uranio-en-Retortillo-Salamanca.jpg","width":1511,"height":1511,"caption":"Cierre definitivo del proyecto de la mina de uranio en Retortillo (Salamanca)"},{"@type":"BreadcrumbList","@id":"https:\/\/dlvradio.es\/cierre-definitivo-del-proyecto-de-la-mina-de-uranio-en-retortillo-salamanca\/#breadcrumb","itemListElement":[{"@type":"ListItem","position":1,"name":"Inicio","item":"https:\/\/dlvradio.es\/"},{"@type":"ListItem","position":2,"name":"Cierre definitivo del proyecto de la mina de uranio en Retortillo (Salamanca)"}]},{"@type":"WebSite","@id":"https:\/\/dlvradio.es\/#website","url":"https:\/\/dlvradio.es\/","name":"DLVRADIO","description":"We are an alternative media to traditional media","publisher":{"@id":"https:\/\/dlvradio.es\/#organization"},"potentialAction":[{"@type":"SearchAction","target":{"@type":"EntryPoint","urlTemplate":"https:\/\/dlvradio.es\/?s={search_term_string}"},"query-input":{"@type":"PropertyValueSpecification","valueRequired":true,"valueName":"search_term_string"}}],"inLanguage":"en-US"},{"@type":"Organization","@id":"https:\/\/dlvradio.es\/#organization","name":"DLVRADIO","url":"https:\/\/dlvradio.es\/","logo":{"@type":"ImageObject","inLanguage":"en-US","@id":"https:\/\/dlvradio.es\/#\/schema\/logo\/image\/","url":"","contentUrl":"","caption":"DLVRADIO"},"image":{"@id":"https:\/\/dlvradio.es\/#\/schema\/logo\/image\/"},"sameAs":["https:\/\/www.facebook.com\/RadioDLVradio\/","https:\/\/x.com\/RadioDlvradio","https:\/\/www.instagram.com\/radiodlvradio\/"]},{"@type":"Person","@id":"https:\/\/dlvradio.es\/#\/schema\/person\/7d533f9f89b13e3a3f2ba7f67d6412de","name":"DLV RADIO","sameAs":["https:\/\/dlvradio.es"]}]}},"_links":{"self":[{"href":"https:\/\/dlvradio.es\/en\/wp-json\/wp\/v2\/posts\/70670","targetHints":{"allow":["GET"]}}],"collection":[{"href":"https:\/\/dlvradio.es\/en\/wp-json\/wp\/v2\/posts"}],"about":[{"href":"https:\/\/dlvradio.es\/en\/wp-json\/wp\/v2\/types\/post"}],"author":[{"embeddable":true,"href":"https:\/\/dlvradio.es\/en\/wp-json\/wp\/v2\/users\/4"}],"replies":[{"embeddable":true,"href":"https:\/\/dlvradio.es\/en\/wp-json\/wp\/v2\/comments?post=70670"}],"version-history":[{"count":0,"href":"https:\/\/dlvradio.es\/en\/wp-json\/wp\/v2\/posts\/70670\/revisions"}],"wp:featuredmedia":[{"embeddable":true,"href":"https:\/\/dlvradio.es\/en\/wp-json\/wp\/v2\/media\/70671"}],"wp:attachment":[{"href":"https:\/\/dlvradio.es\/en\/wp-json\/wp\/v2\/media?parent=70670"}],"wp:term":[{"taxonomy":"category","embeddable":true,"href":"https:\/\/dlvradio.es\/en\/wp-json\/wp\/v2\/categories?post=70670"},{"taxonomy":"post_tag","embeddable":true,"href":"https:\/\/dlvradio.es\/en\/wp-json\/wp\/v2\/tags?post=70670"}],"curies":[{"name":"wp","href":"https:\/\/api.w.org\/{rel}","templated":true}]}}