{"id":70683,"date":"2021-07-26T10:07:13","date_gmt":"2021-07-26T08:07:13","guid":{"rendered":"https:\/\/dlvradio.es\/fincas-andaluzas-cobran-millones-de-la-pac-por-ocupar-una-laguna-desecada-de-titularidad-publica\/"},"modified":"2021-07-26T10:07:13","modified_gmt":"2021-07-26T08:07:13","slug":"fincas-andaluzas-cobran-millones-de-la-pac-por-ocupar-una-laguna-desecada-de-titularidad-publica","status":"publish","type":"post","link":"https:\/\/dlvradio.es\/en\/fincas-andaluzas-cobran-millones-de-la-pac-por-ocupar-una-laguna-desecada-de-titularidad-publica\/","title":{"rendered":"Fincas andaluzas cobran millones de la PAC por ocupar una laguna desecada de titularidad p\u00fablica"},"content":{"rendered":"<h6><img decoding=\"async\" class=\"alignleft wp-image-7206 size-thumbnail\" src=\"https:\/\/dlvradio.es\/copia\/wp-content\/uploads\/2021\/07\/Ecolo-150x150.jpg\" alt=\"\" width=\"150\" height=\"150\" \/>Fincas andaluzas cobran millones de la PAC por ocupar una laguna desecada de titularidad p\u00fablica<\/h6>\n<ul>\n<li>Se trata de al menos 6.165 hect\u00e1reas correspondientes a la Laguna de La Janda (C\u00e1diz), un valioso humedal desecado y convertido en una explotaci\u00f3n agr\u00edcola intensiva de regad\u00edo.<\/li>\n<li>Ecologistas en Acci\u00f3n ha iniciado una petici\u00f3n al Parlamento Europeo para que investigue si varias sociedades reciben indebidamente ayudas de la PAC.<\/li>\n<li>Un informe de la abogac\u00eda del Estado prueba que parte de los terrenos por los que recibe los fondos son de titularidad p\u00fablica y no est\u00e1n otorgados en concesi\u00f3n.<\/li>\n<li>La Laguna de la Janda era uno de los humedales m\u00e1s importantes de Europa y sufri\u00f3 una desecaci\u00f3n iniciada en el siglo XIX y culminada en los a\u00f1os 60.<\/li>\n<\/ul>\n<p>Ecologistas en Acci\u00f3n ha iniciado una petici\u00f3n al Parlamento Europeo para que investigue si varias sociedades y empresas est\u00e1n cobrando indebidamente ayudas de la Pol\u00edtica Agraria Europea (PAC) por unas tierras que no son suyas.<\/p>\n<p>La organizaci\u00f3n ecologista hace esta denuncia tras la publicaci\u00f3n de <a href=\"https:\/\/www.ecologistasenaccion.org\/171974\/un-informe-de-la-abogacia-del-estado-confirma-que-la-laguna-de-la-janda-es-publica-y-esta-usurpada\/\">un informe<\/a> elaborado por el Ministerio para la Transici\u00f3n Ecol\u00f3gica y el Reto Demogr\u00e1fico que clarifica que, en la antigua Laguna de La Janda (C\u00e1diz), un valioso humedal desecado y convertido en una explotaci\u00f3n agr\u00edcola intensiva de regad\u00edo, hay una superficie de terreno deslindado como dominio p\u00fablico de 6.165 hect\u00e1reas. A pesar de esto, sociedades como\u00a0 Complejo Agr\u00edcola S.L estar\u00edan cobrando ayudas de los fondos FEAGA por la Finca de las Lomas, asentada en parte dentro de estas tierras de dominio p\u00fablico. Esta sociedad cobr\u00f3 m\u00e1s de 4 millones de euros de los citados fondos en 2020 y es una de las que ayudas directas de la PAC recibe en el Estado espa\u00f1ol.<\/p>\n<p>La Laguna de la Janda es parte de un complejo de humedales de la zona del Estrecho, de una importancia ambiental equiparable a la de Do\u00f1ana, por ser un elemento crucial de las rutas migratorias de aves entre Europa y \u00c1frica. Por desgracia, la laguna est\u00e1 hoy en d\u00eda desnaturalizada, debido a un largo y costoso proceso de desecaci\u00f3n.<\/p>\n<p>En uno de los intentos de desecaci\u00f3n, se otorg\u00f3 una concesi\u00f3n a 99 a\u00f1os a la empresa adjudicataria, que fue rescatada en 1964 por parte del Estado para garantizar un mejor aprovechamiento de los recursos h\u00eddricos. A pesar de dicho rescate, las tierras han seguido explot\u00e1ndose privativamente al margen de la ley, ya que no se han otorgado nuevas concesiones administrativas que ser\u00edan preceptivas para ello.<\/p>\n<p>Ecologistas en Acci\u00f3n espera que el Parlamento Europeo pueda investigar si, como sospechan desde la organizaci\u00f3n ecologista, se ha dado un fin indebido a los fondos europeos y varias empresas y sociedades han recibido ayudas de la PAC por cultivar terrenos p\u00fablicos ocupados sin mediar concesi\u00f3n.<\/p>\n\n\n<p><\/p>","protected":false},"excerpt":{"rendered":"<p>Fincas andaluzas cobran millones de la PAC por ocupar una laguna desecada de titularidad p\u00fablica Se trata de al menos 6.165 hect\u00e1reas correspondientes a la Laguna de La Janda (C\u00e1diz), un valioso humedal desecado y convertido en una explotaci\u00f3n agr\u00edcola intensiva de regad\u00edo. Ecologistas en Acci\u00f3n ha iniciado una petici\u00f3n al Parlamento Europeo para que [&hellip;]<\/p>\n","protected":false},"author":4,"featured_media":70651,"comment_status":"open","ping_status":"open","sticky":false,"template":"","format":"standard","meta":{"_acf_changed":false,"footnotes":""},"categories":[2465],"tags":[2478,2466],"class_list":["post-70683","post","type-post","status-publish","format-standard","has-post-thumbnail","hentry","category-informativos","tag-ecologia","tag-espana"],"acf":[],"yoast_head":"<!-- This site is optimized with the Yoast SEO plugin v27.4 - https:\/\/yoast.com\/product\/yoast-seo-wordpress\/ -->\n<title>Fincas andaluzas cobran millones de la PAC por ocupar una laguna desecada de titularidad p\u00fablica - DLVRADIO<\/title>\n<meta name=\"description\" content=\"Fincas andaluzas cobran millones de la PAC por ocupar una laguna desecada de titularidad p\u00fablica Se trata de al menos 6.165 hect\u00e1reas correspondientes a\" \/>\n<meta name=\"robots\" content=\"index, follow, max-snippet:-1, max-image-preview:large, max-video-preview:-1\" \/>\n<link rel=\"canonical\" href=\"https:\/\/dlvradio.es\/en\/fincas-andaluzas-cobran-millones-de-la-pac-por-ocupar-una-laguna-desecada-de-titularidad-publica\/\" \/>\n<meta property=\"og:locale\" content=\"en_US\" \/>\n<meta property=\"og:type\" content=\"article\" \/>\n<meta property=\"og:title\" content=\"Fincas andaluzas cobran millones de la PAC por ocupar una laguna desecada de titularidad p\u00fablica - DLVRADIO\" \/>\n<meta property=\"og:description\" content=\"Fincas andaluzas cobran millones de la PAC por ocupar una laguna desecada de titularidad p\u00fablica Se trata de al menos 6.165 hect\u00e1reas correspondientes a\" \/>\n<meta property=\"og:url\" content=\"https:\/\/dlvradio.es\/en\/fincas-andaluzas-cobran-millones-de-la-pac-por-ocupar-una-laguna-desecada-de-titularidad-publica\/\" \/>\n<meta property=\"og:site_name\" content=\"DLVRADIO\" \/>\n<meta property=\"article:publisher\" content=\"https:\/\/www.facebook.com\/RadioDLVradio\/\" \/>\n<meta property=\"article:published_time\" content=\"2021-07-26T08:07:13+00:00\" \/>\n<meta property=\"og:image\" content=\"https:\/\/dlvradio.es\/wp-content\/uploads\/2021\/07\/Ecolo.jpg\" \/>\n\t<meta property=\"og:image:width\" content=\"1511\" \/>\n\t<meta property=\"og:image:height\" content=\"1511\" \/>\n\t<meta property=\"og:image:type\" content=\"image\/jpeg\" \/>\n<meta name=\"author\" content=\"DLV RADIO\" \/>\n<meta name=\"twitter:card\" content=\"summary_large_image\" \/>\n<meta name=\"twitter:creator\" content=\"@RadioDlvradio\" \/>\n<meta name=\"twitter:site\" content=\"@RadioDlvradio\" \/>\n<script type=\"application\/ld+json\" class=\"yoast-schema-graph\">{\"@context\":\"https:\\\/\\\/schema.org\",\"@graph\":[{\"@type\":\"Article\",\"@id\":\"https:\\\/\\\/dlvradio.es\\\/fincas-andaluzas-cobran-millones-de-la-pac-por-ocupar-una-laguna-desecada-de-titularidad-publica\\\/#article\",\"isPartOf\":{\"@id\":\"https:\\\/\\\/dlvradio.es\\\/fincas-andaluzas-cobran-millones-de-la-pac-por-ocupar-una-laguna-desecada-de-titularidad-publica\\\/\"},\"author\":{\"name\":\"DLV RADIO\",\"@id\":\"https:\\\/\\\/dlvradio.es\\\/#\\\/schema\\\/person\\\/7d533f9f89b13e3a3f2ba7f67d6412de\"},\"headline\":\"Fincas andaluzas cobran millones de la PAC por ocupar una laguna desecada de titularidad p\u00fablica\",\"datePublished\":\"2021-07-26T08:07:13+00:00\",\"mainEntityOfPage\":{\"@id\":\"https:\\\/\\\/dlvradio.es\\\/fincas-andaluzas-cobran-millones-de-la-pac-por-ocupar-una-laguna-desecada-de-titularidad-publica\\\/\"},\"wordCount\":510,\"commentCount\":0,\"publisher\":{\"@id\":\"https:\\\/\\\/dlvradio.es\\\/#organization\"},\"image\":{\"@id\":\"https:\\\/\\\/dlvradio.es\\\/fincas-andaluzas-cobran-millones-de-la-pac-por-ocupar-una-laguna-desecada-de-titularidad-publica\\\/#primaryimage\"},\"thumbnailUrl\":\"https:\\\/\\\/dlvradio.es\\\/wp-content\\\/uploads\\\/2021\\\/07\\\/Ecolo.jpg\",\"keywords\":[\"ecolog\u00eda\",\"Espa\u00f1a\"],\"articleSection\":[\"Informativos\"],\"inLanguage\":\"en-US\"},{\"@type\":\"WebPage\",\"@id\":\"https:\\\/\\\/dlvradio.es\\\/fincas-andaluzas-cobran-millones-de-la-pac-por-ocupar-una-laguna-desecada-de-titularidad-publica\\\/\",\"url\":\"https:\\\/\\\/dlvradio.es\\\/fincas-andaluzas-cobran-millones-de-la-pac-por-ocupar-una-laguna-desecada-de-titularidad-publica\\\/\",\"name\":\"Fincas andaluzas cobran millones de la PAC por ocupar una laguna desecada de titularidad p\u00fablica - DLVRADIO\",\"isPartOf\":{\"@id\":\"https:\\\/\\\/dlvradio.es\\\/#website\"},\"primaryImageOfPage\":{\"@id\":\"https:\\\/\\\/dlvradio.es\\\/fincas-andaluzas-cobran-millones-de-la-pac-por-ocupar-una-laguna-desecada-de-titularidad-publica\\\/#primaryimage\"},\"image\":{\"@id\":\"https:\\\/\\\/dlvradio.es\\\/fincas-andaluzas-cobran-millones-de-la-pac-por-ocupar-una-laguna-desecada-de-titularidad-publica\\\/#primaryimage\"},\"thumbnailUrl\":\"https:\\\/\\\/dlvradio.es\\\/wp-content\\\/uploads\\\/2021\\\/07\\\/Ecolo.jpg\",\"datePublished\":\"2021-07-26T08:07:13+00:00\",\"description\":\"Fincas andaluzas cobran millones de la PAC por ocupar una laguna desecada de titularidad p\u00fablica Se trata de al menos 6.165 hect\u00e1reas correspondientes a\",\"breadcrumb\":{\"@id\":\"https:\\\/\\\/dlvradio.es\\\/fincas-andaluzas-cobran-millones-de-la-pac-por-ocupar-una-laguna-desecada-de-titularidad-publica\\\/#breadcrumb\"},\"inLanguage\":\"en-US\",\"potentialAction\":[{\"@type\":\"ReadAction\",\"target\":[\"https:\\\/\\\/dlvradio.es\\\/fincas-andaluzas-cobran-millones-de-la-pac-por-ocupar-una-laguna-desecada-de-titularidad-publica\\\/\"]}]},{\"@type\":\"ImageObject\",\"inLanguage\":\"en-US\",\"@id\":\"https:\\\/\\\/dlvradio.es\\\/fincas-andaluzas-cobran-millones-de-la-pac-por-ocupar-una-laguna-desecada-de-titularidad-publica\\\/#primaryimage\",\"url\":\"https:\\\/\\\/dlvradio.es\\\/wp-content\\\/uploads\\\/2021\\\/07\\\/Ecolo.jpg\",\"contentUrl\":\"https:\\\/\\\/dlvradio.es\\\/wp-content\\\/uploads\\\/2021\\\/07\\\/Ecolo.jpg\",\"width\":1511,\"height\":1511,\"caption\":\"Ecolo\"},{\"@type\":\"BreadcrumbList\",\"@id\":\"https:\\\/\\\/dlvradio.es\\\/fincas-andaluzas-cobran-millones-de-la-pac-por-ocupar-una-laguna-desecada-de-titularidad-publica\\\/#breadcrumb\",\"itemListElement\":[{\"@type\":\"ListItem\",\"position\":1,\"name\":\"Inicio\",\"item\":\"https:\\\/\\\/dlvradio.es\\\/\"},{\"@type\":\"ListItem\",\"position\":2,\"name\":\"Fincas andaluzas cobran millones de la PAC por ocupar una laguna desecada de titularidad p\u00fablica\"}]},{\"@type\":\"WebSite\",\"@id\":\"https:\\\/\\\/dlvradio.es\\\/#website\",\"url\":\"https:\\\/\\\/dlvradio.es\\\/\",\"name\":\"DLVRADIO\",\"description\":\"Somos un medio de comunicaci\u00f3n alternativo a los medios tradicionales\",\"publisher\":{\"@id\":\"https:\\\/\\\/dlvradio.es\\\/#organization\"},\"potentialAction\":[{\"@type\":\"SearchAction\",\"target\":{\"@type\":\"EntryPoint\",\"urlTemplate\":\"https:\\\/\\\/dlvradio.es\\\/?s={search_term_string}\"},\"query-input\":{\"@type\":\"PropertyValueSpecification\",\"valueRequired\":true,\"valueName\":\"search_term_string\"}}],\"inLanguage\":\"en-US\"},{\"@type\":\"Organization\",\"@id\":\"https:\\\/\\\/dlvradio.es\\\/#organization\",\"name\":\"DLVRADIO\",\"url\":\"https:\\\/\\\/dlvradio.es\\\/\",\"logo\":{\"@type\":\"ImageObject\",\"inLanguage\":\"en-US\",\"@id\":\"https:\\\/\\\/dlvradio.es\\\/#\\\/schema\\\/logo\\\/image\\\/\",\"url\":\"\",\"contentUrl\":\"\",\"caption\":\"DLVRADIO\"},\"image\":{\"@id\":\"https:\\\/\\\/dlvradio.es\\\/#\\\/schema\\\/logo\\\/image\\\/\"},\"sameAs\":[\"https:\\\/\\\/www.facebook.com\\\/RadioDLVradio\\\/\",\"https:\\\/\\\/x.com\\\/RadioDlvradio\",\"https:\\\/\\\/www.instagram.com\\\/radiodlvradio\\\/\"]},{\"@type\":\"Person\",\"@id\":\"https:\\\/\\\/dlvradio.es\\\/#\\\/schema\\\/person\\\/7d533f9f89b13e3a3f2ba7f67d6412de\",\"name\":\"DLV RADIO\",\"sameAs\":[\"https:\\\/\\\/dlvradio.es\"]}]}<\/script>\n<!-- \/ Yoast SEO plugin. -->","yoast_head_json":{"title":"Fincas andaluzas cobran millones de la PAC por ocupar una laguna desecada de titularidad p\u00fablica - DLVRADIO","description":"Fincas andaluzas cobran millones de la PAC por ocupar una laguna desecada de titularidad p\u00fablica Se trata de al menos 6.165 hect\u00e1reas correspondientes a","robots":{"index":"index","follow":"follow","max-snippet":"max-snippet:-1","max-image-preview":"max-image-preview:large","max-video-preview":"max-video-preview:-1"},"canonical":"https:\/\/dlvradio.es\/en\/fincas-andaluzas-cobran-millones-de-la-pac-por-ocupar-una-laguna-desecada-de-titularidad-publica\/","og_locale":"en_US","og_type":"article","og_title":"Fincas andaluzas cobran millones de la PAC por ocupar una laguna desecada de titularidad p\u00fablica - DLVRADIO","og_description":"Fincas andaluzas cobran millones de la PAC por ocupar una laguna desecada de titularidad p\u00fablica Se trata de al menos 6.165 hect\u00e1reas correspondientes a","og_url":"https:\/\/dlvradio.es\/en\/fincas-andaluzas-cobran-millones-de-la-pac-por-ocupar-una-laguna-desecada-de-titularidad-publica\/","og_site_name":"DLVRADIO","article_publisher":"https:\/\/www.facebook.com\/RadioDLVradio\/","article_published_time":"2021-07-26T08:07:13+00:00","og_image":[{"width":1511,"height":1511,"url":"https:\/\/dlvradio.es\/wp-content\/uploads\/2021\/07\/Ecolo.jpg","type":"image\/jpeg"}],"author":"DLV RADIO","twitter_card":"summary_large_image","twitter_creator":"@RadioDlvradio","twitter_site":"@RadioDlvradio","schema":{"@context":"https:\/\/schema.org","@graph":[{"@type":"Article","@id":"https:\/\/dlvradio.es\/fincas-andaluzas-cobran-millones-de-la-pac-por-ocupar-una-laguna-desecada-de-titularidad-publica\/#article","isPartOf":{"@id":"https:\/\/dlvradio.es\/fincas-andaluzas-cobran-millones-de-la-pac-por-ocupar-una-laguna-desecada-de-titularidad-publica\/"},"author":{"name":"DLV RADIO","@id":"https:\/\/dlvradio.es\/#\/schema\/person\/7d533f9f89b13e3a3f2ba7f67d6412de"},"headline":"Fincas andaluzas cobran millones de la PAC por ocupar una laguna desecada de titularidad p\u00fablica","datePublished":"2021-07-26T08:07:13+00:00","mainEntityOfPage":{"@id":"https:\/\/dlvradio.es\/fincas-andaluzas-cobran-millones-de-la-pac-por-ocupar-una-laguna-desecada-de-titularidad-publica\/"},"wordCount":510,"commentCount":0,"publisher":{"@id":"https:\/\/dlvradio.es\/#organization"},"image":{"@id":"https:\/\/dlvradio.es\/fincas-andaluzas-cobran-millones-de-la-pac-por-ocupar-una-laguna-desecada-de-titularidad-publica\/#primaryimage"},"thumbnailUrl":"https:\/\/dlvradio.es\/wp-content\/uploads\/2021\/07\/Ecolo.jpg","keywords":["ecolog\u00eda","Espa\u00f1a"],"articleSection":["Informativos"],"inLanguage":"en-US"},{"@type":"WebPage","@id":"https:\/\/dlvradio.es\/fincas-andaluzas-cobran-millones-de-la-pac-por-ocupar-una-laguna-desecada-de-titularidad-publica\/","url":"https:\/\/dlvradio.es\/fincas-andaluzas-cobran-millones-de-la-pac-por-ocupar-una-laguna-desecada-de-titularidad-publica\/","name":"Fincas andaluzas cobran millones de la PAC por ocupar una laguna desecada de titularidad p\u00fablica - DLVRADIO","isPartOf":{"@id":"https:\/\/dlvradio.es\/#website"},"primaryImageOfPage":{"@id":"https:\/\/dlvradio.es\/fincas-andaluzas-cobran-millones-de-la-pac-por-ocupar-una-laguna-desecada-de-titularidad-publica\/#primaryimage"},"image":{"@id":"https:\/\/dlvradio.es\/fincas-andaluzas-cobran-millones-de-la-pac-por-ocupar-una-laguna-desecada-de-titularidad-publica\/#primaryimage"},"thumbnailUrl":"https:\/\/dlvradio.es\/wp-content\/uploads\/2021\/07\/Ecolo.jpg","datePublished":"2021-07-26T08:07:13+00:00","description":"Fincas andaluzas cobran millones de la PAC por ocupar una laguna desecada de titularidad p\u00fablica Se trata de al menos 6.165 hect\u00e1reas correspondientes a","breadcrumb":{"@id":"https:\/\/dlvradio.es\/fincas-andaluzas-cobran-millones-de-la-pac-por-ocupar-una-laguna-desecada-de-titularidad-publica\/#breadcrumb"},"inLanguage":"en-US","potentialAction":[{"@type":"ReadAction","target":["https:\/\/dlvradio.es\/fincas-andaluzas-cobran-millones-de-la-pac-por-ocupar-una-laguna-desecada-de-titularidad-publica\/"]}]},{"@type":"ImageObject","inLanguage":"en-US","@id":"https:\/\/dlvradio.es\/fincas-andaluzas-cobran-millones-de-la-pac-por-ocupar-una-laguna-desecada-de-titularidad-publica\/#primaryimage","url":"https:\/\/dlvradio.es\/wp-content\/uploads\/2021\/07\/Ecolo.jpg","contentUrl":"https:\/\/dlvradio.es\/wp-content\/uploads\/2021\/07\/Ecolo.jpg","width":1511,"height":1511,"caption":"Ecolo"},{"@type":"BreadcrumbList","@id":"https:\/\/dlvradio.es\/fincas-andaluzas-cobran-millones-de-la-pac-por-ocupar-una-laguna-desecada-de-titularidad-publica\/#breadcrumb","itemListElement":[{"@type":"ListItem","position":1,"name":"Inicio","item":"https:\/\/dlvradio.es\/"},{"@type":"ListItem","position":2,"name":"Fincas andaluzas cobran millones de la PAC por ocupar una laguna desecada de titularidad p\u00fablica"}]},{"@type":"WebSite","@id":"https:\/\/dlvradio.es\/#website","url":"https:\/\/dlvradio.es\/","name":"DLVRADIO","description":"We are an alternative media to traditional media","publisher":{"@id":"https:\/\/dlvradio.es\/#organization"},"potentialAction":[{"@type":"SearchAction","target":{"@type":"EntryPoint","urlTemplate":"https:\/\/dlvradio.es\/?s={search_term_string}"},"query-input":{"@type":"PropertyValueSpecification","valueRequired":true,"valueName":"search_term_string"}}],"inLanguage":"en-US"},{"@type":"Organization","@id":"https:\/\/dlvradio.es\/#organization","name":"DLVRADIO","url":"https:\/\/dlvradio.es\/","logo":{"@type":"ImageObject","inLanguage":"en-US","@id":"https:\/\/dlvradio.es\/#\/schema\/logo\/image\/","url":"","contentUrl":"","caption":"DLVRADIO"},"image":{"@id":"https:\/\/dlvradio.es\/#\/schema\/logo\/image\/"},"sameAs":["https:\/\/www.facebook.com\/RadioDLVradio\/","https:\/\/x.com\/RadioDlvradio","https:\/\/www.instagram.com\/radiodlvradio\/"]},{"@type":"Person","@id":"https:\/\/dlvradio.es\/#\/schema\/person\/7d533f9f89b13e3a3f2ba7f67d6412de","name":"DLV RADIO","sameAs":["https:\/\/dlvradio.es"]}]}},"_links":{"self":[{"href":"https:\/\/dlvradio.es\/en\/wp-json\/wp\/v2\/posts\/70683","targetHints":{"allow":["GET"]}}],"collection":[{"href":"https:\/\/dlvradio.es\/en\/wp-json\/wp\/v2\/posts"}],"about":[{"href":"https:\/\/dlvradio.es\/en\/wp-json\/wp\/v2\/types\/post"}],"author":[{"embeddable":true,"href":"https:\/\/dlvradio.es\/en\/wp-json\/wp\/v2\/users\/4"}],"replies":[{"embeddable":true,"href":"https:\/\/dlvradio.es\/en\/wp-json\/wp\/v2\/comments?post=70683"}],"version-history":[{"count":0,"href":"https:\/\/dlvradio.es\/en\/wp-json\/wp\/v2\/posts\/70683\/revisions"}],"wp:featuredmedia":[{"embeddable":true,"href":"https:\/\/dlvradio.es\/en\/wp-json\/wp\/v2\/media\/70651"}],"wp:attachment":[{"href":"https:\/\/dlvradio.es\/en\/wp-json\/wp\/v2\/media?parent=70683"}],"wp:term":[{"taxonomy":"category","embeddable":true,"href":"https:\/\/dlvradio.es\/en\/wp-json\/wp\/v2\/categories?post=70683"},{"taxonomy":"post_tag","embeddable":true,"href":"https:\/\/dlvradio.es\/en\/wp-json\/wp\/v2\/tags?post=70683"}],"curies":[{"name":"wp","href":"https:\/\/api.w.org\/{rel}","templated":true}]}}