{"id":70715,"date":"2021-08-25T10:10:02","date_gmt":"2021-08-25T08:10:02","guid":{"rendered":"https:\/\/dlvradio.es\/diputacion-permanente-25-08-2021\/"},"modified":"2021-08-25T10:10:02","modified_gmt":"2021-08-25T08:10:02","slug":"diputacion-permanente-25-08-2021","status":"publish","type":"post","link":"https:\/\/dlvradio.es\/en\/diputacion-permanente-25-08-2021\/","title":{"rendered":"Permanent Deputation (08\/25\/2021)"},"content":{"rendered":"<p><img decoding=\"async\" class=\"alignleft wp-image-5400\" src=\"https:\/\/dlvradio.es\/copia\/wp-content\/uploads\/2021\/01\/Parlamento-de-Espana.jpg\" alt=\"\" width=\"120\" height=\"120\" \/>Follow live the Permanent Deputation decides on the requests for appearance of the President of the Government, the First Vice President and Minister of Economic Affairs and Digital Transformation, the Third Vice President and Minister for the Ecological Transition and the Demographic Challenge, and the Ministers of Presidency, Industry, Foreign Affairs, Treasury, Territorial Policy, Transport, Health and Justice. From our radio we leave you the links of the different commissions and plenary sessions of the Congress of Deputies, for information purposes, without positioning ourselves in any of the positions as the plural media that we are.<\/p>\n<p><iframe title=\"Permanent Deputation (08\/25\/2021)\" width=\"800\" height=\"450\" src=\"https:\/\/www.youtube.com\/embed\/HHPj_N4LqJ4?feature=oembed\" frameborder=\"0\" allow=\"accelerometer; autoplay; clipboard-write; encrypted-media; gyroscope; picture-in-picture; web-share\" referrerpolicy=\"strict-origin-when-cross-origin\" allowfullscreen><\/iframe><\/p>","protected":false},"excerpt":{"rendered":"<p>Sigue en directo la Diputaci\u00f3n Permanente decide sobre las solicitudes de comparecencia del presidente del Gobierno, de la vicepresidenta primera y ministra de Asuntos Econ\u00f3micos y Transformaci\u00f3n Digital, de la vicepresidenta tercera y ministra para la Transici\u00f3n Ecol\u00f3gica y el Reto Demogr\u00e1fico, y de los ministros de Presidencia, Industria, Asuntos Exteriores, Hacienda, Pol\u00edtica Territorial, Transportes, [&hellip;]<\/p>\n","protected":false},"author":4,"featured_media":70638,"comment_status":"open","ping_status":"open","sticky":false,"template":"","format":"standard","meta":{"_acf_changed":false,"footnotes":""},"categories":[2465],"tags":[2466],"class_list":["post-70715","post","type-post","status-publish","format-standard","has-post-thumbnail","hentry","category-informativos","tag-espana"],"acf":[],"yoast_head":"<!-- This site is optimized with the Yoast SEO plugin v27.4 - https:\/\/yoast.com\/product\/yoast-seo-wordpress\/ -->\n<title>Diputaci\u00f3n Permanente (25\/08\/2021) - DLVRADIO<\/title>\n<meta name=\"description\" content=\"Sigue en directo la Diputaci\u00f3n Permanente decide sobre las solicitudes de comparecencia del presidente del Gobierno, de la vicepresidenta primera y\" \/>\n<meta name=\"robots\" content=\"index, follow, max-snippet:-1, max-image-preview:large, max-video-preview:-1\" \/>\n<link rel=\"canonical\" href=\"https:\/\/dlvradio.es\/en\/diputacion-permanente-25-08-2021\/\" \/>\n<meta property=\"og:locale\" content=\"en_US\" \/>\n<meta property=\"og:type\" content=\"article\" \/>\n<meta property=\"og:title\" content=\"Diputaci\u00f3n Permanente (25\/08\/2021) - DLVRADIO\" \/>\n<meta property=\"og:description\" content=\"Sigue en directo la Diputaci\u00f3n Permanente decide sobre las solicitudes de comparecencia del presidente del Gobierno, de la vicepresidenta primera y\" \/>\n<meta property=\"og:url\" content=\"https:\/\/dlvradio.es\/en\/diputacion-permanente-25-08-2021\/\" \/>\n<meta property=\"og:site_name\" content=\"DLVRADIO\" \/>\n<meta property=\"article:publisher\" content=\"https:\/\/www.facebook.com\/RadioDLVradio\/\" \/>\n<meta property=\"article:published_time\" content=\"2021-08-25T08:10:02+00:00\" \/>\n<meta property=\"og:image\" content=\"https:\/\/dlvradio.es\/wp-content\/uploads\/2021\/06\/Parlamento-de-Espana.jpg\" \/>\n\t<meta property=\"og:image:width\" content=\"1511\" \/>\n\t<meta property=\"og:image:height\" content=\"1511\" \/>\n\t<meta property=\"og:image:type\" content=\"image\/jpeg\" \/>\n<meta name=\"author\" content=\"DLV RADIO\" \/>\n<meta name=\"twitter:card\" content=\"summary_large_image\" \/>\n<meta name=\"twitter:creator\" content=\"@RadioDlvradio\" \/>\n<meta name=\"twitter:site\" content=\"@RadioDlvradio\" \/>\n<script type=\"application\/ld+json\" class=\"yoast-schema-graph\">{\"@context\":\"https:\\\/\\\/schema.org\",\"@graph\":[{\"@type\":\"Article\",\"@id\":\"https:\\\/\\\/dlvradio.es\\\/diputacion-permanente-25-08-2021\\\/#article\",\"isPartOf\":{\"@id\":\"https:\\\/\\\/dlvradio.es\\\/diputacion-permanente-25-08-2021\\\/\"},\"author\":{\"name\":\"DLV RADIO\",\"@id\":\"https:\\\/\\\/dlvradio.es\\\/#\\\/schema\\\/person\\\/7d533f9f89b13e3a3f2ba7f67d6412de\"},\"headline\":\"Diputaci\u00f3n Permanente (25\\\/08\\\/2021)\",\"datePublished\":\"2021-08-25T08:10:02+00:00\",\"mainEntityOfPage\":{\"@id\":\"https:\\\/\\\/dlvradio.es\\\/diputacion-permanente-25-08-2021\\\/\"},\"wordCount\":110,\"commentCount\":0,\"publisher\":{\"@id\":\"https:\\\/\\\/dlvradio.es\\\/#organization\"},\"image\":{\"@id\":\"https:\\\/\\\/dlvradio.es\\\/diputacion-permanente-25-08-2021\\\/#primaryimage\"},\"thumbnailUrl\":\"https:\\\/\\\/dlvradio.es\\\/wp-content\\\/uploads\\\/2021\\\/06\\\/Parlamento-de-Espana.jpg\",\"keywords\":[\"Espa\u00f1a\"],\"articleSection\":[\"Informativos\"],\"inLanguage\":\"en-US\"},{\"@type\":\"WebPage\",\"@id\":\"https:\\\/\\\/dlvradio.es\\\/diputacion-permanente-25-08-2021\\\/\",\"url\":\"https:\\\/\\\/dlvradio.es\\\/diputacion-permanente-25-08-2021\\\/\",\"name\":\"Diputaci\u00f3n Permanente (25\\\/08\\\/2021) - DLVRADIO\",\"isPartOf\":{\"@id\":\"https:\\\/\\\/dlvradio.es\\\/#website\"},\"primaryImageOfPage\":{\"@id\":\"https:\\\/\\\/dlvradio.es\\\/diputacion-permanente-25-08-2021\\\/#primaryimage\"},\"image\":{\"@id\":\"https:\\\/\\\/dlvradio.es\\\/diputacion-permanente-25-08-2021\\\/#primaryimage\"},\"thumbnailUrl\":\"https:\\\/\\\/dlvradio.es\\\/wp-content\\\/uploads\\\/2021\\\/06\\\/Parlamento-de-Espana.jpg\",\"datePublished\":\"2021-08-25T08:10:02+00:00\",\"description\":\"Sigue en directo la Diputaci\u00f3n Permanente decide sobre las solicitudes de comparecencia del presidente del Gobierno, de la vicepresidenta primera y\",\"breadcrumb\":{\"@id\":\"https:\\\/\\\/dlvradio.es\\\/diputacion-permanente-25-08-2021\\\/#breadcrumb\"},\"inLanguage\":\"en-US\",\"potentialAction\":[{\"@type\":\"ReadAction\",\"target\":[\"https:\\\/\\\/dlvradio.es\\\/diputacion-permanente-25-08-2021\\\/\"]}]},{\"@type\":\"ImageObject\",\"inLanguage\":\"en-US\",\"@id\":\"https:\\\/\\\/dlvradio.es\\\/diputacion-permanente-25-08-2021\\\/#primaryimage\",\"url\":\"https:\\\/\\\/dlvradio.es\\\/wp-content\\\/uploads\\\/2021\\\/06\\\/Parlamento-de-Espana.jpg\",\"contentUrl\":\"https:\\\/\\\/dlvradio.es\\\/wp-content\\\/uploads\\\/2021\\\/06\\\/Parlamento-de-Espana.jpg\",\"width\":1511,\"height\":1511,\"caption\":\"Parlamento de Espa\u00f1a\"},{\"@type\":\"BreadcrumbList\",\"@id\":\"https:\\\/\\\/dlvradio.es\\\/diputacion-permanente-25-08-2021\\\/#breadcrumb\",\"itemListElement\":[{\"@type\":\"ListItem\",\"position\":1,\"name\":\"Inicio\",\"item\":\"https:\\\/\\\/dlvradio.es\\\/\"},{\"@type\":\"ListItem\",\"position\":2,\"name\":\"Diputaci\u00f3n Permanente (25\\\/08\\\/2021)\"}]},{\"@type\":\"WebSite\",\"@id\":\"https:\\\/\\\/dlvradio.es\\\/#website\",\"url\":\"https:\\\/\\\/dlvradio.es\\\/\",\"name\":\"DLVRADIO\",\"description\":\"Somos un medio de comunicaci\u00f3n alternativo a los medios tradicionales\",\"publisher\":{\"@id\":\"https:\\\/\\\/dlvradio.es\\\/#organization\"},\"potentialAction\":[{\"@type\":\"SearchAction\",\"target\":{\"@type\":\"EntryPoint\",\"urlTemplate\":\"https:\\\/\\\/dlvradio.es\\\/?s={search_term_string}\"},\"query-input\":{\"@type\":\"PropertyValueSpecification\",\"valueRequired\":true,\"valueName\":\"search_term_string\"}}],\"inLanguage\":\"en-US\"},{\"@type\":\"Organization\",\"@id\":\"https:\\\/\\\/dlvradio.es\\\/#organization\",\"name\":\"DLVRADIO\",\"url\":\"https:\\\/\\\/dlvradio.es\\\/\",\"logo\":{\"@type\":\"ImageObject\",\"inLanguage\":\"en-US\",\"@id\":\"https:\\\/\\\/dlvradio.es\\\/#\\\/schema\\\/logo\\\/image\\\/\",\"url\":\"\",\"contentUrl\":\"\",\"caption\":\"DLVRADIO\"},\"image\":{\"@id\":\"https:\\\/\\\/dlvradio.es\\\/#\\\/schema\\\/logo\\\/image\\\/\"},\"sameAs\":[\"https:\\\/\\\/www.facebook.com\\\/RadioDLVradio\\\/\",\"https:\\\/\\\/x.com\\\/RadioDlvradio\",\"https:\\\/\\\/www.instagram.com\\\/radiodlvradio\\\/\"]},{\"@type\":\"Person\",\"@id\":\"https:\\\/\\\/dlvradio.es\\\/#\\\/schema\\\/person\\\/7d533f9f89b13e3a3f2ba7f67d6412de\",\"name\":\"DLV RADIO\",\"sameAs\":[\"https:\\\/\\\/dlvradio.es\"]}]}<\/script>\n<!-- \/ Yoast SEO plugin. -->","yoast_head_json":{"title":"Permanent Deputation (08\/25\/2021) - DLVRADIO","description":"Follow live as the Permanent Deputation decides on the requests for appearances by the President of the Government, the First Vice President and","robots":{"index":"index","follow":"follow","max-snippet":"max-snippet:-1","max-image-preview":"max-image-preview:large","max-video-preview":"max-video-preview:-1"},"canonical":"https:\/\/dlvradio.es\/en\/diputacion-permanente-25-08-2021\/","og_locale":"en_US","og_type":"article","og_title":"Diputaci\u00f3n Permanente (25\/08\/2021) - DLVRADIO","og_description":"Sigue en directo la Diputaci\u00f3n Permanente decide sobre las solicitudes de comparecencia del presidente del Gobierno, de la vicepresidenta primera y","og_url":"https:\/\/dlvradio.es\/en\/diputacion-permanente-25-08-2021\/","og_site_name":"DLVRADIO","article_publisher":"https:\/\/www.facebook.com\/RadioDLVradio\/","article_published_time":"2021-08-25T08:10:02+00:00","og_image":[{"width":1511,"height":1511,"url":"https:\/\/dlvradio.es\/wp-content\/uploads\/2021\/06\/Parlamento-de-Espana.jpg","type":"image\/jpeg"}],"author":"DLV RADIO","twitter_card":"summary_large_image","twitter_creator":"@RadioDlvradio","twitter_site":"@RadioDlvradio","schema":{"@context":"https:\/\/schema.org","@graph":[{"@type":"Article","@id":"https:\/\/dlvradio.es\/diputacion-permanente-25-08-2021\/#article","isPartOf":{"@id":"https:\/\/dlvradio.es\/diputacion-permanente-25-08-2021\/"},"author":{"name":"DLV RADIO","@id":"https:\/\/dlvradio.es\/#\/schema\/person\/7d533f9f89b13e3a3f2ba7f67d6412de"},"headline":"Diputaci\u00f3n Permanente (25\/08\/2021)","datePublished":"2021-08-25T08:10:02+00:00","mainEntityOfPage":{"@id":"https:\/\/dlvradio.es\/diputacion-permanente-25-08-2021\/"},"wordCount":110,"commentCount":0,"publisher":{"@id":"https:\/\/dlvradio.es\/#organization"},"image":{"@id":"https:\/\/dlvradio.es\/diputacion-permanente-25-08-2021\/#primaryimage"},"thumbnailUrl":"https:\/\/dlvradio.es\/wp-content\/uploads\/2021\/06\/Parlamento-de-Espana.jpg","keywords":["Espa\u00f1a"],"articleSection":["Informativos"],"inLanguage":"en-US"},{"@type":"WebPage","@id":"https:\/\/dlvradio.es\/diputacion-permanente-25-08-2021\/","url":"https:\/\/dlvradio.es\/diputacion-permanente-25-08-2021\/","name":"Permanent Deputation (08\/25\/2021) - DLVRADIO","isPartOf":{"@id":"https:\/\/dlvradio.es\/#website"},"primaryImageOfPage":{"@id":"https:\/\/dlvradio.es\/diputacion-permanente-25-08-2021\/#primaryimage"},"image":{"@id":"https:\/\/dlvradio.es\/diputacion-permanente-25-08-2021\/#primaryimage"},"thumbnailUrl":"https:\/\/dlvradio.es\/wp-content\/uploads\/2021\/06\/Parlamento-de-Espana.jpg","datePublished":"2021-08-25T08:10:02+00:00","description":"Follow live as the Permanent Deputation decides on the requests for appearances by the President of the Government, the First Vice President and","breadcrumb":{"@id":"https:\/\/dlvradio.es\/diputacion-permanente-25-08-2021\/#breadcrumb"},"inLanguage":"en-US","potentialAction":[{"@type":"ReadAction","target":["https:\/\/dlvradio.es\/diputacion-permanente-25-08-2021\/"]}]},{"@type":"ImageObject","inLanguage":"en-US","@id":"https:\/\/dlvradio.es\/diputacion-permanente-25-08-2021\/#primaryimage","url":"https:\/\/dlvradio.es\/wp-content\/uploads\/2021\/06\/Parlamento-de-Espana.jpg","contentUrl":"https:\/\/dlvradio.es\/wp-content\/uploads\/2021\/06\/Parlamento-de-Espana.jpg","width":1511,"height":1511,"caption":"Parlamento de Espa\u00f1a"},{"@type":"BreadcrumbList","@id":"https:\/\/dlvradio.es\/diputacion-permanente-25-08-2021\/#breadcrumb","itemListElement":[{"@type":"ListItem","position":1,"name":"Inicio","item":"https:\/\/dlvradio.es\/"},{"@type":"ListItem","position":2,"name":"Diputaci\u00f3n Permanente (25\/08\/2021)"}]},{"@type":"WebSite","@id":"https:\/\/dlvradio.es\/#website","url":"https:\/\/dlvradio.es\/","name":"DLVRADIO","description":"We are an alternative media to traditional media","publisher":{"@id":"https:\/\/dlvradio.es\/#organization"},"potentialAction":[{"@type":"SearchAction","target":{"@type":"EntryPoint","urlTemplate":"https:\/\/dlvradio.es\/?s={search_term_string}"},"query-input":{"@type":"PropertyValueSpecification","valueRequired":true,"valueName":"search_term_string"}}],"inLanguage":"en-US"},{"@type":"Organization","@id":"https:\/\/dlvradio.es\/#organization","name":"DLVRADIO","url":"https:\/\/dlvradio.es\/","logo":{"@type":"ImageObject","inLanguage":"en-US","@id":"https:\/\/dlvradio.es\/#\/schema\/logo\/image\/","url":"","contentUrl":"","caption":"DLVRADIO"},"image":{"@id":"https:\/\/dlvradio.es\/#\/schema\/logo\/image\/"},"sameAs":["https:\/\/www.facebook.com\/RadioDLVradio\/","https:\/\/x.com\/RadioDlvradio","https:\/\/www.instagram.com\/radiodlvradio\/"]},{"@type":"Person","@id":"https:\/\/dlvradio.es\/#\/schema\/person\/7d533f9f89b13e3a3f2ba7f67d6412de","name":"DLV RADIO","sameAs":["https:\/\/dlvradio.es"]}]}},"_links":{"self":[{"href":"https:\/\/dlvradio.es\/en\/wp-json\/wp\/v2\/posts\/70715","targetHints":{"allow":["GET"]}}],"collection":[{"href":"https:\/\/dlvradio.es\/en\/wp-json\/wp\/v2\/posts"}],"about":[{"href":"https:\/\/dlvradio.es\/en\/wp-json\/wp\/v2\/types\/post"}],"author":[{"embeddable":true,"href":"https:\/\/dlvradio.es\/en\/wp-json\/wp\/v2\/users\/4"}],"replies":[{"embeddable":true,"href":"https:\/\/dlvradio.es\/en\/wp-json\/wp\/v2\/comments?post=70715"}],"version-history":[{"count":0,"href":"https:\/\/dlvradio.es\/en\/wp-json\/wp\/v2\/posts\/70715\/revisions"}],"wp:featuredmedia":[{"embeddable":true,"href":"https:\/\/dlvradio.es\/en\/wp-json\/wp\/v2\/media\/70638"}],"wp:attachment":[{"href":"https:\/\/dlvradio.es\/en\/wp-json\/wp\/v2\/media?parent=70715"}],"wp:term":[{"taxonomy":"category","embeddable":true,"href":"https:\/\/dlvradio.es\/en\/wp-json\/wp\/v2\/categories?post=70715"},{"taxonomy":"post_tag","embeddable":true,"href":"https:\/\/dlvradio.es\/en\/wp-json\/wp\/v2\/tags?post=70715"}],"curies":[{"name":"wp","href":"https:\/\/api.w.org\/{rel}","templated":true}]}}