{"id":70732,"date":"2021-09-02T17:08:12","date_gmt":"2021-09-02T15:08:12","guid":{"rendered":"https:\/\/dlvradio.es\/convocada-una-gran-manifestacion-por-el-mar-menor-en-murcia\/"},"modified":"2021-09-02T17:08:12","modified_gmt":"2021-09-02T15:08:12","slug":"convocada-una-gran-manifestacion-por-el-mar-menor-en-murcia","status":"publish","type":"post","link":"https:\/\/dlvradio.es\/en\/convocada-una-gran-manifestacion-por-el-mar-menor-en-murcia\/","title":{"rendered":"Convocada una gran manifestaci\u00f3n por el Mar Menor en Murcia"},"content":{"rendered":"<h6><img fetchpriority=\"high\" decoding=\"async\" class=\"alignleft wp-image-7492 size-medium\" src=\"https:\/\/dlvradio.es\/wp-content\/uploads\/2021\/09\/cartel-manifestacion-mar-menor-7-octubre-300x443-1-203x300.jpg\" alt=\"\" width=\"203\" height=\"300\" \/>Se convoca una gran manifestaci\u00f3n por el Mar Menor en Murcia<\/h6>\n<ul>\n<li>Varias organizaciones en lucha por el mal estado del Mar Menor convocan una protesta en Murcia el 7 de octubre.<\/li>\n<li>El recorrido ir\u00e1 desde la Consejer\u00eda de Agua, Agricultura, Ganader\u00eda, Pesca y Medio Ambiente hasta la sede del Gobierno regional en San Esteban.<\/li>\n<li>Las organizaciones quieren mostrar as\u00ed su desacuerdo con la mala gesti\u00f3n llevada a cabo por la Consejer\u00eda con la mayor\u00eda de las competencias y por el ejecutivo regional.<\/li>\n<li>Los convocantes solicitan el apoyo y adhesi\u00f3n de la ciudadan\u00eda y las organizaciones sociales para exigir soluciones reales ya.<\/li>\n<\/ul>\n<p>Diversas organizaciones que trabajan por la protecci\u00f3n y recuperaci\u00f3n del Mar Menor, entre las que se cuenta Ecologistas en Acci\u00f3n, han presentado en rueda de prensa la convocatoria de una manifestaci\u00f3n el d\u00eda 7 de octubre, a las 20:00 horas, en Murcia.<\/p>\n<p>Pretenden que sea una convocatoria multitudinaria, apoyada por decenas de organizaciones sociales y ambientales, y a la que asista un gran n\u00famero de personas preocupadas por la situaci\u00f3n cr\u00edtica de la laguna salada, fruto principalmente de la p\u00e9sima gesti\u00f3n del Gobierno regional.<\/p>\n<p>As\u00ed, han anunciado que el recorrido se realizar\u00e1 desde la sede de la Consejer\u00eda que ostenta la mayor parte de las competencias necesarias para revertir la situaci\u00f3n, la Consejer\u00eda de Agua, Agricultura, Ganader\u00eda, Pesca y Medio Ambiente, y concluir\u00e1 en la sede del Gobierno regional, en San Esteban, ya que el ejecutivo ha demostrado su incapacidad para reaccionar ante la crisis, empe\u00f1\u00e1ndose en proponer parches cosm\u00e9ticos, algunos de los cuales incluso empeorar\u00edan la degradaci\u00f3n del ecosistema que sufre la laguna salada.<\/p>\n<p>Las organizaciones convocantes han mostrado su preocupaci\u00f3n e indignaci\u00f3n por el lamentable estado del Mar Menor, as\u00ed como por las consecuencias sociales y econ\u00f3micas que ya est\u00e1 teniendo esta crisis ambiental. Acusan al Gobierno regional de permitir al sector agroindustrial contaminar el acu\u00edfero y el Mar Menor con sus abonos y agroqu\u00edmicos, y por no tener ninguna iniciativa propia encaminada a resolver la situaci\u00f3n.<\/p>\n<p>Para terminar, han anunciado que buscar\u00e1n el apoyo y adhesi\u00f3n de otras organizaciones sociales y ambientales. Muchas ya han empezado a ofrecer su apoyo y colaboraci\u00f3n para que el 7 de octubre en Murcia se escuche alta y clara la voluntad de la ciudadan\u00eda, que demanda soluciones eficaces y urgentes para volver a disfrutar de un Mar Menor vivo.<\/p>\n<p><strong>Lista de las organizaciones convocantes<\/strong>:<\/p>\n<p>Pacto por el Mar Menor<\/p>\n<p>Asociaci\u00f3n de Naturalistas del Sureste (ANSE)<\/p>\n<p>Federaci\u00f3n de Asociaciones de Vecinos de Cartagena y Comarca (FAVCAC)<\/p>\n<p>Ecologistas en Acci\u00f3n<\/p>\n<p>Asociaci\u00f3n para el Desarrollo Pesquero del Mar Menor y su Entorno (ADEPEM)<\/p>\n<p>Grupo ILP Mar Menor<\/p>\n<p>Colectivo Banderas Negras<\/p>\n<p>Colectivo SOS Mar Menor<\/p>\n<p>Por un Mar Menor Vivo<\/p>","protected":false},"excerpt":{"rendered":"<p>Se convoca una gran manifestaci\u00f3n por el Mar Menor en Murcia Varias organizaciones en lucha por el mal estado del Mar Menor convocan una protesta en Murcia el 7 de octubre. El recorrido ir\u00e1 desde la Consejer\u00eda de Agua, Agricultura, Ganader\u00eda, Pesca y Medio Ambiente hasta la sede del Gobierno regional en San Esteban. Las [&hellip;]<\/p>\n","protected":false},"author":4,"featured_media":70733,"comment_status":"open","ping_status":"open","sticky":false,"template":"","format":"standard","meta":{"_acf_changed":false,"footnotes":""},"categories":[2711,2465],"tags":[2478,2466],"class_list":["post-70732","post","type-post","status-publish","format-standard","has-post-thumbnail","hentry","category-emergencia-climatica","category-informativos","tag-ecologia","tag-espana"],"acf":[],"yoast_head":"<!-- This site is optimized with the Yoast SEO plugin v27.4 - https:\/\/yoast.com\/product\/yoast-seo-wordpress\/ -->\n<title>Convocada una gran manifestaci\u00f3n por el Mar Menor en Murcia - DLVRADIO<\/title>\n<meta name=\"description\" content=\"Se convoca una gran manifestaci\u00f3n por el Mar Menor en Murcia Varias organizaciones en lucha por el mal estado del Mar Menor convocan una protesta en\" \/>\n<meta name=\"robots\" content=\"index, follow, max-snippet:-1, max-image-preview:large, max-video-preview:-1\" \/>\n<link rel=\"canonical\" href=\"https:\/\/dlvradio.es\/en\/convocada-una-gran-manifestacion-por-el-mar-menor-en-murcia\/\" \/>\n<meta property=\"og:locale\" content=\"en_US\" \/>\n<meta property=\"og:type\" content=\"article\" \/>\n<meta property=\"og:title\" content=\"Convocada una gran manifestaci\u00f3n por el Mar Menor en Murcia - DLVRADIO\" \/>\n<meta property=\"og:description\" content=\"Se convoca una gran manifestaci\u00f3n por el Mar Menor en Murcia Varias organizaciones en lucha por el mal estado del Mar Menor convocan una protesta en\" \/>\n<meta property=\"og:url\" content=\"https:\/\/dlvradio.es\/en\/convocada-una-gran-manifestacion-por-el-mar-menor-en-murcia\/\" \/>\n<meta property=\"og:site_name\" content=\"DLVRADIO\" \/>\n<meta property=\"article:publisher\" content=\"https:\/\/www.facebook.com\/RadioDLVradio\/\" \/>\n<meta property=\"article:published_time\" content=\"2021-09-02T15:08:12+00:00\" \/>\n<meta property=\"og:image\" content=\"https:\/\/dlvradio.es\/wp-content\/uploads\/2021\/09\/cartel-manifestacion-mar-menor-7-octubre-300x443-1.jpg\" \/>\n\t<meta property=\"og:image:width\" content=\"300\" \/>\n\t<meta property=\"og:image:height\" content=\"443\" \/>\n\t<meta property=\"og:image:type\" content=\"image\/jpeg\" \/>\n<meta name=\"author\" content=\"DLV RADIO\" \/>\n<meta name=\"twitter:card\" content=\"summary_large_image\" \/>\n<meta name=\"twitter:creator\" content=\"@RadioDlvradio\" \/>\n<meta name=\"twitter:site\" content=\"@RadioDlvradio\" \/>\n<script type=\"application\/ld+json\" class=\"yoast-schema-graph\">{\"@context\":\"https:\\\/\\\/schema.org\",\"@graph\":[{\"@type\":\"Article\",\"@id\":\"https:\\\/\\\/dlvradio.es\\\/convocada-una-gran-manifestacion-por-el-mar-menor-en-murcia\\\/#article\",\"isPartOf\":{\"@id\":\"https:\\\/\\\/dlvradio.es\\\/convocada-una-gran-manifestacion-por-el-mar-menor-en-murcia\\\/\"},\"author\":{\"name\":\"DLV RADIO\",\"@id\":\"https:\\\/\\\/dlvradio.es\\\/#\\\/schema\\\/person\\\/7d533f9f89b13e3a3f2ba7f67d6412de\"},\"headline\":\"Convocada una gran manifestaci\u00f3n por el Mar Menor en Murcia\",\"datePublished\":\"2021-09-02T15:08:12+00:00\",\"mainEntityOfPage\":{\"@id\":\"https:\\\/\\\/dlvradio.es\\\/convocada-una-gran-manifestacion-por-el-mar-menor-en-murcia\\\/\"},\"wordCount\":493,\"commentCount\":0,\"publisher\":{\"@id\":\"https:\\\/\\\/dlvradio.es\\\/#organization\"},\"image\":{\"@id\":\"https:\\\/\\\/dlvradio.es\\\/convocada-una-gran-manifestacion-por-el-mar-menor-en-murcia\\\/#primaryimage\"},\"thumbnailUrl\":\"https:\\\/\\\/dlvradio.es\\\/wp-content\\\/uploads\\\/2021\\\/09\\\/cartel-manifestacion-mar-menor-7-octubre-300x443-1.jpg\",\"keywords\":[\"ecolog\u00eda\",\"Espa\u00f1a\"],\"articleSection\":[\"Emergencia clim\u00e1tica\",\"Informativos\"],\"inLanguage\":\"en-US\"},{\"@type\":\"WebPage\",\"@id\":\"https:\\\/\\\/dlvradio.es\\\/convocada-una-gran-manifestacion-por-el-mar-menor-en-murcia\\\/\",\"url\":\"https:\\\/\\\/dlvradio.es\\\/convocada-una-gran-manifestacion-por-el-mar-menor-en-murcia\\\/\",\"name\":\"Convocada una gran manifestaci\u00f3n por el Mar Menor en Murcia - DLVRADIO\",\"isPartOf\":{\"@id\":\"https:\\\/\\\/dlvradio.es\\\/#website\"},\"primaryImageOfPage\":{\"@id\":\"https:\\\/\\\/dlvradio.es\\\/convocada-una-gran-manifestacion-por-el-mar-menor-en-murcia\\\/#primaryimage\"},\"image\":{\"@id\":\"https:\\\/\\\/dlvradio.es\\\/convocada-una-gran-manifestacion-por-el-mar-menor-en-murcia\\\/#primaryimage\"},\"thumbnailUrl\":\"https:\\\/\\\/dlvradio.es\\\/wp-content\\\/uploads\\\/2021\\\/09\\\/cartel-manifestacion-mar-menor-7-octubre-300x443-1.jpg\",\"datePublished\":\"2021-09-02T15:08:12+00:00\",\"description\":\"Se convoca una gran manifestaci\u00f3n por el Mar Menor en Murcia Varias organizaciones en lucha por el mal estado del Mar Menor convocan una protesta en\",\"breadcrumb\":{\"@id\":\"https:\\\/\\\/dlvradio.es\\\/convocada-una-gran-manifestacion-por-el-mar-menor-en-murcia\\\/#breadcrumb\"},\"inLanguage\":\"en-US\",\"potentialAction\":[{\"@type\":\"ReadAction\",\"target\":[\"https:\\\/\\\/dlvradio.es\\\/convocada-una-gran-manifestacion-por-el-mar-menor-en-murcia\\\/\"]}]},{\"@type\":\"ImageObject\",\"inLanguage\":\"en-US\",\"@id\":\"https:\\\/\\\/dlvradio.es\\\/convocada-una-gran-manifestacion-por-el-mar-menor-en-murcia\\\/#primaryimage\",\"url\":\"https:\\\/\\\/dlvradio.es\\\/wp-content\\\/uploads\\\/2021\\\/09\\\/cartel-manifestacion-mar-menor-7-octubre-300x443-1.jpg\",\"contentUrl\":\"https:\\\/\\\/dlvradio.es\\\/wp-content\\\/uploads\\\/2021\\\/09\\\/cartel-manifestacion-mar-menor-7-octubre-300x443-1.jpg\",\"width\":300,\"height\":443,\"caption\":\"cartel-manifestacion-mar-menor-7-octubre-300x443\"},{\"@type\":\"BreadcrumbList\",\"@id\":\"https:\\\/\\\/dlvradio.es\\\/convocada-una-gran-manifestacion-por-el-mar-menor-en-murcia\\\/#breadcrumb\",\"itemListElement\":[{\"@type\":\"ListItem\",\"position\":1,\"name\":\"Inicio\",\"item\":\"https:\\\/\\\/dlvradio.es\\\/\"},{\"@type\":\"ListItem\",\"position\":2,\"name\":\"Convocada una gran manifestaci\u00f3n por el Mar Menor en Murcia\"}]},{\"@type\":\"WebSite\",\"@id\":\"https:\\\/\\\/dlvradio.es\\\/#website\",\"url\":\"https:\\\/\\\/dlvradio.es\\\/\",\"name\":\"DLVRADIO\",\"description\":\"Somos un medio de comunicaci\u00f3n alternativo a los medios tradicionales\",\"publisher\":{\"@id\":\"https:\\\/\\\/dlvradio.es\\\/#organization\"},\"potentialAction\":[{\"@type\":\"SearchAction\",\"target\":{\"@type\":\"EntryPoint\",\"urlTemplate\":\"https:\\\/\\\/dlvradio.es\\\/?s={search_term_string}\"},\"query-input\":{\"@type\":\"PropertyValueSpecification\",\"valueRequired\":true,\"valueName\":\"search_term_string\"}}],\"inLanguage\":\"en-US\"},{\"@type\":\"Organization\",\"@id\":\"https:\\\/\\\/dlvradio.es\\\/#organization\",\"name\":\"DLVRADIO\",\"url\":\"https:\\\/\\\/dlvradio.es\\\/\",\"logo\":{\"@type\":\"ImageObject\",\"inLanguage\":\"en-US\",\"@id\":\"https:\\\/\\\/dlvradio.es\\\/#\\\/schema\\\/logo\\\/image\\\/\",\"url\":\"\",\"contentUrl\":\"\",\"caption\":\"DLVRADIO\"},\"image\":{\"@id\":\"https:\\\/\\\/dlvradio.es\\\/#\\\/schema\\\/logo\\\/image\\\/\"},\"sameAs\":[\"https:\\\/\\\/www.facebook.com\\\/RadioDLVradio\\\/\",\"https:\\\/\\\/x.com\\\/RadioDlvradio\",\"https:\\\/\\\/www.instagram.com\\\/radiodlvradio\\\/\"]},{\"@type\":\"Person\",\"@id\":\"https:\\\/\\\/dlvradio.es\\\/#\\\/schema\\\/person\\\/7d533f9f89b13e3a3f2ba7f67d6412de\",\"name\":\"DLV RADIO\",\"sameAs\":[\"https:\\\/\\\/dlvradio.es\"]}]}<\/script>\n<!-- \/ Yoast SEO plugin. -->","yoast_head_json":{"title":"Convocada una gran manifestaci\u00f3n por el Mar Menor en Murcia - DLVRADIO","description":"Se convoca una gran manifestaci\u00f3n por el Mar Menor en Murcia Varias organizaciones en lucha por el mal estado del Mar Menor convocan una protesta en","robots":{"index":"index","follow":"follow","max-snippet":"max-snippet:-1","max-image-preview":"max-image-preview:large","max-video-preview":"max-video-preview:-1"},"canonical":"https:\/\/dlvradio.es\/en\/convocada-una-gran-manifestacion-por-el-mar-menor-en-murcia\/","og_locale":"en_US","og_type":"article","og_title":"Convocada una gran manifestaci\u00f3n por el Mar Menor en Murcia - DLVRADIO","og_description":"Se convoca una gran manifestaci\u00f3n por el Mar Menor en Murcia Varias organizaciones en lucha por el mal estado del Mar Menor convocan una protesta en","og_url":"https:\/\/dlvradio.es\/en\/convocada-una-gran-manifestacion-por-el-mar-menor-en-murcia\/","og_site_name":"DLVRADIO","article_publisher":"https:\/\/www.facebook.com\/RadioDLVradio\/","article_published_time":"2021-09-02T15:08:12+00:00","og_image":[{"width":300,"height":443,"url":"https:\/\/dlvradio.es\/wp-content\/uploads\/2021\/09\/cartel-manifestacion-mar-menor-7-octubre-300x443-1.jpg","type":"image\/jpeg"}],"author":"DLV RADIO","twitter_card":"summary_large_image","twitter_creator":"@RadioDlvradio","twitter_site":"@RadioDlvradio","schema":{"@context":"https:\/\/schema.org","@graph":[{"@type":"Article","@id":"https:\/\/dlvradio.es\/convocada-una-gran-manifestacion-por-el-mar-menor-en-murcia\/#article","isPartOf":{"@id":"https:\/\/dlvradio.es\/convocada-una-gran-manifestacion-por-el-mar-menor-en-murcia\/"},"author":{"name":"DLV RADIO","@id":"https:\/\/dlvradio.es\/#\/schema\/person\/7d533f9f89b13e3a3f2ba7f67d6412de"},"headline":"Convocada una gran manifestaci\u00f3n por el Mar Menor en Murcia","datePublished":"2021-09-02T15:08:12+00:00","mainEntityOfPage":{"@id":"https:\/\/dlvradio.es\/convocada-una-gran-manifestacion-por-el-mar-menor-en-murcia\/"},"wordCount":493,"commentCount":0,"publisher":{"@id":"https:\/\/dlvradio.es\/#organization"},"image":{"@id":"https:\/\/dlvradio.es\/convocada-una-gran-manifestacion-por-el-mar-menor-en-murcia\/#primaryimage"},"thumbnailUrl":"https:\/\/dlvradio.es\/wp-content\/uploads\/2021\/09\/cartel-manifestacion-mar-menor-7-octubre-300x443-1.jpg","keywords":["ecolog\u00eda","Espa\u00f1a"],"articleSection":["Emergencia clim\u00e1tica","Informativos"],"inLanguage":"en-US"},{"@type":"WebPage","@id":"https:\/\/dlvradio.es\/convocada-una-gran-manifestacion-por-el-mar-menor-en-murcia\/","url":"https:\/\/dlvradio.es\/convocada-una-gran-manifestacion-por-el-mar-menor-en-murcia\/","name":"Convocada una gran manifestaci\u00f3n por el Mar Menor en Murcia - DLVRADIO","isPartOf":{"@id":"https:\/\/dlvradio.es\/#website"},"primaryImageOfPage":{"@id":"https:\/\/dlvradio.es\/convocada-una-gran-manifestacion-por-el-mar-menor-en-murcia\/#primaryimage"},"image":{"@id":"https:\/\/dlvradio.es\/convocada-una-gran-manifestacion-por-el-mar-menor-en-murcia\/#primaryimage"},"thumbnailUrl":"https:\/\/dlvradio.es\/wp-content\/uploads\/2021\/09\/cartel-manifestacion-mar-menor-7-octubre-300x443-1.jpg","datePublished":"2021-09-02T15:08:12+00:00","description":"Se convoca una gran manifestaci\u00f3n por el Mar Menor en Murcia Varias organizaciones en lucha por el mal estado del Mar Menor convocan una protesta en","breadcrumb":{"@id":"https:\/\/dlvradio.es\/convocada-una-gran-manifestacion-por-el-mar-menor-en-murcia\/#breadcrumb"},"inLanguage":"en-US","potentialAction":[{"@type":"ReadAction","target":["https:\/\/dlvradio.es\/convocada-una-gran-manifestacion-por-el-mar-menor-en-murcia\/"]}]},{"@type":"ImageObject","inLanguage":"en-US","@id":"https:\/\/dlvradio.es\/convocada-una-gran-manifestacion-por-el-mar-menor-en-murcia\/#primaryimage","url":"https:\/\/dlvradio.es\/wp-content\/uploads\/2021\/09\/cartel-manifestacion-mar-menor-7-octubre-300x443-1.jpg","contentUrl":"https:\/\/dlvradio.es\/wp-content\/uploads\/2021\/09\/cartel-manifestacion-mar-menor-7-octubre-300x443-1.jpg","width":300,"height":443,"caption":"cartel-manifestacion-mar-menor-7-octubre-300x443"},{"@type":"BreadcrumbList","@id":"https:\/\/dlvradio.es\/convocada-una-gran-manifestacion-por-el-mar-menor-en-murcia\/#breadcrumb","itemListElement":[{"@type":"ListItem","position":1,"name":"Inicio","item":"https:\/\/dlvradio.es\/"},{"@type":"ListItem","position":2,"name":"Convocada una gran manifestaci\u00f3n por el Mar Menor en Murcia"}]},{"@type":"WebSite","@id":"https:\/\/dlvradio.es\/#website","url":"https:\/\/dlvradio.es\/","name":"DLVRADIO","description":"We are an alternative media to traditional media","publisher":{"@id":"https:\/\/dlvradio.es\/#organization"},"potentialAction":[{"@type":"SearchAction","target":{"@type":"EntryPoint","urlTemplate":"https:\/\/dlvradio.es\/?s={search_term_string}"},"query-input":{"@type":"PropertyValueSpecification","valueRequired":true,"valueName":"search_term_string"}}],"inLanguage":"en-US"},{"@type":"Organization","@id":"https:\/\/dlvradio.es\/#organization","name":"DLVRADIO","url":"https:\/\/dlvradio.es\/","logo":{"@type":"ImageObject","inLanguage":"en-US","@id":"https:\/\/dlvradio.es\/#\/schema\/logo\/image\/","url":"","contentUrl":"","caption":"DLVRADIO"},"image":{"@id":"https:\/\/dlvradio.es\/#\/schema\/logo\/image\/"},"sameAs":["https:\/\/www.facebook.com\/RadioDLVradio\/","https:\/\/x.com\/RadioDlvradio","https:\/\/www.instagram.com\/radiodlvradio\/"]},{"@type":"Person","@id":"https:\/\/dlvradio.es\/#\/schema\/person\/7d533f9f89b13e3a3f2ba7f67d6412de","name":"DLV RADIO","sameAs":["https:\/\/dlvradio.es"]}]}},"_links":{"self":[{"href":"https:\/\/dlvradio.es\/en\/wp-json\/wp\/v2\/posts\/70732","targetHints":{"allow":["GET"]}}],"collection":[{"href":"https:\/\/dlvradio.es\/en\/wp-json\/wp\/v2\/posts"}],"about":[{"href":"https:\/\/dlvradio.es\/en\/wp-json\/wp\/v2\/types\/post"}],"author":[{"embeddable":true,"href":"https:\/\/dlvradio.es\/en\/wp-json\/wp\/v2\/users\/4"}],"replies":[{"embeddable":true,"href":"https:\/\/dlvradio.es\/en\/wp-json\/wp\/v2\/comments?post=70732"}],"version-history":[{"count":0,"href":"https:\/\/dlvradio.es\/en\/wp-json\/wp\/v2\/posts\/70732\/revisions"}],"wp:featuredmedia":[{"embeddable":true,"href":"https:\/\/dlvradio.es\/en\/wp-json\/wp\/v2\/media\/70733"}],"wp:attachment":[{"href":"https:\/\/dlvradio.es\/en\/wp-json\/wp\/v2\/media?parent=70732"}],"wp:term":[{"taxonomy":"category","embeddable":true,"href":"https:\/\/dlvradio.es\/en\/wp-json\/wp\/v2\/categories?post=70732"},{"taxonomy":"post_tag","embeddable":true,"href":"https:\/\/dlvradio.es\/en\/wp-json\/wp\/v2\/tags?post=70732"}],"curies":[{"name":"wp","href":"https:\/\/api.w.org\/{rel}","templated":true}]}}