{"id":70771,"date":"2021-09-23T14:19:43","date_gmt":"2021-09-23T12:19:43","guid":{"rendered":"https:\/\/dlvradio.es\/las-recientes-lluvias-en-el-mar-menor-demuestran-que-las-medidas-en-origen-y-basadas-en-la-naturaleza-son-necesarias\/"},"modified":"2021-09-23T14:19:43","modified_gmt":"2021-09-23T12:19:43","slug":"las-recientes-lluvias-en-el-mar-menor-demuestran-que-las-medidas-en-origen-y-basadas-en-la-naturaleza-son-necesarias","status":"publish","type":"post","link":"https:\/\/dlvradio.es\/en\/las-recientes-lluvias-en-el-mar-menor-demuestran-que-las-medidas-en-origen-y-basadas-en-la-naturaleza-son-necesarias\/","title":{"rendered":"Las recientes lluvias en el Mar Menor demuestran que las medidas en origen y basadas en la naturaleza son necesarias"},"content":{"rendered":"<h6><strong><img decoding=\"async\" class=\"alignleft wp-image-7206 size-thumbnail\" src=\"https:\/\/dlvradio.es\/wp-content\/uploads\/2021\/07\/Ecolo-150x150.jpg\" alt=\"\" width=\"150\" height=\"150\" \/>Las recientes lluvias en el Mar Menor demuestran que las medidas en origen y basadas en la naturaleza son necesarias<\/strong><\/h6>\n<ul>\n<li>Ecologistas en Acci\u00f3n recuerda que, de haber conservado parte del paisaje anterior, las escorrent\u00edas al Mar Menor habr\u00edan sido inferiores.<\/li>\n<li>La entrada masiva en el Mar Menor de aguas cargadas de tierras de cultivo y abonos muestra que es necesario aplicar medidas de retenci\u00f3n y conservaci\u00f3n de suelos y nutrientes.<\/li>\n<li>Una medida cara y mal enfocada como el Colector Norte no ser\u00e1 eficaz contra la llegada de toneladas de sedimentos y materia org\u00e1nica arrastrados por las precipitaciones hasta la laguna.<\/li>\n<li>La organizaci\u00f3n ecologista insiste en combinar una franja renaturalizada perimetral, que recupere vegetaci\u00f3n natural y respete zonas de inundaci\u00f3n, con otras medidas que favorezcan la retenci\u00f3n de suelos y eliminaci\u00f3n de nutrientes a nivel de parcela, basadas en la naturaleza.<\/li>\n<\/ul>\n<p>Ecologistas en Acci\u00f3n ha resaltado el hecho de que las recientes lluvias han demostrado, con apenas unas precipitaciones moderadas, las consecuencias negativas de la transformaci\u00f3n agr\u00edcola del Campo de Cartagena, que ha pasado de un paisaje de cultivos de secano aterrazados, con sistemas de retenci\u00f3n de suelos y agua, a un paisaje dominado por enormes extensiones de monocultivos, con t\u00e9cnicas encaminadas a drenar los terrenos lo antes posible y, por tanto, f\u00e1cilmente erosionables.<\/p>\n<p>Este cambio de paisaje, junto con el uso intensivo de fertilizantes y qu\u00edmicos agr\u00edcolas, tiene consecuencias muy visibles para el ecosistema del Mar Menor. La comunidad cient\u00edfica y las organizaciones ecologistas lo advierten desde hace d\u00e9cadas. Sin embargo, las administraciones no han actuado para regular la actividad y prevenir estas consecuencias.<\/p>\n<p>Aumento de las escorrent\u00edas<\/p>\n<p>Adem\u00e1s de ser algo totalmente visible, est\u00e1 m\u00e1s que probado por la ciencia que las precipitaciones causan una mayor o menor escorrent\u00eda dependiendo del tipo de suelo, el relieve, los usos del suelo y el tipo de pr\u00e1cticas agr\u00edcolas en caso de estar dedicado al cultivo.<\/p>\n<p>Un paisaje con cultivos de secano maximiza el agua utilizando t\u00e9cnicas como aterrazados, ya que manteniendo el nivel de cada terraza se propicia la infiltraci\u00f3n de la lluvia y la retenci\u00f3n del suelo, en especial la capa superior m\u00e1s f\u00e9rtil. Adem\u00e1s, entre terrazas escalonadas a distinto nivel suelen existir canalizaciones que recogen las eventuales aguas sobrantes, o alternativamente franjas de vegetaci\u00f3n que promueven la biodiversidad.<\/p>\n<p>Un paisaje con cultivos en regad\u00edo industrial, en base a la eficiencia, impondr\u00e1 un monocultivo en grandes extensiones, de manera que rentabiliza al m\u00e1ximo el uso de maquinaria y agroqu\u00edmicos (fertilizantes y fitosanitarios). El agua de lluvia no es bienvenida en estos sistemas intensivos y se prioriza su evacuaci\u00f3n r\u00e1pida para evitar encharcamientos que malogren el cultivo, en muchos casos derivando esos caudales a canales de drenaje y a las propias ramblas.<\/p>\n<p>Por eso actualmente en la comarca que circunda el Mar Menor, estos episodios de lluvias que antes eran inocuas para el medio ambiente y la poblaci\u00f3n ribere\u00f1a, ahora generan grandes escorrent\u00edas y problemas de inundaciones, sin olvidar el papel de la ocupaci\u00f3n de zonas inundables e impermeabilizaci\u00f3n de extensas \u00e1reas por ocupaci\u00f3n urbana e industrial.<\/p>\n<p>Las lluvias arrastran m\u00e1s tierras de cultivo junto a los abonos y qu\u00edmicos que contienen<\/p>\n<p>El regad\u00edo intensivo industrial utiliza una cantidad importante de fertilizantes, aportados con riegos por goteo (fertirrigaci\u00f3n). Acondiciona los terrenos previamente a la plantaci\u00f3n con toneladas de esti\u00e9rcol y labores que mullen el suelo, destruyendo su estructura para facilitar el crecimiento de las ra\u00edces.<\/p>\n<p>Aun calculando las necesidades de cada cultivo y ajustando los abonados, parte de esos fertilizantes escapan en profundidad junto al agua, y m\u00e1s cuando hay eventos de lluvias, los cuales contaminan las aguas subterr\u00e1neas. A esto se suma que, sin t\u00e9cnicas de retenci\u00f3n de escorrent\u00edas, la capa superficial de suelo es f\u00e1cilmente erosionable y arrastrada.<\/p>\n<p>El resultado final es que con la transformaci\u00f3n de secano a regad\u00edo:<\/p>\n<p>\u2013 Aumentan las escorrent\u00edas: mayores inundaciones y poder de erosi\u00f3n a igual precipitaci\u00f3n.<\/p>\n<p>\u2013 Aumenta la erosi\u00f3n y p\u00e9rdida de suelo f\u00e9rtil: m\u00e1s arrastres por disminuci\u00f3n de la capacidad de retenci\u00f3n que ejerce una cubierta vegetal y una nivelaci\u00f3n con escasa pendiente.<\/p>\n<p>\u2013 El Mar Menor recibe m\u00e1s sedimentos (materia org\u00e1nica y f\u00f3sforo) y m\u00e1s nutrientes solubles (nitratos): se produce colmataci\u00f3n y eutrofizaci\u00f3n.<\/p>\n<p>Ante este panorama, las car\u00edsimas infraestructuras de cemento y tuber\u00edas ideadas para recoger los drenajes agr\u00edcolas son ineficaces, especialmente en situaciones de lluvia.<\/p>\n<p>Por ello, Ecologistas en Acci\u00f3n recuerda que existe un amplio consenso cient\u00edfico en que las medidas para salvar el Mar Menor deben ser en origen (transformaci\u00f3n del modelo agr\u00edcola) y que las soluciones basadas en la naturaleza son m\u00e1s eficaces, con mejor relaci\u00f3n coste\/eficacia, m\u00e1s duraderas y porque aportan beneficios extra sobre la biodiversidad, la recuperaci\u00f3n del paisaje o la salud humana.<\/p>\n<p>As\u00ed, Ecologistas en Acci\u00f3n ha insistido en que es necesario combinar las medidas en origen en el Campo de Cartagena con la franja renaturalizada propuesta por la organizaci\u00f3n ecologista, que sirva de barrera final y lamine escorrent\u00edas, permitiendo retener sedimentos y eliminar nutrientes.<\/p>","protected":false},"excerpt":{"rendered":"<p>Las recientes lluvias en el Mar Menor demuestran que las medidas en origen y basadas en la naturaleza son necesarias Ecologistas en Acci\u00f3n recuerda que, de haber conservado parte del paisaje anterior, las escorrent\u00edas al Mar Menor habr\u00edan sido inferiores. La entrada masiva en el Mar Menor de aguas cargadas de tierras de cultivo y [&hellip;]<\/p>\n","protected":false},"author":4,"featured_media":70651,"comment_status":"open","ping_status":"open","sticky":false,"template":"","format":"standard","meta":{"_acf_changed":false,"footnotes":""},"categories":[2711,2465],"tags":[2478,2466],"class_list":["post-70771","post","type-post","status-publish","format-standard","has-post-thumbnail","hentry","category-emergencia-climatica","category-informativos","tag-ecologia","tag-espana"],"acf":[],"yoast_head":"<!-- This site is optimized with the Yoast SEO plugin v27.4 - https:\/\/yoast.com\/product\/yoast-seo-wordpress\/ -->\n<title>Las recientes lluvias en el Mar Menor demuestran que las medidas en origen y basadas en la naturaleza son necesarias - DLVRADIO<\/title>\n<meta name=\"description\" content=\"Las recientes lluvias en el Mar Menor demuestran que las medidas en origen y basadas en la naturaleza son necesarias Ecologistas en Acci\u00f3n recuerda que,\" \/>\n<meta name=\"robots\" content=\"index, follow, max-snippet:-1, max-image-preview:large, max-video-preview:-1\" \/>\n<link rel=\"canonical\" href=\"https:\/\/dlvradio.es\/en\/las-recientes-lluvias-en-el-mar-menor-demuestran-que-las-medidas-en-origen-y-basadas-en-la-naturaleza-son-necesarias\/\" \/>\n<meta property=\"og:locale\" content=\"en_US\" \/>\n<meta property=\"og:type\" content=\"article\" \/>\n<meta property=\"og:title\" content=\"Las recientes lluvias en el Mar Menor demuestran que las medidas en origen y basadas en la naturaleza son necesarias - DLVRADIO\" \/>\n<meta property=\"og:description\" content=\"Las recientes lluvias en el Mar Menor demuestran que las medidas en origen y basadas en la naturaleza son necesarias Ecologistas en Acci\u00f3n recuerda que,\" \/>\n<meta property=\"og:url\" content=\"https:\/\/dlvradio.es\/en\/las-recientes-lluvias-en-el-mar-menor-demuestran-que-las-medidas-en-origen-y-basadas-en-la-naturaleza-son-necesarias\/\" \/>\n<meta property=\"og:site_name\" content=\"DLVRADIO\" \/>\n<meta property=\"article:publisher\" content=\"https:\/\/www.facebook.com\/RadioDLVradio\/\" \/>\n<meta property=\"article:published_time\" content=\"2021-09-23T12:19:43+00:00\" \/>\n<meta property=\"og:image\" content=\"https:\/\/dlvradio.es\/wp-content\/uploads\/2021\/07\/Ecolo.jpg\" \/>\n\t<meta property=\"og:image:width\" content=\"1511\" \/>\n\t<meta property=\"og:image:height\" content=\"1511\" \/>\n\t<meta property=\"og:image:type\" content=\"image\/jpeg\" \/>\n<meta name=\"author\" content=\"DLV RADIO\" \/>\n<meta name=\"twitter:card\" content=\"summary_large_image\" \/>\n<meta name=\"twitter:creator\" content=\"@RadioDlvradio\" \/>\n<meta name=\"twitter:site\" content=\"@RadioDlvradio\" \/>\n<script type=\"application\/ld+json\" class=\"yoast-schema-graph\">{\"@context\":\"https:\\\/\\\/schema.org\",\"@graph\":[{\"@type\":\"Article\",\"@id\":\"https:\\\/\\\/dlvradio.es\\\/las-recientes-lluvias-en-el-mar-menor-demuestran-que-las-medidas-en-origen-y-basadas-en-la-naturaleza-son-necesarias\\\/#article\",\"isPartOf\":{\"@id\":\"https:\\\/\\\/dlvradio.es\\\/las-recientes-lluvias-en-el-mar-menor-demuestran-que-las-medidas-en-origen-y-basadas-en-la-naturaleza-son-necesarias\\\/\"},\"author\":{\"name\":\"DLV RADIO\",\"@id\":\"https:\\\/\\\/dlvradio.es\\\/#\\\/schema\\\/person\\\/7d533f9f89b13e3a3f2ba7f67d6412de\"},\"headline\":\"Las recientes lluvias en el Mar Menor demuestran que las medidas en origen y basadas en la naturaleza son necesarias\",\"datePublished\":\"2021-09-23T12:19:43+00:00\",\"mainEntityOfPage\":{\"@id\":\"https:\\\/\\\/dlvradio.es\\\/las-recientes-lluvias-en-el-mar-menor-demuestran-que-las-medidas-en-origen-y-basadas-en-la-naturaleza-son-necesarias\\\/\"},\"wordCount\":930,\"commentCount\":0,\"publisher\":{\"@id\":\"https:\\\/\\\/dlvradio.es\\\/#organization\"},\"image\":{\"@id\":\"https:\\\/\\\/dlvradio.es\\\/las-recientes-lluvias-en-el-mar-menor-demuestran-que-las-medidas-en-origen-y-basadas-en-la-naturaleza-son-necesarias\\\/#primaryimage\"},\"thumbnailUrl\":\"https:\\\/\\\/dlvradio.es\\\/wp-content\\\/uploads\\\/2021\\\/07\\\/Ecolo.jpg\",\"keywords\":[\"ecolog\u00eda\",\"Espa\u00f1a\"],\"articleSection\":[\"Emergencia clim\u00e1tica\",\"Informativos\"],\"inLanguage\":\"en-US\"},{\"@type\":\"WebPage\",\"@id\":\"https:\\\/\\\/dlvradio.es\\\/las-recientes-lluvias-en-el-mar-menor-demuestran-que-las-medidas-en-origen-y-basadas-en-la-naturaleza-son-necesarias\\\/\",\"url\":\"https:\\\/\\\/dlvradio.es\\\/las-recientes-lluvias-en-el-mar-menor-demuestran-que-las-medidas-en-origen-y-basadas-en-la-naturaleza-son-necesarias\\\/\",\"name\":\"Las recientes lluvias en el Mar Menor demuestran que las medidas en origen y basadas en la naturaleza son necesarias - DLVRADIO\",\"isPartOf\":{\"@id\":\"https:\\\/\\\/dlvradio.es\\\/#website\"},\"primaryImageOfPage\":{\"@id\":\"https:\\\/\\\/dlvradio.es\\\/las-recientes-lluvias-en-el-mar-menor-demuestran-que-las-medidas-en-origen-y-basadas-en-la-naturaleza-son-necesarias\\\/#primaryimage\"},\"image\":{\"@id\":\"https:\\\/\\\/dlvradio.es\\\/las-recientes-lluvias-en-el-mar-menor-demuestran-que-las-medidas-en-origen-y-basadas-en-la-naturaleza-son-necesarias\\\/#primaryimage\"},\"thumbnailUrl\":\"https:\\\/\\\/dlvradio.es\\\/wp-content\\\/uploads\\\/2021\\\/07\\\/Ecolo.jpg\",\"datePublished\":\"2021-09-23T12:19:43+00:00\",\"description\":\"Las recientes lluvias en el Mar Menor demuestran que las medidas en origen y basadas en la naturaleza son necesarias Ecologistas en Acci\u00f3n recuerda que,\",\"breadcrumb\":{\"@id\":\"https:\\\/\\\/dlvradio.es\\\/las-recientes-lluvias-en-el-mar-menor-demuestran-que-las-medidas-en-origen-y-basadas-en-la-naturaleza-son-necesarias\\\/#breadcrumb\"},\"inLanguage\":\"en-US\",\"potentialAction\":[{\"@type\":\"ReadAction\",\"target\":[\"https:\\\/\\\/dlvradio.es\\\/las-recientes-lluvias-en-el-mar-menor-demuestran-que-las-medidas-en-origen-y-basadas-en-la-naturaleza-son-necesarias\\\/\"]}]},{\"@type\":\"ImageObject\",\"inLanguage\":\"en-US\",\"@id\":\"https:\\\/\\\/dlvradio.es\\\/las-recientes-lluvias-en-el-mar-menor-demuestran-que-las-medidas-en-origen-y-basadas-en-la-naturaleza-son-necesarias\\\/#primaryimage\",\"url\":\"https:\\\/\\\/dlvradio.es\\\/wp-content\\\/uploads\\\/2021\\\/07\\\/Ecolo.jpg\",\"contentUrl\":\"https:\\\/\\\/dlvradio.es\\\/wp-content\\\/uploads\\\/2021\\\/07\\\/Ecolo.jpg\",\"width\":1511,\"height\":1511,\"caption\":\"Ecolo\"},{\"@type\":\"BreadcrumbList\",\"@id\":\"https:\\\/\\\/dlvradio.es\\\/las-recientes-lluvias-en-el-mar-menor-demuestran-que-las-medidas-en-origen-y-basadas-en-la-naturaleza-son-necesarias\\\/#breadcrumb\",\"itemListElement\":[{\"@type\":\"ListItem\",\"position\":1,\"name\":\"Inicio\",\"item\":\"https:\\\/\\\/dlvradio.es\\\/\"},{\"@type\":\"ListItem\",\"position\":2,\"name\":\"Las recientes lluvias en el Mar Menor demuestran que las medidas en origen y basadas en la naturaleza son necesarias\"}]},{\"@type\":\"WebSite\",\"@id\":\"https:\\\/\\\/dlvradio.es\\\/#website\",\"url\":\"https:\\\/\\\/dlvradio.es\\\/\",\"name\":\"DLVRADIO\",\"description\":\"Somos un medio de comunicaci\u00f3n alternativo a los medios tradicionales\",\"publisher\":{\"@id\":\"https:\\\/\\\/dlvradio.es\\\/#organization\"},\"potentialAction\":[{\"@type\":\"SearchAction\",\"target\":{\"@type\":\"EntryPoint\",\"urlTemplate\":\"https:\\\/\\\/dlvradio.es\\\/?s={search_term_string}\"},\"query-input\":{\"@type\":\"PropertyValueSpecification\",\"valueRequired\":true,\"valueName\":\"search_term_string\"}}],\"inLanguage\":\"en-US\"},{\"@type\":\"Organization\",\"@id\":\"https:\\\/\\\/dlvradio.es\\\/#organization\",\"name\":\"DLVRADIO\",\"url\":\"https:\\\/\\\/dlvradio.es\\\/\",\"logo\":{\"@type\":\"ImageObject\",\"inLanguage\":\"en-US\",\"@id\":\"https:\\\/\\\/dlvradio.es\\\/#\\\/schema\\\/logo\\\/image\\\/\",\"url\":\"\",\"contentUrl\":\"\",\"caption\":\"DLVRADIO\"},\"image\":{\"@id\":\"https:\\\/\\\/dlvradio.es\\\/#\\\/schema\\\/logo\\\/image\\\/\"},\"sameAs\":[\"https:\\\/\\\/www.facebook.com\\\/RadioDLVradio\\\/\",\"https:\\\/\\\/x.com\\\/RadioDlvradio\",\"https:\\\/\\\/www.instagram.com\\\/radiodlvradio\\\/\"]},{\"@type\":\"Person\",\"@id\":\"https:\\\/\\\/dlvradio.es\\\/#\\\/schema\\\/person\\\/7d533f9f89b13e3a3f2ba7f67d6412de\",\"name\":\"DLV RADIO\",\"sameAs\":[\"https:\\\/\\\/dlvradio.es\"]}]}<\/script>\n<!-- \/ Yoast SEO plugin. -->","yoast_head_json":{"title":"Las recientes lluvias en el Mar Menor demuestran que las medidas en origen y basadas en la naturaleza son necesarias - DLVRADIO","description":"Las recientes lluvias en el Mar Menor demuestran que las medidas en origen y basadas en la naturaleza son necesarias Ecologistas en Acci\u00f3n recuerda que,","robots":{"index":"index","follow":"follow","max-snippet":"max-snippet:-1","max-image-preview":"max-image-preview:large","max-video-preview":"max-video-preview:-1"},"canonical":"https:\/\/dlvradio.es\/en\/las-recientes-lluvias-en-el-mar-menor-demuestran-que-las-medidas-en-origen-y-basadas-en-la-naturaleza-son-necesarias\/","og_locale":"en_US","og_type":"article","og_title":"Las recientes lluvias en el Mar Menor demuestran que las medidas en origen y basadas en la naturaleza son necesarias - DLVRADIO","og_description":"Las recientes lluvias en el Mar Menor demuestran que las medidas en origen y basadas en la naturaleza son necesarias Ecologistas en Acci\u00f3n recuerda que,","og_url":"https:\/\/dlvradio.es\/en\/las-recientes-lluvias-en-el-mar-menor-demuestran-que-las-medidas-en-origen-y-basadas-en-la-naturaleza-son-necesarias\/","og_site_name":"DLVRADIO","article_publisher":"https:\/\/www.facebook.com\/RadioDLVradio\/","article_published_time":"2021-09-23T12:19:43+00:00","og_image":[{"width":1511,"height":1511,"url":"https:\/\/dlvradio.es\/wp-content\/uploads\/2021\/07\/Ecolo.jpg","type":"image\/jpeg"}],"author":"DLV RADIO","twitter_card":"summary_large_image","twitter_creator":"@RadioDlvradio","twitter_site":"@RadioDlvradio","schema":{"@context":"https:\/\/schema.org","@graph":[{"@type":"Article","@id":"https:\/\/dlvradio.es\/las-recientes-lluvias-en-el-mar-menor-demuestran-que-las-medidas-en-origen-y-basadas-en-la-naturaleza-son-necesarias\/#article","isPartOf":{"@id":"https:\/\/dlvradio.es\/las-recientes-lluvias-en-el-mar-menor-demuestran-que-las-medidas-en-origen-y-basadas-en-la-naturaleza-son-necesarias\/"},"author":{"name":"DLV RADIO","@id":"https:\/\/dlvradio.es\/#\/schema\/person\/7d533f9f89b13e3a3f2ba7f67d6412de"},"headline":"Las recientes lluvias en el Mar Menor demuestran que las medidas en origen y basadas en la naturaleza son necesarias","datePublished":"2021-09-23T12:19:43+00:00","mainEntityOfPage":{"@id":"https:\/\/dlvradio.es\/las-recientes-lluvias-en-el-mar-menor-demuestran-que-las-medidas-en-origen-y-basadas-en-la-naturaleza-son-necesarias\/"},"wordCount":930,"commentCount":0,"publisher":{"@id":"https:\/\/dlvradio.es\/#organization"},"image":{"@id":"https:\/\/dlvradio.es\/las-recientes-lluvias-en-el-mar-menor-demuestran-que-las-medidas-en-origen-y-basadas-en-la-naturaleza-son-necesarias\/#primaryimage"},"thumbnailUrl":"https:\/\/dlvradio.es\/wp-content\/uploads\/2021\/07\/Ecolo.jpg","keywords":["ecolog\u00eda","Espa\u00f1a"],"articleSection":["Emergencia clim\u00e1tica","Informativos"],"inLanguage":"en-US"},{"@type":"WebPage","@id":"https:\/\/dlvradio.es\/las-recientes-lluvias-en-el-mar-menor-demuestran-que-las-medidas-en-origen-y-basadas-en-la-naturaleza-son-necesarias\/","url":"https:\/\/dlvradio.es\/las-recientes-lluvias-en-el-mar-menor-demuestran-que-las-medidas-en-origen-y-basadas-en-la-naturaleza-son-necesarias\/","name":"Las recientes lluvias en el Mar Menor demuestran que las medidas en origen y basadas en la naturaleza son necesarias - DLVRADIO","isPartOf":{"@id":"https:\/\/dlvradio.es\/#website"},"primaryImageOfPage":{"@id":"https:\/\/dlvradio.es\/las-recientes-lluvias-en-el-mar-menor-demuestran-que-las-medidas-en-origen-y-basadas-en-la-naturaleza-son-necesarias\/#primaryimage"},"image":{"@id":"https:\/\/dlvradio.es\/las-recientes-lluvias-en-el-mar-menor-demuestran-que-las-medidas-en-origen-y-basadas-en-la-naturaleza-son-necesarias\/#primaryimage"},"thumbnailUrl":"https:\/\/dlvradio.es\/wp-content\/uploads\/2021\/07\/Ecolo.jpg","datePublished":"2021-09-23T12:19:43+00:00","description":"Las recientes lluvias en el Mar Menor demuestran que las medidas en origen y basadas en la naturaleza son necesarias Ecologistas en Acci\u00f3n recuerda que,","breadcrumb":{"@id":"https:\/\/dlvradio.es\/las-recientes-lluvias-en-el-mar-menor-demuestran-que-las-medidas-en-origen-y-basadas-en-la-naturaleza-son-necesarias\/#breadcrumb"},"inLanguage":"en-US","potentialAction":[{"@type":"ReadAction","target":["https:\/\/dlvradio.es\/las-recientes-lluvias-en-el-mar-menor-demuestran-que-las-medidas-en-origen-y-basadas-en-la-naturaleza-son-necesarias\/"]}]},{"@type":"ImageObject","inLanguage":"en-US","@id":"https:\/\/dlvradio.es\/las-recientes-lluvias-en-el-mar-menor-demuestran-que-las-medidas-en-origen-y-basadas-en-la-naturaleza-son-necesarias\/#primaryimage","url":"https:\/\/dlvradio.es\/wp-content\/uploads\/2021\/07\/Ecolo.jpg","contentUrl":"https:\/\/dlvradio.es\/wp-content\/uploads\/2021\/07\/Ecolo.jpg","width":1511,"height":1511,"caption":"Ecolo"},{"@type":"BreadcrumbList","@id":"https:\/\/dlvradio.es\/las-recientes-lluvias-en-el-mar-menor-demuestran-que-las-medidas-en-origen-y-basadas-en-la-naturaleza-son-necesarias\/#breadcrumb","itemListElement":[{"@type":"ListItem","position":1,"name":"Inicio","item":"https:\/\/dlvradio.es\/"},{"@type":"ListItem","position":2,"name":"Las recientes lluvias en el Mar Menor demuestran que las medidas en origen y basadas en la naturaleza son necesarias"}]},{"@type":"WebSite","@id":"https:\/\/dlvradio.es\/#website","url":"https:\/\/dlvradio.es\/","name":"DLVRADIO","description":"We are an alternative media to traditional media","publisher":{"@id":"https:\/\/dlvradio.es\/#organization"},"potentialAction":[{"@type":"SearchAction","target":{"@type":"EntryPoint","urlTemplate":"https:\/\/dlvradio.es\/?s={search_term_string}"},"query-input":{"@type":"PropertyValueSpecification","valueRequired":true,"valueName":"search_term_string"}}],"inLanguage":"en-US"},{"@type":"Organization","@id":"https:\/\/dlvradio.es\/#organization","name":"DLVRADIO","url":"https:\/\/dlvradio.es\/","logo":{"@type":"ImageObject","inLanguage":"en-US","@id":"https:\/\/dlvradio.es\/#\/schema\/logo\/image\/","url":"","contentUrl":"","caption":"DLVRADIO"},"image":{"@id":"https:\/\/dlvradio.es\/#\/schema\/logo\/image\/"},"sameAs":["https:\/\/www.facebook.com\/RadioDLVradio\/","https:\/\/x.com\/RadioDlvradio","https:\/\/www.instagram.com\/radiodlvradio\/"]},{"@type":"Person","@id":"https:\/\/dlvradio.es\/#\/schema\/person\/7d533f9f89b13e3a3f2ba7f67d6412de","name":"DLV RADIO","sameAs":["https:\/\/dlvradio.es"]}]}},"_links":{"self":[{"href":"https:\/\/dlvradio.es\/en\/wp-json\/wp\/v2\/posts\/70771","targetHints":{"allow":["GET"]}}],"collection":[{"href":"https:\/\/dlvradio.es\/en\/wp-json\/wp\/v2\/posts"}],"about":[{"href":"https:\/\/dlvradio.es\/en\/wp-json\/wp\/v2\/types\/post"}],"author":[{"embeddable":true,"href":"https:\/\/dlvradio.es\/en\/wp-json\/wp\/v2\/users\/4"}],"replies":[{"embeddable":true,"href":"https:\/\/dlvradio.es\/en\/wp-json\/wp\/v2\/comments?post=70771"}],"version-history":[{"count":0,"href":"https:\/\/dlvradio.es\/en\/wp-json\/wp\/v2\/posts\/70771\/revisions"}],"wp:featuredmedia":[{"embeddable":true,"href":"https:\/\/dlvradio.es\/en\/wp-json\/wp\/v2\/media\/70651"}],"wp:attachment":[{"href":"https:\/\/dlvradio.es\/en\/wp-json\/wp\/v2\/media?parent=70771"}],"wp:term":[{"taxonomy":"category","embeddable":true,"href":"https:\/\/dlvradio.es\/en\/wp-json\/wp\/v2\/categories?post=70771"},{"taxonomy":"post_tag","embeddable":true,"href":"https:\/\/dlvradio.es\/en\/wp-json\/wp\/v2\/tags?post=70771"}],"curies":[{"name":"wp","href":"https:\/\/api.w.org\/{rel}","templated":true}]}}