{"id":70805,"date":"2021-10-05T17:56:41","date_gmt":"2021-10-05T15:56:41","guid":{"rendered":"https:\/\/dlvradio.es\/ecologistas-en-accion-denuncia-ante-el-parlamento-europeo-el-uso-de-fondos-publicos-en-proyectos-de-ingenieria-social\/"},"modified":"2021-10-05T17:56:41","modified_gmt":"2021-10-05T15:56:41","slug":"ecologistas-en-accion-denuncia-ante-el-parlamento-europeo-el-uso-de-fondos-publicos-en-proyectos-de-ingenieria-social","status":"publish","type":"post","link":"https:\/\/dlvradio.es\/en\/ecologistas-en-accion-denuncia-ante-el-parlamento-europeo-el-uso-de-fondos-publicos-en-proyectos-de-ingenieria-social\/","title":{"rendered":"Ecologistas en Acci\u00f3n denuncia ante el Parlamento Europeo el uso de fondos p\u00fablicos en proyectos de ingenier\u00eda social"},"content":{"rendered":"<h6><strong><img decoding=\"async\" class=\"alignleft wp-image-7206 size-thumbnail\" src=\"https:\/\/dlvradio.es\/wp-content\/uploads\/2021\/07\/Ecolo-150x150.jpg\" alt=\"\" width=\"150\" height=\"150\" \/>Ecologistas en Acci\u00f3n denuncia ante el Parlamento Europeo el uso de fondos p\u00fablicos en proyectos de ingenier\u00eda social<\/strong><\/h6>\n<ul>\n<li>En una petici\u00f3n presentada esta semana ante el Parlamento Europeo se alerta sobre un nuevo proyecto participado por el Consejo Superior de Investigaciones Cient\u00edficas (CSIC), que pretende desarrollar lo que denomina \u201caccesibilidad social a las materias primas primarias\u201d.<\/li>\n<li>Ecologistas en Acci\u00f3n denuncia que este proyecto busca georreferenciar los movimientos de oposici\u00f3n a la miner\u00eda en Espa\u00f1a, as\u00ed como desarrollar algoritmos de inteligencia artificial para saber c\u00f3mo debilitar a la ciudadan\u00eda que denuncia irregularidades y delitos ambientales.<\/li>\n<\/ul>\n<p>La organizaci\u00f3n ecologista ha vuelto a denunciar el uso de fondos europeos para proyectos de \u201cinnovaci\u00f3n\u201d que, a su juicio, buscan deslegitimar y debilitar los movimientos sociales y ecologistas que denuncian irregularidades y conductas delictivas en el sector minero.<\/p>\n<p>Seg\u00fan ha transcendido por una reciente pregunta al Gobierno en el Congreso de los Diputados, el proyecto multimillonario VECTOR \u2013financiado a cargo de fondos Horizonte Europa\u2013 utilizar\u00eda metodolog\u00edas de georreferenciaci\u00f3n de las percepciones p\u00fablicas sobre la miner\u00eda y desarrollar\u00eda algoritmos de inteligencia artificial (IA) para saber c\u00f3mo y d\u00f3nde intervenir para minimizar la oposici\u00f3n social.<\/p>\n<p>Ecologistas en Acci\u00f3n reitera que es preocupante que Espa\u00f1a vuelva a ser un campo de experimentaci\u00f3n para este tipo de metodolog\u00edas de dudosa \u00e9tica, pues la oposici\u00f3n que se busca eliminar es precisamente la que est\u00e1 consiguiendo que afloren las pr\u00e1cticas de corrupci\u00f3n y delitos ambientales perpetrados por la industria minera.<\/p>\n<p>En agosto de 2020 se denunci\u00f3 una iniciativa similar \u2013el proyecto MIREU\u2013 con el que se realiz\u00f3 un mapeado de los distintos conflictos ambientales sobre proyectos mineros en Espa\u00f1a. Dicho proyecto ten\u00eda el agravante de la participaci\u00f3n directa de las Administraciones p\u00fablicas de Andaluc\u00eda, Arag\u00f3n y Castilla y Le\u00f3n, que deb\u00edan adoptar decisiones sobre los proyectos denunciados por la ciudadan\u00eda.<\/p>\n<p>La organizaci\u00f3n ecologista denuncia el uso continuado de fondos de la UE para proyectos que, bajo un supuesto inter\u00e9s cient\u00edfico, buscan desarrollar intervenciones de ingenier\u00eda social. Estos proyectos debilitan a los movimientos sociales y a la ciudadan\u00eda ambiental activa que denuncian las continuas y sistem\u00e1ticas irregularidades en explotaciones mineras en distintos territorios.<\/p>\n<p>Ecologistas en Acci\u00f3n considera que este tipo de pr\u00e1cticas de ingenier\u00eda social deber\u00edan prohibirse, ya que \u201csuponen una interferencia nociva con el derecho de la ciudadan\u00eda a sostener sus propias opiniones y su deber de denunciar los delitos penales e infracciones administrativas que se cometen en sectores como el minero\u201d.<\/p>\n<p>Por todo ello, en la denuncia ante el Parlamento Europeo se se\u00f1ala una vulneraci\u00f3n de la Carta Europea de los Derechos Humanos. Tambi\u00e9n se alerta de que este tipo de pr\u00e1cticas son contrarias al C\u00f3digo Europeo de Conducta para la Integridad en la Investigaci\u00f3n, lo que deber\u00eda motivar el rechazo de la Comisi\u00f3n Europea a su financiaci\u00f3n.<\/p>","protected":false},"excerpt":{"rendered":"<p>Ecologistas en Acci\u00f3n denuncia ante el Parlamento Europeo el uso de fondos p\u00fablicos en proyectos de ingenier\u00eda social En una petici\u00f3n presentada esta semana ante el Parlamento Europeo se alerta sobre un nuevo proyecto participado por el Consejo Superior de Investigaciones Cient\u00edficas (CSIC), que pretende desarrollar lo que denomina \u201caccesibilidad social a las materias primas [&hellip;]<\/p>\n","protected":false},"author":4,"featured_media":70651,"comment_status":"open","ping_status":"open","sticky":false,"template":"","format":"standard","meta":{"_acf_changed":false,"footnotes":""},"categories":[2711],"tags":[2478,2507],"class_list":["post-70805","post","type-post","status-publish","format-standard","has-post-thumbnail","hentry","category-emergencia-climatica","tag-ecologia","tag-internacional"],"acf":[],"yoast_head":"<!-- This site is optimized with the Yoast SEO plugin v27.4 - https:\/\/yoast.com\/product\/yoast-seo-wordpress\/ -->\n<title>Ecologistas en Acci\u00f3n denuncia ante el Parlamento Europeo el uso de fondos p\u00fablicos en proyectos de ingenier\u00eda social - DLVRADIO<\/title>\n<meta name=\"description\" content=\"Ecologistas en Acci\u00f3n denuncia ante el Parlamento Europeo el uso de fondos p\u00fablicos en proyectos de ingenier\u00eda social En una petici\u00f3n presentada esta\" \/>\n<meta name=\"robots\" content=\"index, follow, max-snippet:-1, max-image-preview:large, max-video-preview:-1\" \/>\n<link rel=\"canonical\" href=\"https:\/\/dlvradio.es\/en\/ecologistas-en-accion-denuncia-ante-el-parlamento-europeo-el-uso-de-fondos-publicos-en-proyectos-de-ingenieria-social\/\" \/>\n<meta property=\"og:locale\" content=\"en_US\" \/>\n<meta property=\"og:type\" content=\"article\" \/>\n<meta property=\"og:title\" content=\"Ecologistas en Acci\u00f3n denuncia ante el Parlamento Europeo el uso de fondos p\u00fablicos en proyectos de ingenier\u00eda social - DLVRADIO\" \/>\n<meta property=\"og:description\" content=\"Ecologistas en Acci\u00f3n denuncia ante el Parlamento Europeo el uso de fondos p\u00fablicos en proyectos de ingenier\u00eda social En una petici\u00f3n presentada esta\" \/>\n<meta property=\"og:url\" content=\"https:\/\/dlvradio.es\/en\/ecologistas-en-accion-denuncia-ante-el-parlamento-europeo-el-uso-de-fondos-publicos-en-proyectos-de-ingenieria-social\/\" \/>\n<meta property=\"og:site_name\" content=\"DLVRADIO\" \/>\n<meta property=\"article:publisher\" content=\"https:\/\/www.facebook.com\/RadioDLVradio\/\" \/>\n<meta property=\"article:published_time\" content=\"2021-10-05T15:56:41+00:00\" \/>\n<meta property=\"og:image\" content=\"https:\/\/dlvradio.es\/wp-content\/uploads\/2021\/07\/Ecolo.jpg\" \/>\n\t<meta property=\"og:image:width\" content=\"1511\" \/>\n\t<meta property=\"og:image:height\" content=\"1511\" \/>\n\t<meta property=\"og:image:type\" content=\"image\/jpeg\" \/>\n<meta name=\"author\" content=\"DLV RADIO\" \/>\n<meta name=\"twitter:card\" content=\"summary_large_image\" \/>\n<meta name=\"twitter:creator\" content=\"@RadioDlvradio\" \/>\n<meta name=\"twitter:site\" content=\"@RadioDlvradio\" \/>\n<script type=\"application\/ld+json\" class=\"yoast-schema-graph\">{\"@context\":\"https:\\\/\\\/schema.org\",\"@graph\":[{\"@type\":\"Article\",\"@id\":\"https:\\\/\\\/dlvradio.es\\\/ecologistas-en-accion-denuncia-ante-el-parlamento-europeo-el-uso-de-fondos-publicos-en-proyectos-de-ingenieria-social\\\/#article\",\"isPartOf\":{\"@id\":\"https:\\\/\\\/dlvradio.es\\\/ecologistas-en-accion-denuncia-ante-el-parlamento-europeo-el-uso-de-fondos-publicos-en-proyectos-de-ingenieria-social\\\/\"},\"author\":{\"name\":\"DLV RADIO\",\"@id\":\"https:\\\/\\\/dlvradio.es\\\/#\\\/schema\\\/person\\\/7d533f9f89b13e3a3f2ba7f67d6412de\"},\"headline\":\"Ecologistas en Acci\u00f3n denuncia ante el Parlamento Europeo el uso de fondos p\u00fablicos en proyectos de ingenier\u00eda social\",\"datePublished\":\"2021-10-05T15:56:41+00:00\",\"mainEntityOfPage\":{\"@id\":\"https:\\\/\\\/dlvradio.es\\\/ecologistas-en-accion-denuncia-ante-el-parlamento-europeo-el-uso-de-fondos-publicos-en-proyectos-de-ingenieria-social\\\/\"},\"wordCount\":537,\"commentCount\":0,\"publisher\":{\"@id\":\"https:\\\/\\\/dlvradio.es\\\/#organization\"},\"image\":{\"@id\":\"https:\\\/\\\/dlvradio.es\\\/ecologistas-en-accion-denuncia-ante-el-parlamento-europeo-el-uso-de-fondos-publicos-en-proyectos-de-ingenieria-social\\\/#primaryimage\"},\"thumbnailUrl\":\"https:\\\/\\\/dlvradio.es\\\/wp-content\\\/uploads\\\/2021\\\/07\\\/Ecolo.jpg\",\"keywords\":[\"ecolog\u00eda\",\"internacional\"],\"articleSection\":[\"Emergencia clim\u00e1tica\"],\"inLanguage\":\"en-US\"},{\"@type\":\"WebPage\",\"@id\":\"https:\\\/\\\/dlvradio.es\\\/ecologistas-en-accion-denuncia-ante-el-parlamento-europeo-el-uso-de-fondos-publicos-en-proyectos-de-ingenieria-social\\\/\",\"url\":\"https:\\\/\\\/dlvradio.es\\\/ecologistas-en-accion-denuncia-ante-el-parlamento-europeo-el-uso-de-fondos-publicos-en-proyectos-de-ingenieria-social\\\/\",\"name\":\"Ecologistas en Acci\u00f3n denuncia ante el Parlamento Europeo el uso de fondos p\u00fablicos en proyectos de ingenier\u00eda social - DLVRADIO\",\"isPartOf\":{\"@id\":\"https:\\\/\\\/dlvradio.es\\\/#website\"},\"primaryImageOfPage\":{\"@id\":\"https:\\\/\\\/dlvradio.es\\\/ecologistas-en-accion-denuncia-ante-el-parlamento-europeo-el-uso-de-fondos-publicos-en-proyectos-de-ingenieria-social\\\/#primaryimage\"},\"image\":{\"@id\":\"https:\\\/\\\/dlvradio.es\\\/ecologistas-en-accion-denuncia-ante-el-parlamento-europeo-el-uso-de-fondos-publicos-en-proyectos-de-ingenieria-social\\\/#primaryimage\"},\"thumbnailUrl\":\"https:\\\/\\\/dlvradio.es\\\/wp-content\\\/uploads\\\/2021\\\/07\\\/Ecolo.jpg\",\"datePublished\":\"2021-10-05T15:56:41+00:00\",\"description\":\"Ecologistas en Acci\u00f3n denuncia ante el Parlamento Europeo el uso de fondos p\u00fablicos en proyectos de ingenier\u00eda social En una petici\u00f3n presentada esta\",\"breadcrumb\":{\"@id\":\"https:\\\/\\\/dlvradio.es\\\/ecologistas-en-accion-denuncia-ante-el-parlamento-europeo-el-uso-de-fondos-publicos-en-proyectos-de-ingenieria-social\\\/#breadcrumb\"},\"inLanguage\":\"en-US\",\"potentialAction\":[{\"@type\":\"ReadAction\",\"target\":[\"https:\\\/\\\/dlvradio.es\\\/ecologistas-en-accion-denuncia-ante-el-parlamento-europeo-el-uso-de-fondos-publicos-en-proyectos-de-ingenieria-social\\\/\"]}]},{\"@type\":\"ImageObject\",\"inLanguage\":\"en-US\",\"@id\":\"https:\\\/\\\/dlvradio.es\\\/ecologistas-en-accion-denuncia-ante-el-parlamento-europeo-el-uso-de-fondos-publicos-en-proyectos-de-ingenieria-social\\\/#primaryimage\",\"url\":\"https:\\\/\\\/dlvradio.es\\\/wp-content\\\/uploads\\\/2021\\\/07\\\/Ecolo.jpg\",\"contentUrl\":\"https:\\\/\\\/dlvradio.es\\\/wp-content\\\/uploads\\\/2021\\\/07\\\/Ecolo.jpg\",\"width\":1511,\"height\":1511,\"caption\":\"Ecolo\"},{\"@type\":\"BreadcrumbList\",\"@id\":\"https:\\\/\\\/dlvradio.es\\\/ecologistas-en-accion-denuncia-ante-el-parlamento-europeo-el-uso-de-fondos-publicos-en-proyectos-de-ingenieria-social\\\/#breadcrumb\",\"itemListElement\":[{\"@type\":\"ListItem\",\"position\":1,\"name\":\"Inicio\",\"item\":\"https:\\\/\\\/dlvradio.es\\\/\"},{\"@type\":\"ListItem\",\"position\":2,\"name\":\"Ecologistas en Acci\u00f3n denuncia ante el Parlamento Europeo el uso de fondos p\u00fablicos en proyectos de ingenier\u00eda social\"}]},{\"@type\":\"WebSite\",\"@id\":\"https:\\\/\\\/dlvradio.es\\\/#website\",\"url\":\"https:\\\/\\\/dlvradio.es\\\/\",\"name\":\"DLVRADIO\",\"description\":\"Somos un medio de comunicaci\u00f3n alternativo a los medios tradicionales\",\"publisher\":{\"@id\":\"https:\\\/\\\/dlvradio.es\\\/#organization\"},\"potentialAction\":[{\"@type\":\"SearchAction\",\"target\":{\"@type\":\"EntryPoint\",\"urlTemplate\":\"https:\\\/\\\/dlvradio.es\\\/?s={search_term_string}\"},\"query-input\":{\"@type\":\"PropertyValueSpecification\",\"valueRequired\":true,\"valueName\":\"search_term_string\"}}],\"inLanguage\":\"en-US\"},{\"@type\":\"Organization\",\"@id\":\"https:\\\/\\\/dlvradio.es\\\/#organization\",\"name\":\"DLVRADIO\",\"url\":\"https:\\\/\\\/dlvradio.es\\\/\",\"logo\":{\"@type\":\"ImageObject\",\"inLanguage\":\"en-US\",\"@id\":\"https:\\\/\\\/dlvradio.es\\\/#\\\/schema\\\/logo\\\/image\\\/\",\"url\":\"\",\"contentUrl\":\"\",\"caption\":\"DLVRADIO\"},\"image\":{\"@id\":\"https:\\\/\\\/dlvradio.es\\\/#\\\/schema\\\/logo\\\/image\\\/\"},\"sameAs\":[\"https:\\\/\\\/www.facebook.com\\\/RadioDLVradio\\\/\",\"https:\\\/\\\/x.com\\\/RadioDlvradio\",\"https:\\\/\\\/www.instagram.com\\\/radiodlvradio\\\/\"]},{\"@type\":\"Person\",\"@id\":\"https:\\\/\\\/dlvradio.es\\\/#\\\/schema\\\/person\\\/7d533f9f89b13e3a3f2ba7f67d6412de\",\"name\":\"DLV RADIO\",\"sameAs\":[\"https:\\\/\\\/dlvradio.es\"]}]}<\/script>\n<!-- \/ Yoast SEO plugin. -->","yoast_head_json":{"title":"Ecologistas en Acci\u00f3n denuncia ante el Parlamento Europeo el uso de fondos p\u00fablicos en proyectos de ingenier\u00eda social - DLVRADIO","description":"Ecologistas en Acci\u00f3n denuncia ante el Parlamento Europeo el uso de fondos p\u00fablicos en proyectos de ingenier\u00eda social En una petici\u00f3n presentada esta","robots":{"index":"index","follow":"follow","max-snippet":"max-snippet:-1","max-image-preview":"max-image-preview:large","max-video-preview":"max-video-preview:-1"},"canonical":"https:\/\/dlvradio.es\/en\/ecologistas-en-accion-denuncia-ante-el-parlamento-europeo-el-uso-de-fondos-publicos-en-proyectos-de-ingenieria-social\/","og_locale":"en_US","og_type":"article","og_title":"Ecologistas en Acci\u00f3n denuncia ante el Parlamento Europeo el uso de fondos p\u00fablicos en proyectos de ingenier\u00eda social - DLVRADIO","og_description":"Ecologistas en Acci\u00f3n denuncia ante el Parlamento Europeo el uso de fondos p\u00fablicos en proyectos de ingenier\u00eda social En una petici\u00f3n presentada esta","og_url":"https:\/\/dlvradio.es\/en\/ecologistas-en-accion-denuncia-ante-el-parlamento-europeo-el-uso-de-fondos-publicos-en-proyectos-de-ingenieria-social\/","og_site_name":"DLVRADIO","article_publisher":"https:\/\/www.facebook.com\/RadioDLVradio\/","article_published_time":"2021-10-05T15:56:41+00:00","og_image":[{"width":1511,"height":1511,"url":"https:\/\/dlvradio.es\/wp-content\/uploads\/2021\/07\/Ecolo.jpg","type":"image\/jpeg"}],"author":"DLV RADIO","twitter_card":"summary_large_image","twitter_creator":"@RadioDlvradio","twitter_site":"@RadioDlvradio","schema":{"@context":"https:\/\/schema.org","@graph":[{"@type":"Article","@id":"https:\/\/dlvradio.es\/ecologistas-en-accion-denuncia-ante-el-parlamento-europeo-el-uso-de-fondos-publicos-en-proyectos-de-ingenieria-social\/#article","isPartOf":{"@id":"https:\/\/dlvradio.es\/ecologistas-en-accion-denuncia-ante-el-parlamento-europeo-el-uso-de-fondos-publicos-en-proyectos-de-ingenieria-social\/"},"author":{"name":"DLV RADIO","@id":"https:\/\/dlvradio.es\/#\/schema\/person\/7d533f9f89b13e3a3f2ba7f67d6412de"},"headline":"Ecologistas en Acci\u00f3n denuncia ante el Parlamento Europeo el uso de fondos p\u00fablicos en proyectos de ingenier\u00eda social","datePublished":"2021-10-05T15:56:41+00:00","mainEntityOfPage":{"@id":"https:\/\/dlvradio.es\/ecologistas-en-accion-denuncia-ante-el-parlamento-europeo-el-uso-de-fondos-publicos-en-proyectos-de-ingenieria-social\/"},"wordCount":537,"commentCount":0,"publisher":{"@id":"https:\/\/dlvradio.es\/#organization"},"image":{"@id":"https:\/\/dlvradio.es\/ecologistas-en-accion-denuncia-ante-el-parlamento-europeo-el-uso-de-fondos-publicos-en-proyectos-de-ingenieria-social\/#primaryimage"},"thumbnailUrl":"https:\/\/dlvradio.es\/wp-content\/uploads\/2021\/07\/Ecolo.jpg","keywords":["ecolog\u00eda","internacional"],"articleSection":["Emergencia clim\u00e1tica"],"inLanguage":"en-US"},{"@type":"WebPage","@id":"https:\/\/dlvradio.es\/ecologistas-en-accion-denuncia-ante-el-parlamento-europeo-el-uso-de-fondos-publicos-en-proyectos-de-ingenieria-social\/","url":"https:\/\/dlvradio.es\/ecologistas-en-accion-denuncia-ante-el-parlamento-europeo-el-uso-de-fondos-publicos-en-proyectos-de-ingenieria-social\/","name":"Ecologistas en Acci\u00f3n denuncia ante el Parlamento Europeo el uso de fondos p\u00fablicos en proyectos de ingenier\u00eda social - DLVRADIO","isPartOf":{"@id":"https:\/\/dlvradio.es\/#website"},"primaryImageOfPage":{"@id":"https:\/\/dlvradio.es\/ecologistas-en-accion-denuncia-ante-el-parlamento-europeo-el-uso-de-fondos-publicos-en-proyectos-de-ingenieria-social\/#primaryimage"},"image":{"@id":"https:\/\/dlvradio.es\/ecologistas-en-accion-denuncia-ante-el-parlamento-europeo-el-uso-de-fondos-publicos-en-proyectos-de-ingenieria-social\/#primaryimage"},"thumbnailUrl":"https:\/\/dlvradio.es\/wp-content\/uploads\/2021\/07\/Ecolo.jpg","datePublished":"2021-10-05T15:56:41+00:00","description":"Ecologistas en Acci\u00f3n denuncia ante el Parlamento Europeo el uso de fondos p\u00fablicos en proyectos de ingenier\u00eda social En una petici\u00f3n presentada esta","breadcrumb":{"@id":"https:\/\/dlvradio.es\/ecologistas-en-accion-denuncia-ante-el-parlamento-europeo-el-uso-de-fondos-publicos-en-proyectos-de-ingenieria-social\/#breadcrumb"},"inLanguage":"en-US","potentialAction":[{"@type":"ReadAction","target":["https:\/\/dlvradio.es\/ecologistas-en-accion-denuncia-ante-el-parlamento-europeo-el-uso-de-fondos-publicos-en-proyectos-de-ingenieria-social\/"]}]},{"@type":"ImageObject","inLanguage":"en-US","@id":"https:\/\/dlvradio.es\/ecologistas-en-accion-denuncia-ante-el-parlamento-europeo-el-uso-de-fondos-publicos-en-proyectos-de-ingenieria-social\/#primaryimage","url":"https:\/\/dlvradio.es\/wp-content\/uploads\/2021\/07\/Ecolo.jpg","contentUrl":"https:\/\/dlvradio.es\/wp-content\/uploads\/2021\/07\/Ecolo.jpg","width":1511,"height":1511,"caption":"Ecolo"},{"@type":"BreadcrumbList","@id":"https:\/\/dlvradio.es\/ecologistas-en-accion-denuncia-ante-el-parlamento-europeo-el-uso-de-fondos-publicos-en-proyectos-de-ingenieria-social\/#breadcrumb","itemListElement":[{"@type":"ListItem","position":1,"name":"Inicio","item":"https:\/\/dlvradio.es\/"},{"@type":"ListItem","position":2,"name":"Ecologistas en Acci\u00f3n denuncia ante el Parlamento Europeo el uso de fondos p\u00fablicos en proyectos de ingenier\u00eda social"}]},{"@type":"WebSite","@id":"https:\/\/dlvradio.es\/#website","url":"https:\/\/dlvradio.es\/","name":"DLVRADIO","description":"We are an alternative media to traditional media","publisher":{"@id":"https:\/\/dlvradio.es\/#organization"},"potentialAction":[{"@type":"SearchAction","target":{"@type":"EntryPoint","urlTemplate":"https:\/\/dlvradio.es\/?s={search_term_string}"},"query-input":{"@type":"PropertyValueSpecification","valueRequired":true,"valueName":"search_term_string"}}],"inLanguage":"en-US"},{"@type":"Organization","@id":"https:\/\/dlvradio.es\/#organization","name":"DLVRADIO","url":"https:\/\/dlvradio.es\/","logo":{"@type":"ImageObject","inLanguage":"en-US","@id":"https:\/\/dlvradio.es\/#\/schema\/logo\/image\/","url":"","contentUrl":"","caption":"DLVRADIO"},"image":{"@id":"https:\/\/dlvradio.es\/#\/schema\/logo\/image\/"},"sameAs":["https:\/\/www.facebook.com\/RadioDLVradio\/","https:\/\/x.com\/RadioDlvradio","https:\/\/www.instagram.com\/radiodlvradio\/"]},{"@type":"Person","@id":"https:\/\/dlvradio.es\/#\/schema\/person\/7d533f9f89b13e3a3f2ba7f67d6412de","name":"DLV RADIO","sameAs":["https:\/\/dlvradio.es"]}]}},"_links":{"self":[{"href":"https:\/\/dlvradio.es\/en\/wp-json\/wp\/v2\/posts\/70805","targetHints":{"allow":["GET"]}}],"collection":[{"href":"https:\/\/dlvradio.es\/en\/wp-json\/wp\/v2\/posts"}],"about":[{"href":"https:\/\/dlvradio.es\/en\/wp-json\/wp\/v2\/types\/post"}],"author":[{"embeddable":true,"href":"https:\/\/dlvradio.es\/en\/wp-json\/wp\/v2\/users\/4"}],"replies":[{"embeddable":true,"href":"https:\/\/dlvradio.es\/en\/wp-json\/wp\/v2\/comments?post=70805"}],"version-history":[{"count":0,"href":"https:\/\/dlvradio.es\/en\/wp-json\/wp\/v2\/posts\/70805\/revisions"}],"wp:featuredmedia":[{"embeddable":true,"href":"https:\/\/dlvradio.es\/en\/wp-json\/wp\/v2\/media\/70651"}],"wp:attachment":[{"href":"https:\/\/dlvradio.es\/en\/wp-json\/wp\/v2\/media?parent=70805"}],"wp:term":[{"taxonomy":"category","embeddable":true,"href":"https:\/\/dlvradio.es\/en\/wp-json\/wp\/v2\/categories?post=70805"},{"taxonomy":"post_tag","embeddable":true,"href":"https:\/\/dlvradio.es\/en\/wp-json\/wp\/v2\/tags?post=70805"}],"curies":[{"name":"wp","href":"https:\/\/api.w.org\/{rel}","templated":true}]}}