{"id":70806,"date":"2021-10-06T11:13:25","date_gmt":"2021-10-06T09:13:25","guid":{"rendered":"https:\/\/dlvradio.es\/se-convoca-una-gran-manifestacion-en-defensa-del-mar-menor-en-murcia\/"},"modified":"2021-10-06T11:13:25","modified_gmt":"2021-10-06T09:13:25","slug":"se-convoca-una-gran-manifestacion-en-defensa-del-mar-menor-en-murcia","status":"publish","type":"post","link":"https:\/\/dlvradio.es\/en\/se-convoca-una-gran-manifestacion-en-defensa-del-mar-menor-en-murcia\/","title":{"rendered":"Se convoca una gran manifestaci\u00f3n en defensa del Mar Menor en Murcia"},"content":{"rendered":"<h6><strong><img decoding=\"async\" class=\"alignleft wp-image-7725 size-thumbnail\" src=\"https:\/\/dlvradio.es\/wp-content\/uploads\/2021\/10\/Se-convoca-una-gran-manifestacion-en-defensa-del-Mar-Menor-en-Murcia-150x150.jpg\" alt=\"\" width=\"150\" height=\"150\" \/>Se convoca una gran manifestaci\u00f3n en defensa del Mar Menor en Murcia<\/strong><\/h6>\n<ul>\n<li>El jueves 7 de octubre tendr\u00e1 lugar una manifestaci\u00f3n que se espera multitudinaria, apoyada por 185 colectivos, para exigir soluciones para el Mar Menor.<\/li>\n<li>El apoyo social a estas reivindicaciones ha provocado la organizaci\u00f3n de concentraciones simult\u00e1neas en otras ciudades como Bruselas, Madrid, Valencia, Pamplona-Iru\u00f1ea, Bilbao, Donostia y Alicante.<\/li>\n<li>La manifestaci\u00f3n viene precedida de multitud de actos reivindicativos desde mediados de agosto que exigen al Gobierno regional que salga de su inmovilismo y aplique medidas eficaces para devolver la salud al Mar Menor.<\/li>\n<li>La protesta coincide con la queja formal presentada a la Comisi\u00f3n Europea por la organizaci\u00f3n ben\u00e9fica de derecho ambiental ClientEarth y Ecologistas en Acci\u00f3n, donde se exige que se tomen medidas por los incumplimientos de distintas directivas.<\/li>\n<\/ul>\n<p>Organizaciones en defensa del Mar Menor, entre ellas Ecologistas en Acci\u00f3n, han convocado para el jueves 7 de octubre, a las 20:00, <a href=\"https:\/\/www.ecologistasenaccion.org\/evento\/region-de-murcia-manifestacion-por-el-mar-menor\/\">una gran manifestaci\u00f3n<\/a> por la recuperaci\u00f3n de este importante ecosistema, apoyada por 185 colectivos sociales, vecinales y sindicales.<\/p>\n<p>La protesta arrancar\u00e1 en la sede de la Delegaci\u00f3n del Gobierno en Murcia y en la del Gobierno regional, y terminar\u00e1 en la Consejer\u00eda de Agua, Agricultura, Ganader\u00eda, Pesca y Medio Ambiente, de la que dependen la mayor\u00eda de las competencias necesarias para poner remedio a la crisis ecol\u00f3gica de la laguna.<\/p>\n<p>La manifestaci\u00f3n, que se produce tras casi dos meses de actividad constante por el Mar Menor, demandar\u00e1 a las administraciones una soluci\u00f3n urgente al estado cr\u00edtico de este ecosistema, en especial al Gobierno regional, que ostenta las principales competencias en materia de ordenaci\u00f3n territorial y de protecci\u00f3n ambiental. Aunque hace a\u00f1os que se demanda la puesta en marcha de medidas, la aparici\u00f3n de miles de peces muertos en sus orillas, en plena temporada tur\u00edstica, ha generado numerosos titulares en medios de comunicaci\u00f3n estatales e internacionales. Tambi\u00e9n ha provocado una gran alarma social, tanto en las poblaciones cercanas como en el resto del territorio.<\/p>\n<p>El sentimiento de p\u00e9rdida e indignaci\u00f3n ha permeado en toda la sociedad regional y ha traspasado las fronteras murcianas, ya que es uno de los destinos tur\u00edsticos por excelencia de la costa. El Mar Menor es uno de los espacios naturales m\u00e1s singulares y emblem\u00e1ticos de la pen\u00ednsula. Por ello, al mismo tiempo que la manifestaci\u00f3n en Murcia, tendr\u00e1n lugar concentraciones en diferentes puntos del Estado en apoyo a las reivindicaciones por un Mar Menor vivo. Bruselas, Madrid, Valencia, Pamplona-Iru\u00f1ea, Bilbao, Donostia y Alicante son algunas de las localidades en las que se podr\u00e1 escuchar el grito #SOSMarMenor.<\/p>\n<p>Desde los colectivos organizadores se subraya que el origen principal del proceso de eutrofizaci\u00f3n est\u00e1 en la entrada de fertilizantes del sector agropecuario del Campo de Cartagena. Son m\u00faltiples los informes cient\u00edficos que indican que, sin una regulaci\u00f3n del uso de abonos, unida a medidas agroambientales que eviten el flujo de nutrientes desde su origen para que no lleguen al ecosistema, ser\u00e1 imposible su recuperaci\u00f3n.<\/p>\n<p>Pedro Luengo, coordinador de Ecologistas en Acci\u00f3n de la Regi\u00f3n Murciana, ha declarado: \u201cMientras el Gobierno regional pone el foco en medidas ineficaces de \u201cfinal de tuber\u00eda\u201d, que solo act\u00faan sobre los s\u00edntomas y no en la ra\u00edz del problema. Desde el \u00e1mbito cient\u00edfico y desde las organizaciones sociales se plantea la reconversi\u00f3n del modelo agr\u00edcola hacia un sistema m\u00e1s sostenible\u201d. Entre estas medidas destaca la recuperaci\u00f3n ambiental de las ramblas y zonas naturales de inundaci\u00f3n, el establecimiento de una franja renaturalizada alrededor del ecosistema y la aplicaci\u00f3n de sistemas naturales contra la erosi\u00f3n, adem\u00e1s de filtros verdes que eliminen la mayor parte de los sedimentos y abonos que llegan actualmente al Mar Menor.<\/p>\n<p><strong>Queja ante Europa<\/strong><\/p>\n<p>La manifestaci\u00f3n en Murcia y las concentraciones de apoyo en diferentes municipios coinciden con la queja formal que ClientEarth y Ecologistas en Acci\u00f3n han presentado ante la Comisi\u00f3n Europea. El equipo de expertas y expertos medioambientales de ambas organizaciones afirma que la continua falta de protecci\u00f3n del Mar Menor infringe la legislaci\u00f3n nacional y de la UE, e insta a Europa a que tome medidas urgentes contra el Estado espa\u00f1ol. La comunidad cient\u00edfica ya ha advertido del impacto que tienen esas actividades. Sin embargo, el Gobierno regional y el espa\u00f1ol no han conseguido controlar el aumento imparable del regad\u00edo, en parte ilegal, ni reducir de forma efectiva su impacto. La legislaci\u00f3n de la UE exige a las autoridades estatales que tomen las medidas necesarias para evitar el deterioro de las \u00e1reas protegidas y la calidad de las masas de agua, como el Mar Menor, el acu\u00edfero del Campo de Cartagena y la Rambla del Albuj\u00f3n. Sin embargo, el equipo de personas expertas que han elaborado la denuncia creen que Espa\u00f1a ha incumplido esta obligaci\u00f3n legal al tomar solo medidas superficiales para salvaguardar el Mar Menor.<\/p>","protected":false},"excerpt":{"rendered":"<p>Se convoca una gran manifestaci\u00f3n en defensa del Mar Menor en Murcia El jueves 7 de octubre tendr\u00e1 lugar una manifestaci\u00f3n que se espera multitudinaria, apoyada por 185 colectivos, para exigir soluciones para el Mar Menor. El apoyo social a estas reivindicaciones ha provocado la organizaci\u00f3n de concentraciones simult\u00e1neas en otras ciudades como Bruselas, Madrid, [&hellip;]<\/p>\n","protected":false},"author":4,"featured_media":70807,"comment_status":"open","ping_status":"open","sticky":false,"template":"","format":"standard","meta":{"_acf_changed":false,"footnotes":""},"categories":[2711],"tags":[2478,2466],"class_list":["post-70806","post","type-post","status-publish","format-standard","has-post-thumbnail","hentry","category-emergencia-climatica","tag-ecologia","tag-espana"],"acf":[],"yoast_head":"<!-- This site is optimized with the Yoast SEO plugin v27.4 - https:\/\/yoast.com\/product\/yoast-seo-wordpress\/ -->\n<title>Se convoca una gran manifestaci\u00f3n en defensa del Mar Menor en Murcia - DLVRADIO<\/title>\n<meta name=\"description\" content=\"Se convoca una gran manifestaci\u00f3n en defensa del Mar Menor en Murcia El jueves 7 de octubre tendr\u00e1 lugar una manifestaci\u00f3n que se espera multitudinaria,\" \/>\n<meta name=\"robots\" content=\"index, follow, max-snippet:-1, max-image-preview:large, max-video-preview:-1\" \/>\n<link rel=\"canonical\" href=\"https:\/\/dlvradio.es\/en\/se-convoca-una-gran-manifestacion-en-defensa-del-mar-menor-en-murcia\/\" \/>\n<meta property=\"og:locale\" content=\"en_US\" \/>\n<meta property=\"og:type\" content=\"article\" \/>\n<meta property=\"og:title\" content=\"Se convoca una gran manifestaci\u00f3n en defensa del Mar Menor en Murcia - DLVRADIO\" \/>\n<meta property=\"og:description\" content=\"Se convoca una gran manifestaci\u00f3n en defensa del Mar Menor en Murcia El jueves 7 de octubre tendr\u00e1 lugar una manifestaci\u00f3n que se espera multitudinaria,\" \/>\n<meta property=\"og:url\" content=\"https:\/\/dlvradio.es\/en\/se-convoca-una-gran-manifestacion-en-defensa-del-mar-menor-en-murcia\/\" \/>\n<meta property=\"og:site_name\" content=\"DLVRADIO\" \/>\n<meta property=\"article:publisher\" content=\"https:\/\/www.facebook.com\/RadioDLVradio\/\" \/>\n<meta property=\"article:published_time\" content=\"2021-10-06T09:13:25+00:00\" \/>\n<meta property=\"og:image\" content=\"https:\/\/dlvradio.es\/wp-content\/uploads\/2021\/10\/Se-convoca-una-gran-manifestacion-en-defensa-del-Mar-Menor-en-Murcia.jpg\" \/>\n\t<meta property=\"og:image:width\" content=\"1511\" \/>\n\t<meta property=\"og:image:height\" content=\"1511\" \/>\n\t<meta property=\"og:image:type\" content=\"image\/jpeg\" \/>\n<meta name=\"author\" content=\"DLV RADIO\" \/>\n<meta name=\"twitter:card\" content=\"summary_large_image\" \/>\n<meta name=\"twitter:creator\" content=\"@RadioDlvradio\" \/>\n<meta name=\"twitter:site\" content=\"@RadioDlvradio\" \/>\n<script type=\"application\/ld+json\" class=\"yoast-schema-graph\">{\"@context\":\"https:\\\/\\\/schema.org\",\"@graph\":[{\"@type\":\"Article\",\"@id\":\"https:\\\/\\\/dlvradio.es\\\/se-convoca-una-gran-manifestacion-en-defensa-del-mar-menor-en-murcia\\\/#article\",\"isPartOf\":{\"@id\":\"https:\\\/\\\/dlvradio.es\\\/se-convoca-una-gran-manifestacion-en-defensa-del-mar-menor-en-murcia\\\/\"},\"author\":{\"name\":\"DLV RADIO\",\"@id\":\"https:\\\/\\\/dlvradio.es\\\/#\\\/schema\\\/person\\\/7d533f9f89b13e3a3f2ba7f67d6412de\"},\"headline\":\"Se convoca una gran manifestaci\u00f3n en defensa del Mar Menor en Murcia\",\"datePublished\":\"2021-10-06T09:13:25+00:00\",\"mainEntityOfPage\":{\"@id\":\"https:\\\/\\\/dlvradio.es\\\/se-convoca-una-gran-manifestacion-en-defensa-del-mar-menor-en-murcia\\\/\"},\"wordCount\":871,\"commentCount\":0,\"publisher\":{\"@id\":\"https:\\\/\\\/dlvradio.es\\\/#organization\"},\"image\":{\"@id\":\"https:\\\/\\\/dlvradio.es\\\/se-convoca-una-gran-manifestacion-en-defensa-del-mar-menor-en-murcia\\\/#primaryimage\"},\"thumbnailUrl\":\"https:\\\/\\\/dlvradio.es\\\/wp-content\\\/uploads\\\/2021\\\/10\\\/Se-convoca-una-gran-manifestacion-en-defensa-del-Mar-Menor-en-Murcia.jpg\",\"keywords\":[\"ecolog\u00eda\",\"Espa\u00f1a\"],\"articleSection\":[\"Emergencia clim\u00e1tica\"],\"inLanguage\":\"en-US\"},{\"@type\":\"WebPage\",\"@id\":\"https:\\\/\\\/dlvradio.es\\\/se-convoca-una-gran-manifestacion-en-defensa-del-mar-menor-en-murcia\\\/\",\"url\":\"https:\\\/\\\/dlvradio.es\\\/se-convoca-una-gran-manifestacion-en-defensa-del-mar-menor-en-murcia\\\/\",\"name\":\"Se convoca una gran manifestaci\u00f3n en defensa del Mar Menor en Murcia - DLVRADIO\",\"isPartOf\":{\"@id\":\"https:\\\/\\\/dlvradio.es\\\/#website\"},\"primaryImageOfPage\":{\"@id\":\"https:\\\/\\\/dlvradio.es\\\/se-convoca-una-gran-manifestacion-en-defensa-del-mar-menor-en-murcia\\\/#primaryimage\"},\"image\":{\"@id\":\"https:\\\/\\\/dlvradio.es\\\/se-convoca-una-gran-manifestacion-en-defensa-del-mar-menor-en-murcia\\\/#primaryimage\"},\"thumbnailUrl\":\"https:\\\/\\\/dlvradio.es\\\/wp-content\\\/uploads\\\/2021\\\/10\\\/Se-convoca-una-gran-manifestacion-en-defensa-del-Mar-Menor-en-Murcia.jpg\",\"datePublished\":\"2021-10-06T09:13:25+00:00\",\"description\":\"Se convoca una gran manifestaci\u00f3n en defensa del Mar Menor en Murcia El jueves 7 de octubre tendr\u00e1 lugar una manifestaci\u00f3n que se espera multitudinaria,\",\"breadcrumb\":{\"@id\":\"https:\\\/\\\/dlvradio.es\\\/se-convoca-una-gran-manifestacion-en-defensa-del-mar-menor-en-murcia\\\/#breadcrumb\"},\"inLanguage\":\"en-US\",\"potentialAction\":[{\"@type\":\"ReadAction\",\"target\":[\"https:\\\/\\\/dlvradio.es\\\/se-convoca-una-gran-manifestacion-en-defensa-del-mar-menor-en-murcia\\\/\"]}]},{\"@type\":\"ImageObject\",\"inLanguage\":\"en-US\",\"@id\":\"https:\\\/\\\/dlvradio.es\\\/se-convoca-una-gran-manifestacion-en-defensa-del-mar-menor-en-murcia\\\/#primaryimage\",\"url\":\"https:\\\/\\\/dlvradio.es\\\/wp-content\\\/uploads\\\/2021\\\/10\\\/Se-convoca-una-gran-manifestacion-en-defensa-del-Mar-Menor-en-Murcia.jpg\",\"contentUrl\":\"https:\\\/\\\/dlvradio.es\\\/wp-content\\\/uploads\\\/2021\\\/10\\\/Se-convoca-una-gran-manifestacion-en-defensa-del-Mar-Menor-en-Murcia.jpg\",\"width\":1511,\"height\":1511,\"caption\":\"Se convoca una gran manifestaci\u00f3n en defensa del Mar Menor en Murcia\"},{\"@type\":\"BreadcrumbList\",\"@id\":\"https:\\\/\\\/dlvradio.es\\\/se-convoca-una-gran-manifestacion-en-defensa-del-mar-menor-en-murcia\\\/#breadcrumb\",\"itemListElement\":[{\"@type\":\"ListItem\",\"position\":1,\"name\":\"Inicio\",\"item\":\"https:\\\/\\\/dlvradio.es\\\/\"},{\"@type\":\"ListItem\",\"position\":2,\"name\":\"Se convoca una gran manifestaci\u00f3n en defensa del Mar Menor en Murcia\"}]},{\"@type\":\"WebSite\",\"@id\":\"https:\\\/\\\/dlvradio.es\\\/#website\",\"url\":\"https:\\\/\\\/dlvradio.es\\\/\",\"name\":\"DLVRADIO\",\"description\":\"Somos un medio de comunicaci\u00f3n alternativo a los medios tradicionales\",\"publisher\":{\"@id\":\"https:\\\/\\\/dlvradio.es\\\/#organization\"},\"potentialAction\":[{\"@type\":\"SearchAction\",\"target\":{\"@type\":\"EntryPoint\",\"urlTemplate\":\"https:\\\/\\\/dlvradio.es\\\/?s={search_term_string}\"},\"query-input\":{\"@type\":\"PropertyValueSpecification\",\"valueRequired\":true,\"valueName\":\"search_term_string\"}}],\"inLanguage\":\"en-US\"},{\"@type\":\"Organization\",\"@id\":\"https:\\\/\\\/dlvradio.es\\\/#organization\",\"name\":\"DLVRADIO\",\"url\":\"https:\\\/\\\/dlvradio.es\\\/\",\"logo\":{\"@type\":\"ImageObject\",\"inLanguage\":\"en-US\",\"@id\":\"https:\\\/\\\/dlvradio.es\\\/#\\\/schema\\\/logo\\\/image\\\/\",\"url\":\"\",\"contentUrl\":\"\",\"caption\":\"DLVRADIO\"},\"image\":{\"@id\":\"https:\\\/\\\/dlvradio.es\\\/#\\\/schema\\\/logo\\\/image\\\/\"},\"sameAs\":[\"https:\\\/\\\/www.facebook.com\\\/RadioDLVradio\\\/\",\"https:\\\/\\\/x.com\\\/RadioDlvradio\",\"https:\\\/\\\/www.instagram.com\\\/radiodlvradio\\\/\"]},{\"@type\":\"Person\",\"@id\":\"https:\\\/\\\/dlvradio.es\\\/#\\\/schema\\\/person\\\/7d533f9f89b13e3a3f2ba7f67d6412de\",\"name\":\"DLV RADIO\",\"sameAs\":[\"https:\\\/\\\/dlvradio.es\"]}]}<\/script>\n<!-- \/ Yoast SEO plugin. -->","yoast_head_json":{"title":"Se convoca una gran manifestaci\u00f3n en defensa del Mar Menor en Murcia - DLVRADIO","description":"Se convoca una gran manifestaci\u00f3n en defensa del Mar Menor en Murcia El jueves 7 de octubre tendr\u00e1 lugar una manifestaci\u00f3n que se espera multitudinaria,","robots":{"index":"index","follow":"follow","max-snippet":"max-snippet:-1","max-image-preview":"max-image-preview:large","max-video-preview":"max-video-preview:-1"},"canonical":"https:\/\/dlvradio.es\/en\/se-convoca-una-gran-manifestacion-en-defensa-del-mar-menor-en-murcia\/","og_locale":"en_US","og_type":"article","og_title":"Se convoca una gran manifestaci\u00f3n en defensa del Mar Menor en Murcia - DLVRADIO","og_description":"Se convoca una gran manifestaci\u00f3n en defensa del Mar Menor en Murcia El jueves 7 de octubre tendr\u00e1 lugar una manifestaci\u00f3n que se espera multitudinaria,","og_url":"https:\/\/dlvradio.es\/en\/se-convoca-una-gran-manifestacion-en-defensa-del-mar-menor-en-murcia\/","og_site_name":"DLVRADIO","article_publisher":"https:\/\/www.facebook.com\/RadioDLVradio\/","article_published_time":"2021-10-06T09:13:25+00:00","og_image":[{"width":1511,"height":1511,"url":"https:\/\/dlvradio.es\/wp-content\/uploads\/2021\/10\/Se-convoca-una-gran-manifestacion-en-defensa-del-Mar-Menor-en-Murcia.jpg","type":"image\/jpeg"}],"author":"DLV RADIO","twitter_card":"summary_large_image","twitter_creator":"@RadioDlvradio","twitter_site":"@RadioDlvradio","schema":{"@context":"https:\/\/schema.org","@graph":[{"@type":"Article","@id":"https:\/\/dlvradio.es\/se-convoca-una-gran-manifestacion-en-defensa-del-mar-menor-en-murcia\/#article","isPartOf":{"@id":"https:\/\/dlvradio.es\/se-convoca-una-gran-manifestacion-en-defensa-del-mar-menor-en-murcia\/"},"author":{"name":"DLV RADIO","@id":"https:\/\/dlvradio.es\/#\/schema\/person\/7d533f9f89b13e3a3f2ba7f67d6412de"},"headline":"Se convoca una gran manifestaci\u00f3n en defensa del Mar Menor en Murcia","datePublished":"2021-10-06T09:13:25+00:00","mainEntityOfPage":{"@id":"https:\/\/dlvradio.es\/se-convoca-una-gran-manifestacion-en-defensa-del-mar-menor-en-murcia\/"},"wordCount":871,"commentCount":0,"publisher":{"@id":"https:\/\/dlvradio.es\/#organization"},"image":{"@id":"https:\/\/dlvradio.es\/se-convoca-una-gran-manifestacion-en-defensa-del-mar-menor-en-murcia\/#primaryimage"},"thumbnailUrl":"https:\/\/dlvradio.es\/wp-content\/uploads\/2021\/10\/Se-convoca-una-gran-manifestacion-en-defensa-del-Mar-Menor-en-Murcia.jpg","keywords":["ecolog\u00eda","Espa\u00f1a"],"articleSection":["Emergencia clim\u00e1tica"],"inLanguage":"en-US"},{"@type":"WebPage","@id":"https:\/\/dlvradio.es\/se-convoca-una-gran-manifestacion-en-defensa-del-mar-menor-en-murcia\/","url":"https:\/\/dlvradio.es\/se-convoca-una-gran-manifestacion-en-defensa-del-mar-menor-en-murcia\/","name":"Se convoca una gran manifestaci\u00f3n en defensa del Mar Menor en Murcia - DLVRADIO","isPartOf":{"@id":"https:\/\/dlvradio.es\/#website"},"primaryImageOfPage":{"@id":"https:\/\/dlvradio.es\/se-convoca-una-gran-manifestacion-en-defensa-del-mar-menor-en-murcia\/#primaryimage"},"image":{"@id":"https:\/\/dlvradio.es\/se-convoca-una-gran-manifestacion-en-defensa-del-mar-menor-en-murcia\/#primaryimage"},"thumbnailUrl":"https:\/\/dlvradio.es\/wp-content\/uploads\/2021\/10\/Se-convoca-una-gran-manifestacion-en-defensa-del-Mar-Menor-en-Murcia.jpg","datePublished":"2021-10-06T09:13:25+00:00","description":"Se convoca una gran manifestaci\u00f3n en defensa del Mar Menor en Murcia El jueves 7 de octubre tendr\u00e1 lugar una manifestaci\u00f3n que se espera multitudinaria,","breadcrumb":{"@id":"https:\/\/dlvradio.es\/se-convoca-una-gran-manifestacion-en-defensa-del-mar-menor-en-murcia\/#breadcrumb"},"inLanguage":"en-US","potentialAction":[{"@type":"ReadAction","target":["https:\/\/dlvradio.es\/se-convoca-una-gran-manifestacion-en-defensa-del-mar-menor-en-murcia\/"]}]},{"@type":"ImageObject","inLanguage":"en-US","@id":"https:\/\/dlvradio.es\/se-convoca-una-gran-manifestacion-en-defensa-del-mar-menor-en-murcia\/#primaryimage","url":"https:\/\/dlvradio.es\/wp-content\/uploads\/2021\/10\/Se-convoca-una-gran-manifestacion-en-defensa-del-Mar-Menor-en-Murcia.jpg","contentUrl":"https:\/\/dlvradio.es\/wp-content\/uploads\/2021\/10\/Se-convoca-una-gran-manifestacion-en-defensa-del-Mar-Menor-en-Murcia.jpg","width":1511,"height":1511,"caption":"Se convoca una gran manifestaci\u00f3n en defensa del Mar Menor en Murcia"},{"@type":"BreadcrumbList","@id":"https:\/\/dlvradio.es\/se-convoca-una-gran-manifestacion-en-defensa-del-mar-menor-en-murcia\/#breadcrumb","itemListElement":[{"@type":"ListItem","position":1,"name":"Inicio","item":"https:\/\/dlvradio.es\/"},{"@type":"ListItem","position":2,"name":"Se convoca una gran manifestaci\u00f3n en defensa del Mar Menor en Murcia"}]},{"@type":"WebSite","@id":"https:\/\/dlvradio.es\/#website","url":"https:\/\/dlvradio.es\/","name":"DLVRADIO","description":"We are an alternative media to traditional media","publisher":{"@id":"https:\/\/dlvradio.es\/#organization"},"potentialAction":[{"@type":"SearchAction","target":{"@type":"EntryPoint","urlTemplate":"https:\/\/dlvradio.es\/?s={search_term_string}"},"query-input":{"@type":"PropertyValueSpecification","valueRequired":true,"valueName":"search_term_string"}}],"inLanguage":"en-US"},{"@type":"Organization","@id":"https:\/\/dlvradio.es\/#organization","name":"DLVRADIO","url":"https:\/\/dlvradio.es\/","logo":{"@type":"ImageObject","inLanguage":"en-US","@id":"https:\/\/dlvradio.es\/#\/schema\/logo\/image\/","url":"","contentUrl":"","caption":"DLVRADIO"},"image":{"@id":"https:\/\/dlvradio.es\/#\/schema\/logo\/image\/"},"sameAs":["https:\/\/www.facebook.com\/RadioDLVradio\/","https:\/\/x.com\/RadioDlvradio","https:\/\/www.instagram.com\/radiodlvradio\/"]},{"@type":"Person","@id":"https:\/\/dlvradio.es\/#\/schema\/person\/7d533f9f89b13e3a3f2ba7f67d6412de","name":"DLV RADIO","sameAs":["https:\/\/dlvradio.es"]}]}},"_links":{"self":[{"href":"https:\/\/dlvradio.es\/en\/wp-json\/wp\/v2\/posts\/70806","targetHints":{"allow":["GET"]}}],"collection":[{"href":"https:\/\/dlvradio.es\/en\/wp-json\/wp\/v2\/posts"}],"about":[{"href":"https:\/\/dlvradio.es\/en\/wp-json\/wp\/v2\/types\/post"}],"author":[{"embeddable":true,"href":"https:\/\/dlvradio.es\/en\/wp-json\/wp\/v2\/users\/4"}],"replies":[{"embeddable":true,"href":"https:\/\/dlvradio.es\/en\/wp-json\/wp\/v2\/comments?post=70806"}],"version-history":[{"count":0,"href":"https:\/\/dlvradio.es\/en\/wp-json\/wp\/v2\/posts\/70806\/revisions"}],"wp:featuredmedia":[{"embeddable":true,"href":"https:\/\/dlvradio.es\/en\/wp-json\/wp\/v2\/media\/70807"}],"wp:attachment":[{"href":"https:\/\/dlvradio.es\/en\/wp-json\/wp\/v2\/media?parent=70806"}],"wp:term":[{"taxonomy":"category","embeddable":true,"href":"https:\/\/dlvradio.es\/en\/wp-json\/wp\/v2\/categories?post=70806"},{"taxonomy":"post_tag","embeddable":true,"href":"https:\/\/dlvradio.es\/en\/wp-json\/wp\/v2\/tags?post=70806"}],"curies":[{"name":"wp","href":"https:\/\/api.w.org\/{rel}","templated":true}]}}