{"id":70810,"date":"2021-10-08T14:50:04","date_gmt":"2021-10-08T12:50:04","guid":{"rendered":"https:\/\/dlvradio.es\/cop15-las-decisiones-que-se-tomen-en-la-cumbre-mundial-de-diversidad-biologica-determinaran-el-futuro-de-la-especie-humana\/"},"modified":"2021-10-08T14:50:04","modified_gmt":"2021-10-08T12:50:04","slug":"cop15-las-decisiones-que-se-tomen-en-la-cumbre-mundial-de-diversidad-biologica-determinaran-el-futuro-de-la-especie-humana","status":"publish","type":"post","link":"https:\/\/dlvradio.es\/en\/cop15-las-decisiones-que-se-tomen-en-la-cumbre-mundial-de-diversidad-biologica-determinaran-el-futuro-de-la-especie-humana\/","title":{"rendered":"COP15: Decisions made at the World Summit on Biological Diversity will determine the future of the human species"},"content":{"rendered":"<h6><strong><img decoding=\"async\" class=\"alignleft wp-image-7747 size-thumbnail\" src=\"https:\/\/dlvradio.es\/wp-content\/uploads\/2021\/10\/ecoloverdnatu-150x150.jpg\" alt=\"\" width=\"150\" height=\"150\" \/>COP15: las decisiones que se tomen en la Cumbre Mundial de Diversidad Biol\u00f3gica determinar\u00e1n el futuro de la especie humana.<\/strong><\/h6>\n<ul>\n<li>Del 11 al 15 de octubre se celebra la primera parte de la Cumbre Mundial de Diversidad Biol\u00f3gica (COP15) en la que participa Ecologistas en Acci\u00f3n.<\/li>\n<li>La confederaci\u00f3n ecologista reclama mayor ambici\u00f3n pol\u00edtica a los gobiernos en las negociaciones para acordar el Marco Global de Biodiversidad Post 2020, capaz de detener totalmente la p\u00e9rdida de diversidad biol\u00f3gica en 2030.<\/li>\n<\/ul>\n<p>Tras dos fracasos, en 2010 y 2020, del acuerdo mundial para detener la p\u00e9rdida de biodiversidad, y despu\u00e9s de tres rondas de negociaciones, contin\u00faa la elaboraci\u00f3n del Marco Global Post 2020. Este documento definir\u00e1 los compromisos de los gobiernos para\u00a0 detener la p\u00e9rdida de biodiversidad y recuperar los procesos ecol\u00f3gicos de los que dependen todos los seres vivos, tambi\u00e9n los humanos.<\/p>\n<p>El acuerdo, que deb\u00eda aprobarse en 2020, se retras\u00f3 debido a la pandemia. La aparici\u00f3n de la COVID-19 ha sido una muestra clara de los v\u00ednculos entre biodiversidad y salud humana. Cuando se destruye la biodiversidad se destruye el sistema que sustenta la vida. Un ecosistema sano supone una barrera natural de control de plagas y pat\u00f3genos y previene la aparici\u00f3n de nuevas <a href=\"https:\/\/www.unep.org\/es\/resources\/report\/preventing-future-zoonotic-disease-outbreaks-protecting-environment-animals-and\">enfermedades zoon\u00f3ticas<\/a>. Las causas detr\u00e1s del auge de enfermedades zoon\u00f3ticas son las mismas que est\u00e1n provocando la p\u00e9rdida de biodiversidad: deforestaci\u00f3n, invasi\u00f3n de h\u00e1bitats de vida silvestre, la agricultura y ganader\u00eda industrial, la gran utilizaci\u00f3n de plaguicidas, la pesca marina o la caza.<\/p>\n<p>Sin embargo, para Ecologistas en Acci\u00f3n este retraso no justifica que el \u00faltimo borrador del Marco Global Post 2020 contin\u00fae siendo un acuerdo voluntario, que los gobiernos pueden o no cumplir, que no se hayan incorporado medidas concretas que garanticen que aplicando este acuerdo en 2030 se logre detener la p\u00e9rdida de biodiversidad, y que todav\u00eda no exista financiaci\u00f3n suficiente para hacer cumplir este acuerdo. Es esencial que este acuerdo incluya mecanismos para atajar las causas subyacentes de la p\u00e9rdida de biodiversidad, entre las cuales destaca la necesidad de cambiar el modelo econ\u00f3mico imperante en el mundo.<\/p>\n<p>Ya en el a\u00f1o 2000 y en el 2010 los pa\u00edses miembros de la Convenci\u00f3n de la Biodiversidad se comprometieron a detener la p\u00e9rdida de biodiversidad en 2010 y 2020, compromisos que los responsables pol\u00edticos incumplieron. En el caso espa\u00f1ol, ni los gobiernos del Partido Popular ni los del PSOE adoptaron medidas espec\u00edficas para intentar cumplir estos acuerdos, demostrando, seg\u00fan Ecologistas en Acci\u00f3n, un nulo inter\u00e9s en esta materia.<\/p>\n<p>Si las administraciones espa\u00f1olas e internacionales contin\u00faan dando la espalda a la biodiversidad, tal y como advierten la ciencia y el movimiento ecologista, se pondr\u00e1 en riesgo el ox\u00edgeno que se respira y que producen las plantas, as\u00ed como la capacidad de almacenar carbono, ambas importantes para la regulaci\u00f3n del clima y la creaci\u00f3n de aire respirable. Tambi\u00e9n est\u00e1n seriamente afectados los ciclos biogeoqu\u00edmicos, como los del agua, el nitr\u00f3geno o el f\u00f3sforo, esenciales para la vida salvaje, para la agricultura y, por tanto, para la vida humana.<\/p>\n<p>Si la biodiversidad deja de proporcionar alimento o se pierde la polinizaci\u00f3n y el control de plagas, as\u00ed como la salud del suelo, el ser humano ser\u00e1 una de las especies m\u00e1s perjudicadas. Por ello, tanto por razones \u00e9ticas como meramente utilitarias, es vital realizar ya las transformaciones necesarias para que la sociedad viva en armon\u00eda con la naturaleza. Las decisiones que se tomen en la Cumbre Mundial de Diversidad Biol\u00f3gica determinar\u00e1n el futuro de la especie humana.<\/p>","protected":false},"excerpt":{"rendered":"<p>COP15: las decisiones que se tomen en la Cumbre Mundial de Diversidad Biol\u00f3gica determinar\u00e1n el futuro de la especie humana. Del 11 al 15 de octubre se celebra la primera parte de la Cumbre Mundial de Diversidad Biol\u00f3gica (COP15) en la que participa Ecologistas en Acci\u00f3n. La confederaci\u00f3n ecologista reclama mayor ambici\u00f3n pol\u00edtica a los [&hellip;]<\/p>\n","protected":false},"author":4,"featured_media":70811,"comment_status":"open","ping_status":"open","sticky":false,"template":"","format":"standard","meta":{"_acf_changed":false,"footnotes":""},"categories":[2711],"tags":[2478,2507],"class_list":["post-70810","post","type-post","status-publish","format-standard","has-post-thumbnail","hentry","category-emergencia-climatica","tag-ecologia","tag-internacional"],"acf":[],"yoast_head":"<!-- This site is optimized with the Yoast SEO plugin v27.4 - https:\/\/yoast.com\/product\/yoast-seo-wordpress\/ -->\n<title>COP15: las decisiones que se tomen en la Cumbre Mundial de Diversidad Biol\u00f3gica determinar\u00e1n el futuro de la especie humana - DLVRADIO<\/title>\n<meta name=\"description\" content=\"COP15: las decisiones que se tomen en la Cumbre Mundial de Diversidad Biol\u00f3gica determinar\u00e1n el futuro de la especie humana. Del 11 al 15 de octubre se\" \/>\n<meta name=\"robots\" content=\"index, follow, max-snippet:-1, max-image-preview:large, max-video-preview:-1\" \/>\n<link rel=\"canonical\" href=\"https:\/\/dlvradio.es\/en\/cop15-las-decisiones-que-se-tomen-en-la-cumbre-mundial-de-diversidad-biologica-determinaran-el-futuro-de-la-especie-humana\/\" \/>\n<meta property=\"og:locale\" content=\"en_US\" \/>\n<meta property=\"og:type\" content=\"article\" \/>\n<meta property=\"og:title\" content=\"COP15: las decisiones que se tomen en la Cumbre Mundial de Diversidad Biol\u00f3gica determinar\u00e1n el futuro de la especie humana - DLVRADIO\" \/>\n<meta property=\"og:description\" content=\"COP15: las decisiones que se tomen en la Cumbre Mundial de Diversidad Biol\u00f3gica determinar\u00e1n el futuro de la especie humana. Del 11 al 15 de octubre se\" \/>\n<meta property=\"og:url\" content=\"https:\/\/dlvradio.es\/en\/cop15-las-decisiones-que-se-tomen-en-la-cumbre-mundial-de-diversidad-biologica-determinaran-el-futuro-de-la-especie-humana\/\" \/>\n<meta property=\"og:site_name\" content=\"DLVRADIO\" \/>\n<meta property=\"article:publisher\" content=\"https:\/\/www.facebook.com\/RadioDLVradio\/\" \/>\n<meta property=\"article:published_time\" content=\"2021-10-08T12:50:04+00:00\" \/>\n<meta property=\"og:image\" content=\"https:\/\/dlvradio.es\/wp-content\/uploads\/2021\/10\/ecoloverdnatu.jpg\" \/>\n\t<meta property=\"og:image:width\" content=\"1511\" \/>\n\t<meta property=\"og:image:height\" content=\"1511\" \/>\n\t<meta property=\"og:image:type\" content=\"image\/jpeg\" \/>\n<meta name=\"author\" content=\"DLV RADIO\" \/>\n<meta name=\"twitter:card\" content=\"summary_large_image\" \/>\n<meta name=\"twitter:creator\" content=\"@RadioDlvradio\" \/>\n<meta name=\"twitter:site\" content=\"@RadioDlvradio\" \/>\n<script type=\"application\/ld+json\" class=\"yoast-schema-graph\">{\"@context\":\"https:\\\/\\\/schema.org\",\"@graph\":[{\"@type\":\"Article\",\"@id\":\"https:\\\/\\\/dlvradio.es\\\/cop15-las-decisiones-que-se-tomen-en-la-cumbre-mundial-de-diversidad-biologica-determinaran-el-futuro-de-la-especie-humana\\\/#article\",\"isPartOf\":{\"@id\":\"https:\\\/\\\/dlvradio.es\\\/cop15-las-decisiones-que-se-tomen-en-la-cumbre-mundial-de-diversidad-biologica-determinaran-el-futuro-de-la-especie-humana\\\/\"},\"author\":{\"name\":\"DLV RADIO\",\"@id\":\"https:\\\/\\\/dlvradio.es\\\/#\\\/schema\\\/person\\\/7d533f9f89b13e3a3f2ba7f67d6412de\"},\"headline\":\"COP15: las decisiones que se tomen en la Cumbre Mundial de Diversidad Biol\u00f3gica determinar\u00e1n el futuro de la especie humana\",\"datePublished\":\"2021-10-08T12:50:04+00:00\",\"mainEntityOfPage\":{\"@id\":\"https:\\\/\\\/dlvradio.es\\\/cop15-las-decisiones-que-se-tomen-en-la-cumbre-mundial-de-diversidad-biologica-determinaran-el-futuro-de-la-especie-humana\\\/\"},\"wordCount\":649,\"commentCount\":0,\"publisher\":{\"@id\":\"https:\\\/\\\/dlvradio.es\\\/#organization\"},\"image\":{\"@id\":\"https:\\\/\\\/dlvradio.es\\\/cop15-las-decisiones-que-se-tomen-en-la-cumbre-mundial-de-diversidad-biologica-determinaran-el-futuro-de-la-especie-humana\\\/#primaryimage\"},\"thumbnailUrl\":\"https:\\\/\\\/dlvradio.es\\\/wp-content\\\/uploads\\\/2021\\\/10\\\/ecoloverdnatu.jpg\",\"keywords\":[\"ecolog\u00eda\",\"internacional\"],\"articleSection\":[\"Emergencia clim\u00e1tica\"],\"inLanguage\":\"en-US\"},{\"@type\":\"WebPage\",\"@id\":\"https:\\\/\\\/dlvradio.es\\\/cop15-las-decisiones-que-se-tomen-en-la-cumbre-mundial-de-diversidad-biologica-determinaran-el-futuro-de-la-especie-humana\\\/\",\"url\":\"https:\\\/\\\/dlvradio.es\\\/cop15-las-decisiones-que-se-tomen-en-la-cumbre-mundial-de-diversidad-biologica-determinaran-el-futuro-de-la-especie-humana\\\/\",\"name\":\"COP15: las decisiones que se tomen en la Cumbre Mundial de Diversidad Biol\u00f3gica determinar\u00e1n el futuro de la especie humana - DLVRADIO\",\"isPartOf\":{\"@id\":\"https:\\\/\\\/dlvradio.es\\\/#website\"},\"primaryImageOfPage\":{\"@id\":\"https:\\\/\\\/dlvradio.es\\\/cop15-las-decisiones-que-se-tomen-en-la-cumbre-mundial-de-diversidad-biologica-determinaran-el-futuro-de-la-especie-humana\\\/#primaryimage\"},\"image\":{\"@id\":\"https:\\\/\\\/dlvradio.es\\\/cop15-las-decisiones-que-se-tomen-en-la-cumbre-mundial-de-diversidad-biologica-determinaran-el-futuro-de-la-especie-humana\\\/#primaryimage\"},\"thumbnailUrl\":\"https:\\\/\\\/dlvradio.es\\\/wp-content\\\/uploads\\\/2021\\\/10\\\/ecoloverdnatu.jpg\",\"datePublished\":\"2021-10-08T12:50:04+00:00\",\"description\":\"COP15: las decisiones que se tomen en la Cumbre Mundial de Diversidad Biol\u00f3gica determinar\u00e1n el futuro de la especie humana. Del 11 al 15 de octubre se\",\"breadcrumb\":{\"@id\":\"https:\\\/\\\/dlvradio.es\\\/cop15-las-decisiones-que-se-tomen-en-la-cumbre-mundial-de-diversidad-biologica-determinaran-el-futuro-de-la-especie-humana\\\/#breadcrumb\"},\"inLanguage\":\"en-US\",\"potentialAction\":[{\"@type\":\"ReadAction\",\"target\":[\"https:\\\/\\\/dlvradio.es\\\/cop15-las-decisiones-que-se-tomen-en-la-cumbre-mundial-de-diversidad-biologica-determinaran-el-futuro-de-la-especie-humana\\\/\"]}]},{\"@type\":\"ImageObject\",\"inLanguage\":\"en-US\",\"@id\":\"https:\\\/\\\/dlvradio.es\\\/cop15-las-decisiones-que-se-tomen-en-la-cumbre-mundial-de-diversidad-biologica-determinaran-el-futuro-de-la-especie-humana\\\/#primaryimage\",\"url\":\"https:\\\/\\\/dlvradio.es\\\/wp-content\\\/uploads\\\/2021\\\/10\\\/ecoloverdnatu.jpg\",\"contentUrl\":\"https:\\\/\\\/dlvradio.es\\\/wp-content\\\/uploads\\\/2021\\\/10\\\/ecoloverdnatu.jpg\",\"width\":1511,\"height\":1511,\"caption\":\"ecoloverdnatu\"},{\"@type\":\"BreadcrumbList\",\"@id\":\"https:\\\/\\\/dlvradio.es\\\/cop15-las-decisiones-que-se-tomen-en-la-cumbre-mundial-de-diversidad-biologica-determinaran-el-futuro-de-la-especie-humana\\\/#breadcrumb\",\"itemListElement\":[{\"@type\":\"ListItem\",\"position\":1,\"name\":\"Inicio\",\"item\":\"https:\\\/\\\/dlvradio.es\\\/\"},{\"@type\":\"ListItem\",\"position\":2,\"name\":\"COP15: las decisiones que se tomen en la Cumbre Mundial de Diversidad Biol\u00f3gica determinar\u00e1n el futuro de la especie humana\"}]},{\"@type\":\"WebSite\",\"@id\":\"https:\\\/\\\/dlvradio.es\\\/#website\",\"url\":\"https:\\\/\\\/dlvradio.es\\\/\",\"name\":\"DLVRADIO\",\"description\":\"Somos un medio de comunicaci\u00f3n alternativo a los medios tradicionales\",\"publisher\":{\"@id\":\"https:\\\/\\\/dlvradio.es\\\/#organization\"},\"potentialAction\":[{\"@type\":\"SearchAction\",\"target\":{\"@type\":\"EntryPoint\",\"urlTemplate\":\"https:\\\/\\\/dlvradio.es\\\/?s={search_term_string}\"},\"query-input\":{\"@type\":\"PropertyValueSpecification\",\"valueRequired\":true,\"valueName\":\"search_term_string\"}}],\"inLanguage\":\"en-US\"},{\"@type\":\"Organization\",\"@id\":\"https:\\\/\\\/dlvradio.es\\\/#organization\",\"name\":\"DLVRADIO\",\"url\":\"https:\\\/\\\/dlvradio.es\\\/\",\"logo\":{\"@type\":\"ImageObject\",\"inLanguage\":\"en-US\",\"@id\":\"https:\\\/\\\/dlvradio.es\\\/#\\\/schema\\\/logo\\\/image\\\/\",\"url\":\"\",\"contentUrl\":\"\",\"caption\":\"DLVRADIO\"},\"image\":{\"@id\":\"https:\\\/\\\/dlvradio.es\\\/#\\\/schema\\\/logo\\\/image\\\/\"},\"sameAs\":[\"https:\\\/\\\/www.facebook.com\\\/RadioDLVradio\\\/\",\"https:\\\/\\\/x.com\\\/RadioDlvradio\",\"https:\\\/\\\/www.instagram.com\\\/radiodlvradio\\\/\"]},{\"@type\":\"Person\",\"@id\":\"https:\\\/\\\/dlvradio.es\\\/#\\\/schema\\\/person\\\/7d533f9f89b13e3a3f2ba7f67d6412de\",\"name\":\"DLV RADIO\",\"sameAs\":[\"https:\\\/\\\/dlvradio.es\"]}]}<\/script>\n<!-- \/ Yoast SEO plugin. -->","yoast_head_json":{"title":"COP15: las decisiones que se tomen en la Cumbre Mundial de Diversidad Biol\u00f3gica determinar\u00e1n el futuro de la especie humana - DLVRADIO","description":"COP15: las decisiones que se tomen en la Cumbre Mundial de Diversidad Biol\u00f3gica determinar\u00e1n el futuro de la especie humana. Del 11 al 15 de octubre se","robots":{"index":"index","follow":"follow","max-snippet":"max-snippet:-1","max-image-preview":"max-image-preview:large","max-video-preview":"max-video-preview:-1"},"canonical":"https:\/\/dlvradio.es\/en\/cop15-las-decisiones-que-se-tomen-en-la-cumbre-mundial-de-diversidad-biologica-determinaran-el-futuro-de-la-especie-humana\/","og_locale":"en_US","og_type":"article","og_title":"COP15: las decisiones que se tomen en la Cumbre Mundial de Diversidad Biol\u00f3gica determinar\u00e1n el futuro de la especie humana - DLVRADIO","og_description":"COP15: las decisiones que se tomen en la Cumbre Mundial de Diversidad Biol\u00f3gica determinar\u00e1n el futuro de la especie humana. Del 11 al 15 de octubre se","og_url":"https:\/\/dlvradio.es\/en\/cop15-las-decisiones-que-se-tomen-en-la-cumbre-mundial-de-diversidad-biologica-determinaran-el-futuro-de-la-especie-humana\/","og_site_name":"DLVRADIO","article_publisher":"https:\/\/www.facebook.com\/RadioDLVradio\/","article_published_time":"2021-10-08T12:50:04+00:00","og_image":[{"width":1511,"height":1511,"url":"https:\/\/dlvradio.es\/wp-content\/uploads\/2021\/10\/ecoloverdnatu.jpg","type":"image\/jpeg"}],"author":"DLV RADIO","twitter_card":"summary_large_image","twitter_creator":"@RadioDlvradio","twitter_site":"@RadioDlvradio","schema":{"@context":"https:\/\/schema.org","@graph":[{"@type":"Article","@id":"https:\/\/dlvradio.es\/cop15-las-decisiones-que-se-tomen-en-la-cumbre-mundial-de-diversidad-biologica-determinaran-el-futuro-de-la-especie-humana\/#article","isPartOf":{"@id":"https:\/\/dlvradio.es\/cop15-las-decisiones-que-se-tomen-en-la-cumbre-mundial-de-diversidad-biologica-determinaran-el-futuro-de-la-especie-humana\/"},"author":{"name":"DLV RADIO","@id":"https:\/\/dlvradio.es\/#\/schema\/person\/7d533f9f89b13e3a3f2ba7f67d6412de"},"headline":"COP15: las decisiones que se tomen en la Cumbre Mundial de Diversidad Biol\u00f3gica determinar\u00e1n el futuro de la especie humana","datePublished":"2021-10-08T12:50:04+00:00","mainEntityOfPage":{"@id":"https:\/\/dlvradio.es\/cop15-las-decisiones-que-se-tomen-en-la-cumbre-mundial-de-diversidad-biologica-determinaran-el-futuro-de-la-especie-humana\/"},"wordCount":649,"commentCount":0,"publisher":{"@id":"https:\/\/dlvradio.es\/#organization"},"image":{"@id":"https:\/\/dlvradio.es\/cop15-las-decisiones-que-se-tomen-en-la-cumbre-mundial-de-diversidad-biologica-determinaran-el-futuro-de-la-especie-humana\/#primaryimage"},"thumbnailUrl":"https:\/\/dlvradio.es\/wp-content\/uploads\/2021\/10\/ecoloverdnatu.jpg","keywords":["ecolog\u00eda","internacional"],"articleSection":["Emergencia clim\u00e1tica"],"inLanguage":"en-US"},{"@type":"WebPage","@id":"https:\/\/dlvradio.es\/cop15-las-decisiones-que-se-tomen-en-la-cumbre-mundial-de-diversidad-biologica-determinaran-el-futuro-de-la-especie-humana\/","url":"https:\/\/dlvradio.es\/cop15-las-decisiones-que-se-tomen-en-la-cumbre-mundial-de-diversidad-biologica-determinaran-el-futuro-de-la-especie-humana\/","name":"COP15: las decisiones que se tomen en la Cumbre Mundial de Diversidad Biol\u00f3gica determinar\u00e1n el futuro de la especie humana - DLVRADIO","isPartOf":{"@id":"https:\/\/dlvradio.es\/#website"},"primaryImageOfPage":{"@id":"https:\/\/dlvradio.es\/cop15-las-decisiones-que-se-tomen-en-la-cumbre-mundial-de-diversidad-biologica-determinaran-el-futuro-de-la-especie-humana\/#primaryimage"},"image":{"@id":"https:\/\/dlvradio.es\/cop15-las-decisiones-que-se-tomen-en-la-cumbre-mundial-de-diversidad-biologica-determinaran-el-futuro-de-la-especie-humana\/#primaryimage"},"thumbnailUrl":"https:\/\/dlvradio.es\/wp-content\/uploads\/2021\/10\/ecoloverdnatu.jpg","datePublished":"2021-10-08T12:50:04+00:00","description":"COP15: las decisiones que se tomen en la Cumbre Mundial de Diversidad Biol\u00f3gica determinar\u00e1n el futuro de la especie humana. Del 11 al 15 de octubre se","breadcrumb":{"@id":"https:\/\/dlvradio.es\/cop15-las-decisiones-que-se-tomen-en-la-cumbre-mundial-de-diversidad-biologica-determinaran-el-futuro-de-la-especie-humana\/#breadcrumb"},"inLanguage":"en-US","potentialAction":[{"@type":"ReadAction","target":["https:\/\/dlvradio.es\/cop15-las-decisiones-que-se-tomen-en-la-cumbre-mundial-de-diversidad-biologica-determinaran-el-futuro-de-la-especie-humana\/"]}]},{"@type":"ImageObject","inLanguage":"en-US","@id":"https:\/\/dlvradio.es\/cop15-las-decisiones-que-se-tomen-en-la-cumbre-mundial-de-diversidad-biologica-determinaran-el-futuro-de-la-especie-humana\/#primaryimage","url":"https:\/\/dlvradio.es\/wp-content\/uploads\/2021\/10\/ecoloverdnatu.jpg","contentUrl":"https:\/\/dlvradio.es\/wp-content\/uploads\/2021\/10\/ecoloverdnatu.jpg","width":1511,"height":1511,"caption":"ecoloverdnatu"},{"@type":"BreadcrumbList","@id":"https:\/\/dlvradio.es\/cop15-las-decisiones-que-se-tomen-en-la-cumbre-mundial-de-diversidad-biologica-determinaran-el-futuro-de-la-especie-humana\/#breadcrumb","itemListElement":[{"@type":"ListItem","position":1,"name":"Inicio","item":"https:\/\/dlvradio.es\/"},{"@type":"ListItem","position":2,"name":"COP15: las decisiones que se tomen en la Cumbre Mundial de Diversidad Biol\u00f3gica determinar\u00e1n el futuro de la especie humana"}]},{"@type":"WebSite","@id":"https:\/\/dlvradio.es\/#website","url":"https:\/\/dlvradio.es\/","name":"DLVRADIO","description":"We are an alternative media to traditional media","publisher":{"@id":"https:\/\/dlvradio.es\/#organization"},"potentialAction":[{"@type":"SearchAction","target":{"@type":"EntryPoint","urlTemplate":"https:\/\/dlvradio.es\/?s={search_term_string}"},"query-input":{"@type":"PropertyValueSpecification","valueRequired":true,"valueName":"search_term_string"}}],"inLanguage":"en-US"},{"@type":"Organization","@id":"https:\/\/dlvradio.es\/#organization","name":"DLVRADIO","url":"https:\/\/dlvradio.es\/","logo":{"@type":"ImageObject","inLanguage":"en-US","@id":"https:\/\/dlvradio.es\/#\/schema\/logo\/image\/","url":"","contentUrl":"","caption":"DLVRADIO"},"image":{"@id":"https:\/\/dlvradio.es\/#\/schema\/logo\/image\/"},"sameAs":["https:\/\/www.facebook.com\/RadioDLVradio\/","https:\/\/x.com\/RadioDlvradio","https:\/\/www.instagram.com\/radiodlvradio\/"]},{"@type":"Person","@id":"https:\/\/dlvradio.es\/#\/schema\/person\/7d533f9f89b13e3a3f2ba7f67d6412de","name":"DLV RADIO","sameAs":["https:\/\/dlvradio.es"]}]}},"_links":{"self":[{"href":"https:\/\/dlvradio.es\/en\/wp-json\/wp\/v2\/posts\/70810","targetHints":{"allow":["GET"]}}],"collection":[{"href":"https:\/\/dlvradio.es\/en\/wp-json\/wp\/v2\/posts"}],"about":[{"href":"https:\/\/dlvradio.es\/en\/wp-json\/wp\/v2\/types\/post"}],"author":[{"embeddable":true,"href":"https:\/\/dlvradio.es\/en\/wp-json\/wp\/v2\/users\/4"}],"replies":[{"embeddable":true,"href":"https:\/\/dlvradio.es\/en\/wp-json\/wp\/v2\/comments?post=70810"}],"version-history":[{"count":0,"href":"https:\/\/dlvradio.es\/en\/wp-json\/wp\/v2\/posts\/70810\/revisions"}],"wp:featuredmedia":[{"embeddable":true,"href":"https:\/\/dlvradio.es\/en\/wp-json\/wp\/v2\/media\/70811"}],"wp:attachment":[{"href":"https:\/\/dlvradio.es\/en\/wp-json\/wp\/v2\/media?parent=70810"}],"wp:term":[{"taxonomy":"category","embeddable":true,"href":"https:\/\/dlvradio.es\/en\/wp-json\/wp\/v2\/categories?post=70810"},{"taxonomy":"post_tag","embeddable":true,"href":"https:\/\/dlvradio.es\/en\/wp-json\/wp\/v2\/tags?post=70810"}],"curies":[{"name":"wp","href":"https:\/\/api.w.org\/{rel}","templated":true}]}}