{"id":70831,"date":"2021-10-17T09:39:24","date_gmt":"2021-10-17T07:39:24","guid":{"rendered":"https:\/\/dlvradio.es\/censura-para-las-feministas-en-el-congreso-federal-del-psoe\/"},"modified":"2021-10-17T09:39:24","modified_gmt":"2021-10-17T07:39:24","slug":"censura-para-las-feministas-en-el-congreso-federal-del-psoe","status":"publish","type":"post","link":"https:\/\/dlvradio.es\/en\/censura-para-las-feministas-en-el-congreso-federal-del-psoe\/","title":{"rendered":"Censura para las feministas en el Congreso federal del PSOE"},"content":{"rendered":"<h6><strong><img decoding=\"async\" class=\"alignleft wp-image-7835 size-thumbnail\" src=\"https:\/\/dlvradio.es\/wp-content\/uploads\/2021\/10\/Censura-para-las-feministas-en-el-Congreso-federal-del-PSOE-150x150.jpg\" alt=\"\" width=\"150\" height=\"150\" \/>La bater\u00eda de enmiendas contra la autodeterminaci\u00f3n de g\u00e9nero hab\u00eda sido aprobada en los territorios, pero se vet\u00f3 su presentaci\u00f3n y votaci\u00f3n en la comisi\u00f3n del Congreso.<\/strong><\/h6>\n<p>17 de octubre de 2021<\/p>\n<p><strong>Redacci\u00f3n<\/strong><\/p>\n<p>Las feministas dentro del Partido Socialista sufrieron ayer el \u201crodillo\u201d del aparato del partido cuando, en el seno del Congreso Federal del PSOE se les neg\u00f3 el voto y la palabra para defender las enmiendas presentadas, cr\u00edticas con la autodeterminaci\u00f3n de g\u00e9nero y la deriva mis\u00f3gina de la nueva <em>Ley Trans. <\/em><\/p>\n<p>As\u00f3 lo han hecho p\u00fablico a trav\u00e9s de un comunicado este grupo de militantes del PSOE de toda Espa\u00f1a que han trabajado conjuntamente en la elaboraci\u00f3n y presentaci\u00f3n de un paquete de enmiendas feministas, que abordaban cuestiones clave como los vientres de alquiler, el cambio de sexo registral y la prostituci\u00f3n, se hab\u00edan presentado y aprobado en cientos de agrupaciones de toda Espa\u00f1a.<\/p>\n<p>Sin derecho a voto ni a la palabra<\/p>\n<p>Seg\u00fan el comunicado, durante el transcurso de la Comisi\u00f3n 2 del 40 Congreso, las delegadas que han trabajado en la redacci\u00f3n y aprobaci\u00f3n de estas enmiendas feministas han visto c\u00f3mo se les <strong>denegaba el derecho a votar<\/strong> las enmiendas relativas al bloque del cambio del sexo registral. A pesar de que varias delegadas pidieron la palabra para pedir que se leyera el texto final y se votara, desde la mesa de la Comisi\u00f3n no se acept\u00f3 la posibilidad de votaci\u00f3n.<\/p>\n<p>A pesar de todas las trabas impuestas por el aparato del partido, estas mujeres consiguieron introducir en el texto de la ponencia marco un gran n\u00famero de enmiendas presentadas relativas a la prostituci\u00f3n, vientres de alquiler y el uso sinon\u00edmico de sexo\/g\u00e9nero.<\/p>\n<p>Las feministas lamentan que el PSOE haya aceptado los postulados identitarios de g\u00e9nero y acabe perdiendo as\u00ed la confianza de gran parte de la ciudadan\u00eda feminista, distanci\u00e1ndose de la agenda de las mujeres en un asunto tan crucial.<\/p>\n<p>En este sentido las promotoras de las enmiendas feministas afirman que seguir\u00e1n organiz\u00e1ndose para revertir un posicionamiento que hace tambalear el legado feminista del partido.<\/p>\n<a href=\"https:\/\/dlvradio.es\/wp-content\/uploads\/2021\/10\/nota-de-prensa-enmiendas-feministas-tras-40-Congreso.pdf\" class=\"pdfemb-viewer\" style=\"\" data-width=\"max\" data-height=\"max\" data-toolbar=\"bottom\" data-toolbar-fixed=\"off\">nota de prensa enmiendas feministas tras 40 Congreso<\/a>","protected":false},"excerpt":{"rendered":"<p>La bater\u00eda de enmiendas contra la autodeterminaci\u00f3n de g\u00e9nero hab\u00eda sido aprobada en los territorios, pero se vet\u00f3 su presentaci\u00f3n y votaci\u00f3n en la comisi\u00f3n del Congreso. 17 de octubre de 2021 Redacci\u00f3n Las feministas dentro del Partido Socialista sufrieron ayer el \u201crodillo\u201d del aparato del partido cuando, en el seno del Congreso Federal del [&hellip;]<\/p>\n","protected":false},"author":4,"featured_media":70832,"comment_status":"open","ping_status":"open","sticky":false,"template":"","format":"standard","meta":{"_acf_changed":false,"footnotes":""},"categories":[2470,2465],"tags":[2471,2473],"class_list":["post-70831","post","type-post","status-publish","format-standard","has-post-thumbnail","hentry","category-feminismo","category-informativos","tag-feminismo","tag-noticias"],"acf":[],"yoast_head":"<!-- This site is optimized with the Yoast SEO plugin v27.4 - https:\/\/yoast.com\/product\/yoast-seo-wordpress\/ -->\n<title>Censura para las feministas en el Congreso federal del PSOE - DLVRADIO<\/title>\n<meta name=\"description\" content=\"La bater\u00eda de enmiendas contra la autodeterminaci\u00f3n de g\u00e9nero hab\u00eda sido aprobada en los territorios, pero se vet\u00f3 su presentaci\u00f3n y votaci\u00f3n en la\" \/>\n<meta name=\"robots\" content=\"index, follow, max-snippet:-1, max-image-preview:large, max-video-preview:-1\" \/>\n<link rel=\"canonical\" href=\"https:\/\/dlvradio.es\/en\/censura-para-las-feministas-en-el-congreso-federal-del-psoe\/\" \/>\n<meta property=\"og:locale\" content=\"en_US\" \/>\n<meta property=\"og:type\" content=\"article\" \/>\n<meta property=\"og:title\" content=\"Censura para las feministas en el Congreso federal del PSOE - DLVRADIO\" \/>\n<meta property=\"og:description\" content=\"La bater\u00eda de enmiendas contra la autodeterminaci\u00f3n de g\u00e9nero hab\u00eda sido aprobada en los territorios, pero se vet\u00f3 su presentaci\u00f3n y votaci\u00f3n en la\" \/>\n<meta property=\"og:url\" content=\"https:\/\/dlvradio.es\/en\/censura-para-las-feministas-en-el-congreso-federal-del-psoe\/\" \/>\n<meta property=\"og:site_name\" content=\"DLVRADIO\" \/>\n<meta property=\"article:publisher\" content=\"https:\/\/www.facebook.com\/RadioDLVradio\/\" \/>\n<meta property=\"article:published_time\" content=\"2021-10-17T07:39:24+00:00\" \/>\n<meta property=\"og:image\" content=\"https:\/\/dlvradio.es\/wp-content\/uploads\/2021\/10\/Censura-para-las-feministas-en-el-Congreso-federal-del-PSOE.jpg\" \/>\n\t<meta property=\"og:image:width\" content=\"1511\" \/>\n\t<meta property=\"og:image:height\" content=\"1511\" \/>\n\t<meta property=\"og:image:type\" content=\"image\/jpeg\" \/>\n<meta name=\"author\" content=\"DLV RADIO\" \/>\n<meta name=\"twitter:card\" content=\"summary_large_image\" \/>\n<meta name=\"twitter:creator\" content=\"@RadioDlvradio\" \/>\n<meta name=\"twitter:site\" content=\"@RadioDlvradio\" \/>\n<script type=\"application\/ld+json\" class=\"yoast-schema-graph\">{\"@context\":\"https:\\\/\\\/schema.org\",\"@graph\":[{\"@type\":\"Article\",\"@id\":\"https:\\\/\\\/dlvradio.es\\\/censura-para-las-feministas-en-el-congreso-federal-del-psoe\\\/#article\",\"isPartOf\":{\"@id\":\"https:\\\/\\\/dlvradio.es\\\/censura-para-las-feministas-en-el-congreso-federal-del-psoe\\\/\"},\"author\":{\"name\":\"DLV RADIO\",\"@id\":\"https:\\\/\\\/dlvradio.es\\\/#\\\/schema\\\/person\\\/7d533f9f89b13e3a3f2ba7f67d6412de\"},\"headline\":\"Censura para las feministas en el Congreso federal del PSOE\",\"datePublished\":\"2021-10-17T07:39:24+00:00\",\"mainEntityOfPage\":{\"@id\":\"https:\\\/\\\/dlvradio.es\\\/censura-para-las-feministas-en-el-congreso-federal-del-psoe\\\/\"},\"wordCount\":401,\"commentCount\":0,\"publisher\":{\"@id\":\"https:\\\/\\\/dlvradio.es\\\/#organization\"},\"image\":{\"@id\":\"https:\\\/\\\/dlvradio.es\\\/censura-para-las-feministas-en-el-congreso-federal-del-psoe\\\/#primaryimage\"},\"thumbnailUrl\":\"https:\\\/\\\/dlvradio.es\\\/wp-content\\\/uploads\\\/2021\\\/10\\\/Censura-para-las-feministas-en-el-Congreso-federal-del-PSOE.jpg\",\"keywords\":[\"feminismo\",\"noticias\"],\"articleSection\":[\"Feminismo\",\"Informativos\"],\"inLanguage\":\"en-US\"},{\"@type\":\"WebPage\",\"@id\":\"https:\\\/\\\/dlvradio.es\\\/censura-para-las-feministas-en-el-congreso-federal-del-psoe\\\/\",\"url\":\"https:\\\/\\\/dlvradio.es\\\/censura-para-las-feministas-en-el-congreso-federal-del-psoe\\\/\",\"name\":\"Censura para las feministas en el Congreso federal del PSOE - DLVRADIO\",\"isPartOf\":{\"@id\":\"https:\\\/\\\/dlvradio.es\\\/#website\"},\"primaryImageOfPage\":{\"@id\":\"https:\\\/\\\/dlvradio.es\\\/censura-para-las-feministas-en-el-congreso-federal-del-psoe\\\/#primaryimage\"},\"image\":{\"@id\":\"https:\\\/\\\/dlvradio.es\\\/censura-para-las-feministas-en-el-congreso-federal-del-psoe\\\/#primaryimage\"},\"thumbnailUrl\":\"https:\\\/\\\/dlvradio.es\\\/wp-content\\\/uploads\\\/2021\\\/10\\\/Censura-para-las-feministas-en-el-Congreso-federal-del-PSOE.jpg\",\"datePublished\":\"2021-10-17T07:39:24+00:00\",\"description\":\"La bater\u00eda de enmiendas contra la autodeterminaci\u00f3n de g\u00e9nero hab\u00eda sido aprobada en los territorios, pero se vet\u00f3 su presentaci\u00f3n y votaci\u00f3n en la\",\"breadcrumb\":{\"@id\":\"https:\\\/\\\/dlvradio.es\\\/censura-para-las-feministas-en-el-congreso-federal-del-psoe\\\/#breadcrumb\"},\"inLanguage\":\"en-US\",\"potentialAction\":[{\"@type\":\"ReadAction\",\"target\":[\"https:\\\/\\\/dlvradio.es\\\/censura-para-las-feministas-en-el-congreso-federal-del-psoe\\\/\"]}]},{\"@type\":\"ImageObject\",\"inLanguage\":\"en-US\",\"@id\":\"https:\\\/\\\/dlvradio.es\\\/censura-para-las-feministas-en-el-congreso-federal-del-psoe\\\/#primaryimage\",\"url\":\"https:\\\/\\\/dlvradio.es\\\/wp-content\\\/uploads\\\/2021\\\/10\\\/Censura-para-las-feministas-en-el-Congreso-federal-del-PSOE.jpg\",\"contentUrl\":\"https:\\\/\\\/dlvradio.es\\\/wp-content\\\/uploads\\\/2021\\\/10\\\/Censura-para-las-feministas-en-el-Congreso-federal-del-PSOE.jpg\",\"width\":1511,\"height\":1511,\"caption\":\"Censura para las feministas en el Congreso federal del PSOE\"},{\"@type\":\"BreadcrumbList\",\"@id\":\"https:\\\/\\\/dlvradio.es\\\/censura-para-las-feministas-en-el-congreso-federal-del-psoe\\\/#breadcrumb\",\"itemListElement\":[{\"@type\":\"ListItem\",\"position\":1,\"name\":\"Inicio\",\"item\":\"https:\\\/\\\/dlvradio.es\\\/\"},{\"@type\":\"ListItem\",\"position\":2,\"name\":\"Censura para las feministas en el Congreso federal del PSOE\"}]},{\"@type\":\"WebSite\",\"@id\":\"https:\\\/\\\/dlvradio.es\\\/#website\",\"url\":\"https:\\\/\\\/dlvradio.es\\\/\",\"name\":\"DLVRADIO\",\"description\":\"Somos un medio de comunicaci\u00f3n alternativo a los medios tradicionales\",\"publisher\":{\"@id\":\"https:\\\/\\\/dlvradio.es\\\/#organization\"},\"potentialAction\":[{\"@type\":\"SearchAction\",\"target\":{\"@type\":\"EntryPoint\",\"urlTemplate\":\"https:\\\/\\\/dlvradio.es\\\/?s={search_term_string}\"},\"query-input\":{\"@type\":\"PropertyValueSpecification\",\"valueRequired\":true,\"valueName\":\"search_term_string\"}}],\"inLanguage\":\"en-US\"},{\"@type\":\"Organization\",\"@id\":\"https:\\\/\\\/dlvradio.es\\\/#organization\",\"name\":\"DLVRADIO\",\"url\":\"https:\\\/\\\/dlvradio.es\\\/\",\"logo\":{\"@type\":\"ImageObject\",\"inLanguage\":\"en-US\",\"@id\":\"https:\\\/\\\/dlvradio.es\\\/#\\\/schema\\\/logo\\\/image\\\/\",\"url\":\"\",\"contentUrl\":\"\",\"caption\":\"DLVRADIO\"},\"image\":{\"@id\":\"https:\\\/\\\/dlvradio.es\\\/#\\\/schema\\\/logo\\\/image\\\/\"},\"sameAs\":[\"https:\\\/\\\/www.facebook.com\\\/RadioDLVradio\\\/\",\"https:\\\/\\\/x.com\\\/RadioDlvradio\",\"https:\\\/\\\/www.instagram.com\\\/radiodlvradio\\\/\"]},{\"@type\":\"Person\",\"@id\":\"https:\\\/\\\/dlvradio.es\\\/#\\\/schema\\\/person\\\/7d533f9f89b13e3a3f2ba7f67d6412de\",\"name\":\"DLV RADIO\",\"sameAs\":[\"https:\\\/\\\/dlvradio.es\"]}]}<\/script>\n<!-- \/ Yoast SEO plugin. -->","yoast_head_json":{"title":"Censura para las feministas en el Congreso federal del PSOE - DLVRADIO","description":"La bater\u00eda de enmiendas contra la autodeterminaci\u00f3n de g\u00e9nero hab\u00eda sido aprobada en los territorios, pero se vet\u00f3 su presentaci\u00f3n y votaci\u00f3n en la","robots":{"index":"index","follow":"follow","max-snippet":"max-snippet:-1","max-image-preview":"max-image-preview:large","max-video-preview":"max-video-preview:-1"},"canonical":"https:\/\/dlvradio.es\/en\/censura-para-las-feministas-en-el-congreso-federal-del-psoe\/","og_locale":"en_US","og_type":"article","og_title":"Censura para las feministas en el Congreso federal del PSOE - DLVRADIO","og_description":"La bater\u00eda de enmiendas contra la autodeterminaci\u00f3n de g\u00e9nero hab\u00eda sido aprobada en los territorios, pero se vet\u00f3 su presentaci\u00f3n y votaci\u00f3n en la","og_url":"https:\/\/dlvradio.es\/en\/censura-para-las-feministas-en-el-congreso-federal-del-psoe\/","og_site_name":"DLVRADIO","article_publisher":"https:\/\/www.facebook.com\/RadioDLVradio\/","article_published_time":"2021-10-17T07:39:24+00:00","og_image":[{"width":1511,"height":1511,"url":"https:\/\/dlvradio.es\/wp-content\/uploads\/2021\/10\/Censura-para-las-feministas-en-el-Congreso-federal-del-PSOE.jpg","type":"image\/jpeg"}],"author":"DLV RADIO","twitter_card":"summary_large_image","twitter_creator":"@RadioDlvradio","twitter_site":"@RadioDlvradio","schema":{"@context":"https:\/\/schema.org","@graph":[{"@type":"Article","@id":"https:\/\/dlvradio.es\/censura-para-las-feministas-en-el-congreso-federal-del-psoe\/#article","isPartOf":{"@id":"https:\/\/dlvradio.es\/censura-para-las-feministas-en-el-congreso-federal-del-psoe\/"},"author":{"name":"DLV RADIO","@id":"https:\/\/dlvradio.es\/#\/schema\/person\/7d533f9f89b13e3a3f2ba7f67d6412de"},"headline":"Censura para las feministas en el Congreso federal del PSOE","datePublished":"2021-10-17T07:39:24+00:00","mainEntityOfPage":{"@id":"https:\/\/dlvradio.es\/censura-para-las-feministas-en-el-congreso-federal-del-psoe\/"},"wordCount":401,"commentCount":0,"publisher":{"@id":"https:\/\/dlvradio.es\/#organization"},"image":{"@id":"https:\/\/dlvradio.es\/censura-para-las-feministas-en-el-congreso-federal-del-psoe\/#primaryimage"},"thumbnailUrl":"https:\/\/dlvradio.es\/wp-content\/uploads\/2021\/10\/Censura-para-las-feministas-en-el-Congreso-federal-del-PSOE.jpg","keywords":["feminismo","noticias"],"articleSection":["Feminismo","Informativos"],"inLanguage":"en-US"},{"@type":"WebPage","@id":"https:\/\/dlvradio.es\/censura-para-las-feministas-en-el-congreso-federal-del-psoe\/","url":"https:\/\/dlvradio.es\/censura-para-las-feministas-en-el-congreso-federal-del-psoe\/","name":"Censura para las feministas en el Congreso federal del PSOE - DLVRADIO","isPartOf":{"@id":"https:\/\/dlvradio.es\/#website"},"primaryImageOfPage":{"@id":"https:\/\/dlvradio.es\/censura-para-las-feministas-en-el-congreso-federal-del-psoe\/#primaryimage"},"image":{"@id":"https:\/\/dlvradio.es\/censura-para-las-feministas-en-el-congreso-federal-del-psoe\/#primaryimage"},"thumbnailUrl":"https:\/\/dlvradio.es\/wp-content\/uploads\/2021\/10\/Censura-para-las-feministas-en-el-Congreso-federal-del-PSOE.jpg","datePublished":"2021-10-17T07:39:24+00:00","description":"La bater\u00eda de enmiendas contra la autodeterminaci\u00f3n de g\u00e9nero hab\u00eda sido aprobada en los territorios, pero se vet\u00f3 su presentaci\u00f3n y votaci\u00f3n en la","breadcrumb":{"@id":"https:\/\/dlvradio.es\/censura-para-las-feministas-en-el-congreso-federal-del-psoe\/#breadcrumb"},"inLanguage":"en-US","potentialAction":[{"@type":"ReadAction","target":["https:\/\/dlvradio.es\/censura-para-las-feministas-en-el-congreso-federal-del-psoe\/"]}]},{"@type":"ImageObject","inLanguage":"en-US","@id":"https:\/\/dlvradio.es\/censura-para-las-feministas-en-el-congreso-federal-del-psoe\/#primaryimage","url":"https:\/\/dlvradio.es\/wp-content\/uploads\/2021\/10\/Censura-para-las-feministas-en-el-Congreso-federal-del-PSOE.jpg","contentUrl":"https:\/\/dlvradio.es\/wp-content\/uploads\/2021\/10\/Censura-para-las-feministas-en-el-Congreso-federal-del-PSOE.jpg","width":1511,"height":1511,"caption":"Censura para las feministas en el Congreso federal del PSOE"},{"@type":"BreadcrumbList","@id":"https:\/\/dlvradio.es\/censura-para-las-feministas-en-el-congreso-federal-del-psoe\/#breadcrumb","itemListElement":[{"@type":"ListItem","position":1,"name":"Inicio","item":"https:\/\/dlvradio.es\/"},{"@type":"ListItem","position":2,"name":"Censura para las feministas en el Congreso federal del PSOE"}]},{"@type":"WebSite","@id":"https:\/\/dlvradio.es\/#website","url":"https:\/\/dlvradio.es\/","name":"DLVRADIO","description":"We are an alternative media to traditional media","publisher":{"@id":"https:\/\/dlvradio.es\/#organization"},"potentialAction":[{"@type":"SearchAction","target":{"@type":"EntryPoint","urlTemplate":"https:\/\/dlvradio.es\/?s={search_term_string}"},"query-input":{"@type":"PropertyValueSpecification","valueRequired":true,"valueName":"search_term_string"}}],"inLanguage":"en-US"},{"@type":"Organization","@id":"https:\/\/dlvradio.es\/#organization","name":"DLVRADIO","url":"https:\/\/dlvradio.es\/","logo":{"@type":"ImageObject","inLanguage":"en-US","@id":"https:\/\/dlvradio.es\/#\/schema\/logo\/image\/","url":"","contentUrl":"","caption":"DLVRADIO"},"image":{"@id":"https:\/\/dlvradio.es\/#\/schema\/logo\/image\/"},"sameAs":["https:\/\/www.facebook.com\/RadioDLVradio\/","https:\/\/x.com\/RadioDlvradio","https:\/\/www.instagram.com\/radiodlvradio\/"]},{"@type":"Person","@id":"https:\/\/dlvradio.es\/#\/schema\/person\/7d533f9f89b13e3a3f2ba7f67d6412de","name":"DLV RADIO","sameAs":["https:\/\/dlvradio.es"]}]}},"_links":{"self":[{"href":"https:\/\/dlvradio.es\/en\/wp-json\/wp\/v2\/posts\/70831","targetHints":{"allow":["GET"]}}],"collection":[{"href":"https:\/\/dlvradio.es\/en\/wp-json\/wp\/v2\/posts"}],"about":[{"href":"https:\/\/dlvradio.es\/en\/wp-json\/wp\/v2\/types\/post"}],"author":[{"embeddable":true,"href":"https:\/\/dlvradio.es\/en\/wp-json\/wp\/v2\/users\/4"}],"replies":[{"embeddable":true,"href":"https:\/\/dlvradio.es\/en\/wp-json\/wp\/v2\/comments?post=70831"}],"version-history":[{"count":0,"href":"https:\/\/dlvradio.es\/en\/wp-json\/wp\/v2\/posts\/70831\/revisions"}],"wp:featuredmedia":[{"embeddable":true,"href":"https:\/\/dlvradio.es\/en\/wp-json\/wp\/v2\/media\/70832"}],"wp:attachment":[{"href":"https:\/\/dlvradio.es\/en\/wp-json\/wp\/v2\/media?parent=70831"}],"wp:term":[{"taxonomy":"category","embeddable":true,"href":"https:\/\/dlvradio.es\/en\/wp-json\/wp\/v2\/categories?post=70831"},{"taxonomy":"post_tag","embeddable":true,"href":"https:\/\/dlvradio.es\/en\/wp-json\/wp\/v2\/tags?post=70831"}],"curies":[{"name":"wp","href":"https:\/\/api.w.org\/{rel}","templated":true}]}}