{"id":70894,"date":"2021-11-13T19:18:02","date_gmt":"2021-11-13T18:18:02","guid":{"rendered":"https:\/\/dlvradio.es\/la-emergencia-climatica-no-se-combate-con-declaraciones-de-intenciones-2\/"},"modified":"2021-11-13T19:18:02","modified_gmt":"2021-11-13T18:18:02","slug":"la-emergencia-climatica-no-se-combate-con-declaraciones-de-intenciones-2","status":"publish","type":"post","link":"https:\/\/dlvradio.es\/en\/la-emergencia-climatica-no-se-combate-con-declaraciones-de-intenciones-2\/","title":{"rendered":"The climate emergency is not combated with declarations of intent"},"content":{"rendered":"<h6><strong><img decoding=\"async\" class=\"alignleft wp-image-7918 size-thumbnail\" src=\"https:\/\/dlvradio.es\/wp-content\/uploads\/2021\/10\/De-Madrid-a-Glasgow-el-tiempo-se-agota-150x150.jpg\" alt=\"\" width=\"150\" height=\"150\" \/>The climate emergency cannot be fought with declarations of intent.<\/strong><\/h6>\n<ul>\n<li>The British Presidency of COP26 presents a final draft text that represents a lukewarm declaration of intentions and no progress in the negotiations.<\/li>\n<li>There are three days left for countries to change the course of negotiations that seem doomed to failure.<\/li>\n<li>Ecologists in Action urges Minister Ribera \u2013 who will lead the negotiations around adaptation \u2013 to show authentic leadership and increase the ambition and funding for these measures.<\/li>\n<\/ul>\n<p>This morning the first draft of the final text of COP26 was presented. Its pages are further proof that the negotiations are not moving forward and that the final agreement will barely be able to resolve the debates that have been going on for years without finding a response in the international community. If the text does not change course, not only will the ambition needed to fight climate change not be increased, but countries will not have the capacity to respond to the effects of the increase in global temperature.<\/p>\n<p>In this context, Ecologists in Action joins the message of civil society: this situation only serves to divert attention from what is important, that is, pointing out the guilt of fossil companies, demanding that countries commit to 1.5 \u00baC and approve sufficient funds for adaptation, losses and damages caused by climate change.<\/p>\n<p>According to the agenda, there are only three days left until the end of the United Nations negotiations against climate change. Until now, Glasgow has been characterized by numerous declarations of intent by the British Presidency which, from the first week, has launched constant calls to action, such as announcements on deforestation, methane reduction or the commitment to end exploration of new fossil deposits.<\/p>\n<p>For Ecologistas en Acci\u00f3n these are mere institutional declarations without any capacity to force countries to carry them out. \u201cIf the Presidency had firm intentions to carry them out, it should have included them in the final draft texts presented,\u201d says Javier Andaluz, head of Energy and Climate at Ecologistas en Acci\u00f3n.<\/p>\n<p>On the other hand, in the draft official texts that have been presented, a specific mention is added to the necessary disappearance of coal and fossil subsidies in the final declaration of this COP26. This is a mention that, according to Ecologistas en Acci\u00f3n, is too generic to be effective and that, in view of the final texts, must be maintained, strengthened and expanded to the disappearance of all fossil fuels in the coming decades.<\/p>\n<p>Furthermore, the texts continue to use a term such as &#039;net zero&#039; or &#039;climate neutrality&#039;, which constitute a gateway for false solutions such as carbon storage and capture. They are also a way to increase pressure on forests that could generate enormous impacts on numerous territories and on the rights of numerous peoples.<\/p>\n<p>\u201cAfter more than ten days of negotiation, the draft text presented by the Presidency does not say anything that we did not know before coming. We already knew that commitments and funding were insufficient. What was expected of the countries was that they would solve this at this summit and, in light of the texts presented, they are not doing so,&quot; explains Javier Andaluz.<\/p>\n<p>For her part, Irene Rubiera, also a delegate of Ecologists in Action in Glasgow, adds that \u201cif this draft agreement becomes the final result of the summit, the international community will have once again lost the opportunity to take measures that comply with the scientific indications, at a key moment in the fight against the climate emergency.\u201d<\/p>\n<p>For all these reasons, Ecologists in Action urges Minister Teresa Ribera \u2013 who will facilitate negotiations on adaptation \u2013 to guarantee a clear action program that provides in the short term a work route and clear and sufficient financing in terms of adaptation. At the same time, it demands that, together with the complicity of the EU, it favors the achievement of ambitious results.<\/p>\n<p>Likewise, the environmental organization urges the international community to initiate real climate action in these remaining days of the summit. A final declaration must be reformulated that strengthens the inclusion of much more binding language and the establishment of a roadmap with real actions and not mere speeches.<\/p>\n<p>\u201cOn a planet where millions of people suffer the consequences of climate change, it is imperative to provide a collective response to the damage caused by the continuous burning of fossil fuels. To do this, the countries of the global North must assume the collective responsibility of providing the necessary resources. A draft text as minimal as the one they presented this morning is inadmissible,\u201d concludes Javier Andaluz.<\/p>","protected":false},"excerpt":{"rendered":"<p>La emergencia clim\u00e1tica no se combate con declaraciones de intenciones. La Presidencia brit\u00e1nica de la COP26 presenta un borrador de texto final que supone una tibia declaraci\u00f3n de intenciones y ning\u00fan avance en las negociaciones. Quedan tres d\u00edas para que los pa\u00edses cambien el rumbo de unas negociaciones que parecen abocadas al fracaso. Ecologistas en [&hellip;]<\/p>\n","protected":false},"author":4,"featured_media":70854,"comment_status":"open","ping_status":"open","sticky":false,"template":"","format":"standard","meta":{"_acf_changed":false,"footnotes":""},"categories":[2711,2593],"tags":[2478,2507],"class_list":["post-70894","post","type-post","status-publish","format-standard","has-post-thumbnail","hentry","category-emergencia-climatica","category-internacional","tag-ecologia","tag-internacional"],"acf":[],"yoast_head":"<!-- This site is optimized with the Yoast SEO plugin v27.4 - https:\/\/yoast.com\/product\/yoast-seo-wordpress\/ -->\n<title>La emergencia clim\u00e1tica no se combate con declaraciones de intenciones - DLVRADIO<\/title>\n<meta name=\"description\" content=\"La emergencia clim\u00e1tica no se combate con declaraciones de intenciones. La Presidencia brit\u00e1nica de la COP26 presenta un borrador de texto final que\" \/>\n<meta name=\"robots\" content=\"index, follow, max-snippet:-1, max-image-preview:large, max-video-preview:-1\" \/>\n<link rel=\"canonical\" href=\"https:\/\/dlvradio.es\/en\/la-emergencia-climatica-no-se-combate-con-declaraciones-de-intenciones-2\/\" \/>\n<meta property=\"og:locale\" content=\"en_US\" \/>\n<meta property=\"og:type\" content=\"article\" \/>\n<meta property=\"og:title\" content=\"La emergencia clim\u00e1tica no se combate con declaraciones de intenciones - DLVRADIO\" \/>\n<meta property=\"og:description\" content=\"La emergencia clim\u00e1tica no se combate con declaraciones de intenciones. La Presidencia brit\u00e1nica de la COP26 presenta un borrador de texto final que\" \/>\n<meta property=\"og:url\" content=\"https:\/\/dlvradio.es\/en\/la-emergencia-climatica-no-se-combate-con-declaraciones-de-intenciones-2\/\" \/>\n<meta property=\"og:site_name\" content=\"DLVRADIO\" \/>\n<meta property=\"article:publisher\" content=\"https:\/\/www.facebook.com\/RadioDLVradio\/\" \/>\n<meta property=\"article:published_time\" content=\"2021-11-13T18:18:02+00:00\" \/>\n<meta property=\"og:image\" content=\"https:\/\/dlvradio.es\/wp-content\/uploads\/2021\/10\/De-Madrid-a-Glasgow-el-tiempo-se-agota.jpg\" \/>\n\t<meta property=\"og:image:width\" content=\"1511\" \/>\n\t<meta property=\"og:image:height\" content=\"1511\" \/>\n\t<meta property=\"og:image:type\" content=\"image\/jpeg\" \/>\n<meta name=\"author\" content=\"DLV RADIO\" \/>\n<meta name=\"twitter:card\" content=\"summary_large_image\" \/>\n<meta name=\"twitter:creator\" content=\"@RadioDlvradio\" \/>\n<meta name=\"twitter:site\" content=\"@RadioDlvradio\" \/>\n<script type=\"application\/ld+json\" class=\"yoast-schema-graph\">{\"@context\":\"https:\\\/\\\/schema.org\",\"@graph\":[{\"@type\":\"Article\",\"@id\":\"https:\\\/\\\/dlvradio.es\\\/la-emergencia-climatica-no-se-combate-con-declaraciones-de-intenciones-2\\\/#article\",\"isPartOf\":{\"@id\":\"https:\\\/\\\/dlvradio.es\\\/la-emergencia-climatica-no-se-combate-con-declaraciones-de-intenciones-2\\\/\"},\"author\":{\"name\":\"DLV RADIO\",\"@id\":\"https:\\\/\\\/dlvradio.es\\\/#\\\/schema\\\/person\\\/7d533f9f89b13e3a3f2ba7f67d6412de\"},\"headline\":\"La emergencia clim\u00e1tica no se combate con declaraciones de intenciones\",\"datePublished\":\"2021-11-13T18:18:02+00:00\",\"mainEntityOfPage\":{\"@id\":\"https:\\\/\\\/dlvradio.es\\\/la-emergencia-climatica-no-se-combate-con-declaraciones-de-intenciones-2\\\/\"},\"wordCount\":925,\"commentCount\":0,\"publisher\":{\"@id\":\"https:\\\/\\\/dlvradio.es\\\/#organization\"},\"image\":{\"@id\":\"https:\\\/\\\/dlvradio.es\\\/la-emergencia-climatica-no-se-combate-con-declaraciones-de-intenciones-2\\\/#primaryimage\"},\"thumbnailUrl\":\"https:\\\/\\\/dlvradio.es\\\/wp-content\\\/uploads\\\/2021\\\/10\\\/De-Madrid-a-Glasgow-el-tiempo-se-agota.jpg\",\"keywords\":[\"ecolog\u00eda\",\"internacional\"],\"articleSection\":[\"Emergencia clim\u00e1tica\",\"Internacional\"],\"inLanguage\":\"en-US\"},{\"@type\":\"WebPage\",\"@id\":\"https:\\\/\\\/dlvradio.es\\\/la-emergencia-climatica-no-se-combate-con-declaraciones-de-intenciones-2\\\/\",\"url\":\"https:\\\/\\\/dlvradio.es\\\/la-emergencia-climatica-no-se-combate-con-declaraciones-de-intenciones-2\\\/\",\"name\":\"La emergencia clim\u00e1tica no se combate con declaraciones de intenciones - DLVRADIO\",\"isPartOf\":{\"@id\":\"https:\\\/\\\/dlvradio.es\\\/#website\"},\"primaryImageOfPage\":{\"@id\":\"https:\\\/\\\/dlvradio.es\\\/la-emergencia-climatica-no-se-combate-con-declaraciones-de-intenciones-2\\\/#primaryimage\"},\"image\":{\"@id\":\"https:\\\/\\\/dlvradio.es\\\/la-emergencia-climatica-no-se-combate-con-declaraciones-de-intenciones-2\\\/#primaryimage\"},\"thumbnailUrl\":\"https:\\\/\\\/dlvradio.es\\\/wp-content\\\/uploads\\\/2021\\\/10\\\/De-Madrid-a-Glasgow-el-tiempo-se-agota.jpg\",\"datePublished\":\"2021-11-13T18:18:02+00:00\",\"description\":\"La emergencia clim\u00e1tica no se combate con declaraciones de intenciones. La Presidencia brit\u00e1nica de la COP26 presenta un borrador de texto final que\",\"breadcrumb\":{\"@id\":\"https:\\\/\\\/dlvradio.es\\\/la-emergencia-climatica-no-se-combate-con-declaraciones-de-intenciones-2\\\/#breadcrumb\"},\"inLanguage\":\"en-US\",\"potentialAction\":[{\"@type\":\"ReadAction\",\"target\":[\"https:\\\/\\\/dlvradio.es\\\/la-emergencia-climatica-no-se-combate-con-declaraciones-de-intenciones-2\\\/\"]}]},{\"@type\":\"ImageObject\",\"inLanguage\":\"en-US\",\"@id\":\"https:\\\/\\\/dlvradio.es\\\/la-emergencia-climatica-no-se-combate-con-declaraciones-de-intenciones-2\\\/#primaryimage\",\"url\":\"https:\\\/\\\/dlvradio.es\\\/wp-content\\\/uploads\\\/2021\\\/10\\\/De-Madrid-a-Glasgow-el-tiempo-se-agota.jpg\",\"contentUrl\":\"https:\\\/\\\/dlvradio.es\\\/wp-content\\\/uploads\\\/2021\\\/10\\\/De-Madrid-a-Glasgow-el-tiempo-se-agota.jpg\",\"width\":1511,\"height\":1511,\"caption\":\"De Madrid a Glasgow\"},{\"@type\":\"BreadcrumbList\",\"@id\":\"https:\\\/\\\/dlvradio.es\\\/la-emergencia-climatica-no-se-combate-con-declaraciones-de-intenciones-2\\\/#breadcrumb\",\"itemListElement\":[{\"@type\":\"ListItem\",\"position\":1,\"name\":\"Inicio\",\"item\":\"https:\\\/\\\/dlvradio.es\\\/\"},{\"@type\":\"ListItem\",\"position\":2,\"name\":\"La emergencia clim\u00e1tica no se combate con declaraciones de intenciones\"}]},{\"@type\":\"WebSite\",\"@id\":\"https:\\\/\\\/dlvradio.es\\\/#website\",\"url\":\"https:\\\/\\\/dlvradio.es\\\/\",\"name\":\"DLVRADIO\",\"description\":\"Somos un medio de comunicaci\u00f3n alternativo a los medios tradicionales\",\"publisher\":{\"@id\":\"https:\\\/\\\/dlvradio.es\\\/#organization\"},\"potentialAction\":[{\"@type\":\"SearchAction\",\"target\":{\"@type\":\"EntryPoint\",\"urlTemplate\":\"https:\\\/\\\/dlvradio.es\\\/?s={search_term_string}\"},\"query-input\":{\"@type\":\"PropertyValueSpecification\",\"valueRequired\":true,\"valueName\":\"search_term_string\"}}],\"inLanguage\":\"en-US\"},{\"@type\":\"Organization\",\"@id\":\"https:\\\/\\\/dlvradio.es\\\/#organization\",\"name\":\"DLVRADIO\",\"url\":\"https:\\\/\\\/dlvradio.es\\\/\",\"logo\":{\"@type\":\"ImageObject\",\"inLanguage\":\"en-US\",\"@id\":\"https:\\\/\\\/dlvradio.es\\\/#\\\/schema\\\/logo\\\/image\\\/\",\"url\":\"\",\"contentUrl\":\"\",\"caption\":\"DLVRADIO\"},\"image\":{\"@id\":\"https:\\\/\\\/dlvradio.es\\\/#\\\/schema\\\/logo\\\/image\\\/\"},\"sameAs\":[\"https:\\\/\\\/www.facebook.com\\\/RadioDLVradio\\\/\",\"https:\\\/\\\/x.com\\\/RadioDlvradio\",\"https:\\\/\\\/www.instagram.com\\\/radiodlvradio\\\/\"]},{\"@type\":\"Person\",\"@id\":\"https:\\\/\\\/dlvradio.es\\\/#\\\/schema\\\/person\\\/7d533f9f89b13e3a3f2ba7f67d6412de\",\"name\":\"DLV RADIO\",\"sameAs\":[\"https:\\\/\\\/dlvradio.es\"]}]}<\/script>\n<!-- \/ Yoast SEO plugin. -->","yoast_head_json":{"title":"The climate emergency is not fought with declarations of intent - DLVRADIO","description":"The climate emergency cannot be fought with declarations of intent. The British Presidency of COP26 presents a final draft text that","robots":{"index":"index","follow":"follow","max-snippet":"max-snippet:-1","max-image-preview":"max-image-preview:large","max-video-preview":"max-video-preview:-1"},"canonical":"https:\/\/dlvradio.es\/en\/la-emergencia-climatica-no-se-combate-con-declaraciones-de-intenciones-2\/","og_locale":"en_US","og_type":"article","og_title":"La emergencia clim\u00e1tica no se combate con declaraciones de intenciones - DLVRADIO","og_description":"La emergencia clim\u00e1tica no se combate con declaraciones de intenciones. La Presidencia brit\u00e1nica de la COP26 presenta un borrador de texto final que","og_url":"https:\/\/dlvradio.es\/en\/la-emergencia-climatica-no-se-combate-con-declaraciones-de-intenciones-2\/","og_site_name":"DLVRADIO","article_publisher":"https:\/\/www.facebook.com\/RadioDLVradio\/","article_published_time":"2021-11-13T18:18:02+00:00","og_image":[{"width":1511,"height":1511,"url":"https:\/\/dlvradio.es\/wp-content\/uploads\/2021\/10\/De-Madrid-a-Glasgow-el-tiempo-se-agota.jpg","type":"image\/jpeg"}],"author":"DLV RADIO","twitter_card":"summary_large_image","twitter_creator":"@RadioDlvradio","twitter_site":"@RadioDlvradio","schema":{"@context":"https:\/\/schema.org","@graph":[{"@type":"Article","@id":"https:\/\/dlvradio.es\/la-emergencia-climatica-no-se-combate-con-declaraciones-de-intenciones-2\/#article","isPartOf":{"@id":"https:\/\/dlvradio.es\/la-emergencia-climatica-no-se-combate-con-declaraciones-de-intenciones-2\/"},"author":{"name":"DLV RADIO","@id":"https:\/\/dlvradio.es\/#\/schema\/person\/7d533f9f89b13e3a3f2ba7f67d6412de"},"headline":"La emergencia clim\u00e1tica no se combate con declaraciones de intenciones","datePublished":"2021-11-13T18:18:02+00:00","mainEntityOfPage":{"@id":"https:\/\/dlvradio.es\/la-emergencia-climatica-no-se-combate-con-declaraciones-de-intenciones-2\/"},"wordCount":925,"commentCount":0,"publisher":{"@id":"https:\/\/dlvradio.es\/#organization"},"image":{"@id":"https:\/\/dlvradio.es\/la-emergencia-climatica-no-se-combate-con-declaraciones-de-intenciones-2\/#primaryimage"},"thumbnailUrl":"https:\/\/dlvradio.es\/wp-content\/uploads\/2021\/10\/De-Madrid-a-Glasgow-el-tiempo-se-agota.jpg","keywords":["ecolog\u00eda","internacional"],"articleSection":["Emergencia clim\u00e1tica","Internacional"],"inLanguage":"en-US"},{"@type":"WebPage","@id":"https:\/\/dlvradio.es\/la-emergencia-climatica-no-se-combate-con-declaraciones-de-intenciones-2\/","url":"https:\/\/dlvradio.es\/la-emergencia-climatica-no-se-combate-con-declaraciones-de-intenciones-2\/","name":"The climate emergency is not fought with declarations of intent - DLVRADIO","isPartOf":{"@id":"https:\/\/dlvradio.es\/#website"},"primaryImageOfPage":{"@id":"https:\/\/dlvradio.es\/la-emergencia-climatica-no-se-combate-con-declaraciones-de-intenciones-2\/#primaryimage"},"image":{"@id":"https:\/\/dlvradio.es\/la-emergencia-climatica-no-se-combate-con-declaraciones-de-intenciones-2\/#primaryimage"},"thumbnailUrl":"https:\/\/dlvradio.es\/wp-content\/uploads\/2021\/10\/De-Madrid-a-Glasgow-el-tiempo-se-agota.jpg","datePublished":"2021-11-13T18:18:02+00:00","description":"The climate emergency cannot be fought with declarations of intent. The British Presidency of COP26 presents a final draft text that","breadcrumb":{"@id":"https:\/\/dlvradio.es\/la-emergencia-climatica-no-se-combate-con-declaraciones-de-intenciones-2\/#breadcrumb"},"inLanguage":"en-US","potentialAction":[{"@type":"ReadAction","target":["https:\/\/dlvradio.es\/la-emergencia-climatica-no-se-combate-con-declaraciones-de-intenciones-2\/"]}]},{"@type":"ImageObject","inLanguage":"en-US","@id":"https:\/\/dlvradio.es\/la-emergencia-climatica-no-se-combate-con-declaraciones-de-intenciones-2\/#primaryimage","url":"https:\/\/dlvradio.es\/wp-content\/uploads\/2021\/10\/De-Madrid-a-Glasgow-el-tiempo-se-agota.jpg","contentUrl":"https:\/\/dlvradio.es\/wp-content\/uploads\/2021\/10\/De-Madrid-a-Glasgow-el-tiempo-se-agota.jpg","width":1511,"height":1511,"caption":"De Madrid a Glasgow"},{"@type":"BreadcrumbList","@id":"https:\/\/dlvradio.es\/la-emergencia-climatica-no-se-combate-con-declaraciones-de-intenciones-2\/#breadcrumb","itemListElement":[{"@type":"ListItem","position":1,"name":"Inicio","item":"https:\/\/dlvradio.es\/"},{"@type":"ListItem","position":2,"name":"La emergencia clim\u00e1tica no se combate con declaraciones de intenciones"}]},{"@type":"WebSite","@id":"https:\/\/dlvradio.es\/#website","url":"https:\/\/dlvradio.es\/","name":"DLVRADIO","description":"We are an alternative media to traditional media","publisher":{"@id":"https:\/\/dlvradio.es\/#organization"},"potentialAction":[{"@type":"SearchAction","target":{"@type":"EntryPoint","urlTemplate":"https:\/\/dlvradio.es\/?s={search_term_string}"},"query-input":{"@type":"PropertyValueSpecification","valueRequired":true,"valueName":"search_term_string"}}],"inLanguage":"en-US"},{"@type":"Organization","@id":"https:\/\/dlvradio.es\/#organization","name":"DLVRADIO","url":"https:\/\/dlvradio.es\/","logo":{"@type":"ImageObject","inLanguage":"en-US","@id":"https:\/\/dlvradio.es\/#\/schema\/logo\/image\/","url":"","contentUrl":"","caption":"DLVRADIO"},"image":{"@id":"https:\/\/dlvradio.es\/#\/schema\/logo\/image\/"},"sameAs":["https:\/\/www.facebook.com\/RadioDLVradio\/","https:\/\/x.com\/RadioDlvradio","https:\/\/www.instagram.com\/radiodlvradio\/"]},{"@type":"Person","@id":"https:\/\/dlvradio.es\/#\/schema\/person\/7d533f9f89b13e3a3f2ba7f67d6412de","name":"DLV RADIO","sameAs":["https:\/\/dlvradio.es"]}]}},"_links":{"self":[{"href":"https:\/\/dlvradio.es\/en\/wp-json\/wp\/v2\/posts\/70894","targetHints":{"allow":["GET"]}}],"collection":[{"href":"https:\/\/dlvradio.es\/en\/wp-json\/wp\/v2\/posts"}],"about":[{"href":"https:\/\/dlvradio.es\/en\/wp-json\/wp\/v2\/types\/post"}],"author":[{"embeddable":true,"href":"https:\/\/dlvradio.es\/en\/wp-json\/wp\/v2\/users\/4"}],"replies":[{"embeddable":true,"href":"https:\/\/dlvradio.es\/en\/wp-json\/wp\/v2\/comments?post=70894"}],"version-history":[{"count":0,"href":"https:\/\/dlvradio.es\/en\/wp-json\/wp\/v2\/posts\/70894\/revisions"}],"wp:featuredmedia":[{"embeddable":true,"href":"https:\/\/dlvradio.es\/en\/wp-json\/wp\/v2\/media\/70854"}],"wp:attachment":[{"href":"https:\/\/dlvradio.es\/en\/wp-json\/wp\/v2\/media?parent=70894"}],"wp:term":[{"taxonomy":"category","embeddable":true,"href":"https:\/\/dlvradio.es\/en\/wp-json\/wp\/v2\/categories?post=70894"},{"taxonomy":"post_tag","embeddable":true,"href":"https:\/\/dlvradio.es\/en\/wp-json\/wp\/v2\/tags?post=70894"}],"curies":[{"name":"wp","href":"https:\/\/api.w.org\/{rel}","templated":true}]}}