{"id":70918,"date":"2021-11-24T20:34:01","date_gmt":"2021-11-24T19:34:01","guid":{"rendered":"https:\/\/dlvradio.es\/en-directo-1600-h-rueda-de-prensa-nuria-gonzalez-vientres-de-alquiler\/"},"modified":"2021-11-24T20:34:01","modified_gmt":"2021-11-24T19:34:01","slug":"en-directo-1600-h-rueda-de-prensa-nuria-gonzalez-vientres-de-alquiler","status":"publish","type":"post","link":"https:\/\/dlvradio.es\/en\/en-directo-1600-h-rueda-de-prensa-nuria-gonzalez-vientres-de-alquiler\/","title":{"rendered":"Rueda de prensa N\u00faria Gonzalez \u00abVientres de alquiler\u00bb"},"content":{"rendered":"<iframe id='audio_78763810' frameborder='0' allowfullscreen='' scrolling='no' height='200' style='width:100%;' src='https:\/\/www.ivoox.com\/player_ej_78763810_6_1.html'><\/iframe>\n\n\n<p><img decoding=\"async\" class=\"alignleft wp-image-8118\" src=\"https:\/\/dlvradio.es\/wp-content\/uploads\/2021\/11\/Rueda-prensa-Vientre-de-alquiler-150x150.jpg\" alt=\"\" width=\"100\" height=\"100\" \/><\/p>\n<p>Martes 23 de noviembre a las 16:00 h en directo emitiremos la rueda de prensa de nuestra compa\u00f1era <strong>N\u00faria Gonz\u00e1lez L\u00f3pez<\/strong> ofrece desde M\u00e9xico, en los diferentes actos de presentaci\u00f3n que est\u00e1 realizando en ese pa\u00eds de su libro <strong>Vientres de Alquiler &#8211; La mala gente<\/strong>. Podr\u00e9is seguirla desde la radio en la web, aplicaci\u00f3n y redes sociales. Posteriormente tambi\u00e9n la colgaremos en los diferentes podcasts donde colgamos los audios que realizamos de los programas de la radio, para los oyentes que no pod\u00e1is seguirla en directo.<\/p>","protected":false},"excerpt":{"rendered":"<p>Martes 23 de noviembre a las 16:00 h en directo emitiremos la rueda de prensa de nuestra compa\u00f1era N\u00faria Gonz\u00e1lez L\u00f3pez ofrece desde M\u00e9xico, en los diferentes actos de presentaci\u00f3n que est\u00e1 realizando en ese pa\u00eds de su libro Vientres de Alquiler &#8211; La mala gente. Podr\u00e9is seguirla desde la radio en la web, aplicaci\u00f3n [&hellip;]<\/p>\n","protected":false},"author":4,"featured_media":70919,"comment_status":"open","ping_status":"open","sticky":false,"template":"","format":"standard","meta":{"_acf_changed":false,"footnotes":""},"categories":[2465,2593],"tags":[2507,2473],"class_list":["post-70918","post","type-post","status-publish","format-standard","has-post-thumbnail","hentry","category-informativos","category-internacional","tag-internacional","tag-noticias"],"acf":[],"yoast_head":"<!-- This site is optimized with the Yoast SEO plugin v27.4 - https:\/\/yoast.com\/product\/yoast-seo-wordpress\/ -->\n<title>Rueda de prensa N\u00faria Gonzalez &quot;Vientres de alquiler&quot; - DLVRADIO<\/title>\n<meta name=\"description\" content=\"Martes 23 de noviembre a las 16:00 h en directo emitiremos la rueda de prensa de nuestra compa\u00f1era N\u00faria Gonz\u00e1lez L\u00f3pez ofrece desde M\u00e9xico, en los\" \/>\n<meta name=\"robots\" content=\"index, follow, max-snippet:-1, max-image-preview:large, max-video-preview:-1\" \/>\n<link rel=\"canonical\" href=\"https:\/\/dlvradio.es\/en\/en-directo-1600-h-rueda-de-prensa-nuria-gonzalez-vientres-de-alquiler\/\" \/>\n<meta property=\"og:locale\" content=\"en_US\" \/>\n<meta property=\"og:type\" content=\"article\" \/>\n<meta property=\"og:title\" content=\"Rueda de prensa N\u00faria Gonzalez &quot;Vientres de alquiler&quot; - DLVRADIO\" \/>\n<meta property=\"og:description\" content=\"Martes 23 de noviembre a las 16:00 h en directo emitiremos la rueda de prensa de nuestra compa\u00f1era N\u00faria Gonz\u00e1lez L\u00f3pez ofrece desde M\u00e9xico, en los\" \/>\n<meta property=\"og:url\" content=\"https:\/\/dlvradio.es\/en\/en-directo-1600-h-rueda-de-prensa-nuria-gonzalez-vientres-de-alquiler\/\" \/>\n<meta property=\"og:site_name\" content=\"DLVRADIO\" \/>\n<meta property=\"article:publisher\" content=\"https:\/\/www.facebook.com\/RadioDLVradio\/\" \/>\n<meta property=\"article:published_time\" content=\"2021-11-24T19:34:01+00:00\" \/>\n<meta property=\"og:image\" content=\"https:\/\/dlvradio.es\/wp-content\/uploads\/2021\/11\/Rueda-prensa-Vientre-de-alquiler.jpg\" \/>\n\t<meta property=\"og:image:width\" content=\"1511\" \/>\n\t<meta property=\"og:image:height\" content=\"1511\" \/>\n\t<meta property=\"og:image:type\" content=\"image\/jpeg\" \/>\n<meta name=\"author\" content=\"DLV RADIO\" \/>\n<meta name=\"twitter:card\" content=\"summary_large_image\" \/>\n<meta name=\"twitter:creator\" content=\"@RadioDlvradio\" \/>\n<meta name=\"twitter:site\" content=\"@RadioDlvradio\" \/>\n<script type=\"application\/ld+json\" class=\"yoast-schema-graph\">{\"@context\":\"https:\\\/\\\/schema.org\",\"@graph\":[{\"@type\":\"Article\",\"@id\":\"https:\\\/\\\/dlvradio.es\\\/en-directo-1600-h-rueda-de-prensa-nuria-gonzalez-vientres-de-alquiler\\\/#article\",\"isPartOf\":{\"@id\":\"https:\\\/\\\/dlvradio.es\\\/en-directo-1600-h-rueda-de-prensa-nuria-gonzalez-vientres-de-alquiler\\\/\"},\"author\":{\"name\":\"DLV RADIO\",\"@id\":\"https:\\\/\\\/dlvradio.es\\\/#\\\/schema\\\/person\\\/7d533f9f89b13e3a3f2ba7f67d6412de\"},\"headline\":\"Rueda de prensa N\u00faria Gonzalez \u00abVientres de alquiler\u00bb\",\"datePublished\":\"2021-11-24T19:34:01+00:00\",\"mainEntityOfPage\":{\"@id\":\"https:\\\/\\\/dlvradio.es\\\/en-directo-1600-h-rueda-de-prensa-nuria-gonzalez-vientres-de-alquiler\\\/\"},\"wordCount\":105,\"commentCount\":0,\"publisher\":{\"@id\":\"https:\\\/\\\/dlvradio.es\\\/#organization\"},\"image\":{\"@id\":\"https:\\\/\\\/dlvradio.es\\\/en-directo-1600-h-rueda-de-prensa-nuria-gonzalez-vientres-de-alquiler\\\/#primaryimage\"},\"thumbnailUrl\":\"https:\\\/\\\/dlvradio.es\\\/wp-content\\\/uploads\\\/2021\\\/11\\\/Rueda-prensa-Vientre-de-alquiler.jpg\",\"keywords\":[\"internacional\",\"noticias\"],\"articleSection\":[\"Informativos\",\"Internacional\"],\"inLanguage\":\"en-US\"},{\"@type\":\"WebPage\",\"@id\":\"https:\\\/\\\/dlvradio.es\\\/en-directo-1600-h-rueda-de-prensa-nuria-gonzalez-vientres-de-alquiler\\\/\",\"url\":\"https:\\\/\\\/dlvradio.es\\\/en-directo-1600-h-rueda-de-prensa-nuria-gonzalez-vientres-de-alquiler\\\/\",\"name\":\"Rueda de prensa N\u00faria Gonzalez \\\"Vientres de alquiler\\\" - DLVRADIO\",\"isPartOf\":{\"@id\":\"https:\\\/\\\/dlvradio.es\\\/#website\"},\"primaryImageOfPage\":{\"@id\":\"https:\\\/\\\/dlvradio.es\\\/en-directo-1600-h-rueda-de-prensa-nuria-gonzalez-vientres-de-alquiler\\\/#primaryimage\"},\"image\":{\"@id\":\"https:\\\/\\\/dlvradio.es\\\/en-directo-1600-h-rueda-de-prensa-nuria-gonzalez-vientres-de-alquiler\\\/#primaryimage\"},\"thumbnailUrl\":\"https:\\\/\\\/dlvradio.es\\\/wp-content\\\/uploads\\\/2021\\\/11\\\/Rueda-prensa-Vientre-de-alquiler.jpg\",\"datePublished\":\"2021-11-24T19:34:01+00:00\",\"description\":\"Martes 23 de noviembre a las 16:00 h en directo emitiremos la rueda de prensa de nuestra compa\u00f1era N\u00faria Gonz\u00e1lez L\u00f3pez ofrece desde M\u00e9xico, en los\",\"breadcrumb\":{\"@id\":\"https:\\\/\\\/dlvradio.es\\\/en-directo-1600-h-rueda-de-prensa-nuria-gonzalez-vientres-de-alquiler\\\/#breadcrumb\"},\"inLanguage\":\"en-US\",\"potentialAction\":[{\"@type\":\"ReadAction\",\"target\":[\"https:\\\/\\\/dlvradio.es\\\/en-directo-1600-h-rueda-de-prensa-nuria-gonzalez-vientres-de-alquiler\\\/\"]}]},{\"@type\":\"ImageObject\",\"inLanguage\":\"en-US\",\"@id\":\"https:\\\/\\\/dlvradio.es\\\/en-directo-1600-h-rueda-de-prensa-nuria-gonzalez-vientres-de-alquiler\\\/#primaryimage\",\"url\":\"https:\\\/\\\/dlvradio.es\\\/wp-content\\\/uploads\\\/2021\\\/11\\\/Rueda-prensa-Vientre-de-alquiler.jpg\",\"contentUrl\":\"https:\\\/\\\/dlvradio.es\\\/wp-content\\\/uploads\\\/2021\\\/11\\\/Rueda-prensa-Vientre-de-alquiler.jpg\",\"width\":1511,\"height\":1511,\"caption\":\"Rueda prensa Vientre de alquiler\"},{\"@type\":\"BreadcrumbList\",\"@id\":\"https:\\\/\\\/dlvradio.es\\\/en-directo-1600-h-rueda-de-prensa-nuria-gonzalez-vientres-de-alquiler\\\/#breadcrumb\",\"itemListElement\":[{\"@type\":\"ListItem\",\"position\":1,\"name\":\"Inicio\",\"item\":\"https:\\\/\\\/dlvradio.es\\\/\"},{\"@type\":\"ListItem\",\"position\":2,\"name\":\"Rueda de prensa N\u00faria Gonzalez &#8220;Vientres de alquiler&#8221;\"}]},{\"@type\":\"WebSite\",\"@id\":\"https:\\\/\\\/dlvradio.es\\\/#website\",\"url\":\"https:\\\/\\\/dlvradio.es\\\/\",\"name\":\"DLVRADIO\",\"description\":\"Somos un medio de comunicaci\u00f3n alternativo a los medios tradicionales\",\"publisher\":{\"@id\":\"https:\\\/\\\/dlvradio.es\\\/#organization\"},\"potentialAction\":[{\"@type\":\"SearchAction\",\"target\":{\"@type\":\"EntryPoint\",\"urlTemplate\":\"https:\\\/\\\/dlvradio.es\\\/?s={search_term_string}\"},\"query-input\":{\"@type\":\"PropertyValueSpecification\",\"valueRequired\":true,\"valueName\":\"search_term_string\"}}],\"inLanguage\":\"en-US\"},{\"@type\":\"Organization\",\"@id\":\"https:\\\/\\\/dlvradio.es\\\/#organization\",\"name\":\"DLVRADIO\",\"url\":\"https:\\\/\\\/dlvradio.es\\\/\",\"logo\":{\"@type\":\"ImageObject\",\"inLanguage\":\"en-US\",\"@id\":\"https:\\\/\\\/dlvradio.es\\\/#\\\/schema\\\/logo\\\/image\\\/\",\"url\":\"\",\"contentUrl\":\"\",\"caption\":\"DLVRADIO\"},\"image\":{\"@id\":\"https:\\\/\\\/dlvradio.es\\\/#\\\/schema\\\/logo\\\/image\\\/\"},\"sameAs\":[\"https:\\\/\\\/www.facebook.com\\\/RadioDLVradio\\\/\",\"https:\\\/\\\/x.com\\\/RadioDlvradio\",\"https:\\\/\\\/www.instagram.com\\\/radiodlvradio\\\/\"]},{\"@type\":\"Person\",\"@id\":\"https:\\\/\\\/dlvradio.es\\\/#\\\/schema\\\/person\\\/7d533f9f89b13e3a3f2ba7f67d6412de\",\"name\":\"DLV RADIO\",\"sameAs\":[\"https:\\\/\\\/dlvradio.es\"]}]}<\/script>\n<!-- \/ Yoast SEO plugin. -->","yoast_head_json":{"title":"Rueda de prensa N\u00faria Gonzalez \"Vientres de alquiler\" - DLVRADIO","description":"Martes 23 de noviembre a las 16:00 h en directo emitiremos la rueda de prensa de nuestra compa\u00f1era N\u00faria Gonz\u00e1lez L\u00f3pez ofrece desde M\u00e9xico, en los","robots":{"index":"index","follow":"follow","max-snippet":"max-snippet:-1","max-image-preview":"max-image-preview:large","max-video-preview":"max-video-preview:-1"},"canonical":"https:\/\/dlvradio.es\/en\/en-directo-1600-h-rueda-de-prensa-nuria-gonzalez-vientres-de-alquiler\/","og_locale":"en_US","og_type":"article","og_title":"Rueda de prensa N\u00faria Gonzalez \"Vientres de alquiler\" - DLVRADIO","og_description":"Martes 23 de noviembre a las 16:00 h en directo emitiremos la rueda de prensa de nuestra compa\u00f1era N\u00faria Gonz\u00e1lez L\u00f3pez ofrece desde M\u00e9xico, en los","og_url":"https:\/\/dlvradio.es\/en\/en-directo-1600-h-rueda-de-prensa-nuria-gonzalez-vientres-de-alquiler\/","og_site_name":"DLVRADIO","article_publisher":"https:\/\/www.facebook.com\/RadioDLVradio\/","article_published_time":"2021-11-24T19:34:01+00:00","og_image":[{"width":1511,"height":1511,"url":"https:\/\/dlvradio.es\/wp-content\/uploads\/2021\/11\/Rueda-prensa-Vientre-de-alquiler.jpg","type":"image\/jpeg"}],"author":"DLV RADIO","twitter_card":"summary_large_image","twitter_creator":"@RadioDlvradio","twitter_site":"@RadioDlvradio","schema":{"@context":"https:\/\/schema.org","@graph":[{"@type":"Article","@id":"https:\/\/dlvradio.es\/en-directo-1600-h-rueda-de-prensa-nuria-gonzalez-vientres-de-alquiler\/#article","isPartOf":{"@id":"https:\/\/dlvradio.es\/en-directo-1600-h-rueda-de-prensa-nuria-gonzalez-vientres-de-alquiler\/"},"author":{"name":"DLV RADIO","@id":"https:\/\/dlvradio.es\/#\/schema\/person\/7d533f9f89b13e3a3f2ba7f67d6412de"},"headline":"Rueda de prensa N\u00faria Gonzalez \u00abVientres de alquiler\u00bb","datePublished":"2021-11-24T19:34:01+00:00","mainEntityOfPage":{"@id":"https:\/\/dlvradio.es\/en-directo-1600-h-rueda-de-prensa-nuria-gonzalez-vientres-de-alquiler\/"},"wordCount":105,"commentCount":0,"publisher":{"@id":"https:\/\/dlvradio.es\/#organization"},"image":{"@id":"https:\/\/dlvradio.es\/en-directo-1600-h-rueda-de-prensa-nuria-gonzalez-vientres-de-alquiler\/#primaryimage"},"thumbnailUrl":"https:\/\/dlvradio.es\/wp-content\/uploads\/2021\/11\/Rueda-prensa-Vientre-de-alquiler.jpg","keywords":["internacional","noticias"],"articleSection":["Informativos","Internacional"],"inLanguage":"en-US"},{"@type":"WebPage","@id":"https:\/\/dlvradio.es\/en-directo-1600-h-rueda-de-prensa-nuria-gonzalez-vientres-de-alquiler\/","url":"https:\/\/dlvradio.es\/en-directo-1600-h-rueda-de-prensa-nuria-gonzalez-vientres-de-alquiler\/","name":"Rueda de prensa N\u00faria Gonzalez \"Vientres de alquiler\" - DLVRADIO","isPartOf":{"@id":"https:\/\/dlvradio.es\/#website"},"primaryImageOfPage":{"@id":"https:\/\/dlvradio.es\/en-directo-1600-h-rueda-de-prensa-nuria-gonzalez-vientres-de-alquiler\/#primaryimage"},"image":{"@id":"https:\/\/dlvradio.es\/en-directo-1600-h-rueda-de-prensa-nuria-gonzalez-vientres-de-alquiler\/#primaryimage"},"thumbnailUrl":"https:\/\/dlvradio.es\/wp-content\/uploads\/2021\/11\/Rueda-prensa-Vientre-de-alquiler.jpg","datePublished":"2021-11-24T19:34:01+00:00","description":"Martes 23 de noviembre a las 16:00 h en directo emitiremos la rueda de prensa de nuestra compa\u00f1era N\u00faria Gonz\u00e1lez L\u00f3pez ofrece desde M\u00e9xico, en los","breadcrumb":{"@id":"https:\/\/dlvradio.es\/en-directo-1600-h-rueda-de-prensa-nuria-gonzalez-vientres-de-alquiler\/#breadcrumb"},"inLanguage":"en-US","potentialAction":[{"@type":"ReadAction","target":["https:\/\/dlvradio.es\/en-directo-1600-h-rueda-de-prensa-nuria-gonzalez-vientres-de-alquiler\/"]}]},{"@type":"ImageObject","inLanguage":"en-US","@id":"https:\/\/dlvradio.es\/en-directo-1600-h-rueda-de-prensa-nuria-gonzalez-vientres-de-alquiler\/#primaryimage","url":"https:\/\/dlvradio.es\/wp-content\/uploads\/2021\/11\/Rueda-prensa-Vientre-de-alquiler.jpg","contentUrl":"https:\/\/dlvradio.es\/wp-content\/uploads\/2021\/11\/Rueda-prensa-Vientre-de-alquiler.jpg","width":1511,"height":1511,"caption":"Rueda prensa Vientre de alquiler"},{"@type":"BreadcrumbList","@id":"https:\/\/dlvradio.es\/en-directo-1600-h-rueda-de-prensa-nuria-gonzalez-vientres-de-alquiler\/#breadcrumb","itemListElement":[{"@type":"ListItem","position":1,"name":"Inicio","item":"https:\/\/dlvradio.es\/"},{"@type":"ListItem","position":2,"name":"Rueda de prensa N\u00faria Gonzalez &#8220;Vientres de alquiler&#8221;"}]},{"@type":"WebSite","@id":"https:\/\/dlvradio.es\/#website","url":"https:\/\/dlvradio.es\/","name":"DLVRADIO","description":"We are an alternative media to traditional media","publisher":{"@id":"https:\/\/dlvradio.es\/#organization"},"potentialAction":[{"@type":"SearchAction","target":{"@type":"EntryPoint","urlTemplate":"https:\/\/dlvradio.es\/?s={search_term_string}"},"query-input":{"@type":"PropertyValueSpecification","valueRequired":true,"valueName":"search_term_string"}}],"inLanguage":"en-US"},{"@type":"Organization","@id":"https:\/\/dlvradio.es\/#organization","name":"DLVRADIO","url":"https:\/\/dlvradio.es\/","logo":{"@type":"ImageObject","inLanguage":"en-US","@id":"https:\/\/dlvradio.es\/#\/schema\/logo\/image\/","url":"","contentUrl":"","caption":"DLVRADIO"},"image":{"@id":"https:\/\/dlvradio.es\/#\/schema\/logo\/image\/"},"sameAs":["https:\/\/www.facebook.com\/RadioDLVradio\/","https:\/\/x.com\/RadioDlvradio","https:\/\/www.instagram.com\/radiodlvradio\/"]},{"@type":"Person","@id":"https:\/\/dlvradio.es\/#\/schema\/person\/7d533f9f89b13e3a3f2ba7f67d6412de","name":"DLV RADIO","sameAs":["https:\/\/dlvradio.es"]}]}},"_links":{"self":[{"href":"https:\/\/dlvradio.es\/en\/wp-json\/wp\/v2\/posts\/70918","targetHints":{"allow":["GET"]}}],"collection":[{"href":"https:\/\/dlvradio.es\/en\/wp-json\/wp\/v2\/posts"}],"about":[{"href":"https:\/\/dlvradio.es\/en\/wp-json\/wp\/v2\/types\/post"}],"author":[{"embeddable":true,"href":"https:\/\/dlvradio.es\/en\/wp-json\/wp\/v2\/users\/4"}],"replies":[{"embeddable":true,"href":"https:\/\/dlvradio.es\/en\/wp-json\/wp\/v2\/comments?post=70918"}],"version-history":[{"count":0,"href":"https:\/\/dlvradio.es\/en\/wp-json\/wp\/v2\/posts\/70918\/revisions"}],"wp:featuredmedia":[{"embeddable":true,"href":"https:\/\/dlvradio.es\/en\/wp-json\/wp\/v2\/media\/70919"}],"wp:attachment":[{"href":"https:\/\/dlvradio.es\/en\/wp-json\/wp\/v2\/media?parent=70918"}],"wp:term":[{"taxonomy":"category","embeddable":true,"href":"https:\/\/dlvradio.es\/en\/wp-json\/wp\/v2\/categories?post=70918"},{"taxonomy":"post_tag","embeddable":true,"href":"https:\/\/dlvradio.es\/en\/wp-json\/wp\/v2\/tags?post=70918"}],"curies":[{"name":"wp","href":"https:\/\/api.w.org\/{rel}","templated":true}]}}