{"id":70925,"date":"2021-11-25T13:02:03","date_gmt":"2021-11-25T12:02:03","guid":{"rendered":"https:\/\/dlvradio.es\/frente-al-black-friday-de-la-escasez-un-dia-sin-compras-con-abundancia-de-alternativas\/"},"modified":"2021-11-25T13:02:03","modified_gmt":"2021-11-25T12:02:03","slug":"frente-al-black-friday-de-la-escasez-un-dia-sin-compras-con-abundancia-de-alternativas","status":"publish","type":"post","link":"https:\/\/dlvradio.es\/en\/frente-al-black-friday-de-la-escasez-un-dia-sin-compras-con-abundancia-de-alternativas\/","title":{"rendered":"Frente al Black Friday de la escasez, un D\u00eda sin Compras con abundancia de alternativas"},"content":{"rendered":"<h6><strong><img decoding=\"async\" class=\"alignleft wp-image-7206 size-thumbnail\" src=\"https:\/\/dlvradio.es\/wp-content\/uploads\/2021\/07\/Ecolo-150x150.jpg\" alt=\"\" width=\"150\" height=\"150\" \/>Un a\u00f1o m\u00e1s Ecologistas en Acci\u00f3n se suma al D\u00eda sin Compras, una jornada de huelga simb\u00f3lica de consumidoras y consumidores que se organiza, desde 1992, en todo el mundo en contraposici\u00f3n al Viernes Negro (Black Friday) y el Ciberlunes (Cyber Monday).<\/strong><\/h6>\n<p>Procedente de Estados Unidos, el Viernes Negro, prolongado al Ciberlunes de rebajas en la compra por Internet, se ha convertido en una de las jornadas m\u00e1s consumistas del a\u00f1o a nivel global, impulsada por el lanzamiento de ofertas para incentivar las compras y comenzar la campa\u00f1a navide\u00f1a. Por el contrario, el D\u00eda sin Compras se propone como un d\u00eda para reflexionar y cuestionar el actual modelo de producci\u00f3n y consumo que muestra claros s\u00edntomas de agotamiento, a la vez que resulta incompatible con el contexto de crisis clim\u00e1tica.<\/p>\n<p>Este a\u00f1o, tanto la campa\u00f1a del Black Friday como la posterior de navidad se van a desarrollar en un contexto de escasez material sin precedentes cercanos, por problemas de suministros que muestran la falta de resiliencia del sistema de producci\u00f3n y consumo que no es capaz de responder a una situaci\u00f3n de dificultad.<\/p>\n<p>Los problemas de suministro est\u00e1n ocasionados por diversas causas, como cierta reactivaci\u00f3n de la demanda tras la pandemia a la que las cadenas de producci\u00f3n a\u00fan no se han adaptado, pues adem\u00e1s \u00e9stas cuentan con una gran especializaci\u00f3n territorial y est\u00e1n dise\u00f1adas para distribuir inmediatamente lo producido y minimizar el almacenaje. Pero el discurso oficial esconde otro factor, y es que muchos estudios cient\u00edficos muestran que estamos llegando a los l\u00edmites de disponibilidad, tanto de distintos materiales, como de diversas fuentes energ\u00e9ticas.<\/p>\n<p>Sin embargo, este es el factor de mayor importancia, pues, aunque la correcci\u00f3n del resto puede contribuir a estabilizar la situaci\u00f3n, la escasez a la que nos vamos a enfrentar, tanto de petr\u00f3leo como de diversos materiales empleados en las cadenas de producci\u00f3n, hacen vislumbrar un futuro en el que estas situaciones se repetir\u00e1n mostrando que el modelo de consumo continuo e ilimitado es incompatible con un planeta que es finito.<\/p>\n<p>En cualquier caso, se trata de un sistema insostenible ambientalmente por su dependencia de los combustibles f\u00f3siles y su incidencia sobre el clima, el impacto de la extracci\u00f3n de materias primas o la generaci\u00f3n de residuos. Pero tambi\u00e9n es insostenible socialmente, pues se basa en la reducci\u00f3n m\u00e1xima de los costes laborales, con su incidencia sobre los trabajadores, y que contribuye a la concentraci\u00f3n de la riqueza al quedar controlado por gigantes como Amazon, expulsando a miles de peque\u00f1as\/os productoras\/es y comerciantes.<\/p>\n<p>El \u00e9xito de modelos como el de Amazon se asienta en alentar un consumo compulsivo, de productos procedentes de cualquier parte del mundo, con un solo clic que, obviando los impactos, permite poder disponer del bien en unas pocas horas y a bajos precios.<\/p>\n<p>Este modelo necesita fechas como el Black Friday y el Cyber Monday, donde el consumo se vuelve a\u00fan m\u00e1s voraz e innecesario, impulsado por grandes ofertas e importantes campa\u00f1as publicitarias con mensajes que asocian la compra de productos a a\u00f1orados momentos de felicidad. Sin embargo, ese ef\u00edmero momento de satisfacci\u00f3n que genera la compra no contribuye a ninguno de los aspectos de nuestra vida vinculados a la felicidad. Estudios como los de Grant y Terman concluyen que la calidad de las relaciones sociales es el principal ingrediente para lograrla, por lo que se mantiene una constante espiral de insatisfacci\u00f3n.<\/p>\n<p>Por todo ello, hay que ser consciente de que con las pautas de consumo se contribuye a configurar la sociedad actual, por lo que se debe elegir si se quiere seguir alimentando un modelo, representado por la codiciosa sonrisa de Amazon, que acent\u00faa la crisis clim\u00e1tica, a la vez que, en un contexto de escasez, concentra a\u00fan m\u00e1s la riqueza en unas pocas manos.<\/p>\n<p>Ecologistas en Acci\u00f3n trata de que el D\u00eda sin Compras sirva como toma de conciencia sobre la necesidad de dar un giro radical a un sistema que debe crecer continuamente para generar riqueza, que se manifiesta en un modelo de consumo compulsivo, y que ignora los l\u00edmites f\u00edsicos del planeta. De acuerdo con ello, se propone una reflexi\u00f3n sobre las verdaderas necesidades y la forma de satisfacerlas, poniendo en valor aquellas formas de consumo que contribuyan a hacerlo de una forma m\u00e1s justa y sostenible.<\/p>\n<p>En consecuencia, desde Ecologistas en Acci\u00f3n se propone lo siguiente:<\/p>\n<ol>\n<li>Combate la compra compulsiva, la \u00fanica opci\u00f3n para enfrentar la grave situaci\u00f3n actual es reducir los niveles de consumo, buscando satisfacer las verdaderas necesidades materiales e ignorando y combatiendo los est\u00edmulos al consumo que se reciben continuamente. De esta manera, adem\u00e1s, se puede contribuir a satisfacer otras necesidades no materiales, dedicando parte del tiempo que ocupa el consumo a estar con los seres queridos.<\/li>\n<li>Cubrir las necesidades b\u00e1sicas sin comprar. Es la soluci\u00f3n m\u00e1s sostenible: reparar, intercambiar, compartir, crear\u2026 Existen diversas alternativas colectivas como talleres de reparaci\u00f3n, tiendas gratis, mercadillos o cooperativas de trueque, pero tambi\u00e9n hay otras formas de actuar a menor escala, como intercambiar ropa con una amiga o un amigo, juguetes con los que no juega la ni\u00f1a\/o con una de sus amigas\/os\u2026<\/li>\n<li>Si se necesita comprar un producto, apoyar la producci\u00f3n local y al peque\u00f1o comercio y de proximidad. De esta manera se reduce el impacto producido por el transporte de larga distancia, pero tambi\u00e9n se apoya a peque\u00f1as\/os productoras\/es y comerciantes, contribuyendo a un mejor reparto de la riqueza.<\/li>\n<li>Aplicar criterios de compra sostenible y justa. Los productos ecol\u00f3gicos tienen menor impacto ambiental y los de comercio justo mejor repercusi\u00f3n social, aunque para que estos no se vean minorados es importante recurrir a canales de distribuci\u00f3n cortos y justos, como grupos de consumo, tiendas de comercio justo, mercadillos de productores o supermercados cooperativos. Tambi\u00e9n se puede participar en los mercados sociales existentes en distintos territorios, que forman red de producci\u00f3n, distribuci\u00f3n y consumo que funciona con criterios \u00e9ticos, democr\u00e1ticos, ecol\u00f3gicos y solidarios.<\/li>\n<\/ol>","protected":false},"excerpt":{"rendered":"<p>Un a\u00f1o m\u00e1s Ecologistas en Acci\u00f3n se suma al D\u00eda sin Compras, una jornada de huelga simb\u00f3lica de consumidoras y consumidores que se organiza, desde 1992, en todo el mundo en contraposici\u00f3n al Viernes Negro (Black Friday) y el Ciberlunes (Cyber Monday). Procedente de Estados Unidos, el Viernes Negro, prolongado al Ciberlunes de rebajas en [&hellip;]<\/p>\n","protected":false},"author":4,"featured_media":70651,"comment_status":"open","ping_status":"open","sticky":false,"template":"","format":"standard","meta":{"_acf_changed":false,"footnotes":""},"categories":[2711,2465],"tags":[2478,2466],"class_list":["post-70925","post","type-post","status-publish","format-standard","has-post-thumbnail","hentry","category-emergencia-climatica","category-informativos","tag-ecologia","tag-espana"],"acf":[],"yoast_head":"<!-- This site is optimized with the Yoast SEO plugin v27.4 - https:\/\/yoast.com\/product\/yoast-seo-wordpress\/ -->\n<title>Frente al Black Friday de la escasez, un D\u00eda sin Compras con abundancia de alternativas - DLVRADIO<\/title>\n<meta name=\"description\" content=\"Un a\u00f1o m\u00e1s Ecologistas en Acci\u00f3n se suma al D\u00eda sin Compras, una jornada de huelga simb\u00f3lica de consumidoras y consumidores que se organiza, desde 1992,\" \/>\n<meta name=\"robots\" content=\"index, follow, max-snippet:-1, max-image-preview:large, max-video-preview:-1\" \/>\n<link rel=\"canonical\" href=\"https:\/\/dlvradio.es\/en\/frente-al-black-friday-de-la-escasez-un-dia-sin-compras-con-abundancia-de-alternativas\/\" \/>\n<meta property=\"og:locale\" content=\"en_US\" \/>\n<meta property=\"og:type\" content=\"article\" \/>\n<meta property=\"og:title\" content=\"Frente al Black Friday de la escasez, un D\u00eda sin Compras con abundancia de alternativas - DLVRADIO\" \/>\n<meta property=\"og:description\" content=\"Un a\u00f1o m\u00e1s Ecologistas en Acci\u00f3n se suma al D\u00eda sin Compras, una jornada de huelga simb\u00f3lica de consumidoras y consumidores que se organiza, desde 1992,\" \/>\n<meta property=\"og:url\" content=\"https:\/\/dlvradio.es\/en\/frente-al-black-friday-de-la-escasez-un-dia-sin-compras-con-abundancia-de-alternativas\/\" \/>\n<meta property=\"og:site_name\" content=\"DLVRADIO\" \/>\n<meta property=\"article:publisher\" content=\"https:\/\/www.facebook.com\/RadioDLVradio\/\" \/>\n<meta property=\"article:published_time\" content=\"2021-11-25T12:02:03+00:00\" \/>\n<meta property=\"og:image\" content=\"https:\/\/dlvradio.es\/wp-content\/uploads\/2021\/07\/Ecolo.jpg\" \/>\n\t<meta property=\"og:image:width\" content=\"1511\" \/>\n\t<meta property=\"og:image:height\" content=\"1511\" \/>\n\t<meta property=\"og:image:type\" content=\"image\/jpeg\" \/>\n<meta name=\"author\" content=\"DLV RADIO\" \/>\n<meta name=\"twitter:card\" content=\"summary_large_image\" \/>\n<meta name=\"twitter:creator\" content=\"@RadioDlvradio\" \/>\n<meta name=\"twitter:site\" content=\"@RadioDlvradio\" \/>\n<script type=\"application\/ld+json\" class=\"yoast-schema-graph\">{\"@context\":\"https:\\\/\\\/schema.org\",\"@graph\":[{\"@type\":\"Article\",\"@id\":\"https:\\\/\\\/dlvradio.es\\\/frente-al-black-friday-de-la-escasez-un-dia-sin-compras-con-abundancia-de-alternativas\\\/#article\",\"isPartOf\":{\"@id\":\"https:\\\/\\\/dlvradio.es\\\/frente-al-black-friday-de-la-escasez-un-dia-sin-compras-con-abundancia-de-alternativas\\\/\"},\"author\":{\"name\":\"DLV RADIO\",\"@id\":\"https:\\\/\\\/dlvradio.es\\\/#\\\/schema\\\/person\\\/7d533f9f89b13e3a3f2ba7f67d6412de\"},\"headline\":\"Frente al Black Friday de la escasez, un D\u00eda sin Compras con abundancia de alternativas\",\"datePublished\":\"2021-11-25T12:02:03+00:00\",\"mainEntityOfPage\":{\"@id\":\"https:\\\/\\\/dlvradio.es\\\/frente-al-black-friday-de-la-escasez-un-dia-sin-compras-con-abundancia-de-alternativas\\\/\"},\"wordCount\":1081,\"commentCount\":0,\"publisher\":{\"@id\":\"https:\\\/\\\/dlvradio.es\\\/#organization\"},\"image\":{\"@id\":\"https:\\\/\\\/dlvradio.es\\\/frente-al-black-friday-de-la-escasez-un-dia-sin-compras-con-abundancia-de-alternativas\\\/#primaryimage\"},\"thumbnailUrl\":\"https:\\\/\\\/dlvradio.es\\\/wp-content\\\/uploads\\\/2021\\\/07\\\/Ecolo.jpg\",\"keywords\":[\"ecolog\u00eda\",\"Espa\u00f1a\"],\"articleSection\":[\"Emergencia clim\u00e1tica\",\"Informativos\"],\"inLanguage\":\"en-US\"},{\"@type\":\"WebPage\",\"@id\":\"https:\\\/\\\/dlvradio.es\\\/frente-al-black-friday-de-la-escasez-un-dia-sin-compras-con-abundancia-de-alternativas\\\/\",\"url\":\"https:\\\/\\\/dlvradio.es\\\/frente-al-black-friday-de-la-escasez-un-dia-sin-compras-con-abundancia-de-alternativas\\\/\",\"name\":\"Frente al Black Friday de la escasez, un D\u00eda sin Compras con abundancia de alternativas - DLVRADIO\",\"isPartOf\":{\"@id\":\"https:\\\/\\\/dlvradio.es\\\/#website\"},\"primaryImageOfPage\":{\"@id\":\"https:\\\/\\\/dlvradio.es\\\/frente-al-black-friday-de-la-escasez-un-dia-sin-compras-con-abundancia-de-alternativas\\\/#primaryimage\"},\"image\":{\"@id\":\"https:\\\/\\\/dlvradio.es\\\/frente-al-black-friday-de-la-escasez-un-dia-sin-compras-con-abundancia-de-alternativas\\\/#primaryimage\"},\"thumbnailUrl\":\"https:\\\/\\\/dlvradio.es\\\/wp-content\\\/uploads\\\/2021\\\/07\\\/Ecolo.jpg\",\"datePublished\":\"2021-11-25T12:02:03+00:00\",\"description\":\"Un a\u00f1o m\u00e1s Ecologistas en Acci\u00f3n se suma al D\u00eda sin Compras, una jornada de huelga simb\u00f3lica de consumidoras y consumidores que se organiza, desde 1992,\",\"breadcrumb\":{\"@id\":\"https:\\\/\\\/dlvradio.es\\\/frente-al-black-friday-de-la-escasez-un-dia-sin-compras-con-abundancia-de-alternativas\\\/#breadcrumb\"},\"inLanguage\":\"en-US\",\"potentialAction\":[{\"@type\":\"ReadAction\",\"target\":[\"https:\\\/\\\/dlvradio.es\\\/frente-al-black-friday-de-la-escasez-un-dia-sin-compras-con-abundancia-de-alternativas\\\/\"]}]},{\"@type\":\"ImageObject\",\"inLanguage\":\"en-US\",\"@id\":\"https:\\\/\\\/dlvradio.es\\\/frente-al-black-friday-de-la-escasez-un-dia-sin-compras-con-abundancia-de-alternativas\\\/#primaryimage\",\"url\":\"https:\\\/\\\/dlvradio.es\\\/wp-content\\\/uploads\\\/2021\\\/07\\\/Ecolo.jpg\",\"contentUrl\":\"https:\\\/\\\/dlvradio.es\\\/wp-content\\\/uploads\\\/2021\\\/07\\\/Ecolo.jpg\",\"width\":1511,\"height\":1511,\"caption\":\"Ecolo\"},{\"@type\":\"BreadcrumbList\",\"@id\":\"https:\\\/\\\/dlvradio.es\\\/frente-al-black-friday-de-la-escasez-un-dia-sin-compras-con-abundancia-de-alternativas\\\/#breadcrumb\",\"itemListElement\":[{\"@type\":\"ListItem\",\"position\":1,\"name\":\"Inicio\",\"item\":\"https:\\\/\\\/dlvradio.es\\\/\"},{\"@type\":\"ListItem\",\"position\":2,\"name\":\"Frente al Black Friday de la escasez, un D\u00eda sin Compras con abundancia de alternativas\"}]},{\"@type\":\"WebSite\",\"@id\":\"https:\\\/\\\/dlvradio.es\\\/#website\",\"url\":\"https:\\\/\\\/dlvradio.es\\\/\",\"name\":\"DLVRADIO\",\"description\":\"Somos un medio de comunicaci\u00f3n alternativo a los medios tradicionales\",\"publisher\":{\"@id\":\"https:\\\/\\\/dlvradio.es\\\/#organization\"},\"potentialAction\":[{\"@type\":\"SearchAction\",\"target\":{\"@type\":\"EntryPoint\",\"urlTemplate\":\"https:\\\/\\\/dlvradio.es\\\/?s={search_term_string}\"},\"query-input\":{\"@type\":\"PropertyValueSpecification\",\"valueRequired\":true,\"valueName\":\"search_term_string\"}}],\"inLanguage\":\"en-US\"},{\"@type\":\"Organization\",\"@id\":\"https:\\\/\\\/dlvradio.es\\\/#organization\",\"name\":\"DLVRADIO\",\"url\":\"https:\\\/\\\/dlvradio.es\\\/\",\"logo\":{\"@type\":\"ImageObject\",\"inLanguage\":\"en-US\",\"@id\":\"https:\\\/\\\/dlvradio.es\\\/#\\\/schema\\\/logo\\\/image\\\/\",\"url\":\"\",\"contentUrl\":\"\",\"caption\":\"DLVRADIO\"},\"image\":{\"@id\":\"https:\\\/\\\/dlvradio.es\\\/#\\\/schema\\\/logo\\\/image\\\/\"},\"sameAs\":[\"https:\\\/\\\/www.facebook.com\\\/RadioDLVradio\\\/\",\"https:\\\/\\\/x.com\\\/RadioDlvradio\",\"https:\\\/\\\/www.instagram.com\\\/radiodlvradio\\\/\"]},{\"@type\":\"Person\",\"@id\":\"https:\\\/\\\/dlvradio.es\\\/#\\\/schema\\\/person\\\/7d533f9f89b13e3a3f2ba7f67d6412de\",\"name\":\"DLV RADIO\",\"sameAs\":[\"https:\\\/\\\/dlvradio.es\"]}]}<\/script>\n<!-- \/ Yoast SEO plugin. -->","yoast_head_json":{"title":"Frente al Black Friday de la escasez, un D\u00eda sin Compras con abundancia de alternativas - DLVRADIO","description":"Un a\u00f1o m\u00e1s Ecologistas en Acci\u00f3n se suma al D\u00eda sin Compras, una jornada de huelga simb\u00f3lica de consumidoras y consumidores que se organiza, desde 1992,","robots":{"index":"index","follow":"follow","max-snippet":"max-snippet:-1","max-image-preview":"max-image-preview:large","max-video-preview":"max-video-preview:-1"},"canonical":"https:\/\/dlvradio.es\/en\/frente-al-black-friday-de-la-escasez-un-dia-sin-compras-con-abundancia-de-alternativas\/","og_locale":"en_US","og_type":"article","og_title":"Frente al Black Friday de la escasez, un D\u00eda sin Compras con abundancia de alternativas - DLVRADIO","og_description":"Un a\u00f1o m\u00e1s Ecologistas en Acci\u00f3n se suma al D\u00eda sin Compras, una jornada de huelga simb\u00f3lica de consumidoras y consumidores que se organiza, desde 1992,","og_url":"https:\/\/dlvradio.es\/en\/frente-al-black-friday-de-la-escasez-un-dia-sin-compras-con-abundancia-de-alternativas\/","og_site_name":"DLVRADIO","article_publisher":"https:\/\/www.facebook.com\/RadioDLVradio\/","article_published_time":"2021-11-25T12:02:03+00:00","og_image":[{"width":1511,"height":1511,"url":"https:\/\/dlvradio.es\/wp-content\/uploads\/2021\/07\/Ecolo.jpg","type":"image\/jpeg"}],"author":"DLV RADIO","twitter_card":"summary_large_image","twitter_creator":"@RadioDlvradio","twitter_site":"@RadioDlvradio","schema":{"@context":"https:\/\/schema.org","@graph":[{"@type":"Article","@id":"https:\/\/dlvradio.es\/frente-al-black-friday-de-la-escasez-un-dia-sin-compras-con-abundancia-de-alternativas\/#article","isPartOf":{"@id":"https:\/\/dlvradio.es\/frente-al-black-friday-de-la-escasez-un-dia-sin-compras-con-abundancia-de-alternativas\/"},"author":{"name":"DLV RADIO","@id":"https:\/\/dlvradio.es\/#\/schema\/person\/7d533f9f89b13e3a3f2ba7f67d6412de"},"headline":"Frente al Black Friday de la escasez, un D\u00eda sin Compras con abundancia de alternativas","datePublished":"2021-11-25T12:02:03+00:00","mainEntityOfPage":{"@id":"https:\/\/dlvradio.es\/frente-al-black-friday-de-la-escasez-un-dia-sin-compras-con-abundancia-de-alternativas\/"},"wordCount":1081,"commentCount":0,"publisher":{"@id":"https:\/\/dlvradio.es\/#organization"},"image":{"@id":"https:\/\/dlvradio.es\/frente-al-black-friday-de-la-escasez-un-dia-sin-compras-con-abundancia-de-alternativas\/#primaryimage"},"thumbnailUrl":"https:\/\/dlvradio.es\/wp-content\/uploads\/2021\/07\/Ecolo.jpg","keywords":["ecolog\u00eda","Espa\u00f1a"],"articleSection":["Emergencia clim\u00e1tica","Informativos"],"inLanguage":"en-US"},{"@type":"WebPage","@id":"https:\/\/dlvradio.es\/frente-al-black-friday-de-la-escasez-un-dia-sin-compras-con-abundancia-de-alternativas\/","url":"https:\/\/dlvradio.es\/frente-al-black-friday-de-la-escasez-un-dia-sin-compras-con-abundancia-de-alternativas\/","name":"Frente al Black Friday de la escasez, un D\u00eda sin Compras con abundancia de alternativas - DLVRADIO","isPartOf":{"@id":"https:\/\/dlvradio.es\/#website"},"primaryImageOfPage":{"@id":"https:\/\/dlvradio.es\/frente-al-black-friday-de-la-escasez-un-dia-sin-compras-con-abundancia-de-alternativas\/#primaryimage"},"image":{"@id":"https:\/\/dlvradio.es\/frente-al-black-friday-de-la-escasez-un-dia-sin-compras-con-abundancia-de-alternativas\/#primaryimage"},"thumbnailUrl":"https:\/\/dlvradio.es\/wp-content\/uploads\/2021\/07\/Ecolo.jpg","datePublished":"2021-11-25T12:02:03+00:00","description":"Un a\u00f1o m\u00e1s Ecologistas en Acci\u00f3n se suma al D\u00eda sin Compras, una jornada de huelga simb\u00f3lica de consumidoras y consumidores que se organiza, desde 1992,","breadcrumb":{"@id":"https:\/\/dlvradio.es\/frente-al-black-friday-de-la-escasez-un-dia-sin-compras-con-abundancia-de-alternativas\/#breadcrumb"},"inLanguage":"en-US","potentialAction":[{"@type":"ReadAction","target":["https:\/\/dlvradio.es\/frente-al-black-friday-de-la-escasez-un-dia-sin-compras-con-abundancia-de-alternativas\/"]}]},{"@type":"ImageObject","inLanguage":"en-US","@id":"https:\/\/dlvradio.es\/frente-al-black-friday-de-la-escasez-un-dia-sin-compras-con-abundancia-de-alternativas\/#primaryimage","url":"https:\/\/dlvradio.es\/wp-content\/uploads\/2021\/07\/Ecolo.jpg","contentUrl":"https:\/\/dlvradio.es\/wp-content\/uploads\/2021\/07\/Ecolo.jpg","width":1511,"height":1511,"caption":"Ecolo"},{"@type":"BreadcrumbList","@id":"https:\/\/dlvradio.es\/frente-al-black-friday-de-la-escasez-un-dia-sin-compras-con-abundancia-de-alternativas\/#breadcrumb","itemListElement":[{"@type":"ListItem","position":1,"name":"Inicio","item":"https:\/\/dlvradio.es\/"},{"@type":"ListItem","position":2,"name":"Frente al Black Friday de la escasez, un D\u00eda sin Compras con abundancia de alternativas"}]},{"@type":"WebSite","@id":"https:\/\/dlvradio.es\/#website","url":"https:\/\/dlvradio.es\/","name":"DLVRADIO","description":"We are an alternative media to traditional media","publisher":{"@id":"https:\/\/dlvradio.es\/#organization"},"potentialAction":[{"@type":"SearchAction","target":{"@type":"EntryPoint","urlTemplate":"https:\/\/dlvradio.es\/?s={search_term_string}"},"query-input":{"@type":"PropertyValueSpecification","valueRequired":true,"valueName":"search_term_string"}}],"inLanguage":"en-US"},{"@type":"Organization","@id":"https:\/\/dlvradio.es\/#organization","name":"DLVRADIO","url":"https:\/\/dlvradio.es\/","logo":{"@type":"ImageObject","inLanguage":"en-US","@id":"https:\/\/dlvradio.es\/#\/schema\/logo\/image\/","url":"","contentUrl":"","caption":"DLVRADIO"},"image":{"@id":"https:\/\/dlvradio.es\/#\/schema\/logo\/image\/"},"sameAs":["https:\/\/www.facebook.com\/RadioDLVradio\/","https:\/\/x.com\/RadioDlvradio","https:\/\/www.instagram.com\/radiodlvradio\/"]},{"@type":"Person","@id":"https:\/\/dlvradio.es\/#\/schema\/person\/7d533f9f89b13e3a3f2ba7f67d6412de","name":"DLV RADIO","sameAs":["https:\/\/dlvradio.es"]}]}},"_links":{"self":[{"href":"https:\/\/dlvradio.es\/en\/wp-json\/wp\/v2\/posts\/70925","targetHints":{"allow":["GET"]}}],"collection":[{"href":"https:\/\/dlvradio.es\/en\/wp-json\/wp\/v2\/posts"}],"about":[{"href":"https:\/\/dlvradio.es\/en\/wp-json\/wp\/v2\/types\/post"}],"author":[{"embeddable":true,"href":"https:\/\/dlvradio.es\/en\/wp-json\/wp\/v2\/users\/4"}],"replies":[{"embeddable":true,"href":"https:\/\/dlvradio.es\/en\/wp-json\/wp\/v2\/comments?post=70925"}],"version-history":[{"count":0,"href":"https:\/\/dlvradio.es\/en\/wp-json\/wp\/v2\/posts\/70925\/revisions"}],"wp:featuredmedia":[{"embeddable":true,"href":"https:\/\/dlvradio.es\/en\/wp-json\/wp\/v2\/media\/70651"}],"wp:attachment":[{"href":"https:\/\/dlvradio.es\/en\/wp-json\/wp\/v2\/media?parent=70925"}],"wp:term":[{"taxonomy":"category","embeddable":true,"href":"https:\/\/dlvradio.es\/en\/wp-json\/wp\/v2\/categories?post=70925"},{"taxonomy":"post_tag","embeddable":true,"href":"https:\/\/dlvradio.es\/en\/wp-json\/wp\/v2\/tags?post=70925"}],"curies":[{"name":"wp","href":"https:\/\/api.w.org\/{rel}","templated":true}]}}