{"id":70943,"date":"2021-12-02T18:33:27","date_gmt":"2021-12-02T17:33:27","guid":{"rendered":"https:\/\/dlvradio.es\/datos-del-paro-correspondientes-al-mes-de-noviembre\/"},"modified":"2021-12-02T18:33:27","modified_gmt":"2021-12-02T17:33:27","slug":"datos-del-paro-correspondientes-al-mes-de-noviembre","status":"publish","type":"post","link":"https:\/\/dlvradio.es\/en\/datos-del-paro-correspondientes-al-mes-de-noviembre\/","title":{"rendered":"Datos del paro correspondientes al mes de noviembre"},"content":{"rendered":"<iframe id='audio_79112648' frameborder='0' allowfullscreen='' scrolling='no' height='200' style='width:100%;' src='https:\/\/www.ivoox.com\/player_ej_79112648_6_1.html'><\/iframe>\n\n\n<p><img decoding=\"async\" class=\"alignleft wp-image-8206\" src=\"https:\/\/dlvradio.es\/wp-content\/uploads\/2021\/12\/Datos-de-paro-correspondientes.jpg\" alt=\"\" width=\"100\" height=\"100\" \/>Datos de paro registrado y de afiliaci\u00f3n a la Seguridad Social correspondientes al mes de noviembre. Los secretarios de Estado de Empleo y Econom\u00eda Social, Joaqu\u00edn P\u00e9rez Rey, y de Seguridad Social y Pensiones, Israel Arroyo, presentan en rueda de prensa los datos de paro registrados y de afiliaci\u00f3n a la Seguridad Social del mes de noviembre 2021. El n\u00famero de parados registrados baj\u00f3 en 74.381 desempleados en el mes noviembre, es el mejor dato de este mes en la serie hist\u00f3rica.<\/p>","protected":false},"excerpt":{"rendered":"<p>Datos de paro registrado y de afiliaci\u00f3n a la Seguridad Social correspondientes al mes de noviembre. Los secretarios de Estado de Empleo y Econom\u00eda Social, Joaqu\u00edn P\u00e9rez Rey, y de Seguridad Social y Pensiones, Israel Arroyo, presentan en rueda de prensa los datos de paro registrados y de afiliaci\u00f3n a la Seguridad Social del mes [&hellip;]<\/p>\n","protected":false},"author":4,"featured_media":70944,"comment_status":"open","ping_status":"open","sticky":false,"template":"","format":"standard","meta":{"_acf_changed":false,"footnotes":""},"categories":[2465],"tags":[2577],"class_list":["post-70943","post","type-post","status-publish","format-standard","has-post-thumbnail","hentry","category-informativos","tag-paro"],"acf":[],"yoast_head":"<!-- This site is optimized with the Yoast SEO plugin v27.4 - https:\/\/yoast.com\/product\/yoast-seo-wordpress\/ -->\n<title>Datos del paro correspondientes al mes de noviembre - DLVRADIO<\/title>\n<meta name=\"description\" content=\"Datos de paro registrado y de afiliaci\u00f3n a la Seguridad Social correspondientes al mes de noviembre. Los secretarios de Estado de Empleo y Econom\u00eda\" \/>\n<meta name=\"robots\" content=\"index, follow, max-snippet:-1, max-image-preview:large, max-video-preview:-1\" \/>\n<link rel=\"canonical\" href=\"https:\/\/dlvradio.es\/en\/datos-del-paro-correspondientes-al-mes-de-noviembre\/\" \/>\n<meta property=\"og:locale\" content=\"en_US\" \/>\n<meta property=\"og:type\" content=\"article\" \/>\n<meta property=\"og:title\" content=\"Datos del paro correspondientes al mes de noviembre - DLVRADIO\" \/>\n<meta property=\"og:description\" content=\"Datos de paro registrado y de afiliaci\u00f3n a la Seguridad Social correspondientes al mes de noviembre. Los secretarios de Estado de Empleo y Econom\u00eda\" \/>\n<meta property=\"og:url\" content=\"https:\/\/dlvradio.es\/en\/datos-del-paro-correspondientes-al-mes-de-noviembre\/\" \/>\n<meta property=\"og:site_name\" content=\"DLVRADIO\" \/>\n<meta property=\"article:publisher\" content=\"https:\/\/www.facebook.com\/RadioDLVradio\/\" \/>\n<meta property=\"article:published_time\" content=\"2021-12-02T17:33:27+00:00\" \/>\n<meta property=\"og:image\" content=\"https:\/\/dlvradio.es\/wp-content\/uploads\/2021\/12\/Datos-de-paro-correspondientes.jpg\" \/>\n\t<meta property=\"og:image:width\" content=\"1511\" \/>\n\t<meta property=\"og:image:height\" content=\"1511\" \/>\n\t<meta property=\"og:image:type\" content=\"image\/jpeg\" \/>\n<meta name=\"author\" content=\"DLV RADIO\" \/>\n<meta name=\"twitter:card\" content=\"summary_large_image\" \/>\n<meta name=\"twitter:creator\" content=\"@RadioDlvradio\" \/>\n<meta name=\"twitter:site\" content=\"@RadioDlvradio\" \/>\n<script type=\"application\/ld+json\" class=\"yoast-schema-graph\">{\"@context\":\"https:\\\/\\\/schema.org\",\"@graph\":[{\"@type\":\"Article\",\"@id\":\"https:\\\/\\\/dlvradio.es\\\/datos-del-paro-correspondientes-al-mes-de-noviembre\\\/#article\",\"isPartOf\":{\"@id\":\"https:\\\/\\\/dlvradio.es\\\/datos-del-paro-correspondientes-al-mes-de-noviembre\\\/\"},\"author\":{\"name\":\"DLV RADIO\",\"@id\":\"https:\\\/\\\/dlvradio.es\\\/#\\\/schema\\\/person\\\/7d533f9f89b13e3a3f2ba7f67d6412de\"},\"headline\":\"Datos del paro correspondientes al mes de noviembre\",\"datePublished\":\"2021-12-02T17:33:27+00:00\",\"mainEntityOfPage\":{\"@id\":\"https:\\\/\\\/dlvradio.es\\\/datos-del-paro-correspondientes-al-mes-de-noviembre\\\/\"},\"wordCount\":95,\"commentCount\":0,\"publisher\":{\"@id\":\"https:\\\/\\\/dlvradio.es\\\/#organization\"},\"image\":{\"@id\":\"https:\\\/\\\/dlvradio.es\\\/datos-del-paro-correspondientes-al-mes-de-noviembre\\\/#primaryimage\"},\"thumbnailUrl\":\"https:\\\/\\\/dlvradio.es\\\/wp-content\\\/uploads\\\/2021\\\/12\\\/Datos-de-paro-correspondientes.jpg\",\"keywords\":[\"paro\"],\"articleSection\":[\"Informativos\"],\"inLanguage\":\"en-US\"},{\"@type\":\"WebPage\",\"@id\":\"https:\\\/\\\/dlvradio.es\\\/datos-del-paro-correspondientes-al-mes-de-noviembre\\\/\",\"url\":\"https:\\\/\\\/dlvradio.es\\\/datos-del-paro-correspondientes-al-mes-de-noviembre\\\/\",\"name\":\"Datos del paro correspondientes al mes de noviembre - DLVRADIO\",\"isPartOf\":{\"@id\":\"https:\\\/\\\/dlvradio.es\\\/#website\"},\"primaryImageOfPage\":{\"@id\":\"https:\\\/\\\/dlvradio.es\\\/datos-del-paro-correspondientes-al-mes-de-noviembre\\\/#primaryimage\"},\"image\":{\"@id\":\"https:\\\/\\\/dlvradio.es\\\/datos-del-paro-correspondientes-al-mes-de-noviembre\\\/#primaryimage\"},\"thumbnailUrl\":\"https:\\\/\\\/dlvradio.es\\\/wp-content\\\/uploads\\\/2021\\\/12\\\/Datos-de-paro-correspondientes.jpg\",\"datePublished\":\"2021-12-02T17:33:27+00:00\",\"description\":\"Datos de paro registrado y de afiliaci\u00f3n a la Seguridad Social correspondientes al mes de noviembre. Los secretarios de Estado de Empleo y Econom\u00eda\",\"breadcrumb\":{\"@id\":\"https:\\\/\\\/dlvradio.es\\\/datos-del-paro-correspondientes-al-mes-de-noviembre\\\/#breadcrumb\"},\"inLanguage\":\"en-US\",\"potentialAction\":[{\"@type\":\"ReadAction\",\"target\":[\"https:\\\/\\\/dlvradio.es\\\/datos-del-paro-correspondientes-al-mes-de-noviembre\\\/\"]}]},{\"@type\":\"ImageObject\",\"inLanguage\":\"en-US\",\"@id\":\"https:\\\/\\\/dlvradio.es\\\/datos-del-paro-correspondientes-al-mes-de-noviembre\\\/#primaryimage\",\"url\":\"https:\\\/\\\/dlvradio.es\\\/wp-content\\\/uploads\\\/2021\\\/12\\\/Datos-de-paro-correspondientes.jpg\",\"contentUrl\":\"https:\\\/\\\/dlvradio.es\\\/wp-content\\\/uploads\\\/2021\\\/12\\\/Datos-de-paro-correspondientes.jpg\",\"width\":1511,\"height\":1511,\"caption\":\"Datos de paro correspondientes\"},{\"@type\":\"BreadcrumbList\",\"@id\":\"https:\\\/\\\/dlvradio.es\\\/datos-del-paro-correspondientes-al-mes-de-noviembre\\\/#breadcrumb\",\"itemListElement\":[{\"@type\":\"ListItem\",\"position\":1,\"name\":\"Inicio\",\"item\":\"https:\\\/\\\/dlvradio.es\\\/\"},{\"@type\":\"ListItem\",\"position\":2,\"name\":\"Datos del paro correspondientes al mes de noviembre\"}]},{\"@type\":\"WebSite\",\"@id\":\"https:\\\/\\\/dlvradio.es\\\/#website\",\"url\":\"https:\\\/\\\/dlvradio.es\\\/\",\"name\":\"DLVRADIO\",\"description\":\"Somos un medio de comunicaci\u00f3n alternativo a los medios tradicionales\",\"publisher\":{\"@id\":\"https:\\\/\\\/dlvradio.es\\\/#organization\"},\"potentialAction\":[{\"@type\":\"SearchAction\",\"target\":{\"@type\":\"EntryPoint\",\"urlTemplate\":\"https:\\\/\\\/dlvradio.es\\\/?s={search_term_string}\"},\"query-input\":{\"@type\":\"PropertyValueSpecification\",\"valueRequired\":true,\"valueName\":\"search_term_string\"}}],\"inLanguage\":\"en-US\"},{\"@type\":\"Organization\",\"@id\":\"https:\\\/\\\/dlvradio.es\\\/#organization\",\"name\":\"DLVRADIO\",\"url\":\"https:\\\/\\\/dlvradio.es\\\/\",\"logo\":{\"@type\":\"ImageObject\",\"inLanguage\":\"en-US\",\"@id\":\"https:\\\/\\\/dlvradio.es\\\/#\\\/schema\\\/logo\\\/image\\\/\",\"url\":\"\",\"contentUrl\":\"\",\"caption\":\"DLVRADIO\"},\"image\":{\"@id\":\"https:\\\/\\\/dlvradio.es\\\/#\\\/schema\\\/logo\\\/image\\\/\"},\"sameAs\":[\"https:\\\/\\\/www.facebook.com\\\/RadioDLVradio\\\/\",\"https:\\\/\\\/x.com\\\/RadioDlvradio\",\"https:\\\/\\\/www.instagram.com\\\/radiodlvradio\\\/\"]},{\"@type\":\"Person\",\"@id\":\"https:\\\/\\\/dlvradio.es\\\/#\\\/schema\\\/person\\\/7d533f9f89b13e3a3f2ba7f67d6412de\",\"name\":\"DLV RADIO\",\"sameAs\":[\"https:\\\/\\\/dlvradio.es\"]}]}<\/script>\n<!-- \/ Yoast SEO plugin. -->","yoast_head_json":{"title":"Datos del paro correspondientes al mes de noviembre - DLVRADIO","description":"Datos de paro registrado y de afiliaci\u00f3n a la Seguridad Social correspondientes al mes de noviembre. Los secretarios de Estado de Empleo y Econom\u00eda","robots":{"index":"index","follow":"follow","max-snippet":"max-snippet:-1","max-image-preview":"max-image-preview:large","max-video-preview":"max-video-preview:-1"},"canonical":"https:\/\/dlvradio.es\/en\/datos-del-paro-correspondientes-al-mes-de-noviembre\/","og_locale":"en_US","og_type":"article","og_title":"Datos del paro correspondientes al mes de noviembre - DLVRADIO","og_description":"Datos de paro registrado y de afiliaci\u00f3n a la Seguridad Social correspondientes al mes de noviembre. Los secretarios de Estado de Empleo y Econom\u00eda","og_url":"https:\/\/dlvradio.es\/en\/datos-del-paro-correspondientes-al-mes-de-noviembre\/","og_site_name":"DLVRADIO","article_publisher":"https:\/\/www.facebook.com\/RadioDLVradio\/","article_published_time":"2021-12-02T17:33:27+00:00","og_image":[{"width":1511,"height":1511,"url":"https:\/\/dlvradio.es\/wp-content\/uploads\/2021\/12\/Datos-de-paro-correspondientes.jpg","type":"image\/jpeg"}],"author":"DLV RADIO","twitter_card":"summary_large_image","twitter_creator":"@RadioDlvradio","twitter_site":"@RadioDlvradio","schema":{"@context":"https:\/\/schema.org","@graph":[{"@type":"Article","@id":"https:\/\/dlvradio.es\/datos-del-paro-correspondientes-al-mes-de-noviembre\/#article","isPartOf":{"@id":"https:\/\/dlvradio.es\/datos-del-paro-correspondientes-al-mes-de-noviembre\/"},"author":{"name":"DLV RADIO","@id":"https:\/\/dlvradio.es\/#\/schema\/person\/7d533f9f89b13e3a3f2ba7f67d6412de"},"headline":"Datos del paro correspondientes al mes de noviembre","datePublished":"2021-12-02T17:33:27+00:00","mainEntityOfPage":{"@id":"https:\/\/dlvradio.es\/datos-del-paro-correspondientes-al-mes-de-noviembre\/"},"wordCount":95,"commentCount":0,"publisher":{"@id":"https:\/\/dlvradio.es\/#organization"},"image":{"@id":"https:\/\/dlvradio.es\/datos-del-paro-correspondientes-al-mes-de-noviembre\/#primaryimage"},"thumbnailUrl":"https:\/\/dlvradio.es\/wp-content\/uploads\/2021\/12\/Datos-de-paro-correspondientes.jpg","keywords":["paro"],"articleSection":["Informativos"],"inLanguage":"en-US"},{"@type":"WebPage","@id":"https:\/\/dlvradio.es\/datos-del-paro-correspondientes-al-mes-de-noviembre\/","url":"https:\/\/dlvradio.es\/datos-del-paro-correspondientes-al-mes-de-noviembre\/","name":"Datos del paro correspondientes al mes de noviembre - DLVRADIO","isPartOf":{"@id":"https:\/\/dlvradio.es\/#website"},"primaryImageOfPage":{"@id":"https:\/\/dlvradio.es\/datos-del-paro-correspondientes-al-mes-de-noviembre\/#primaryimage"},"image":{"@id":"https:\/\/dlvradio.es\/datos-del-paro-correspondientes-al-mes-de-noviembre\/#primaryimage"},"thumbnailUrl":"https:\/\/dlvradio.es\/wp-content\/uploads\/2021\/12\/Datos-de-paro-correspondientes.jpg","datePublished":"2021-12-02T17:33:27+00:00","description":"Datos de paro registrado y de afiliaci\u00f3n a la Seguridad Social correspondientes al mes de noviembre. Los secretarios de Estado de Empleo y Econom\u00eda","breadcrumb":{"@id":"https:\/\/dlvradio.es\/datos-del-paro-correspondientes-al-mes-de-noviembre\/#breadcrumb"},"inLanguage":"en-US","potentialAction":[{"@type":"ReadAction","target":["https:\/\/dlvradio.es\/datos-del-paro-correspondientes-al-mes-de-noviembre\/"]}]},{"@type":"ImageObject","inLanguage":"en-US","@id":"https:\/\/dlvradio.es\/datos-del-paro-correspondientes-al-mes-de-noviembre\/#primaryimage","url":"https:\/\/dlvradio.es\/wp-content\/uploads\/2021\/12\/Datos-de-paro-correspondientes.jpg","contentUrl":"https:\/\/dlvradio.es\/wp-content\/uploads\/2021\/12\/Datos-de-paro-correspondientes.jpg","width":1511,"height":1511,"caption":"Datos de paro correspondientes"},{"@type":"BreadcrumbList","@id":"https:\/\/dlvradio.es\/datos-del-paro-correspondientes-al-mes-de-noviembre\/#breadcrumb","itemListElement":[{"@type":"ListItem","position":1,"name":"Inicio","item":"https:\/\/dlvradio.es\/"},{"@type":"ListItem","position":2,"name":"Datos del paro correspondientes al mes de noviembre"}]},{"@type":"WebSite","@id":"https:\/\/dlvradio.es\/#website","url":"https:\/\/dlvradio.es\/","name":"DLVRADIO","description":"We are an alternative media to traditional media","publisher":{"@id":"https:\/\/dlvradio.es\/#organization"},"potentialAction":[{"@type":"SearchAction","target":{"@type":"EntryPoint","urlTemplate":"https:\/\/dlvradio.es\/?s={search_term_string}"},"query-input":{"@type":"PropertyValueSpecification","valueRequired":true,"valueName":"search_term_string"}}],"inLanguage":"en-US"},{"@type":"Organization","@id":"https:\/\/dlvradio.es\/#organization","name":"DLVRADIO","url":"https:\/\/dlvradio.es\/","logo":{"@type":"ImageObject","inLanguage":"en-US","@id":"https:\/\/dlvradio.es\/#\/schema\/logo\/image\/","url":"","contentUrl":"","caption":"DLVRADIO"},"image":{"@id":"https:\/\/dlvradio.es\/#\/schema\/logo\/image\/"},"sameAs":["https:\/\/www.facebook.com\/RadioDLVradio\/","https:\/\/x.com\/RadioDlvradio","https:\/\/www.instagram.com\/radiodlvradio\/"]},{"@type":"Person","@id":"https:\/\/dlvradio.es\/#\/schema\/person\/7d533f9f89b13e3a3f2ba7f67d6412de","name":"DLV RADIO","sameAs":["https:\/\/dlvradio.es"]}]}},"_links":{"self":[{"href":"https:\/\/dlvradio.es\/en\/wp-json\/wp\/v2\/posts\/70943","targetHints":{"allow":["GET"]}}],"collection":[{"href":"https:\/\/dlvradio.es\/en\/wp-json\/wp\/v2\/posts"}],"about":[{"href":"https:\/\/dlvradio.es\/en\/wp-json\/wp\/v2\/types\/post"}],"author":[{"embeddable":true,"href":"https:\/\/dlvradio.es\/en\/wp-json\/wp\/v2\/users\/4"}],"replies":[{"embeddable":true,"href":"https:\/\/dlvradio.es\/en\/wp-json\/wp\/v2\/comments?post=70943"}],"version-history":[{"count":0,"href":"https:\/\/dlvradio.es\/en\/wp-json\/wp\/v2\/posts\/70943\/revisions"}],"wp:featuredmedia":[{"embeddable":true,"href":"https:\/\/dlvradio.es\/en\/wp-json\/wp\/v2\/media\/70944"}],"wp:attachment":[{"href":"https:\/\/dlvradio.es\/en\/wp-json\/wp\/v2\/media?parent=70943"}],"wp:term":[{"taxonomy":"category","embeddable":true,"href":"https:\/\/dlvradio.es\/en\/wp-json\/wp\/v2\/categories?post=70943"},{"taxonomy":"post_tag","embeddable":true,"href":"https:\/\/dlvradio.es\/en\/wp-json\/wp\/v2\/tags?post=70943"}],"curies":[{"name":"wp","href":"https:\/\/api.w.org\/{rel}","templated":true}]}}