{"id":70946,"date":"2021-12-03T07:00:00","date_gmt":"2021-12-03T06:00:00","guid":{"rendered":"https:\/\/dlvradio.es\/jornada-de-puertas-abiertas-03-12-2021\/"},"modified":"2021-12-03T07:00:00","modified_gmt":"2021-12-03T06:00:00","slug":"jornada-de-puertas-abiertas-03-12-2021","status":"publish","type":"post","link":"https:\/\/dlvradio.es\/en\/jornada-de-puertas-abiertas-03-12-2021\/","title":{"rendered":"Open Day (03\/12\/2021)"},"content":{"rendered":"<p><img decoding=\"async\" class=\"alignleft wp-image-7469\" src=\"https:\/\/dlvradio.es\/wp-content\/uploads\/2021\/08\/Congreso-de-los-diputados.jpg\" alt=\"\" width=\"100\" height=\"100\" \/>A partir de las 08:00 h puedes seguir en directo la apertura de la puerta de los Leones que se abrir\u00e1 los pr\u00f3ximos d\u00edas 3 y 4 de diciembre para celebrar las vigesimocuartas Jornadas de Puertas Abiertas del Congreso de los Diputados, que se organizan desde el a\u00f1o 1997 en el marco de los actos de conmemoraci\u00f3n del D\u00eda de la Constituci\u00f3n, que es el pr\u00f3ximo d\u00eda 6 de diciembre, y permiten a los ciudadanos realizar un recorrido por las estancias m\u00e1s representativas del Palacio de Congresos.<\/p>\n<p><iframe title=\"Open Day (03\/12\/2021)\" width=\"800\" height=\"450\" src=\"https:\/\/www.youtube.com\/embed\/auTDZ9jtf8I?feature=oembed\" frameborder=\"0\" allow=\"accelerometer; autoplay; clipboard-write; encrypted-media; gyroscope; picture-in-picture; web-share\" referrerpolicy=\"strict-origin-when-cross-origin\" allowfullscreen><\/iframe><\/p>","protected":false},"excerpt":{"rendered":"<p>A partir de las 08:00 h puedes seguir en directo la apertura de la puerta de los Leones que se abrir\u00e1 los pr\u00f3ximos d\u00edas 3 y 4 de diciembre para celebrar las vigesimocuartas Jornadas de Puertas Abiertas del Congreso de los Diputados, que se organizan desde el a\u00f1o 1997 en el marco de los actos [&hellip;]<\/p>\n","protected":false},"author":4,"featured_media":70947,"comment_status":"open","ping_status":"open","sticky":false,"template":"","format":"standard","meta":{"_acf_changed":false,"footnotes":""},"categories":[2465],"tags":[2718,2463],"class_list":["post-70946","post","type-post","status-publish","format-standard","has-post-thumbnail","hentry","category-informativos","tag-congreso-de-los-diputados","tag-sociedad"],"acf":[],"yoast_head":"<!-- This site is optimized with the Yoast SEO plugin v27.4 - https:\/\/yoast.com\/product\/yoast-seo-wordpress\/ -->\n<title>Jornada de Puertas Abiertas (03\/12\/2021) - DLVRADIO<\/title>\n<meta name=\"description\" content=\"A partir de las 08:00 h puedes seguir en directo la apertura de la puerta de los Leones que se abrir\u00e1 los pr\u00f3ximos d\u00edas 3 y 4 de diciembre para celebrar\" \/>\n<meta name=\"robots\" content=\"index, follow, max-snippet:-1, max-image-preview:large, max-video-preview:-1\" \/>\n<link rel=\"canonical\" href=\"https:\/\/dlvradio.es\/en\/jornada-de-puertas-abiertas-03-12-2021\/\" \/>\n<meta property=\"og:locale\" content=\"en_US\" \/>\n<meta property=\"og:type\" content=\"article\" \/>\n<meta property=\"og:title\" content=\"Jornada de Puertas Abiertas (03\/12\/2021) - DLVRADIO\" \/>\n<meta property=\"og:description\" content=\"A partir de las 08:00 h puedes seguir en directo la apertura de la puerta de los Leones que se abrir\u00e1 los pr\u00f3ximos d\u00edas 3 y 4 de diciembre para celebrar\" \/>\n<meta property=\"og:url\" content=\"https:\/\/dlvradio.es\/en\/jornada-de-puertas-abiertas-03-12-2021\/\" \/>\n<meta property=\"og:site_name\" content=\"DLVRADIO\" \/>\n<meta property=\"article:publisher\" content=\"https:\/\/www.facebook.com\/RadioDLVradio\/\" \/>\n<meta property=\"article:published_time\" content=\"2021-12-03T06:00:00+00:00\" \/>\n<meta property=\"og:image\" content=\"https:\/\/dlvradio.es\/wp-content\/uploads\/2021\/12\/Congreso-de-los-diputados.jpg\" \/>\n\t<meta property=\"og:image:width\" content=\"1511\" \/>\n\t<meta property=\"og:image:height\" content=\"1511\" \/>\n\t<meta property=\"og:image:type\" content=\"image\/jpeg\" \/>\n<meta name=\"author\" content=\"DLV RADIO\" \/>\n<meta name=\"twitter:card\" content=\"summary_large_image\" \/>\n<meta name=\"twitter:creator\" content=\"@RadioDlvradio\" \/>\n<meta name=\"twitter:site\" content=\"@RadioDlvradio\" \/>\n<script type=\"application\/ld+json\" class=\"yoast-schema-graph\">{\"@context\":\"https:\\\/\\\/schema.org\",\"@graph\":[{\"@type\":\"Article\",\"@id\":\"https:\\\/\\\/dlvradio.es\\\/jornada-de-puertas-abiertas-03-12-2021\\\/#article\",\"isPartOf\":{\"@id\":\"https:\\\/\\\/dlvradio.es\\\/jornada-de-puertas-abiertas-03-12-2021\\\/\"},\"author\":{\"name\":\"DLV RADIO\",\"@id\":\"https:\\\/\\\/dlvradio.es\\\/#\\\/schema\\\/person\\\/7d533f9f89b13e3a3f2ba7f67d6412de\"},\"headline\":\"Jornada de Puertas Abiertas (03\\\/12\\\/2021)\",\"datePublished\":\"2021-12-03T06:00:00+00:00\",\"mainEntityOfPage\":{\"@id\":\"https:\\\/\\\/dlvradio.es\\\/jornada-de-puertas-abiertas-03-12-2021\\\/\"},\"wordCount\":103,\"commentCount\":0,\"publisher\":{\"@id\":\"https:\\\/\\\/dlvradio.es\\\/#organization\"},\"image\":{\"@id\":\"https:\\\/\\\/dlvradio.es\\\/jornada-de-puertas-abiertas-03-12-2021\\\/#primaryimage\"},\"thumbnailUrl\":\"https:\\\/\\\/dlvradio.es\\\/wp-content\\\/uploads\\\/2021\\\/12\\\/Congreso-de-los-diputados.jpg\",\"keywords\":[\"Congreso de los Diputados\",\"sociedad\"],\"articleSection\":[\"Informativos\"],\"inLanguage\":\"en-US\"},{\"@type\":\"WebPage\",\"@id\":\"https:\\\/\\\/dlvradio.es\\\/jornada-de-puertas-abiertas-03-12-2021\\\/\",\"url\":\"https:\\\/\\\/dlvradio.es\\\/jornada-de-puertas-abiertas-03-12-2021\\\/\",\"name\":\"Jornada de Puertas Abiertas (03\\\/12\\\/2021) - DLVRADIO\",\"isPartOf\":{\"@id\":\"https:\\\/\\\/dlvradio.es\\\/#website\"},\"primaryImageOfPage\":{\"@id\":\"https:\\\/\\\/dlvradio.es\\\/jornada-de-puertas-abiertas-03-12-2021\\\/#primaryimage\"},\"image\":{\"@id\":\"https:\\\/\\\/dlvradio.es\\\/jornada-de-puertas-abiertas-03-12-2021\\\/#primaryimage\"},\"thumbnailUrl\":\"https:\\\/\\\/dlvradio.es\\\/wp-content\\\/uploads\\\/2021\\\/12\\\/Congreso-de-los-diputados.jpg\",\"datePublished\":\"2021-12-03T06:00:00+00:00\",\"description\":\"A partir de las 08:00 h puedes seguir en directo la apertura de la puerta de los Leones que se abrir\u00e1 los pr\u00f3ximos d\u00edas 3 y 4 de diciembre para celebrar\",\"breadcrumb\":{\"@id\":\"https:\\\/\\\/dlvradio.es\\\/jornada-de-puertas-abiertas-03-12-2021\\\/#breadcrumb\"},\"inLanguage\":\"en-US\",\"potentialAction\":[{\"@type\":\"ReadAction\",\"target\":[\"https:\\\/\\\/dlvradio.es\\\/jornada-de-puertas-abiertas-03-12-2021\\\/\"]}]},{\"@type\":\"ImageObject\",\"inLanguage\":\"en-US\",\"@id\":\"https:\\\/\\\/dlvradio.es\\\/jornada-de-puertas-abiertas-03-12-2021\\\/#primaryimage\",\"url\":\"https:\\\/\\\/dlvradio.es\\\/wp-content\\\/uploads\\\/2021\\\/12\\\/Congreso-de-los-diputados.jpg\",\"contentUrl\":\"https:\\\/\\\/dlvradio.es\\\/wp-content\\\/uploads\\\/2021\\\/12\\\/Congreso-de-los-diputados.jpg\",\"width\":1511,\"height\":1511,\"caption\":\"Congreso de los diputados\"},{\"@type\":\"BreadcrumbList\",\"@id\":\"https:\\\/\\\/dlvradio.es\\\/jornada-de-puertas-abiertas-03-12-2021\\\/#breadcrumb\",\"itemListElement\":[{\"@type\":\"ListItem\",\"position\":1,\"name\":\"Inicio\",\"item\":\"https:\\\/\\\/dlvradio.es\\\/\"},{\"@type\":\"ListItem\",\"position\":2,\"name\":\"Jornada de Puertas Abiertas (03\\\/12\\\/2021)\"}]},{\"@type\":\"WebSite\",\"@id\":\"https:\\\/\\\/dlvradio.es\\\/#website\",\"url\":\"https:\\\/\\\/dlvradio.es\\\/\",\"name\":\"DLVRADIO\",\"description\":\"Somos un medio de comunicaci\u00f3n alternativo a los medios tradicionales\",\"publisher\":{\"@id\":\"https:\\\/\\\/dlvradio.es\\\/#organization\"},\"potentialAction\":[{\"@type\":\"SearchAction\",\"target\":{\"@type\":\"EntryPoint\",\"urlTemplate\":\"https:\\\/\\\/dlvradio.es\\\/?s={search_term_string}\"},\"query-input\":{\"@type\":\"PropertyValueSpecification\",\"valueRequired\":true,\"valueName\":\"search_term_string\"}}],\"inLanguage\":\"en-US\"},{\"@type\":\"Organization\",\"@id\":\"https:\\\/\\\/dlvradio.es\\\/#organization\",\"name\":\"DLVRADIO\",\"url\":\"https:\\\/\\\/dlvradio.es\\\/\",\"logo\":{\"@type\":\"ImageObject\",\"inLanguage\":\"en-US\",\"@id\":\"https:\\\/\\\/dlvradio.es\\\/#\\\/schema\\\/logo\\\/image\\\/\",\"url\":\"\",\"contentUrl\":\"\",\"caption\":\"DLVRADIO\"},\"image\":{\"@id\":\"https:\\\/\\\/dlvradio.es\\\/#\\\/schema\\\/logo\\\/image\\\/\"},\"sameAs\":[\"https:\\\/\\\/www.facebook.com\\\/RadioDLVradio\\\/\",\"https:\\\/\\\/x.com\\\/RadioDlvradio\",\"https:\\\/\\\/www.instagram.com\\\/radiodlvradio\\\/\"]},{\"@type\":\"Person\",\"@id\":\"https:\\\/\\\/dlvradio.es\\\/#\\\/schema\\\/person\\\/7d533f9f89b13e3a3f2ba7f67d6412de\",\"name\":\"DLV RADIO\",\"sameAs\":[\"https:\\\/\\\/dlvradio.es\"]}]}<\/script>\n<!-- \/ Yoast SEO plugin. -->","yoast_head_json":{"title":"Jornada de Puertas Abiertas (03\/12\/2021) - DLVRADIO","description":"A partir de las 08:00 h puedes seguir en directo la apertura de la puerta de los Leones que se abrir\u00e1 los pr\u00f3ximos d\u00edas 3 y 4 de diciembre para celebrar","robots":{"index":"index","follow":"follow","max-snippet":"max-snippet:-1","max-image-preview":"max-image-preview:large","max-video-preview":"max-video-preview:-1"},"canonical":"https:\/\/dlvradio.es\/en\/jornada-de-puertas-abiertas-03-12-2021\/","og_locale":"en_US","og_type":"article","og_title":"Jornada de Puertas Abiertas (03\/12\/2021) - DLVRADIO","og_description":"A partir de las 08:00 h puedes seguir en directo la apertura de la puerta de los Leones que se abrir\u00e1 los pr\u00f3ximos d\u00edas 3 y 4 de diciembre para celebrar","og_url":"https:\/\/dlvradio.es\/en\/jornada-de-puertas-abiertas-03-12-2021\/","og_site_name":"DLVRADIO","article_publisher":"https:\/\/www.facebook.com\/RadioDLVradio\/","article_published_time":"2021-12-03T06:00:00+00:00","og_image":[{"width":1511,"height":1511,"url":"https:\/\/dlvradio.es\/wp-content\/uploads\/2021\/12\/Congreso-de-los-diputados.jpg","type":"image\/jpeg"}],"author":"DLV RADIO","twitter_card":"summary_large_image","twitter_creator":"@RadioDlvradio","twitter_site":"@RadioDlvradio","schema":{"@context":"https:\/\/schema.org","@graph":[{"@type":"Article","@id":"https:\/\/dlvradio.es\/jornada-de-puertas-abiertas-03-12-2021\/#article","isPartOf":{"@id":"https:\/\/dlvradio.es\/jornada-de-puertas-abiertas-03-12-2021\/"},"author":{"name":"DLV RADIO","@id":"https:\/\/dlvradio.es\/#\/schema\/person\/7d533f9f89b13e3a3f2ba7f67d6412de"},"headline":"Jornada de Puertas Abiertas (03\/12\/2021)","datePublished":"2021-12-03T06:00:00+00:00","mainEntityOfPage":{"@id":"https:\/\/dlvradio.es\/jornada-de-puertas-abiertas-03-12-2021\/"},"wordCount":103,"commentCount":0,"publisher":{"@id":"https:\/\/dlvradio.es\/#organization"},"image":{"@id":"https:\/\/dlvradio.es\/jornada-de-puertas-abiertas-03-12-2021\/#primaryimage"},"thumbnailUrl":"https:\/\/dlvradio.es\/wp-content\/uploads\/2021\/12\/Congreso-de-los-diputados.jpg","keywords":["Congreso de los Diputados","sociedad"],"articleSection":["Informativos"],"inLanguage":"en-US"},{"@type":"WebPage","@id":"https:\/\/dlvradio.es\/jornada-de-puertas-abiertas-03-12-2021\/","url":"https:\/\/dlvradio.es\/jornada-de-puertas-abiertas-03-12-2021\/","name":"Jornada de Puertas Abiertas (03\/12\/2021) - DLVRADIO","isPartOf":{"@id":"https:\/\/dlvradio.es\/#website"},"primaryImageOfPage":{"@id":"https:\/\/dlvradio.es\/jornada-de-puertas-abiertas-03-12-2021\/#primaryimage"},"image":{"@id":"https:\/\/dlvradio.es\/jornada-de-puertas-abiertas-03-12-2021\/#primaryimage"},"thumbnailUrl":"https:\/\/dlvradio.es\/wp-content\/uploads\/2021\/12\/Congreso-de-los-diputados.jpg","datePublished":"2021-12-03T06:00:00+00:00","description":"A partir de las 08:00 h puedes seguir en directo la apertura de la puerta de los Leones que se abrir\u00e1 los pr\u00f3ximos d\u00edas 3 y 4 de diciembre para celebrar","breadcrumb":{"@id":"https:\/\/dlvradio.es\/jornada-de-puertas-abiertas-03-12-2021\/#breadcrumb"},"inLanguage":"en-US","potentialAction":[{"@type":"ReadAction","target":["https:\/\/dlvradio.es\/jornada-de-puertas-abiertas-03-12-2021\/"]}]},{"@type":"ImageObject","inLanguage":"en-US","@id":"https:\/\/dlvradio.es\/jornada-de-puertas-abiertas-03-12-2021\/#primaryimage","url":"https:\/\/dlvradio.es\/wp-content\/uploads\/2021\/12\/Congreso-de-los-diputados.jpg","contentUrl":"https:\/\/dlvradio.es\/wp-content\/uploads\/2021\/12\/Congreso-de-los-diputados.jpg","width":1511,"height":1511,"caption":"Congreso de los diputados"},{"@type":"BreadcrumbList","@id":"https:\/\/dlvradio.es\/jornada-de-puertas-abiertas-03-12-2021\/#breadcrumb","itemListElement":[{"@type":"ListItem","position":1,"name":"Inicio","item":"https:\/\/dlvradio.es\/"},{"@type":"ListItem","position":2,"name":"Jornada de Puertas Abiertas (03\/12\/2021)"}]},{"@type":"WebSite","@id":"https:\/\/dlvradio.es\/#website","url":"https:\/\/dlvradio.es\/","name":"DLVRADIO","description":"We are an alternative media to traditional media","publisher":{"@id":"https:\/\/dlvradio.es\/#organization"},"potentialAction":[{"@type":"SearchAction","target":{"@type":"EntryPoint","urlTemplate":"https:\/\/dlvradio.es\/?s={search_term_string}"},"query-input":{"@type":"PropertyValueSpecification","valueRequired":true,"valueName":"search_term_string"}}],"inLanguage":"en-US"},{"@type":"Organization","@id":"https:\/\/dlvradio.es\/#organization","name":"DLVRADIO","url":"https:\/\/dlvradio.es\/","logo":{"@type":"ImageObject","inLanguage":"en-US","@id":"https:\/\/dlvradio.es\/#\/schema\/logo\/image\/","url":"","contentUrl":"","caption":"DLVRADIO"},"image":{"@id":"https:\/\/dlvradio.es\/#\/schema\/logo\/image\/"},"sameAs":["https:\/\/www.facebook.com\/RadioDLVradio\/","https:\/\/x.com\/RadioDlvradio","https:\/\/www.instagram.com\/radiodlvradio\/"]},{"@type":"Person","@id":"https:\/\/dlvradio.es\/#\/schema\/person\/7d533f9f89b13e3a3f2ba7f67d6412de","name":"DLV RADIO","sameAs":["https:\/\/dlvradio.es"]}]}},"_links":{"self":[{"href":"https:\/\/dlvradio.es\/en\/wp-json\/wp\/v2\/posts\/70946","targetHints":{"allow":["GET"]}}],"collection":[{"href":"https:\/\/dlvradio.es\/en\/wp-json\/wp\/v2\/posts"}],"about":[{"href":"https:\/\/dlvradio.es\/en\/wp-json\/wp\/v2\/types\/post"}],"author":[{"embeddable":true,"href":"https:\/\/dlvradio.es\/en\/wp-json\/wp\/v2\/users\/4"}],"replies":[{"embeddable":true,"href":"https:\/\/dlvradio.es\/en\/wp-json\/wp\/v2\/comments?post=70946"}],"version-history":[{"count":0,"href":"https:\/\/dlvradio.es\/en\/wp-json\/wp\/v2\/posts\/70946\/revisions"}],"wp:featuredmedia":[{"embeddable":true,"href":"https:\/\/dlvradio.es\/en\/wp-json\/wp\/v2\/media\/70947"}],"wp:attachment":[{"href":"https:\/\/dlvradio.es\/en\/wp-json\/wp\/v2\/media?parent=70946"}],"wp:term":[{"taxonomy":"category","embeddable":true,"href":"https:\/\/dlvradio.es\/en\/wp-json\/wp\/v2\/categories?post=70946"},{"taxonomy":"post_tag","embeddable":true,"href":"https:\/\/dlvradio.es\/en\/wp-json\/wp\/v2\/tags?post=70946"}],"curies":[{"name":"wp","href":"https:\/\/api.w.org\/{rel}","templated":true}]}}