{"id":70948,"date":"2021-12-03T10:54:34","date_gmt":"2021-12-03T09:54:34","guid":{"rendered":"https:\/\/dlvradio.es\/las-minas-espanolas-bajo-la-lupa-del-parlamento-europeo\/"},"modified":"2021-12-03T10:54:34","modified_gmt":"2021-12-03T09:54:34","slug":"las-minas-espanolas-bajo-la-lupa-del-parlamento-europeo","status":"publish","type":"post","link":"https:\/\/dlvradio.es\/en\/las-minas-espanolas-bajo-la-lupa-del-parlamento-europeo\/","title":{"rendered":"Spanish mines under the magnifying glass of the European Parliament"},"content":{"rendered":"<h6><strong><img decoding=\"async\" class=\"alignleft wp-image-8216 size-thumbnail\" src=\"https:\/\/dlvradio.es\/wp-content\/uploads\/2021\/12\/Las-minas-espanolas-bajo-la-lupa-del-Parlamento-Europeo-150x150.jpg\" alt=\"\" width=\"150\" height=\"150\" \/>Spanish mines under the magnifying glass of the European Parliament<\/strong><\/h6>\n<p><strong>\u00b7 Some of the mining projects approved in Spain would be illegal according to the legislation of countries such as Brazil, Chile, China, Ecuador or Peru.<\/strong><\/p>\n<p><strong>\u00b7 The European Commission has financed \u201csoft counterinsurgency\u201d projects in Spain to force the acceptance of new mines.<\/strong><\/p>\n<p>Ecologists in Action testified today during a <a href=\"https:\/\/www.europarl.europa.eu\/committees\/en\/public-hearing-on-environmental-and-soci\/product-details\/20211117CHE09721\" target=\"_blank\" rel=\"noopener\" data-saferedirecturl=\"https:\/\/www.google.com\/url?q=https:\/\/www.europarl.europa.eu\/committees\/en\/public-hearing-on-environmental-and-soci\/product-details\/20211117CHE09721&amp;source=gmail&amp;ust=1638613205923000&amp;usg=AOvVaw1PvKY6ujVj6wL0wSiNciwr\">public hearing<\/a> on the social and environmental impacts of mining in the EU organized by the European Parliament. Elena Sol\u00eds, coordinator of the Mining area of the environmental organization, has illustrated the non-compliance with European directives by exposing several cases of Spanish mines such as R\u00edo Tinto (Huelva), Cobre las Cruces (Seville) or San Finx (A Coru\u00f1a).<\/p>\n<p>The American hydrologist Steven H. Emerman has also warned that in many aspects European standards regarding the safety of mining facilities are far behind those of countries such as Brazil, Chile, China, Ecuador or Peru, where the techniques applied to some projects in Spain and Portugal they would be illegal. Emerman used data from the Touro, R\u00edo Tinto and San Finx mining projects to highlight these deficiencies and warn Parliament and the Commission that \u201cthey should not be in such a hurry to open new mines or expand existing ones without first convincingly demonstrating that they do not &quot;adverse effects will occur on the environment and the population.&quot;<\/p>\n<p>Next, Alexander Dunlap, a researcher at the University of Oslo, has criticized the European Commission&#039;s financial support for \u201csocial license\u201d projects that, according to his research, \u201care based on military counterinsurgency techniques and manuals.\u201d In the last five years the Commission has allocated more than 100 million euros to \u201csoft counterinsurgency\u201d projects for the \u201cacceptability of mining\u201d that seek to \u201cweaken the capacity and will of affected communities to identify and report corruption and harm.\u201d ecological damage caused by mines.<\/p>\n<p>Ecologistas en Acci\u00f3n has defended before the European Parliament that the cases of violations of European legislation \u201care not isolated cases, but are a systematic consequence of corruption and indifference.\u201d Faced with these environmental and social impacts, Elena Sol\u00eds has demanded \u201csupport for environmental organizations and local communities, empowering them to exercise their rights and obligations of active environmental citizenship in the face of the mining boom that threatens to turn European peripheries into an extractivist &#039;Wild West&#039;. \u201d.<\/p>","protected":false},"excerpt":{"rendered":"<p>Las minas espa\u00f1olas bajo la lupa del Parlamento Europeo \u00b7 Algunos de los proyectos mineros aprobados en Espa\u00f1a ser\u00edan ilegales seg\u00fan la legislaci\u00f3n de pa\u00edses como Brasil, Chile, China, Ecuador o Per\u00fa. \u00b7 La Comisi\u00f3n Europea ha financiado en Espa\u00f1a proyectos de \u201ccontrainsurgencia suave\u201d para forzar la aceptaci\u00f3n de nuevas minas. Ecologistas en Acci\u00f3n ha [&hellip;]<\/p>\n","protected":false},"author":4,"featured_media":70949,"comment_status":"open","ping_status":"open","sticky":false,"template":"","format":"standard","meta":{"_acf_changed":false,"footnotes":""},"categories":[2711,2465],"tags":[2478,2466],"class_list":["post-70948","post","type-post","status-publish","format-standard","has-post-thumbnail","hentry","category-emergencia-climatica","category-informativos","tag-ecologia","tag-espana"],"acf":[],"yoast_head":"<!-- This site is optimized with the Yoast SEO plugin v27.4 - https:\/\/yoast.com\/product\/yoast-seo-wordpress\/ -->\n<title>Las minas espa\u00f1olas bajo la lupa del Parlamento Europeo - DLVRADIO<\/title>\n<meta name=\"description\" content=\"Las minas espa\u00f1olas bajo la lupa del Parlamento Europeo \u00b7 Algunos de los proyectos mineros aprobados en Espa\u00f1a ser\u00edan ilegales seg\u00fan la legislaci\u00f3n de\" \/>\n<meta name=\"robots\" content=\"index, follow, max-snippet:-1, max-image-preview:large, max-video-preview:-1\" \/>\n<link rel=\"canonical\" href=\"https:\/\/dlvradio.es\/en\/las-minas-espanolas-bajo-la-lupa-del-parlamento-europeo\/\" \/>\n<meta property=\"og:locale\" content=\"en_US\" \/>\n<meta property=\"og:type\" content=\"article\" \/>\n<meta property=\"og:title\" content=\"Las minas espa\u00f1olas bajo la lupa del Parlamento Europeo - DLVRADIO\" \/>\n<meta property=\"og:description\" content=\"Las minas espa\u00f1olas bajo la lupa del Parlamento Europeo \u00b7 Algunos de los proyectos mineros aprobados en Espa\u00f1a ser\u00edan ilegales seg\u00fan la legislaci\u00f3n de\" \/>\n<meta property=\"og:url\" content=\"https:\/\/dlvradio.es\/en\/las-minas-espanolas-bajo-la-lupa-del-parlamento-europeo\/\" \/>\n<meta property=\"og:site_name\" content=\"DLVRADIO\" \/>\n<meta property=\"article:publisher\" content=\"https:\/\/www.facebook.com\/RadioDLVradio\/\" \/>\n<meta property=\"article:published_time\" content=\"2021-12-03T09:54:34+00:00\" \/>\n<meta property=\"og:image\" content=\"https:\/\/dlvradio.es\/wp-content\/uploads\/2021\/12\/Las-minas-espanolas-bajo-la-lupa-del-Parlamento-Europeo.jpg\" \/>\n\t<meta property=\"og:image:width\" content=\"1511\" \/>\n\t<meta property=\"og:image:height\" content=\"1511\" \/>\n\t<meta property=\"og:image:type\" content=\"image\/jpeg\" \/>\n<meta name=\"author\" content=\"DLV RADIO\" \/>\n<meta name=\"twitter:card\" content=\"summary_large_image\" \/>\n<meta name=\"twitter:creator\" content=\"@RadioDlvradio\" \/>\n<meta name=\"twitter:site\" content=\"@RadioDlvradio\" \/>\n<script type=\"application\/ld+json\" class=\"yoast-schema-graph\">{\"@context\":\"https:\\\/\\\/schema.org\",\"@graph\":[{\"@type\":\"Article\",\"@id\":\"https:\\\/\\\/dlvradio.es\\\/las-minas-espanolas-bajo-la-lupa-del-parlamento-europeo\\\/#article\",\"isPartOf\":{\"@id\":\"https:\\\/\\\/dlvradio.es\\\/las-minas-espanolas-bajo-la-lupa-del-parlamento-europeo\\\/\"},\"author\":{\"name\":\"DLV RADIO\",\"@id\":\"https:\\\/\\\/dlvradio.es\\\/#\\\/schema\\\/person\\\/7d533f9f89b13e3a3f2ba7f67d6412de\"},\"headline\":\"Las minas espa\u00f1olas bajo la lupa del Parlamento Europeo\",\"datePublished\":\"2021-12-03T09:54:34+00:00\",\"mainEntityOfPage\":{\"@id\":\"https:\\\/\\\/dlvradio.es\\\/las-minas-espanolas-bajo-la-lupa-del-parlamento-europeo\\\/\"},\"wordCount\":452,\"commentCount\":0,\"publisher\":{\"@id\":\"https:\\\/\\\/dlvradio.es\\\/#organization\"},\"image\":{\"@id\":\"https:\\\/\\\/dlvradio.es\\\/las-minas-espanolas-bajo-la-lupa-del-parlamento-europeo\\\/#primaryimage\"},\"thumbnailUrl\":\"https:\\\/\\\/dlvradio.es\\\/wp-content\\\/uploads\\\/2021\\\/12\\\/Las-minas-espanolas-bajo-la-lupa-del-Parlamento-Europeo.jpg\",\"keywords\":[\"ecolog\u00eda\",\"Espa\u00f1a\"],\"articleSection\":[\"Emergencia clim\u00e1tica\",\"Informativos\"],\"inLanguage\":\"en-US\"},{\"@type\":\"WebPage\",\"@id\":\"https:\\\/\\\/dlvradio.es\\\/las-minas-espanolas-bajo-la-lupa-del-parlamento-europeo\\\/\",\"url\":\"https:\\\/\\\/dlvradio.es\\\/las-minas-espanolas-bajo-la-lupa-del-parlamento-europeo\\\/\",\"name\":\"Las minas espa\u00f1olas bajo la lupa del Parlamento Europeo - DLVRADIO\",\"isPartOf\":{\"@id\":\"https:\\\/\\\/dlvradio.es\\\/#website\"},\"primaryImageOfPage\":{\"@id\":\"https:\\\/\\\/dlvradio.es\\\/las-minas-espanolas-bajo-la-lupa-del-parlamento-europeo\\\/#primaryimage\"},\"image\":{\"@id\":\"https:\\\/\\\/dlvradio.es\\\/las-minas-espanolas-bajo-la-lupa-del-parlamento-europeo\\\/#primaryimage\"},\"thumbnailUrl\":\"https:\\\/\\\/dlvradio.es\\\/wp-content\\\/uploads\\\/2021\\\/12\\\/Las-minas-espanolas-bajo-la-lupa-del-Parlamento-Europeo.jpg\",\"datePublished\":\"2021-12-03T09:54:34+00:00\",\"description\":\"Las minas espa\u00f1olas bajo la lupa del Parlamento Europeo \u00b7 Algunos de los proyectos mineros aprobados en Espa\u00f1a ser\u00edan ilegales seg\u00fan la legislaci\u00f3n de\",\"breadcrumb\":{\"@id\":\"https:\\\/\\\/dlvradio.es\\\/las-minas-espanolas-bajo-la-lupa-del-parlamento-europeo\\\/#breadcrumb\"},\"inLanguage\":\"en-US\",\"potentialAction\":[{\"@type\":\"ReadAction\",\"target\":[\"https:\\\/\\\/dlvradio.es\\\/las-minas-espanolas-bajo-la-lupa-del-parlamento-europeo\\\/\"]}]},{\"@type\":\"ImageObject\",\"inLanguage\":\"en-US\",\"@id\":\"https:\\\/\\\/dlvradio.es\\\/las-minas-espanolas-bajo-la-lupa-del-parlamento-europeo\\\/#primaryimage\",\"url\":\"https:\\\/\\\/dlvradio.es\\\/wp-content\\\/uploads\\\/2021\\\/12\\\/Las-minas-espanolas-bajo-la-lupa-del-Parlamento-Europeo.jpg\",\"contentUrl\":\"https:\\\/\\\/dlvradio.es\\\/wp-content\\\/uploads\\\/2021\\\/12\\\/Las-minas-espanolas-bajo-la-lupa-del-Parlamento-Europeo.jpg\",\"width\":1511,\"height\":1511,\"caption\":\"Las minas espa\u00f1olas bajo la lupa del Parlamento Europeo\"},{\"@type\":\"BreadcrumbList\",\"@id\":\"https:\\\/\\\/dlvradio.es\\\/las-minas-espanolas-bajo-la-lupa-del-parlamento-europeo\\\/#breadcrumb\",\"itemListElement\":[{\"@type\":\"ListItem\",\"position\":1,\"name\":\"Inicio\",\"item\":\"https:\\\/\\\/dlvradio.es\\\/\"},{\"@type\":\"ListItem\",\"position\":2,\"name\":\"Las minas espa\u00f1olas bajo la lupa del Parlamento Europeo\"}]},{\"@type\":\"WebSite\",\"@id\":\"https:\\\/\\\/dlvradio.es\\\/#website\",\"url\":\"https:\\\/\\\/dlvradio.es\\\/\",\"name\":\"DLVRADIO\",\"description\":\"Somos un medio de comunicaci\u00f3n alternativo a los medios tradicionales\",\"publisher\":{\"@id\":\"https:\\\/\\\/dlvradio.es\\\/#organization\"},\"potentialAction\":[{\"@type\":\"SearchAction\",\"target\":{\"@type\":\"EntryPoint\",\"urlTemplate\":\"https:\\\/\\\/dlvradio.es\\\/?s={search_term_string}\"},\"query-input\":{\"@type\":\"PropertyValueSpecification\",\"valueRequired\":true,\"valueName\":\"search_term_string\"}}],\"inLanguage\":\"en-US\"},{\"@type\":\"Organization\",\"@id\":\"https:\\\/\\\/dlvradio.es\\\/#organization\",\"name\":\"DLVRADIO\",\"url\":\"https:\\\/\\\/dlvradio.es\\\/\",\"logo\":{\"@type\":\"ImageObject\",\"inLanguage\":\"en-US\",\"@id\":\"https:\\\/\\\/dlvradio.es\\\/#\\\/schema\\\/logo\\\/image\\\/\",\"url\":\"\",\"contentUrl\":\"\",\"caption\":\"DLVRADIO\"},\"image\":{\"@id\":\"https:\\\/\\\/dlvradio.es\\\/#\\\/schema\\\/logo\\\/image\\\/\"},\"sameAs\":[\"https:\\\/\\\/www.facebook.com\\\/RadioDLVradio\\\/\",\"https:\\\/\\\/x.com\\\/RadioDlvradio\",\"https:\\\/\\\/www.instagram.com\\\/radiodlvradio\\\/\"]},{\"@type\":\"Person\",\"@id\":\"https:\\\/\\\/dlvradio.es\\\/#\\\/schema\\\/person\\\/7d533f9f89b13e3a3f2ba7f67d6412de\",\"name\":\"DLV RADIO\",\"sameAs\":[\"https:\\\/\\\/dlvradio.es\"]}]}<\/script>\n<!-- \/ Yoast SEO plugin. -->","yoast_head_json":{"title":"Spanish mines under the magnifying glass of the European Parliament - DLVRADIO","description":"Spanish mines under the scrutiny of the European Parliament \u00b7 Some of the mining projects approved in Spain would be illegal according to EU legislation","robots":{"index":"index","follow":"follow","max-snippet":"max-snippet:-1","max-image-preview":"max-image-preview:large","max-video-preview":"max-video-preview:-1"},"canonical":"https:\/\/dlvradio.es\/en\/las-minas-espanolas-bajo-la-lupa-del-parlamento-europeo\/","og_locale":"en_US","og_type":"article","og_title":"Las minas espa\u00f1olas bajo la lupa del Parlamento Europeo - DLVRADIO","og_description":"Las minas espa\u00f1olas bajo la lupa del Parlamento Europeo \u00b7 Algunos de los proyectos mineros aprobados en Espa\u00f1a ser\u00edan ilegales seg\u00fan la legislaci\u00f3n de","og_url":"https:\/\/dlvradio.es\/en\/las-minas-espanolas-bajo-la-lupa-del-parlamento-europeo\/","og_site_name":"DLVRADIO","article_publisher":"https:\/\/www.facebook.com\/RadioDLVradio\/","article_published_time":"2021-12-03T09:54:34+00:00","og_image":[{"width":1511,"height":1511,"url":"https:\/\/dlvradio.es\/wp-content\/uploads\/2021\/12\/Las-minas-espanolas-bajo-la-lupa-del-Parlamento-Europeo.jpg","type":"image\/jpeg"}],"author":"DLV RADIO","twitter_card":"summary_large_image","twitter_creator":"@RadioDlvradio","twitter_site":"@RadioDlvradio","schema":{"@context":"https:\/\/schema.org","@graph":[{"@type":"Article","@id":"https:\/\/dlvradio.es\/las-minas-espanolas-bajo-la-lupa-del-parlamento-europeo\/#article","isPartOf":{"@id":"https:\/\/dlvradio.es\/las-minas-espanolas-bajo-la-lupa-del-parlamento-europeo\/"},"author":{"name":"DLV RADIO","@id":"https:\/\/dlvradio.es\/#\/schema\/person\/7d533f9f89b13e3a3f2ba7f67d6412de"},"headline":"Las minas espa\u00f1olas bajo la lupa del Parlamento Europeo","datePublished":"2021-12-03T09:54:34+00:00","mainEntityOfPage":{"@id":"https:\/\/dlvradio.es\/las-minas-espanolas-bajo-la-lupa-del-parlamento-europeo\/"},"wordCount":452,"commentCount":0,"publisher":{"@id":"https:\/\/dlvradio.es\/#organization"},"image":{"@id":"https:\/\/dlvradio.es\/las-minas-espanolas-bajo-la-lupa-del-parlamento-europeo\/#primaryimage"},"thumbnailUrl":"https:\/\/dlvradio.es\/wp-content\/uploads\/2021\/12\/Las-minas-espanolas-bajo-la-lupa-del-Parlamento-Europeo.jpg","keywords":["ecolog\u00eda","Espa\u00f1a"],"articleSection":["Emergencia clim\u00e1tica","Informativos"],"inLanguage":"en-US"},{"@type":"WebPage","@id":"https:\/\/dlvradio.es\/las-minas-espanolas-bajo-la-lupa-del-parlamento-europeo\/","url":"https:\/\/dlvradio.es\/las-minas-espanolas-bajo-la-lupa-del-parlamento-europeo\/","name":"Spanish mines under the magnifying glass of the European Parliament - DLVRADIO","isPartOf":{"@id":"https:\/\/dlvradio.es\/#website"},"primaryImageOfPage":{"@id":"https:\/\/dlvradio.es\/las-minas-espanolas-bajo-la-lupa-del-parlamento-europeo\/#primaryimage"},"image":{"@id":"https:\/\/dlvradio.es\/las-minas-espanolas-bajo-la-lupa-del-parlamento-europeo\/#primaryimage"},"thumbnailUrl":"https:\/\/dlvradio.es\/wp-content\/uploads\/2021\/12\/Las-minas-espanolas-bajo-la-lupa-del-Parlamento-Europeo.jpg","datePublished":"2021-12-03T09:54:34+00:00","description":"Spanish mines under the scrutiny of the European Parliament \u00b7 Some of the mining projects approved in Spain would be illegal according to EU legislation","breadcrumb":{"@id":"https:\/\/dlvradio.es\/las-minas-espanolas-bajo-la-lupa-del-parlamento-europeo\/#breadcrumb"},"inLanguage":"en-US","potentialAction":[{"@type":"ReadAction","target":["https:\/\/dlvradio.es\/las-minas-espanolas-bajo-la-lupa-del-parlamento-europeo\/"]}]},{"@type":"ImageObject","inLanguage":"en-US","@id":"https:\/\/dlvradio.es\/las-minas-espanolas-bajo-la-lupa-del-parlamento-europeo\/#primaryimage","url":"https:\/\/dlvradio.es\/wp-content\/uploads\/2021\/12\/Las-minas-espanolas-bajo-la-lupa-del-Parlamento-Europeo.jpg","contentUrl":"https:\/\/dlvradio.es\/wp-content\/uploads\/2021\/12\/Las-minas-espanolas-bajo-la-lupa-del-Parlamento-Europeo.jpg","width":1511,"height":1511,"caption":"Las minas espa\u00f1olas bajo la lupa del Parlamento Europeo"},{"@type":"BreadcrumbList","@id":"https:\/\/dlvradio.es\/las-minas-espanolas-bajo-la-lupa-del-parlamento-europeo\/#breadcrumb","itemListElement":[{"@type":"ListItem","position":1,"name":"Inicio","item":"https:\/\/dlvradio.es\/"},{"@type":"ListItem","position":2,"name":"Las minas espa\u00f1olas bajo la lupa del Parlamento Europeo"}]},{"@type":"WebSite","@id":"https:\/\/dlvradio.es\/#website","url":"https:\/\/dlvradio.es\/","name":"DLVRADIO","description":"We are an alternative media to traditional media","publisher":{"@id":"https:\/\/dlvradio.es\/#organization"},"potentialAction":[{"@type":"SearchAction","target":{"@type":"EntryPoint","urlTemplate":"https:\/\/dlvradio.es\/?s={search_term_string}"},"query-input":{"@type":"PropertyValueSpecification","valueRequired":true,"valueName":"search_term_string"}}],"inLanguage":"en-US"},{"@type":"Organization","@id":"https:\/\/dlvradio.es\/#organization","name":"DLVRADIO","url":"https:\/\/dlvradio.es\/","logo":{"@type":"ImageObject","inLanguage":"en-US","@id":"https:\/\/dlvradio.es\/#\/schema\/logo\/image\/","url":"","contentUrl":"","caption":"DLVRADIO"},"image":{"@id":"https:\/\/dlvradio.es\/#\/schema\/logo\/image\/"},"sameAs":["https:\/\/www.facebook.com\/RadioDLVradio\/","https:\/\/x.com\/RadioDlvradio","https:\/\/www.instagram.com\/radiodlvradio\/"]},{"@type":"Person","@id":"https:\/\/dlvradio.es\/#\/schema\/person\/7d533f9f89b13e3a3f2ba7f67d6412de","name":"DLV RADIO","sameAs":["https:\/\/dlvradio.es"]}]}},"_links":{"self":[{"href":"https:\/\/dlvradio.es\/en\/wp-json\/wp\/v2\/posts\/70948","targetHints":{"allow":["GET"]}}],"collection":[{"href":"https:\/\/dlvradio.es\/en\/wp-json\/wp\/v2\/posts"}],"about":[{"href":"https:\/\/dlvradio.es\/en\/wp-json\/wp\/v2\/types\/post"}],"author":[{"embeddable":true,"href":"https:\/\/dlvradio.es\/en\/wp-json\/wp\/v2\/users\/4"}],"replies":[{"embeddable":true,"href":"https:\/\/dlvradio.es\/en\/wp-json\/wp\/v2\/comments?post=70948"}],"version-history":[{"count":0,"href":"https:\/\/dlvradio.es\/en\/wp-json\/wp\/v2\/posts\/70948\/revisions"}],"wp:featuredmedia":[{"embeddable":true,"href":"https:\/\/dlvradio.es\/en\/wp-json\/wp\/v2\/media\/70949"}],"wp:attachment":[{"href":"https:\/\/dlvradio.es\/en\/wp-json\/wp\/v2\/media?parent=70948"}],"wp:term":[{"taxonomy":"category","embeddable":true,"href":"https:\/\/dlvradio.es\/en\/wp-json\/wp\/v2\/categories?post=70948"},{"taxonomy":"post_tag","embeddable":true,"href":"https:\/\/dlvradio.es\/en\/wp-json\/wp\/v2\/tags?post=70948"}],"curies":[{"name":"wp","href":"https:\/\/api.w.org\/{rel}","templated":true}]}}