{"id":71017,"date":"2022-01-04T12:06:28","date_gmt":"2022-01-04T11:06:28","guid":{"rendered":"https:\/\/dlvradio.es\/rueda-de-prensa-datos-del-paro-mes-de-diciembre-2021\/"},"modified":"2022-01-04T12:06:28","modified_gmt":"2022-01-04T11:06:28","slug":"rueda-de-prensa-datos-del-paro-mes-de-diciembre-2021","status":"publish","type":"post","link":"https:\/\/dlvradio.es\/en\/rueda-de-prensa-datos-del-paro-mes-de-diciembre-2021\/","title":{"rendered":"Rueda de prensa datos del paro mes de diciembre 2021"},"content":{"rendered":"<iframe id='audio_80403916' frameborder='0' allowfullscreen='' scrolling='no' height='200' style='width:100%;' src='https:\/\/www.ivoox.com\/player_ej_80403916_6_1.html'><\/iframe>\n\n\n<p><img decoding=\"async\" class=\"alignleft wp-image-8536\" src=\"https:\/\/dlvradio.es\/wp-content\/uploads\/2022\/01\/Rueda-de-prensa-datos-del-paro-mes-de-diciembre-2021-1-150x150.jpg\" alt=\"\" width=\"120\" height=\"120\" \/>Datos de paro registrado y de afiliaci\u00f3n a la Seguridad Social correspondientes al mes de diciembre 2021. Los secretarios de Estado de Empleo y Econom\u00eda Social, Joaqu\u00edn P\u00e9rez Rey, y de la Seguridad Social y Pensiones, Israel Arroyo, han presentado esta ma\u00f1ana en rueda de prensa los datos de paro registrado y de afiliaci\u00f3n a la Seguridad Social del mes de diciembre 2021. El n\u00famero de parados cae en 782.232 desempleados en total en la suma de los doce meses, lo que nos deja en un total de 3.105.905 personas paradas en Espa\u00f1as, lo que hace que sea el dato m\u00e1s bajo en este mes desde hace 14 a\u00f1os.<\/p>","protected":false},"excerpt":{"rendered":"<p>Datos de paro registrado y de afiliaci\u00f3n a la Seguridad Social correspondientes al mes de diciembre 2021. Los secretarios de Estado de Empleo y Econom\u00eda Social, Joaqu\u00edn P\u00e9rez Rey, y de la Seguridad Social y Pensiones, Israel Arroyo, han presentado esta ma\u00f1ana en rueda de prensa los datos de paro registrado y de afiliaci\u00f3n a [&hellip;]<\/p>\n","protected":false},"author":4,"featured_media":71018,"comment_status":"open","ping_status":"open","sticky":false,"template":"","format":"standard","meta":{"_acf_changed":false,"footnotes":""},"categories":[2465],"tags":[2466,2577],"class_list":["post-71017","post","type-post","status-publish","format-standard","has-post-thumbnail","hentry","category-informativos","tag-espana","tag-paro"],"acf":[],"yoast_head":"<!-- This site is optimized with the Yoast SEO plugin v27.4 - https:\/\/yoast.com\/product\/yoast-seo-wordpress\/ -->\n<title>Rueda de prensa datos del paro mes de diciembre 2021 - DLVRADIO<\/title>\n<meta name=\"description\" content=\"Datos de paro registrado y de afiliaci\u00f3n a la Seguridad Social correspondientes al mes de diciembre 2021. Los secretarios de Estado de Empleo y Econom\u00eda\" \/>\n<meta name=\"robots\" content=\"index, follow, max-snippet:-1, max-image-preview:large, max-video-preview:-1\" \/>\n<link rel=\"canonical\" href=\"https:\/\/dlvradio.es\/en\/rueda-de-prensa-datos-del-paro-mes-de-diciembre-2021\/\" \/>\n<meta property=\"og:locale\" content=\"en_US\" \/>\n<meta property=\"og:type\" content=\"article\" \/>\n<meta property=\"og:title\" content=\"Rueda de prensa datos del paro mes de diciembre 2021 - DLVRADIO\" \/>\n<meta property=\"og:description\" content=\"Datos de paro registrado y de afiliaci\u00f3n a la Seguridad Social correspondientes al mes de diciembre 2021. Los secretarios de Estado de Empleo y Econom\u00eda\" \/>\n<meta property=\"og:url\" content=\"https:\/\/dlvradio.es\/en\/rueda-de-prensa-datos-del-paro-mes-de-diciembre-2021\/\" \/>\n<meta property=\"og:site_name\" content=\"DLVRADIO\" \/>\n<meta property=\"article:publisher\" content=\"https:\/\/www.facebook.com\/RadioDLVradio\/\" \/>\n<meta property=\"article:published_time\" content=\"2022-01-04T11:06:28+00:00\" \/>\n<meta property=\"og:image\" content=\"https:\/\/dlvradio.es\/wp-content\/uploads\/2022\/01\/Rueda-de-prensa-datos-del-paro-mes-de-diciembre-2021.jpg\" \/>\n\t<meta property=\"og:image:width\" content=\"1511\" \/>\n\t<meta property=\"og:image:height\" content=\"1511\" \/>\n\t<meta property=\"og:image:type\" content=\"image\/jpeg\" \/>\n<meta name=\"author\" content=\"DLV RADIO\" \/>\n<meta name=\"twitter:card\" content=\"summary_large_image\" \/>\n<meta name=\"twitter:creator\" content=\"@RadioDlvradio\" \/>\n<meta name=\"twitter:site\" content=\"@RadioDlvradio\" \/>\n<script type=\"application\/ld+json\" class=\"yoast-schema-graph\">{\"@context\":\"https:\\\/\\\/schema.org\",\"@graph\":[{\"@type\":\"Article\",\"@id\":\"https:\\\/\\\/dlvradio.es\\\/rueda-de-prensa-datos-del-paro-mes-de-diciembre-2021\\\/#article\",\"isPartOf\":{\"@id\":\"https:\\\/\\\/dlvradio.es\\\/rueda-de-prensa-datos-del-paro-mes-de-diciembre-2021\\\/\"},\"author\":{\"name\":\"DLV RADIO\",\"@id\":\"https:\\\/\\\/dlvradio.es\\\/#\\\/schema\\\/person\\\/7d533f9f89b13e3a3f2ba7f67d6412de\"},\"headline\":\"Rueda de prensa datos del paro mes de diciembre 2021\",\"datePublished\":\"2022-01-04T11:06:28+00:00\",\"mainEntityOfPage\":{\"@id\":\"https:\\\/\\\/dlvradio.es\\\/rueda-de-prensa-datos-del-paro-mes-de-diciembre-2021\\\/\"},\"wordCount\":123,\"commentCount\":0,\"publisher\":{\"@id\":\"https:\\\/\\\/dlvradio.es\\\/#organization\"},\"image\":{\"@id\":\"https:\\\/\\\/dlvradio.es\\\/rueda-de-prensa-datos-del-paro-mes-de-diciembre-2021\\\/#primaryimage\"},\"thumbnailUrl\":\"https:\\\/\\\/dlvradio.es\\\/wp-content\\\/uploads\\\/2022\\\/01\\\/Rueda-de-prensa-datos-del-paro-mes-de-diciembre-2021.jpg\",\"keywords\":[\"Espa\u00f1a\",\"paro\"],\"articleSection\":[\"Informativos\"],\"inLanguage\":\"en-US\"},{\"@type\":\"WebPage\",\"@id\":\"https:\\\/\\\/dlvradio.es\\\/rueda-de-prensa-datos-del-paro-mes-de-diciembre-2021\\\/\",\"url\":\"https:\\\/\\\/dlvradio.es\\\/rueda-de-prensa-datos-del-paro-mes-de-diciembre-2021\\\/\",\"name\":\"Rueda de prensa datos del paro mes de diciembre 2021 - DLVRADIO\",\"isPartOf\":{\"@id\":\"https:\\\/\\\/dlvradio.es\\\/#website\"},\"primaryImageOfPage\":{\"@id\":\"https:\\\/\\\/dlvradio.es\\\/rueda-de-prensa-datos-del-paro-mes-de-diciembre-2021\\\/#primaryimage\"},\"image\":{\"@id\":\"https:\\\/\\\/dlvradio.es\\\/rueda-de-prensa-datos-del-paro-mes-de-diciembre-2021\\\/#primaryimage\"},\"thumbnailUrl\":\"https:\\\/\\\/dlvradio.es\\\/wp-content\\\/uploads\\\/2022\\\/01\\\/Rueda-de-prensa-datos-del-paro-mes-de-diciembre-2021.jpg\",\"datePublished\":\"2022-01-04T11:06:28+00:00\",\"description\":\"Datos de paro registrado y de afiliaci\u00f3n a la Seguridad Social correspondientes al mes de diciembre 2021. Los secretarios de Estado de Empleo y Econom\u00eda\",\"breadcrumb\":{\"@id\":\"https:\\\/\\\/dlvradio.es\\\/rueda-de-prensa-datos-del-paro-mes-de-diciembre-2021\\\/#breadcrumb\"},\"inLanguage\":\"en-US\",\"potentialAction\":[{\"@type\":\"ReadAction\",\"target\":[\"https:\\\/\\\/dlvradio.es\\\/rueda-de-prensa-datos-del-paro-mes-de-diciembre-2021\\\/\"]}]},{\"@type\":\"ImageObject\",\"inLanguage\":\"en-US\",\"@id\":\"https:\\\/\\\/dlvradio.es\\\/rueda-de-prensa-datos-del-paro-mes-de-diciembre-2021\\\/#primaryimage\",\"url\":\"https:\\\/\\\/dlvradio.es\\\/wp-content\\\/uploads\\\/2022\\\/01\\\/Rueda-de-prensa-datos-del-paro-mes-de-diciembre-2021.jpg\",\"contentUrl\":\"https:\\\/\\\/dlvradio.es\\\/wp-content\\\/uploads\\\/2022\\\/01\\\/Rueda-de-prensa-datos-del-paro-mes-de-diciembre-2021.jpg\",\"width\":1511,\"height\":1511,\"caption\":\"Rueda de prensa datos del paro mes de diciembre 2021|Rueda de prensa datos del paro mes de diciembre 2021\"},{\"@type\":\"BreadcrumbList\",\"@id\":\"https:\\\/\\\/dlvradio.es\\\/rueda-de-prensa-datos-del-paro-mes-de-diciembre-2021\\\/#breadcrumb\",\"itemListElement\":[{\"@type\":\"ListItem\",\"position\":1,\"name\":\"Inicio\",\"item\":\"https:\\\/\\\/dlvradio.es\\\/\"},{\"@type\":\"ListItem\",\"position\":2,\"name\":\"Rueda de prensa datos del paro mes de diciembre 2021\"}]},{\"@type\":\"WebSite\",\"@id\":\"https:\\\/\\\/dlvradio.es\\\/#website\",\"url\":\"https:\\\/\\\/dlvradio.es\\\/\",\"name\":\"DLVRADIO\",\"description\":\"Somos un medio de comunicaci\u00f3n alternativo a los medios tradicionales\",\"publisher\":{\"@id\":\"https:\\\/\\\/dlvradio.es\\\/#organization\"},\"potentialAction\":[{\"@type\":\"SearchAction\",\"target\":{\"@type\":\"EntryPoint\",\"urlTemplate\":\"https:\\\/\\\/dlvradio.es\\\/?s={search_term_string}\"},\"query-input\":{\"@type\":\"PropertyValueSpecification\",\"valueRequired\":true,\"valueName\":\"search_term_string\"}}],\"inLanguage\":\"en-US\"},{\"@type\":\"Organization\",\"@id\":\"https:\\\/\\\/dlvradio.es\\\/#organization\",\"name\":\"DLVRADIO\",\"url\":\"https:\\\/\\\/dlvradio.es\\\/\",\"logo\":{\"@type\":\"ImageObject\",\"inLanguage\":\"en-US\",\"@id\":\"https:\\\/\\\/dlvradio.es\\\/#\\\/schema\\\/logo\\\/image\\\/\",\"url\":\"\",\"contentUrl\":\"\",\"caption\":\"DLVRADIO\"},\"image\":{\"@id\":\"https:\\\/\\\/dlvradio.es\\\/#\\\/schema\\\/logo\\\/image\\\/\"},\"sameAs\":[\"https:\\\/\\\/www.facebook.com\\\/RadioDLVradio\\\/\",\"https:\\\/\\\/x.com\\\/RadioDlvradio\",\"https:\\\/\\\/www.instagram.com\\\/radiodlvradio\\\/\"]},{\"@type\":\"Person\",\"@id\":\"https:\\\/\\\/dlvradio.es\\\/#\\\/schema\\\/person\\\/7d533f9f89b13e3a3f2ba7f67d6412de\",\"name\":\"DLV RADIO\",\"sameAs\":[\"https:\\\/\\\/dlvradio.es\"]}]}<\/script>\n<!-- \/ Yoast SEO plugin. -->","yoast_head_json":{"title":"Rueda de prensa datos del paro mes de diciembre 2021 - DLVRADIO","description":"Datos de paro registrado y de afiliaci\u00f3n a la Seguridad Social correspondientes al mes de diciembre 2021. Los secretarios de Estado de Empleo y Econom\u00eda","robots":{"index":"index","follow":"follow","max-snippet":"max-snippet:-1","max-image-preview":"max-image-preview:large","max-video-preview":"max-video-preview:-1"},"canonical":"https:\/\/dlvradio.es\/en\/rueda-de-prensa-datos-del-paro-mes-de-diciembre-2021\/","og_locale":"en_US","og_type":"article","og_title":"Rueda de prensa datos del paro mes de diciembre 2021 - DLVRADIO","og_description":"Datos de paro registrado y de afiliaci\u00f3n a la Seguridad Social correspondientes al mes de diciembre 2021. Los secretarios de Estado de Empleo y Econom\u00eda","og_url":"https:\/\/dlvradio.es\/en\/rueda-de-prensa-datos-del-paro-mes-de-diciembre-2021\/","og_site_name":"DLVRADIO","article_publisher":"https:\/\/www.facebook.com\/RadioDLVradio\/","article_published_time":"2022-01-04T11:06:28+00:00","og_image":[{"width":1511,"height":1511,"url":"https:\/\/dlvradio.es\/wp-content\/uploads\/2022\/01\/Rueda-de-prensa-datos-del-paro-mes-de-diciembre-2021.jpg","type":"image\/jpeg"}],"author":"DLV RADIO","twitter_card":"summary_large_image","twitter_creator":"@RadioDlvradio","twitter_site":"@RadioDlvradio","schema":{"@context":"https:\/\/schema.org","@graph":[{"@type":"Article","@id":"https:\/\/dlvradio.es\/rueda-de-prensa-datos-del-paro-mes-de-diciembre-2021\/#article","isPartOf":{"@id":"https:\/\/dlvradio.es\/rueda-de-prensa-datos-del-paro-mes-de-diciembre-2021\/"},"author":{"name":"DLV RADIO","@id":"https:\/\/dlvradio.es\/#\/schema\/person\/7d533f9f89b13e3a3f2ba7f67d6412de"},"headline":"Rueda de prensa datos del paro mes de diciembre 2021","datePublished":"2022-01-04T11:06:28+00:00","mainEntityOfPage":{"@id":"https:\/\/dlvradio.es\/rueda-de-prensa-datos-del-paro-mes-de-diciembre-2021\/"},"wordCount":123,"commentCount":0,"publisher":{"@id":"https:\/\/dlvradio.es\/#organization"},"image":{"@id":"https:\/\/dlvradio.es\/rueda-de-prensa-datos-del-paro-mes-de-diciembre-2021\/#primaryimage"},"thumbnailUrl":"https:\/\/dlvradio.es\/wp-content\/uploads\/2022\/01\/Rueda-de-prensa-datos-del-paro-mes-de-diciembre-2021.jpg","keywords":["Espa\u00f1a","paro"],"articleSection":["Informativos"],"inLanguage":"en-US"},{"@type":"WebPage","@id":"https:\/\/dlvradio.es\/rueda-de-prensa-datos-del-paro-mes-de-diciembre-2021\/","url":"https:\/\/dlvradio.es\/rueda-de-prensa-datos-del-paro-mes-de-diciembre-2021\/","name":"Rueda de prensa datos del paro mes de diciembre 2021 - DLVRADIO","isPartOf":{"@id":"https:\/\/dlvradio.es\/#website"},"primaryImageOfPage":{"@id":"https:\/\/dlvradio.es\/rueda-de-prensa-datos-del-paro-mes-de-diciembre-2021\/#primaryimage"},"image":{"@id":"https:\/\/dlvradio.es\/rueda-de-prensa-datos-del-paro-mes-de-diciembre-2021\/#primaryimage"},"thumbnailUrl":"https:\/\/dlvradio.es\/wp-content\/uploads\/2022\/01\/Rueda-de-prensa-datos-del-paro-mes-de-diciembre-2021.jpg","datePublished":"2022-01-04T11:06:28+00:00","description":"Datos de paro registrado y de afiliaci\u00f3n a la Seguridad Social correspondientes al mes de diciembre 2021. Los secretarios de Estado de Empleo y Econom\u00eda","breadcrumb":{"@id":"https:\/\/dlvradio.es\/rueda-de-prensa-datos-del-paro-mes-de-diciembre-2021\/#breadcrumb"},"inLanguage":"en-US","potentialAction":[{"@type":"ReadAction","target":["https:\/\/dlvradio.es\/rueda-de-prensa-datos-del-paro-mes-de-diciembre-2021\/"]}]},{"@type":"ImageObject","inLanguage":"en-US","@id":"https:\/\/dlvradio.es\/rueda-de-prensa-datos-del-paro-mes-de-diciembre-2021\/#primaryimage","url":"https:\/\/dlvradio.es\/wp-content\/uploads\/2022\/01\/Rueda-de-prensa-datos-del-paro-mes-de-diciembre-2021.jpg","contentUrl":"https:\/\/dlvradio.es\/wp-content\/uploads\/2022\/01\/Rueda-de-prensa-datos-del-paro-mes-de-diciembre-2021.jpg","width":1511,"height":1511,"caption":"Rueda de prensa datos del paro mes de diciembre 2021|Rueda de prensa datos del paro mes de diciembre 2021"},{"@type":"BreadcrumbList","@id":"https:\/\/dlvradio.es\/rueda-de-prensa-datos-del-paro-mes-de-diciembre-2021\/#breadcrumb","itemListElement":[{"@type":"ListItem","position":1,"name":"Inicio","item":"https:\/\/dlvradio.es\/"},{"@type":"ListItem","position":2,"name":"Rueda de prensa datos del paro mes de diciembre 2021"}]},{"@type":"WebSite","@id":"https:\/\/dlvradio.es\/#website","url":"https:\/\/dlvradio.es\/","name":"DLVRADIO","description":"We are an alternative media to traditional media","publisher":{"@id":"https:\/\/dlvradio.es\/#organization"},"potentialAction":[{"@type":"SearchAction","target":{"@type":"EntryPoint","urlTemplate":"https:\/\/dlvradio.es\/?s={search_term_string}"},"query-input":{"@type":"PropertyValueSpecification","valueRequired":true,"valueName":"search_term_string"}}],"inLanguage":"en-US"},{"@type":"Organization","@id":"https:\/\/dlvradio.es\/#organization","name":"DLVRADIO","url":"https:\/\/dlvradio.es\/","logo":{"@type":"ImageObject","inLanguage":"en-US","@id":"https:\/\/dlvradio.es\/#\/schema\/logo\/image\/","url":"","contentUrl":"","caption":"DLVRADIO"},"image":{"@id":"https:\/\/dlvradio.es\/#\/schema\/logo\/image\/"},"sameAs":["https:\/\/www.facebook.com\/RadioDLVradio\/","https:\/\/x.com\/RadioDlvradio","https:\/\/www.instagram.com\/radiodlvradio\/"]},{"@type":"Person","@id":"https:\/\/dlvradio.es\/#\/schema\/person\/7d533f9f89b13e3a3f2ba7f67d6412de","name":"DLV RADIO","sameAs":["https:\/\/dlvradio.es"]}]}},"_links":{"self":[{"href":"https:\/\/dlvradio.es\/en\/wp-json\/wp\/v2\/posts\/71017","targetHints":{"allow":["GET"]}}],"collection":[{"href":"https:\/\/dlvradio.es\/en\/wp-json\/wp\/v2\/posts"}],"about":[{"href":"https:\/\/dlvradio.es\/en\/wp-json\/wp\/v2\/types\/post"}],"author":[{"embeddable":true,"href":"https:\/\/dlvradio.es\/en\/wp-json\/wp\/v2\/users\/4"}],"replies":[{"embeddable":true,"href":"https:\/\/dlvradio.es\/en\/wp-json\/wp\/v2\/comments?post=71017"}],"version-history":[{"count":0,"href":"https:\/\/dlvradio.es\/en\/wp-json\/wp\/v2\/posts\/71017\/revisions"}],"wp:featuredmedia":[{"embeddable":true,"href":"https:\/\/dlvradio.es\/en\/wp-json\/wp\/v2\/media\/71018"}],"wp:attachment":[{"href":"https:\/\/dlvradio.es\/en\/wp-json\/wp\/v2\/media?parent=71017"}],"wp:term":[{"taxonomy":"category","embeddable":true,"href":"https:\/\/dlvradio.es\/en\/wp-json\/wp\/v2\/categories?post=71017"},{"taxonomy":"post_tag","embeddable":true,"href":"https:\/\/dlvradio.es\/en\/wp-json\/wp\/v2\/tags?post=71017"}],"curies":[{"name":"wp","href":"https:\/\/api.w.org\/{rel}","templated":true}]}}