{"id":71076,"date":"2022-02-01T19:16:59","date_gmt":"2022-02-01T18:16:59","guid":{"rendered":"https:\/\/dlvradio.es\/es-urgente-invertir-en-los-humedales-espanoles-para-evitar-su-perdida\/"},"modified":"2022-02-01T19:16:59","modified_gmt":"2022-02-01T18:16:59","slug":"es-urgente-invertir-en-los-humedales-espanoles-para-evitar-su-perdida","status":"publish","type":"post","link":"https:\/\/dlvradio.es\/en\/es-urgente-invertir-en-los-humedales-espanoles-para-evitar-su-perdida\/","title":{"rendered":"Es urgente invertir en los humedales espa\u00f1oles para evitar su p\u00e9rdida"},"content":{"rendered":"<h6><strong><img decoding=\"async\" class=\"alignleft wp-image-8737 size-thumbnail\" src=\"https:\/\/dlvradio.es\/copia\/wp-content\/uploads\/2022\/02\/Es-urgente-invertir-en-los-humedales-espanoles-para-evitar-su-perdida-150x150.jpg\" alt=\"\" width=\"150\" height=\"150\" \/>D\u00eda Mundial de los Humedales<\/strong><\/h6>\n<h6>Es necesario y urgente invertir en los humedales espa\u00f1oles para evitar su p\u00e9rdida<\/h6>\n<ul>\n<li>\n<h6>Ecologistas en Acci\u00f3n alerta de la situaci\u00f3n cr\u00edtica de conservaci\u00f3n en la que se encuentran algunos de los 76 humedales del Estado espa\u00f1ol incluidos en la lista de importancia internacional de la Convenci\u00f3n Ramsar.<\/h6>\n<\/li>\n<li>\n<h6>La organizaci\u00f3n ecologista utiliza como ejemplo el estado actual de tres de los humedales m\u00e1s importantes y de mayor protecci\u00f3n: Do\u00f1ana, Tablas de Daimiel y el Mar Menor.<\/h6>\n<\/li>\n<\/ul>\n<p>El D\u00eda Mundial de los Humedales se celebra el 2 de febrero desde hace 51 a\u00f1os. En 1971 la ciudad Iran\u00ed de Ramsar 18 Estados firmaron la Convenci\u00f3n sobre los Humedales, tratado pionero sobre la conservaci\u00f3n y el uso sostenible de los recursos naturales. En la edici\u00f3n de 2022 la Asamblea General de Naciones Unidas ha comenzado a incluirlo entre sus d\u00edas internacionales.<\/p>\n<p>Espa\u00f1a ratific\u00f3 el Convenio de Ramsar en 1982, incluyendo en ese momento a Do\u00f1ana y a las Tablas de Daimiel en la Lista de Humedales de Importancia Internacional. Tras 40 a\u00f1os, ambos est\u00e1n en el Registro de Montreux, que identifica los sitios Ramsar a los que debe prestarse una atenci\u00f3n prioritaria con miras a su conservaci\u00f3n. Hay un total de 76 humedales Ramsar declarados en Espa\u00f1a, muchos de los cuales tambi\u00e9n necesitan urgentemente medidas de conservaci\u00f3n.<\/p>\n<p>Los humedales son ecosistemas de importancia fundamental. Contribuyen a la preservaci\u00f3n de la biodiversidad, a la mitigaci\u00f3n del cambio clim\u00e1tico y a la adaptaci\u00f3n al mismo. Incrementan la disponibilidad de agua dulce y enriquecen las econom\u00edas. La recuperaci\u00f3n y conservaci\u00f3n en estado favorable de los humedales constituye un objetivo prioritario de las pol\u00edticas europeas de biodiversidad. Pero, en el mundo, la velocidad de p\u00e9rdida de humedales es tres veces mayor que la p\u00e9rdida de bosques. Lamentablemente, en Espa\u00f1a la situaci\u00f3n es poco halag\u00fce\u00f1a.<\/p>\n<p>La situaci\u00f3n de Do\u00f1ana, por ejemplo, es a juicio de Ecologistas en Acci\u00f3n calamitosa. Ya no recibe aporte h\u00eddrico de aguas superficiales, porque el r\u00edo Guadiamar se desvi\u00f3 hace a\u00f1os para satisfacer la desmesurada demanda agr\u00edcola. La planificaci\u00f3n hidrol\u00f3gica que est\u00e1 en tramitaci\u00f3n no recoge la recuperaci\u00f3n de este r\u00edo ni la del estuario del r\u00edo Guadalquivir. As\u00ed, con las cuencas vertientes amputadas, Do\u00f1ana solo recoge aguas pluviales. Adem\u00e1s, su acu\u00edfero subterr\u00e1neo est\u00e1 declarado sobreexplotado y el Tribunal de Justicia de la Uni\u00f3n Europea fall\u00f3 en junio de 2021 que el Reino de Espa\u00f1a est\u00e1 incumpliendo el derecho comunitario, en particular la Directiva Marco de Agua y la Directiva H\u00e1bitats. El Gobierno andaluz, lejos de cumplir estrictamente el plan de regad\u00edos aprobado en 2014, ahora quiere amnistiar m\u00e1s de 1400 hect\u00e1reas ilegales de regad\u00edo, generando falsas expectativas de agua en una zona cuya actividad econ\u00f3mica y social gira en torno al deteriorado humedal.<\/p>\n<p>El Parque Nacional de las Tablas de Daimiel y de la Reserva de la Biosfera de la Mancha H\u00fameda no se encuentran en mejor situaci\u00f3n. El Parque Nacional pas\u00f3 en agosto pasado por m\u00ednimos hist\u00f3ricos de superficie encharcada. Apenas 50 hect\u00e1reas de las m\u00e1s de 1.780 de l\u00e1mina de agua ten\u00edan algo de humedad. Tras ese momento se pusieron en marcha los pozos de emergencia y ahora dispone de unas 300 hect\u00e1reas, muy lejos de lo que le corresponder\u00eda en esta \u00e9poca del a\u00f1o. Pero el ecosistema sigue sin funcionar sin aportes naturales, superficiales ni subterr\u00e1neos, y con una creciente extracci\u00f3n de agua de un acu\u00edfero ya sobreexplotado y acuciado por los efectos del cambio clim\u00e1tico. Los datos son elocuentes: existen m\u00e1s de 50.000 hect\u00e1reas de regad\u00edo ilegal en la zona sobre un total de 175.000 activas. Las administraciones, especialmente la de Castilla-La Mancha, responsable del crecimiento del regad\u00edo, sigue alentando las explotaciones anunciando nuevos trasvases a la llanura manchega, pidiendo la legalizaci\u00f3n de pozos, reclamando fondos para el regad\u00edo a Bruselas y proponiendo nuevos embalses.<\/p>\n<p>Otro buen ejemplo es la situaci\u00f3n cr\u00edtica en la que se encuentra el Mar Menor por la eutrofizaci\u00f3n, debida a la entrada de fertilizantes de origen agroindustrial del Campo de Cartagena, donde se encuentran cerca de 10.000 hect\u00e1reas de regad\u00edo ilegal descontrolado. Se repiten constantemente los episodios de muerte de miles de peces y crust\u00e1ceos en sus orillas por esta causa. A pesar de la necesidad de tomar de manera urgente decisiones pol\u00edticas para detener este proceso, todav\u00eda no se ha puesto en marcha ni el \u00abPlan de Gesti\u00f3n Integral de los espacios protegidos del Mar Menor y la franja litoral mediterr\u00e1nea de la Regi\u00f3n de Murcia\u00bb ni la \u00abEstrategia de Gesti\u00f3n de Zonas Costeras en el Mar Menor y su entorno\u00bb. Lo que s\u00ed ha hecho el Gobierno de la Regi\u00f3n de Murcia es modificar normativas reduciendo garant\u00edas ambientales o derogando otras que establec\u00edan limitaciones y exig\u00edan medidas concretas al sector agroindustrial, como la Ley 1\/2018, para garantizar la sostenibilidad ambiental del entorno del Mar Menor.<\/p>\n<p>A la vista del estado de degradaci\u00f3n y situaci\u00f3n cr\u00edtica de estos tres humedales, es f\u00e1cil deducir el estado general del resto de humedales espa\u00f1oles con una menor figura de protecci\u00f3n, en el caso de que la tengan. Por ello, Ecologistas en Acci\u00f3n exige a las administraciones espa\u00f1olas la adopci\u00f3n de actuaciones prioritarias y adecuadas que salven a los humedales de la desaparici\u00f3n y restauren los que se han degradado, revirtiendo as\u00ed su situaci\u00f3n y asegurando la calidad de estos espacios naturales.<\/p>","protected":false},"excerpt":{"rendered":"<p>D\u00eda Mundial de los Humedales Es necesario y urgente invertir en los humedales espa\u00f1oles para evitar su p\u00e9rdida Ecologistas en Acci\u00f3n alerta de la situaci\u00f3n cr\u00edtica de conservaci\u00f3n en la que se encuentran algunos de los 76 humedales del Estado espa\u00f1ol incluidos en la lista de importancia internacional de la Convenci\u00f3n Ramsar. La organizaci\u00f3n ecologista [&hellip;]<\/p>\n","protected":false},"author":4,"featured_media":71077,"comment_status":"open","ping_status":"open","sticky":false,"template":"","format":"standard","meta":{"_acf_changed":false,"footnotes":""},"categories":[2711,2465],"tags":[2478,2466],"class_list":["post-71076","post","type-post","status-publish","format-standard","has-post-thumbnail","hentry","category-emergencia-climatica","category-informativos","tag-ecologia","tag-espana"],"acf":[],"yoast_head":"<!-- This site is optimized with the Yoast SEO plugin v27.4 - https:\/\/yoast.com\/product\/yoast-seo-wordpress\/ -->\n<title>Es urgente invertir en los humedales espa\u00f1oles para evitar su p\u00e9rdida - DLVRADIO<\/title>\n<meta name=\"description\" content=\"D\u00eda Mundial de los Humedales Es necesario y urgente invertir en los humedales espa\u00f1oles para evitar su p\u00e9rdida Ecologistas en Acci\u00f3n alerta de la\" \/>\n<meta name=\"robots\" content=\"index, follow, max-snippet:-1, max-image-preview:large, max-video-preview:-1\" \/>\n<link rel=\"canonical\" href=\"https:\/\/dlvradio.es\/en\/es-urgente-invertir-en-los-humedales-espanoles-para-evitar-su-perdida\/\" \/>\n<meta property=\"og:locale\" content=\"en_US\" \/>\n<meta property=\"og:type\" content=\"article\" \/>\n<meta property=\"og:title\" content=\"Es urgente invertir en los humedales espa\u00f1oles para evitar su p\u00e9rdida - DLVRADIO\" \/>\n<meta property=\"og:description\" content=\"D\u00eda Mundial de los Humedales Es necesario y urgente invertir en los humedales espa\u00f1oles para evitar su p\u00e9rdida Ecologistas en Acci\u00f3n alerta de la\" \/>\n<meta property=\"og:url\" content=\"https:\/\/dlvradio.es\/en\/es-urgente-invertir-en-los-humedales-espanoles-para-evitar-su-perdida\/\" \/>\n<meta property=\"og:site_name\" content=\"DLVRADIO\" \/>\n<meta property=\"article:publisher\" content=\"https:\/\/www.facebook.com\/RadioDLVradio\/\" \/>\n<meta property=\"article:published_time\" content=\"2022-02-01T18:16:59+00:00\" \/>\n<meta property=\"og:image\" content=\"https:\/\/dlvradio.es\/wp-content\/uploads\/2022\/02\/Es-urgente-invertir-en-los-humedales-espanoles-para-evitar-su-perdida.jpg\" \/>\n\t<meta property=\"og:image:width\" content=\"1511\" \/>\n\t<meta property=\"og:image:height\" content=\"1511\" \/>\n\t<meta property=\"og:image:type\" content=\"image\/jpeg\" \/>\n<meta name=\"author\" content=\"DLV RADIO\" \/>\n<meta name=\"twitter:card\" content=\"summary_large_image\" \/>\n<meta name=\"twitter:creator\" content=\"@RadioDlvradio\" \/>\n<meta name=\"twitter:site\" content=\"@RadioDlvradio\" \/>\n<script type=\"application\/ld+json\" class=\"yoast-schema-graph\">{\"@context\":\"https:\\\/\\\/schema.org\",\"@graph\":[{\"@type\":\"Article\",\"@id\":\"https:\\\/\\\/dlvradio.es\\\/es-urgente-invertir-en-los-humedales-espanoles-para-evitar-su-perdida\\\/#article\",\"isPartOf\":{\"@id\":\"https:\\\/\\\/dlvradio.es\\\/es-urgente-invertir-en-los-humedales-espanoles-para-evitar-su-perdida\\\/\"},\"author\":{\"name\":\"DLV RADIO\",\"@id\":\"https:\\\/\\\/dlvradio.es\\\/#\\\/schema\\\/person\\\/7d533f9f89b13e3a3f2ba7f67d6412de\"},\"headline\":\"Es urgente invertir en los humedales espa\u00f1oles para evitar su p\u00e9rdida\",\"datePublished\":\"2022-02-01T18:16:59+00:00\",\"mainEntityOfPage\":{\"@id\":\"https:\\\/\\\/dlvradio.es\\\/es-urgente-invertir-en-los-humedales-espanoles-para-evitar-su-perdida\\\/\"},\"wordCount\":989,\"commentCount\":0,\"publisher\":{\"@id\":\"https:\\\/\\\/dlvradio.es\\\/#organization\"},\"image\":{\"@id\":\"https:\\\/\\\/dlvradio.es\\\/es-urgente-invertir-en-los-humedales-espanoles-para-evitar-su-perdida\\\/#primaryimage\"},\"thumbnailUrl\":\"https:\\\/\\\/dlvradio.es\\\/wp-content\\\/uploads\\\/2022\\\/02\\\/Es-urgente-invertir-en-los-humedales-espanoles-para-evitar-su-perdida.jpg\",\"keywords\":[\"ecolog\u00eda\",\"Espa\u00f1a\"],\"articleSection\":[\"Emergencia clim\u00e1tica\",\"Informativos\"],\"inLanguage\":\"en-US\"},{\"@type\":\"WebPage\",\"@id\":\"https:\\\/\\\/dlvradio.es\\\/es-urgente-invertir-en-los-humedales-espanoles-para-evitar-su-perdida\\\/\",\"url\":\"https:\\\/\\\/dlvradio.es\\\/es-urgente-invertir-en-los-humedales-espanoles-para-evitar-su-perdida\\\/\",\"name\":\"Es urgente invertir en los humedales espa\u00f1oles para evitar su p\u00e9rdida - DLVRADIO\",\"isPartOf\":{\"@id\":\"https:\\\/\\\/dlvradio.es\\\/#website\"},\"primaryImageOfPage\":{\"@id\":\"https:\\\/\\\/dlvradio.es\\\/es-urgente-invertir-en-los-humedales-espanoles-para-evitar-su-perdida\\\/#primaryimage\"},\"image\":{\"@id\":\"https:\\\/\\\/dlvradio.es\\\/es-urgente-invertir-en-los-humedales-espanoles-para-evitar-su-perdida\\\/#primaryimage\"},\"thumbnailUrl\":\"https:\\\/\\\/dlvradio.es\\\/wp-content\\\/uploads\\\/2022\\\/02\\\/Es-urgente-invertir-en-los-humedales-espanoles-para-evitar-su-perdida.jpg\",\"datePublished\":\"2022-02-01T18:16:59+00:00\",\"description\":\"D\u00eda Mundial de los Humedales Es necesario y urgente invertir en los humedales espa\u00f1oles para evitar su p\u00e9rdida Ecologistas en Acci\u00f3n alerta de la\",\"breadcrumb\":{\"@id\":\"https:\\\/\\\/dlvradio.es\\\/es-urgente-invertir-en-los-humedales-espanoles-para-evitar-su-perdida\\\/#breadcrumb\"},\"inLanguage\":\"en-US\",\"potentialAction\":[{\"@type\":\"ReadAction\",\"target\":[\"https:\\\/\\\/dlvradio.es\\\/es-urgente-invertir-en-los-humedales-espanoles-para-evitar-su-perdida\\\/\"]}]},{\"@type\":\"ImageObject\",\"inLanguage\":\"en-US\",\"@id\":\"https:\\\/\\\/dlvradio.es\\\/es-urgente-invertir-en-los-humedales-espanoles-para-evitar-su-perdida\\\/#primaryimage\",\"url\":\"https:\\\/\\\/dlvradio.es\\\/wp-content\\\/uploads\\\/2022\\\/02\\\/Es-urgente-invertir-en-los-humedales-espanoles-para-evitar-su-perdida.jpg\",\"contentUrl\":\"https:\\\/\\\/dlvradio.es\\\/wp-content\\\/uploads\\\/2022\\\/02\\\/Es-urgente-invertir-en-los-humedales-espanoles-para-evitar-su-perdida.jpg\",\"width\":1511,\"height\":1511,\"caption\":\"Es urgente invertir en los humedales espa\u00f1oles para evitar su p\u00e9rdida\"},{\"@type\":\"BreadcrumbList\",\"@id\":\"https:\\\/\\\/dlvradio.es\\\/es-urgente-invertir-en-los-humedales-espanoles-para-evitar-su-perdida\\\/#breadcrumb\",\"itemListElement\":[{\"@type\":\"ListItem\",\"position\":1,\"name\":\"Inicio\",\"item\":\"https:\\\/\\\/dlvradio.es\\\/\"},{\"@type\":\"ListItem\",\"position\":2,\"name\":\"Es urgente invertir en los humedales espa\u00f1oles para evitar su p\u00e9rdida\"}]},{\"@type\":\"WebSite\",\"@id\":\"https:\\\/\\\/dlvradio.es\\\/#website\",\"url\":\"https:\\\/\\\/dlvradio.es\\\/\",\"name\":\"DLVRADIO\",\"description\":\"Somos un medio de comunicaci\u00f3n alternativo a los medios tradicionales\",\"publisher\":{\"@id\":\"https:\\\/\\\/dlvradio.es\\\/#organization\"},\"potentialAction\":[{\"@type\":\"SearchAction\",\"target\":{\"@type\":\"EntryPoint\",\"urlTemplate\":\"https:\\\/\\\/dlvradio.es\\\/?s={search_term_string}\"},\"query-input\":{\"@type\":\"PropertyValueSpecification\",\"valueRequired\":true,\"valueName\":\"search_term_string\"}}],\"inLanguage\":\"en-US\"},{\"@type\":\"Organization\",\"@id\":\"https:\\\/\\\/dlvradio.es\\\/#organization\",\"name\":\"DLVRADIO\",\"url\":\"https:\\\/\\\/dlvradio.es\\\/\",\"logo\":{\"@type\":\"ImageObject\",\"inLanguage\":\"en-US\",\"@id\":\"https:\\\/\\\/dlvradio.es\\\/#\\\/schema\\\/logo\\\/image\\\/\",\"url\":\"\",\"contentUrl\":\"\",\"caption\":\"DLVRADIO\"},\"image\":{\"@id\":\"https:\\\/\\\/dlvradio.es\\\/#\\\/schema\\\/logo\\\/image\\\/\"},\"sameAs\":[\"https:\\\/\\\/www.facebook.com\\\/RadioDLVradio\\\/\",\"https:\\\/\\\/x.com\\\/RadioDlvradio\",\"https:\\\/\\\/www.instagram.com\\\/radiodlvradio\\\/\"]},{\"@type\":\"Person\",\"@id\":\"https:\\\/\\\/dlvradio.es\\\/#\\\/schema\\\/person\\\/7d533f9f89b13e3a3f2ba7f67d6412de\",\"name\":\"DLV RADIO\",\"sameAs\":[\"https:\\\/\\\/dlvradio.es\"]}]}<\/script>\n<!-- \/ Yoast SEO plugin. -->","yoast_head_json":{"title":"Es urgente invertir en los humedales espa\u00f1oles para evitar su p\u00e9rdida - DLVRADIO","description":"D\u00eda Mundial de los Humedales Es necesario y urgente invertir en los humedales espa\u00f1oles para evitar su p\u00e9rdida Ecologistas en Acci\u00f3n alerta de la","robots":{"index":"index","follow":"follow","max-snippet":"max-snippet:-1","max-image-preview":"max-image-preview:large","max-video-preview":"max-video-preview:-1"},"canonical":"https:\/\/dlvradio.es\/en\/es-urgente-invertir-en-los-humedales-espanoles-para-evitar-su-perdida\/","og_locale":"en_US","og_type":"article","og_title":"Es urgente invertir en los humedales espa\u00f1oles para evitar su p\u00e9rdida - DLVRADIO","og_description":"D\u00eda Mundial de los Humedales Es necesario y urgente invertir en los humedales espa\u00f1oles para evitar su p\u00e9rdida Ecologistas en Acci\u00f3n alerta de la","og_url":"https:\/\/dlvradio.es\/en\/es-urgente-invertir-en-los-humedales-espanoles-para-evitar-su-perdida\/","og_site_name":"DLVRADIO","article_publisher":"https:\/\/www.facebook.com\/RadioDLVradio\/","article_published_time":"2022-02-01T18:16:59+00:00","og_image":[{"width":1511,"height":1511,"url":"https:\/\/dlvradio.es\/wp-content\/uploads\/2022\/02\/Es-urgente-invertir-en-los-humedales-espanoles-para-evitar-su-perdida.jpg","type":"image\/jpeg"}],"author":"DLV RADIO","twitter_card":"summary_large_image","twitter_creator":"@RadioDlvradio","twitter_site":"@RadioDlvradio","schema":{"@context":"https:\/\/schema.org","@graph":[{"@type":"Article","@id":"https:\/\/dlvradio.es\/es-urgente-invertir-en-los-humedales-espanoles-para-evitar-su-perdida\/#article","isPartOf":{"@id":"https:\/\/dlvradio.es\/es-urgente-invertir-en-los-humedales-espanoles-para-evitar-su-perdida\/"},"author":{"name":"DLV RADIO","@id":"https:\/\/dlvradio.es\/#\/schema\/person\/7d533f9f89b13e3a3f2ba7f67d6412de"},"headline":"Es urgente invertir en los humedales espa\u00f1oles para evitar su p\u00e9rdida","datePublished":"2022-02-01T18:16:59+00:00","mainEntityOfPage":{"@id":"https:\/\/dlvradio.es\/es-urgente-invertir-en-los-humedales-espanoles-para-evitar-su-perdida\/"},"wordCount":989,"commentCount":0,"publisher":{"@id":"https:\/\/dlvradio.es\/#organization"},"image":{"@id":"https:\/\/dlvradio.es\/es-urgente-invertir-en-los-humedales-espanoles-para-evitar-su-perdida\/#primaryimage"},"thumbnailUrl":"https:\/\/dlvradio.es\/wp-content\/uploads\/2022\/02\/Es-urgente-invertir-en-los-humedales-espanoles-para-evitar-su-perdida.jpg","keywords":["ecolog\u00eda","Espa\u00f1a"],"articleSection":["Emergencia clim\u00e1tica","Informativos"],"inLanguage":"en-US"},{"@type":"WebPage","@id":"https:\/\/dlvradio.es\/es-urgente-invertir-en-los-humedales-espanoles-para-evitar-su-perdida\/","url":"https:\/\/dlvradio.es\/es-urgente-invertir-en-los-humedales-espanoles-para-evitar-su-perdida\/","name":"Es urgente invertir en los humedales espa\u00f1oles para evitar su p\u00e9rdida - DLVRADIO","isPartOf":{"@id":"https:\/\/dlvradio.es\/#website"},"primaryImageOfPage":{"@id":"https:\/\/dlvradio.es\/es-urgente-invertir-en-los-humedales-espanoles-para-evitar-su-perdida\/#primaryimage"},"image":{"@id":"https:\/\/dlvradio.es\/es-urgente-invertir-en-los-humedales-espanoles-para-evitar-su-perdida\/#primaryimage"},"thumbnailUrl":"https:\/\/dlvradio.es\/wp-content\/uploads\/2022\/02\/Es-urgente-invertir-en-los-humedales-espanoles-para-evitar-su-perdida.jpg","datePublished":"2022-02-01T18:16:59+00:00","description":"D\u00eda Mundial de los Humedales Es necesario y urgente invertir en los humedales espa\u00f1oles para evitar su p\u00e9rdida Ecologistas en Acci\u00f3n alerta de la","breadcrumb":{"@id":"https:\/\/dlvradio.es\/es-urgente-invertir-en-los-humedales-espanoles-para-evitar-su-perdida\/#breadcrumb"},"inLanguage":"en-US","potentialAction":[{"@type":"ReadAction","target":["https:\/\/dlvradio.es\/es-urgente-invertir-en-los-humedales-espanoles-para-evitar-su-perdida\/"]}]},{"@type":"ImageObject","inLanguage":"en-US","@id":"https:\/\/dlvradio.es\/es-urgente-invertir-en-los-humedales-espanoles-para-evitar-su-perdida\/#primaryimage","url":"https:\/\/dlvradio.es\/wp-content\/uploads\/2022\/02\/Es-urgente-invertir-en-los-humedales-espanoles-para-evitar-su-perdida.jpg","contentUrl":"https:\/\/dlvradio.es\/wp-content\/uploads\/2022\/02\/Es-urgente-invertir-en-los-humedales-espanoles-para-evitar-su-perdida.jpg","width":1511,"height":1511,"caption":"Es urgente invertir en los humedales espa\u00f1oles para evitar su p\u00e9rdida"},{"@type":"BreadcrumbList","@id":"https:\/\/dlvradio.es\/es-urgente-invertir-en-los-humedales-espanoles-para-evitar-su-perdida\/#breadcrumb","itemListElement":[{"@type":"ListItem","position":1,"name":"Inicio","item":"https:\/\/dlvradio.es\/"},{"@type":"ListItem","position":2,"name":"Es urgente invertir en los humedales espa\u00f1oles para evitar su p\u00e9rdida"}]},{"@type":"WebSite","@id":"https:\/\/dlvradio.es\/#website","url":"https:\/\/dlvradio.es\/","name":"DLVRADIO","description":"We are an alternative media to traditional media","publisher":{"@id":"https:\/\/dlvradio.es\/#organization"},"potentialAction":[{"@type":"SearchAction","target":{"@type":"EntryPoint","urlTemplate":"https:\/\/dlvradio.es\/?s={search_term_string}"},"query-input":{"@type":"PropertyValueSpecification","valueRequired":true,"valueName":"search_term_string"}}],"inLanguage":"en-US"},{"@type":"Organization","@id":"https:\/\/dlvradio.es\/#organization","name":"DLVRADIO","url":"https:\/\/dlvradio.es\/","logo":{"@type":"ImageObject","inLanguage":"en-US","@id":"https:\/\/dlvradio.es\/#\/schema\/logo\/image\/","url":"","contentUrl":"","caption":"DLVRADIO"},"image":{"@id":"https:\/\/dlvradio.es\/#\/schema\/logo\/image\/"},"sameAs":["https:\/\/www.facebook.com\/RadioDLVradio\/","https:\/\/x.com\/RadioDlvradio","https:\/\/www.instagram.com\/radiodlvradio\/"]},{"@type":"Person","@id":"https:\/\/dlvradio.es\/#\/schema\/person\/7d533f9f89b13e3a3f2ba7f67d6412de","name":"DLV RADIO","sameAs":["https:\/\/dlvradio.es"]}]}},"_links":{"self":[{"href":"https:\/\/dlvradio.es\/en\/wp-json\/wp\/v2\/posts\/71076","targetHints":{"allow":["GET"]}}],"collection":[{"href":"https:\/\/dlvradio.es\/en\/wp-json\/wp\/v2\/posts"}],"about":[{"href":"https:\/\/dlvradio.es\/en\/wp-json\/wp\/v2\/types\/post"}],"author":[{"embeddable":true,"href":"https:\/\/dlvradio.es\/en\/wp-json\/wp\/v2\/users\/4"}],"replies":[{"embeddable":true,"href":"https:\/\/dlvradio.es\/en\/wp-json\/wp\/v2\/comments?post=71076"}],"version-history":[{"count":0,"href":"https:\/\/dlvradio.es\/en\/wp-json\/wp\/v2\/posts\/71076\/revisions"}],"wp:featuredmedia":[{"embeddable":true,"href":"https:\/\/dlvradio.es\/en\/wp-json\/wp\/v2\/media\/71077"}],"wp:attachment":[{"href":"https:\/\/dlvradio.es\/en\/wp-json\/wp\/v2\/media?parent=71076"}],"wp:term":[{"taxonomy":"category","embeddable":true,"href":"https:\/\/dlvradio.es\/en\/wp-json\/wp\/v2\/categories?post=71076"},{"taxonomy":"post_tag","embeddable":true,"href":"https:\/\/dlvradio.es\/en\/wp-json\/wp\/v2\/tags?post=71076"}],"curies":[{"name":"wp","href":"https:\/\/api.w.org\/{rel}","templated":true}]}}