{"id":71078,"date":"2022-02-02T11:41:55","date_gmt":"2022-02-02T10:41:55","guid":{"rendered":"https:\/\/dlvradio.es\/datos-de-paro-y-afiliacion-a-la-s-s-en-el-mes-de-enero-2022\/"},"modified":"2022-02-02T11:41:55","modified_gmt":"2022-02-02T10:41:55","slug":"datos-de-paro-y-afiliacion-a-la-s-s-en-el-mes-de-enero-2022","status":"publish","type":"post","link":"https:\/\/dlvradio.es\/en\/datos-de-paro-y-afiliacion-a-la-s-s-en-el-mes-de-enero-2022\/","title":{"rendered":"Datos de paro y afiliaci\u00f3n a la S.S. en el mes de enero 2022"},"content":{"rendered":"<iframe id='audio_81715216' frameborder='0' allowfullscreen='' scrolling='no' height='200' style='width:100%;' src='https:\/\/www.ivoox.com\/player_ej_81715216_6_1.html' loading='lazy'><\/iframe>\n\n\n<p><img decoding=\"async\" class=\"alignleft wp-image-8741\" src=\"https:\/\/dlvradio.es\/copia\/wp-content\/uploads\/2022\/02\/Datos-de-paro-y-afiliacion-a-la-S.S.-en-el-mes-de-enero-2022-150x150.jpg\" alt=\"\" width=\"120\" height=\"120\" \/>Os dejamos el audio de la rueda de prensa que han realizado los secretarios de Estado de Empleo y Econom\u00eda Social, Joaqu\u00edn P\u00e9rez Rey, y de Seguridad Social y Pensiones, Israel Arroyo han presentando los datos de paro registrado y de la afiliaci\u00f3n a la Seguridad Social correspondientes al mes de enero del 2022. Como suele ser habitual en los mese de enero se ha producido un descenso en afiliaciones a la Seguridad Social, pero ha sido menor que estos \u00faltimos a\u00f1os atr\u00e1s. Por otro lado, el n\u00famero de parados aumento en mas de 17.000 personas, pero es el menor de los incrementos en el mes de enero desde hace 20 a\u00f1os.<\/p>","protected":false},"excerpt":{"rendered":"<p>Os dejamos el audio de la rueda de prensa que han realizado los secretarios de Estado de Empleo y Econom\u00eda Social, Joaqu\u00edn P\u00e9rez Rey, y de Seguridad Social y Pensiones, Israel Arroyo han presentando los datos de paro registrado y de la afiliaci\u00f3n a la Seguridad Social correspondientes al mes de enero del 2022. Como [&hellip;]<\/p>\n","protected":false},"author":4,"featured_media":71079,"comment_status":"open","ping_status":"open","sticky":false,"template":"","format":"standard","meta":{"_acf_changed":false,"footnotes":""},"categories":[2465],"tags":[2466,2543],"class_list":["post-71078","post","type-post","status-publish","format-standard","has-post-thumbnail","hentry","category-informativos","tag-espana","tag-trabajo"],"acf":[],"yoast_head":"<!-- This site is optimized with the Yoast SEO plugin v27.4 - https:\/\/yoast.com\/product\/yoast-seo-wordpress\/ -->\n<title>Datos de paro y afiliaci\u00f3n a la S.S. en el mes de enero 2022 - DLVRADIO<\/title>\n<meta name=\"description\" content=\"Os dejamos el audio de la rueda de prensa que han realizado los secretarios de Estado de Empleo y Econom\u00eda Social, Joaqu\u00edn P\u00e9rez Rey, y de Seguridad\" \/>\n<meta name=\"robots\" content=\"index, follow, max-snippet:-1, max-image-preview:large, max-video-preview:-1\" \/>\n<link rel=\"canonical\" href=\"https:\/\/dlvradio.es\/en\/datos-de-paro-y-afiliacion-a-la-s-s-en-el-mes-de-enero-2022\/\" \/>\n<meta property=\"og:locale\" content=\"en_US\" \/>\n<meta property=\"og:type\" content=\"article\" \/>\n<meta property=\"og:title\" content=\"Datos de paro y afiliaci\u00f3n a la S.S. en el mes de enero 2022 - DLVRADIO\" \/>\n<meta property=\"og:description\" content=\"Os dejamos el audio de la rueda de prensa que han realizado los secretarios de Estado de Empleo y Econom\u00eda Social, Joaqu\u00edn P\u00e9rez Rey, y de Seguridad\" \/>\n<meta property=\"og:url\" content=\"https:\/\/dlvradio.es\/en\/datos-de-paro-y-afiliacion-a-la-s-s-en-el-mes-de-enero-2022\/\" \/>\n<meta property=\"og:site_name\" content=\"DLVRADIO\" \/>\n<meta property=\"article:publisher\" content=\"https:\/\/www.facebook.com\/RadioDLVradio\/\" \/>\n<meta property=\"article:published_time\" content=\"2022-02-02T10:41:55+00:00\" \/>\n<meta property=\"og:image\" content=\"https:\/\/dlvradio.es\/wp-content\/uploads\/2022\/02\/Datos-de-paro-y-afiliacion-a-la-S.S.-en-el-mes-de-enero-2022.jpg\" \/>\n\t<meta property=\"og:image:width\" content=\"1511\" \/>\n\t<meta property=\"og:image:height\" content=\"1511\" \/>\n\t<meta property=\"og:image:type\" content=\"image\/jpeg\" \/>\n<meta name=\"author\" content=\"DLV RADIO\" \/>\n<meta name=\"twitter:card\" content=\"summary_large_image\" \/>\n<meta name=\"twitter:creator\" content=\"@RadioDlvradio\" \/>\n<meta name=\"twitter:site\" content=\"@RadioDlvradio\" \/>\n<script type=\"application\/ld+json\" class=\"yoast-schema-graph\">{\"@context\":\"https:\\\/\\\/schema.org\",\"@graph\":[{\"@type\":\"Article\",\"@id\":\"https:\\\/\\\/dlvradio.es\\\/datos-de-paro-y-afiliacion-a-la-s-s-en-el-mes-de-enero-2022\\\/#article\",\"isPartOf\":{\"@id\":\"https:\\\/\\\/dlvradio.es\\\/datos-de-paro-y-afiliacion-a-la-s-s-en-el-mes-de-enero-2022\\\/\"},\"author\":{\"name\":\"DLV RADIO\",\"@id\":\"https:\\\/\\\/dlvradio.es\\\/#\\\/schema\\\/person\\\/7d533f9f89b13e3a3f2ba7f67d6412de\"},\"headline\":\"Datos de paro y afiliaci\u00f3n a la S.S. en el mes de enero 2022\",\"datePublished\":\"2022-02-02T10:41:55+00:00\",\"mainEntityOfPage\":{\"@id\":\"https:\\\/\\\/dlvradio.es\\\/datos-de-paro-y-afiliacion-a-la-s-s-en-el-mes-de-enero-2022\\\/\"},\"wordCount\":132,\"commentCount\":0,\"publisher\":{\"@id\":\"https:\\\/\\\/dlvradio.es\\\/#organization\"},\"image\":{\"@id\":\"https:\\\/\\\/dlvradio.es\\\/datos-de-paro-y-afiliacion-a-la-s-s-en-el-mes-de-enero-2022\\\/#primaryimage\"},\"thumbnailUrl\":\"https:\\\/\\\/dlvradio.es\\\/wp-content\\\/uploads\\\/2022\\\/02\\\/Datos-de-paro-y-afiliacion-a-la-S.S.-en-el-mes-de-enero-2022.jpg\",\"keywords\":[\"Espa\u00f1a\",\"trabajo\"],\"articleSection\":[\"Informativos\"],\"inLanguage\":\"en-US\"},{\"@type\":\"WebPage\",\"@id\":\"https:\\\/\\\/dlvradio.es\\\/datos-de-paro-y-afiliacion-a-la-s-s-en-el-mes-de-enero-2022\\\/\",\"url\":\"https:\\\/\\\/dlvradio.es\\\/datos-de-paro-y-afiliacion-a-la-s-s-en-el-mes-de-enero-2022\\\/\",\"name\":\"Datos de paro y afiliaci\u00f3n a la S.S. en el mes de enero 2022 - DLVRADIO\",\"isPartOf\":{\"@id\":\"https:\\\/\\\/dlvradio.es\\\/#website\"},\"primaryImageOfPage\":{\"@id\":\"https:\\\/\\\/dlvradio.es\\\/datos-de-paro-y-afiliacion-a-la-s-s-en-el-mes-de-enero-2022\\\/#primaryimage\"},\"image\":{\"@id\":\"https:\\\/\\\/dlvradio.es\\\/datos-de-paro-y-afiliacion-a-la-s-s-en-el-mes-de-enero-2022\\\/#primaryimage\"},\"thumbnailUrl\":\"https:\\\/\\\/dlvradio.es\\\/wp-content\\\/uploads\\\/2022\\\/02\\\/Datos-de-paro-y-afiliacion-a-la-S.S.-en-el-mes-de-enero-2022.jpg\",\"datePublished\":\"2022-02-02T10:41:55+00:00\",\"description\":\"Os dejamos el audio de la rueda de prensa que han realizado los secretarios de Estado de Empleo y Econom\u00eda Social, Joaqu\u00edn P\u00e9rez Rey, y de Seguridad\",\"breadcrumb\":{\"@id\":\"https:\\\/\\\/dlvradio.es\\\/datos-de-paro-y-afiliacion-a-la-s-s-en-el-mes-de-enero-2022\\\/#breadcrumb\"},\"inLanguage\":\"en-US\",\"potentialAction\":[{\"@type\":\"ReadAction\",\"target\":[\"https:\\\/\\\/dlvradio.es\\\/datos-de-paro-y-afiliacion-a-la-s-s-en-el-mes-de-enero-2022\\\/\"]}]},{\"@type\":\"ImageObject\",\"inLanguage\":\"en-US\",\"@id\":\"https:\\\/\\\/dlvradio.es\\\/datos-de-paro-y-afiliacion-a-la-s-s-en-el-mes-de-enero-2022\\\/#primaryimage\",\"url\":\"https:\\\/\\\/dlvradio.es\\\/wp-content\\\/uploads\\\/2022\\\/02\\\/Datos-de-paro-y-afiliacion-a-la-S.S.-en-el-mes-de-enero-2022.jpg\",\"contentUrl\":\"https:\\\/\\\/dlvradio.es\\\/wp-content\\\/uploads\\\/2022\\\/02\\\/Datos-de-paro-y-afiliacion-a-la-S.S.-en-el-mes-de-enero-2022.jpg\",\"width\":1511,\"height\":1511,\"caption\":\"Datos de paro y afiliaci\u00f3n a la S.S. en el mes de enero 2022\"},{\"@type\":\"BreadcrumbList\",\"@id\":\"https:\\\/\\\/dlvradio.es\\\/datos-de-paro-y-afiliacion-a-la-s-s-en-el-mes-de-enero-2022\\\/#breadcrumb\",\"itemListElement\":[{\"@type\":\"ListItem\",\"position\":1,\"name\":\"Inicio\",\"item\":\"https:\\\/\\\/dlvradio.es\\\/\"},{\"@type\":\"ListItem\",\"position\":2,\"name\":\"Datos de paro y afiliaci\u00f3n a la S.S. en el mes de enero 2022\"}]},{\"@type\":\"WebSite\",\"@id\":\"https:\\\/\\\/dlvradio.es\\\/#website\",\"url\":\"https:\\\/\\\/dlvradio.es\\\/\",\"name\":\"DLVRADIO\",\"description\":\"Somos un medio de comunicaci\u00f3n alternativo a los medios tradicionales\",\"publisher\":{\"@id\":\"https:\\\/\\\/dlvradio.es\\\/#organization\"},\"potentialAction\":[{\"@type\":\"SearchAction\",\"target\":{\"@type\":\"EntryPoint\",\"urlTemplate\":\"https:\\\/\\\/dlvradio.es\\\/?s={search_term_string}\"},\"query-input\":{\"@type\":\"PropertyValueSpecification\",\"valueRequired\":true,\"valueName\":\"search_term_string\"}}],\"inLanguage\":\"en-US\"},{\"@type\":\"Organization\",\"@id\":\"https:\\\/\\\/dlvradio.es\\\/#organization\",\"name\":\"DLVRADIO\",\"url\":\"https:\\\/\\\/dlvradio.es\\\/\",\"logo\":{\"@type\":\"ImageObject\",\"inLanguage\":\"en-US\",\"@id\":\"https:\\\/\\\/dlvradio.es\\\/#\\\/schema\\\/logo\\\/image\\\/\",\"url\":\"\",\"contentUrl\":\"\",\"caption\":\"DLVRADIO\"},\"image\":{\"@id\":\"https:\\\/\\\/dlvradio.es\\\/#\\\/schema\\\/logo\\\/image\\\/\"},\"sameAs\":[\"https:\\\/\\\/www.facebook.com\\\/RadioDLVradio\\\/\",\"https:\\\/\\\/x.com\\\/RadioDlvradio\",\"https:\\\/\\\/www.instagram.com\\\/radiodlvradio\\\/\"]},{\"@type\":\"Person\",\"@id\":\"https:\\\/\\\/dlvradio.es\\\/#\\\/schema\\\/person\\\/7d533f9f89b13e3a3f2ba7f67d6412de\",\"name\":\"DLV RADIO\",\"sameAs\":[\"https:\\\/\\\/dlvradio.es\"]}]}<\/script>\n<!-- \/ Yoast SEO plugin. -->","yoast_head_json":{"title":"Datos de paro y afiliaci\u00f3n a la S.S. en el mes de enero 2022 - DLVRADIO","description":"Os dejamos el audio de la rueda de prensa que han realizado los secretarios de Estado de Empleo y Econom\u00eda Social, Joaqu\u00edn P\u00e9rez Rey, y de Seguridad","robots":{"index":"index","follow":"follow","max-snippet":"max-snippet:-1","max-image-preview":"max-image-preview:large","max-video-preview":"max-video-preview:-1"},"canonical":"https:\/\/dlvradio.es\/en\/datos-de-paro-y-afiliacion-a-la-s-s-en-el-mes-de-enero-2022\/","og_locale":"en_US","og_type":"article","og_title":"Datos de paro y afiliaci\u00f3n a la S.S. en el mes de enero 2022 - DLVRADIO","og_description":"Os dejamos el audio de la rueda de prensa que han realizado los secretarios de Estado de Empleo y Econom\u00eda Social, Joaqu\u00edn P\u00e9rez Rey, y de Seguridad","og_url":"https:\/\/dlvradio.es\/en\/datos-de-paro-y-afiliacion-a-la-s-s-en-el-mes-de-enero-2022\/","og_site_name":"DLVRADIO","article_publisher":"https:\/\/www.facebook.com\/RadioDLVradio\/","article_published_time":"2022-02-02T10:41:55+00:00","og_image":[{"width":1511,"height":1511,"url":"https:\/\/dlvradio.es\/wp-content\/uploads\/2022\/02\/Datos-de-paro-y-afiliacion-a-la-S.S.-en-el-mes-de-enero-2022.jpg","type":"image\/jpeg"}],"author":"DLV RADIO","twitter_card":"summary_large_image","twitter_creator":"@RadioDlvradio","twitter_site":"@RadioDlvradio","schema":{"@context":"https:\/\/schema.org","@graph":[{"@type":"Article","@id":"https:\/\/dlvradio.es\/datos-de-paro-y-afiliacion-a-la-s-s-en-el-mes-de-enero-2022\/#article","isPartOf":{"@id":"https:\/\/dlvradio.es\/datos-de-paro-y-afiliacion-a-la-s-s-en-el-mes-de-enero-2022\/"},"author":{"name":"DLV RADIO","@id":"https:\/\/dlvradio.es\/#\/schema\/person\/7d533f9f89b13e3a3f2ba7f67d6412de"},"headline":"Datos de paro y afiliaci\u00f3n a la S.S. en el mes de enero 2022","datePublished":"2022-02-02T10:41:55+00:00","mainEntityOfPage":{"@id":"https:\/\/dlvradio.es\/datos-de-paro-y-afiliacion-a-la-s-s-en-el-mes-de-enero-2022\/"},"wordCount":132,"commentCount":0,"publisher":{"@id":"https:\/\/dlvradio.es\/#organization"},"image":{"@id":"https:\/\/dlvradio.es\/datos-de-paro-y-afiliacion-a-la-s-s-en-el-mes-de-enero-2022\/#primaryimage"},"thumbnailUrl":"https:\/\/dlvradio.es\/wp-content\/uploads\/2022\/02\/Datos-de-paro-y-afiliacion-a-la-S.S.-en-el-mes-de-enero-2022.jpg","keywords":["Espa\u00f1a","trabajo"],"articleSection":["Informativos"],"inLanguage":"en-US"},{"@type":"WebPage","@id":"https:\/\/dlvradio.es\/datos-de-paro-y-afiliacion-a-la-s-s-en-el-mes-de-enero-2022\/","url":"https:\/\/dlvradio.es\/datos-de-paro-y-afiliacion-a-la-s-s-en-el-mes-de-enero-2022\/","name":"Datos de paro y afiliaci\u00f3n a la S.S. en el mes de enero 2022 - DLVRADIO","isPartOf":{"@id":"https:\/\/dlvradio.es\/#website"},"primaryImageOfPage":{"@id":"https:\/\/dlvradio.es\/datos-de-paro-y-afiliacion-a-la-s-s-en-el-mes-de-enero-2022\/#primaryimage"},"image":{"@id":"https:\/\/dlvradio.es\/datos-de-paro-y-afiliacion-a-la-s-s-en-el-mes-de-enero-2022\/#primaryimage"},"thumbnailUrl":"https:\/\/dlvradio.es\/wp-content\/uploads\/2022\/02\/Datos-de-paro-y-afiliacion-a-la-S.S.-en-el-mes-de-enero-2022.jpg","datePublished":"2022-02-02T10:41:55+00:00","description":"Os dejamos el audio de la rueda de prensa que han realizado los secretarios de Estado de Empleo y Econom\u00eda Social, Joaqu\u00edn P\u00e9rez Rey, y de Seguridad","breadcrumb":{"@id":"https:\/\/dlvradio.es\/datos-de-paro-y-afiliacion-a-la-s-s-en-el-mes-de-enero-2022\/#breadcrumb"},"inLanguage":"en-US","potentialAction":[{"@type":"ReadAction","target":["https:\/\/dlvradio.es\/datos-de-paro-y-afiliacion-a-la-s-s-en-el-mes-de-enero-2022\/"]}]},{"@type":"ImageObject","inLanguage":"en-US","@id":"https:\/\/dlvradio.es\/datos-de-paro-y-afiliacion-a-la-s-s-en-el-mes-de-enero-2022\/#primaryimage","url":"https:\/\/dlvradio.es\/wp-content\/uploads\/2022\/02\/Datos-de-paro-y-afiliacion-a-la-S.S.-en-el-mes-de-enero-2022.jpg","contentUrl":"https:\/\/dlvradio.es\/wp-content\/uploads\/2022\/02\/Datos-de-paro-y-afiliacion-a-la-S.S.-en-el-mes-de-enero-2022.jpg","width":1511,"height":1511,"caption":"Datos de paro y afiliaci\u00f3n a la S.S. en el mes de enero 2022"},{"@type":"BreadcrumbList","@id":"https:\/\/dlvradio.es\/datos-de-paro-y-afiliacion-a-la-s-s-en-el-mes-de-enero-2022\/#breadcrumb","itemListElement":[{"@type":"ListItem","position":1,"name":"Inicio","item":"https:\/\/dlvradio.es\/"},{"@type":"ListItem","position":2,"name":"Datos de paro y afiliaci\u00f3n a la S.S. en el mes de enero 2022"}]},{"@type":"WebSite","@id":"https:\/\/dlvradio.es\/#website","url":"https:\/\/dlvradio.es\/","name":"DLVRADIO","description":"We are an alternative media to traditional media","publisher":{"@id":"https:\/\/dlvradio.es\/#organization"},"potentialAction":[{"@type":"SearchAction","target":{"@type":"EntryPoint","urlTemplate":"https:\/\/dlvradio.es\/?s={search_term_string}"},"query-input":{"@type":"PropertyValueSpecification","valueRequired":true,"valueName":"search_term_string"}}],"inLanguage":"en-US"},{"@type":"Organization","@id":"https:\/\/dlvradio.es\/#organization","name":"DLVRADIO","url":"https:\/\/dlvradio.es\/","logo":{"@type":"ImageObject","inLanguage":"en-US","@id":"https:\/\/dlvradio.es\/#\/schema\/logo\/image\/","url":"","contentUrl":"","caption":"DLVRADIO"},"image":{"@id":"https:\/\/dlvradio.es\/#\/schema\/logo\/image\/"},"sameAs":["https:\/\/www.facebook.com\/RadioDLVradio\/","https:\/\/x.com\/RadioDlvradio","https:\/\/www.instagram.com\/radiodlvradio\/"]},{"@type":"Person","@id":"https:\/\/dlvradio.es\/#\/schema\/person\/7d533f9f89b13e3a3f2ba7f67d6412de","name":"DLV RADIO","sameAs":["https:\/\/dlvradio.es"]}]}},"_links":{"self":[{"href":"https:\/\/dlvradio.es\/en\/wp-json\/wp\/v2\/posts\/71078","targetHints":{"allow":["GET"]}}],"collection":[{"href":"https:\/\/dlvradio.es\/en\/wp-json\/wp\/v2\/posts"}],"about":[{"href":"https:\/\/dlvradio.es\/en\/wp-json\/wp\/v2\/types\/post"}],"author":[{"embeddable":true,"href":"https:\/\/dlvradio.es\/en\/wp-json\/wp\/v2\/users\/4"}],"replies":[{"embeddable":true,"href":"https:\/\/dlvradio.es\/en\/wp-json\/wp\/v2\/comments?post=71078"}],"version-history":[{"count":0,"href":"https:\/\/dlvradio.es\/en\/wp-json\/wp\/v2\/posts\/71078\/revisions"}],"wp:featuredmedia":[{"embeddable":true,"href":"https:\/\/dlvradio.es\/en\/wp-json\/wp\/v2\/media\/71079"}],"wp:attachment":[{"href":"https:\/\/dlvradio.es\/en\/wp-json\/wp\/v2\/media?parent=71078"}],"wp:term":[{"taxonomy":"category","embeddable":true,"href":"https:\/\/dlvradio.es\/en\/wp-json\/wp\/v2\/categories?post=71078"},{"taxonomy":"post_tag","embeddable":true,"href":"https:\/\/dlvradio.es\/en\/wp-json\/wp\/v2\/tags?post=71078"}],"curies":[{"name":"wp","href":"https:\/\/api.w.org\/{rel}","templated":true}]}}