{"id":71084,"date":"2022-02-03T18:27:01","date_gmt":"2022-02-03T17:27:01","guid":{"rendered":"https:\/\/dlvradio.es\/el-decreto-nuestro-de-cada-dia-84\/"},"modified":"2022-02-03T18:27:01","modified_gmt":"2022-02-03T17:27:01","slug":"el-decreto-nuestro-de-cada-dia-84","status":"publish","type":"post","link":"https:\/\/dlvradio.es\/en\/el-decreto-nuestro-de-cada-dia-84\/","title":{"rendered":"Our daily decree, 84"},"content":{"rendered":"<iframe src=\"https:\/\/www.ivoox.com\/player_ej_81761917_6_1.html?c1=0ebeb7\" width=\"100%\" height=\"200\" frameborder=\"0\" allowfullscreen=\"\" scrolling=\"no\" loading=\"lazy\"><\/iframe>\n\n\n<p><img decoding=\"async\" class=\"alignleft wp-image-8509 size-thumbnail\" src=\"https:\/\/dlvradio.es\/copia\/wp-content\/uploads\/2022\/01\/El-decreto-ivoox-150x150.jpg\" alt=\"\" width=\"150\" height=\"150\" \/>Ya estamos a martes as\u00ed que tenemos tertulia pol\u00edtica y social de Espa\u00f1a. Como cada semana comenzamos con las novedades del COVID, actuaciones pol\u00edticas al respecto de los diferentes gobiernos auton\u00f3micos. A continuaci\u00f3n, seguiremos con las declaraciones del entrenador de futbol del Rayo Vallecano Carlos Santiso, en un audio comentando como cometer una violaci\u00f3n en grupo; y seguimos a vueltas con el ocio nocturno que siempre ha estado en la mente de nuestros gobernantes y como no del esc\u00e1ndalo del concurso para elegir al representante de Espa\u00f1a en Eurovisi\u00f3n. Miembros del jurado que tambi\u00e9n son de la misma compa\u00f1\u00eda discogr\u00e1fica que la ganadora, otros de pa\u00edses que tambi\u00e9n participan en al concurso, un p\u00fablico seleccionado por no s\u00e9 qu\u00e9 m\u00e9todo y que no sabemos bien como se hizo\u2026 Esta semana con: N\u00faria Gonz\u00e1lez, Emma Leb\u00f3n, Xavier F. Sandoval y Gerardo Su\u00e1rez.<\/p>\n<p><iframe title=\"Our daily decree\" width=\"800\" height=\"450\" src=\"https:\/\/www.youtube.com\/embed\/ZRkDYoN2LrQ?feature=oembed\" frameborder=\"0\" allow=\"accelerometer; autoplay; clipboard-write; encrypted-media; gyroscope; picture-in-picture; web-share\" referrerpolicy=\"strict-origin-when-cross-origin\" allowfullscreen><\/iframe><\/p>","protected":false},"excerpt":{"rendered":"<p>Ya estamos a martes as\u00ed que tenemos tertulia pol\u00edtica y social de Espa\u00f1a. Como cada semana comenzamos con las novedades del COVID, actuaciones pol\u00edticas al respecto de los diferentes gobiernos auton\u00f3micos. A continuaci\u00f3n, seguiremos con las declaraciones del entrenador de futbol del Rayo Vallecano Carlos Santiso, en un audio comentando como cometer una violaci\u00f3n en [&hellip;]<\/p>\n","protected":false},"author":4,"featured_media":71013,"comment_status":"open","ping_status":"open","sticky":false,"template":"","format":"standard","meta":{"_acf_changed":false,"footnotes":""},"categories":[2766],"tags":[2546,2489],"class_list":["post-71084","post","type-post","status-publish","format-standard","has-post-thumbnail","hentry","category-el-decreto","tag-pandemia","tag-tertulia"],"acf":[],"yoast_head":"<!-- This site is optimized with the Yoast SEO plugin v27.4 - https:\/\/yoast.com\/product\/yoast-seo-wordpress\/ -->\n<title>El decreto nuestro de cada d\u00eda, 84 - DLVRADIO<\/title>\n<meta name=\"description\" content=\"Ya estamos a martes as\u00ed que tenemos tertulia pol\u00edtica y social de Espa\u00f1a. Como cada semana comenzamos con las novedades del COVID, actuaciones pol\u00edticas\" \/>\n<meta name=\"robots\" content=\"index, follow, max-snippet:-1, max-image-preview:large, max-video-preview:-1\" \/>\n<link rel=\"canonical\" href=\"https:\/\/dlvradio.es\/en\/el-decreto-nuestro-de-cada-dia-84\/\" \/>\n<meta property=\"og:locale\" content=\"en_US\" \/>\n<meta property=\"og:type\" content=\"article\" \/>\n<meta property=\"og:title\" content=\"El decreto nuestro de cada d\u00eda, 84 - DLVRADIO\" \/>\n<meta property=\"og:description\" content=\"Ya estamos a martes as\u00ed que tenemos tertulia pol\u00edtica y social de Espa\u00f1a. Como cada semana comenzamos con las novedades del COVID, actuaciones pol\u00edticas\" \/>\n<meta property=\"og:url\" content=\"https:\/\/dlvradio.es\/en\/el-decreto-nuestro-de-cada-dia-84\/\" \/>\n<meta property=\"og:site_name\" content=\"DLVRADIO\" \/>\n<meta property=\"article:publisher\" content=\"https:\/\/www.facebook.com\/RadioDLVradio\/\" \/>\n<meta property=\"article:published_time\" content=\"2022-02-03T17:27:01+00:00\" \/>\n<meta property=\"og:image\" content=\"https:\/\/dlvradio.es\/wp-content\/uploads\/2022\/01\/El-decreto-ivoox.jpg\" \/>\n\t<meta property=\"og:image:width\" content=\"1511\" \/>\n\t<meta property=\"og:image:height\" content=\"1511\" \/>\n\t<meta property=\"og:image:type\" content=\"image\/jpeg\" \/>\n<meta name=\"author\" content=\"DLV RADIO\" \/>\n<meta name=\"twitter:card\" content=\"summary_large_image\" \/>\n<meta name=\"twitter:creator\" content=\"@RadioDlvradio\" \/>\n<meta name=\"twitter:site\" content=\"@RadioDlvradio\" \/>\n<script type=\"application\/ld+json\" class=\"yoast-schema-graph\">{\"@context\":\"https:\\\/\\\/schema.org\",\"@graph\":[{\"@type\":\"Article\",\"@id\":\"https:\\\/\\\/dlvradio.es\\\/el-decreto-nuestro-de-cada-dia-84\\\/#article\",\"isPartOf\":{\"@id\":\"https:\\\/\\\/dlvradio.es\\\/el-decreto-nuestro-de-cada-dia-84\\\/\"},\"author\":{\"name\":\"DLV RADIO\",\"@id\":\"https:\\\/\\\/dlvradio.es\\\/#\\\/schema\\\/person\\\/7d533f9f89b13e3a3f2ba7f67d6412de\"},\"headline\":\"El decreto nuestro de cada d\u00eda, 84\",\"datePublished\":\"2022-02-03T17:27:01+00:00\",\"mainEntityOfPage\":{\"@id\":\"https:\\\/\\\/dlvradio.es\\\/el-decreto-nuestro-de-cada-dia-84\\\/\"},\"wordCount\":175,\"commentCount\":0,\"publisher\":{\"@id\":\"https:\\\/\\\/dlvradio.es\\\/#organization\"},\"image\":{\"@id\":\"https:\\\/\\\/dlvradio.es\\\/el-decreto-nuestro-de-cada-dia-84\\\/#primaryimage\"},\"thumbnailUrl\":\"https:\\\/\\\/dlvradio.es\\\/wp-content\\\/uploads\\\/2022\\\/01\\\/El-decreto-ivoox.jpg\",\"keywords\":[\"pandemia\",\"Tertulia\"],\"articleSection\":[\"El Decreto\"],\"inLanguage\":\"en-US\"},{\"@type\":\"WebPage\",\"@id\":\"https:\\\/\\\/dlvradio.es\\\/el-decreto-nuestro-de-cada-dia-84\\\/\",\"url\":\"https:\\\/\\\/dlvradio.es\\\/el-decreto-nuestro-de-cada-dia-84\\\/\",\"name\":\"El decreto nuestro de cada d\u00eda, 84 - DLVRADIO\",\"isPartOf\":{\"@id\":\"https:\\\/\\\/dlvradio.es\\\/#website\"},\"primaryImageOfPage\":{\"@id\":\"https:\\\/\\\/dlvradio.es\\\/el-decreto-nuestro-de-cada-dia-84\\\/#primaryimage\"},\"image\":{\"@id\":\"https:\\\/\\\/dlvradio.es\\\/el-decreto-nuestro-de-cada-dia-84\\\/#primaryimage\"},\"thumbnailUrl\":\"https:\\\/\\\/dlvradio.es\\\/wp-content\\\/uploads\\\/2022\\\/01\\\/El-decreto-ivoox.jpg\",\"datePublished\":\"2022-02-03T17:27:01+00:00\",\"description\":\"Ya estamos a martes as\u00ed que tenemos tertulia pol\u00edtica y social de Espa\u00f1a. Como cada semana comenzamos con las novedades del COVID, actuaciones pol\u00edticas\",\"breadcrumb\":{\"@id\":\"https:\\\/\\\/dlvradio.es\\\/el-decreto-nuestro-de-cada-dia-84\\\/#breadcrumb\"},\"inLanguage\":\"en-US\",\"potentialAction\":[{\"@type\":\"ReadAction\",\"target\":[\"https:\\\/\\\/dlvradio.es\\\/el-decreto-nuestro-de-cada-dia-84\\\/\"]}]},{\"@type\":\"ImageObject\",\"inLanguage\":\"en-US\",\"@id\":\"https:\\\/\\\/dlvradio.es\\\/el-decreto-nuestro-de-cada-dia-84\\\/#primaryimage\",\"url\":\"https:\\\/\\\/dlvradio.es\\\/wp-content\\\/uploads\\\/2022\\\/01\\\/El-decreto-ivoox.jpg\",\"contentUrl\":\"https:\\\/\\\/dlvradio.es\\\/wp-content\\\/uploads\\\/2022\\\/01\\\/El-decreto-ivoox.jpg\",\"width\":1511,\"height\":1511,\"caption\":\"El decreto ivoox\"},{\"@type\":\"BreadcrumbList\",\"@id\":\"https:\\\/\\\/dlvradio.es\\\/el-decreto-nuestro-de-cada-dia-84\\\/#breadcrumb\",\"itemListElement\":[{\"@type\":\"ListItem\",\"position\":1,\"name\":\"Inicio\",\"item\":\"https:\\\/\\\/dlvradio.es\\\/\"},{\"@type\":\"ListItem\",\"position\":2,\"name\":\"El decreto nuestro de cada d\u00eda, 84\"}]},{\"@type\":\"WebSite\",\"@id\":\"https:\\\/\\\/dlvradio.es\\\/#website\",\"url\":\"https:\\\/\\\/dlvradio.es\\\/\",\"name\":\"DLVRADIO\",\"description\":\"Somos un medio de comunicaci\u00f3n alternativo a los medios tradicionales\",\"publisher\":{\"@id\":\"https:\\\/\\\/dlvradio.es\\\/#organization\"},\"potentialAction\":[{\"@type\":\"SearchAction\",\"target\":{\"@type\":\"EntryPoint\",\"urlTemplate\":\"https:\\\/\\\/dlvradio.es\\\/?s={search_term_string}\"},\"query-input\":{\"@type\":\"PropertyValueSpecification\",\"valueRequired\":true,\"valueName\":\"search_term_string\"}}],\"inLanguage\":\"en-US\"},{\"@type\":\"Organization\",\"@id\":\"https:\\\/\\\/dlvradio.es\\\/#organization\",\"name\":\"DLVRADIO\",\"url\":\"https:\\\/\\\/dlvradio.es\\\/\",\"logo\":{\"@type\":\"ImageObject\",\"inLanguage\":\"en-US\",\"@id\":\"https:\\\/\\\/dlvradio.es\\\/#\\\/schema\\\/logo\\\/image\\\/\",\"url\":\"\",\"contentUrl\":\"\",\"caption\":\"DLVRADIO\"},\"image\":{\"@id\":\"https:\\\/\\\/dlvradio.es\\\/#\\\/schema\\\/logo\\\/image\\\/\"},\"sameAs\":[\"https:\\\/\\\/www.facebook.com\\\/RadioDLVradio\\\/\",\"https:\\\/\\\/x.com\\\/RadioDlvradio\",\"https:\\\/\\\/www.instagram.com\\\/radiodlvradio\\\/\"]},{\"@type\":\"Person\",\"@id\":\"https:\\\/\\\/dlvradio.es\\\/#\\\/schema\\\/person\\\/7d533f9f89b13e3a3f2ba7f67d6412de\",\"name\":\"DLV RADIO\",\"sameAs\":[\"https:\\\/\\\/dlvradio.es\"]}]}<\/script>\n<!-- \/ Yoast SEO plugin. -->","yoast_head_json":{"title":"El decreto nuestro de cada d\u00eda, 84 - DLVRADIO","description":"Ya estamos a martes as\u00ed que tenemos tertulia pol\u00edtica y social de Espa\u00f1a. Como cada semana comenzamos con las novedades del COVID, actuaciones pol\u00edticas","robots":{"index":"index","follow":"follow","max-snippet":"max-snippet:-1","max-image-preview":"max-image-preview:large","max-video-preview":"max-video-preview:-1"},"canonical":"https:\/\/dlvradio.es\/en\/el-decreto-nuestro-de-cada-dia-84\/","og_locale":"en_US","og_type":"article","og_title":"El decreto nuestro de cada d\u00eda, 84 - DLVRADIO","og_description":"Ya estamos a martes as\u00ed que tenemos tertulia pol\u00edtica y social de Espa\u00f1a. Como cada semana comenzamos con las novedades del COVID, actuaciones pol\u00edticas","og_url":"https:\/\/dlvradio.es\/en\/el-decreto-nuestro-de-cada-dia-84\/","og_site_name":"DLVRADIO","article_publisher":"https:\/\/www.facebook.com\/RadioDLVradio\/","article_published_time":"2022-02-03T17:27:01+00:00","og_image":[{"width":1511,"height":1511,"url":"https:\/\/dlvradio.es\/wp-content\/uploads\/2022\/01\/El-decreto-ivoox.jpg","type":"image\/jpeg"}],"author":"DLV RADIO","twitter_card":"summary_large_image","twitter_creator":"@RadioDlvradio","twitter_site":"@RadioDlvradio","schema":{"@context":"https:\/\/schema.org","@graph":[{"@type":"Article","@id":"https:\/\/dlvradio.es\/el-decreto-nuestro-de-cada-dia-84\/#article","isPartOf":{"@id":"https:\/\/dlvradio.es\/el-decreto-nuestro-de-cada-dia-84\/"},"author":{"name":"DLV RADIO","@id":"https:\/\/dlvradio.es\/#\/schema\/person\/7d533f9f89b13e3a3f2ba7f67d6412de"},"headline":"El decreto nuestro de cada d\u00eda, 84","datePublished":"2022-02-03T17:27:01+00:00","mainEntityOfPage":{"@id":"https:\/\/dlvradio.es\/el-decreto-nuestro-de-cada-dia-84\/"},"wordCount":175,"commentCount":0,"publisher":{"@id":"https:\/\/dlvradio.es\/#organization"},"image":{"@id":"https:\/\/dlvradio.es\/el-decreto-nuestro-de-cada-dia-84\/#primaryimage"},"thumbnailUrl":"https:\/\/dlvradio.es\/wp-content\/uploads\/2022\/01\/El-decreto-ivoox.jpg","keywords":["pandemia","Tertulia"],"articleSection":["El Decreto"],"inLanguage":"en-US"},{"@type":"WebPage","@id":"https:\/\/dlvradio.es\/el-decreto-nuestro-de-cada-dia-84\/","url":"https:\/\/dlvradio.es\/el-decreto-nuestro-de-cada-dia-84\/","name":"El decreto nuestro de cada d\u00eda, 84 - DLVRADIO","isPartOf":{"@id":"https:\/\/dlvradio.es\/#website"},"primaryImageOfPage":{"@id":"https:\/\/dlvradio.es\/el-decreto-nuestro-de-cada-dia-84\/#primaryimage"},"image":{"@id":"https:\/\/dlvradio.es\/el-decreto-nuestro-de-cada-dia-84\/#primaryimage"},"thumbnailUrl":"https:\/\/dlvradio.es\/wp-content\/uploads\/2022\/01\/El-decreto-ivoox.jpg","datePublished":"2022-02-03T17:27:01+00:00","description":"Ya estamos a martes as\u00ed que tenemos tertulia pol\u00edtica y social de Espa\u00f1a. Como cada semana comenzamos con las novedades del COVID, actuaciones pol\u00edticas","breadcrumb":{"@id":"https:\/\/dlvradio.es\/el-decreto-nuestro-de-cada-dia-84\/#breadcrumb"},"inLanguage":"en-US","potentialAction":[{"@type":"ReadAction","target":["https:\/\/dlvradio.es\/el-decreto-nuestro-de-cada-dia-84\/"]}]},{"@type":"ImageObject","inLanguage":"en-US","@id":"https:\/\/dlvradio.es\/el-decreto-nuestro-de-cada-dia-84\/#primaryimage","url":"https:\/\/dlvradio.es\/wp-content\/uploads\/2022\/01\/El-decreto-ivoox.jpg","contentUrl":"https:\/\/dlvradio.es\/wp-content\/uploads\/2022\/01\/El-decreto-ivoox.jpg","width":1511,"height":1511,"caption":"El decreto ivoox"},{"@type":"BreadcrumbList","@id":"https:\/\/dlvradio.es\/el-decreto-nuestro-de-cada-dia-84\/#breadcrumb","itemListElement":[{"@type":"ListItem","position":1,"name":"Inicio","item":"https:\/\/dlvradio.es\/"},{"@type":"ListItem","position":2,"name":"El decreto nuestro de cada d\u00eda, 84"}]},{"@type":"WebSite","@id":"https:\/\/dlvradio.es\/#website","url":"https:\/\/dlvradio.es\/","name":"DLVRADIO","description":"We are an alternative media to traditional media","publisher":{"@id":"https:\/\/dlvradio.es\/#organization"},"potentialAction":[{"@type":"SearchAction","target":{"@type":"EntryPoint","urlTemplate":"https:\/\/dlvradio.es\/?s={search_term_string}"},"query-input":{"@type":"PropertyValueSpecification","valueRequired":true,"valueName":"search_term_string"}}],"inLanguage":"en-US"},{"@type":"Organization","@id":"https:\/\/dlvradio.es\/#organization","name":"DLVRADIO","url":"https:\/\/dlvradio.es\/","logo":{"@type":"ImageObject","inLanguage":"en-US","@id":"https:\/\/dlvradio.es\/#\/schema\/logo\/image\/","url":"","contentUrl":"","caption":"DLVRADIO"},"image":{"@id":"https:\/\/dlvradio.es\/#\/schema\/logo\/image\/"},"sameAs":["https:\/\/www.facebook.com\/RadioDLVradio\/","https:\/\/x.com\/RadioDlvradio","https:\/\/www.instagram.com\/radiodlvradio\/"]},{"@type":"Person","@id":"https:\/\/dlvradio.es\/#\/schema\/person\/7d533f9f89b13e3a3f2ba7f67d6412de","name":"DLV RADIO","sameAs":["https:\/\/dlvradio.es"]}]}},"_links":{"self":[{"href":"https:\/\/dlvradio.es\/en\/wp-json\/wp\/v2\/posts\/71084","targetHints":{"allow":["GET"]}}],"collection":[{"href":"https:\/\/dlvradio.es\/en\/wp-json\/wp\/v2\/posts"}],"about":[{"href":"https:\/\/dlvradio.es\/en\/wp-json\/wp\/v2\/types\/post"}],"author":[{"embeddable":true,"href":"https:\/\/dlvradio.es\/en\/wp-json\/wp\/v2\/users\/4"}],"replies":[{"embeddable":true,"href":"https:\/\/dlvradio.es\/en\/wp-json\/wp\/v2\/comments?post=71084"}],"version-history":[{"count":0,"href":"https:\/\/dlvradio.es\/en\/wp-json\/wp\/v2\/posts\/71084\/revisions"}],"wp:featuredmedia":[{"embeddable":true,"href":"https:\/\/dlvradio.es\/en\/wp-json\/wp\/v2\/media\/71013"}],"wp:attachment":[{"href":"https:\/\/dlvradio.es\/en\/wp-json\/wp\/v2\/media?parent=71084"}],"wp:term":[{"taxonomy":"category","embeddable":true,"href":"https:\/\/dlvradio.es\/en\/wp-json\/wp\/v2\/categories?post=71084"},{"taxonomy":"post_tag","embeddable":true,"href":"https:\/\/dlvradio.es\/en\/wp-json\/wp\/v2\/tags?post=71084"}],"curies":[{"name":"wp","href":"https:\/\/api.w.org\/{rel}","templated":true}]}}