{"id":71085,"date":"2022-02-03T20:32:15","date_gmt":"2022-02-03T19:32:15","guid":{"rendered":"https:\/\/dlvradio.es\/artistas-callejeros-espanoles-piden-al-comisario-de-la-ue-virginijus-sinkevicius-accion-por-los-oceanos\/"},"modified":"2022-02-03T20:32:15","modified_gmt":"2022-02-03T19:32:15","slug":"artistas-callejeros-espanoles-piden-al-comisario-de-la-ue-virginijus-sinkevicius-accion-por-los-oceanos","status":"publish","type":"post","link":"https:\/\/dlvradio.es\/en\/artistas-callejeros-espanoles-piden-al-comisario-de-la-ue-virginijus-sinkevicius-accion-por-los-oceanos\/","title":{"rendered":"Artistas callejeros espa\u00f1oles piden al comisario de la UE Virginijus Sinkevi\u010dius acci\u00f3n por los oc\u00e9anos"},"content":{"rendered":"<h5><strong><img decoding=\"async\" class=\"alignleft wp-image-8759 size-thumbnail\" src=\"https:\/\/dlvradio.es\/copia\/wp-content\/uploads\/2022\/02\/Artistas-callejeros-espanoles-piden-al-comisario-de-la-UE-Virginijus-Sinkevicius-accion-por-los-oceanos-150x150.jpg\" alt=\"\" width=\"150\" height=\"150\" \/>Artistas callejeros espa\u00f1oles piden al comisario de la UE Virginijus Sinkevi\u010dius acci\u00f3n por los oc\u00e9anos.<\/strong><\/h5>\n<h6>Bruselas, 3 de febrero de 2022: &#8211; Un colectivo de artistas callejeros con sede en Madrid ha publicado una carta abierta al Comisario de Medio Ambiente, Oc\u00e9anos y Pesca de la UE, Virginijus Sinkevi\u010dius, pidi\u00e9ndole que tome la iniciativa para poner fin a la pesca destructiva y sobrepesca de la UE para as\u00ed restaurar la salud del oc\u00e9ano.<\/h6>\n<p>La carta de Boa Mistura sigue a la creaci\u00f3n de un mural de nueve pisos en la ciudad natal del Comisario, Vilna, en noviembre, titulado \u00abCoraz\u00f3n del Oc\u00e9ano\u00bb. El mural, encargado bajo la campa\u00f1a de Our Fish, presenta un mensaje directo al Comisario: \u201cSalvemos el oc\u00e9ano para salvar el clima\u201d.<\/p>\n<p>\u201cEl mural de criaturas marinas en Vilna muestra y celebra el oc\u00e9ano como el coraz\u00f3n del planeta. Sin un oc\u00e9ano saludable, no podemos tener un planeta saludable: sin coraz\u00f3n, no hay vida. Nuestro mural en Vilna es nuestro mensaje al mundo: \u2018Salvemos el oc\u00e9ano para salvar el clima\u2019\u201d, dijo Pablo Pur\u00f3ne, de Boa Mistura.<\/p>\n<p>\u201cNuestro nombre, Boa Mistura, que significa &#8216;buena mezcla&#8217;, refleja nuestros diversos or\u00edgenes y caminos. Hemos creado enormes obras de arte al aire libre en todo el mundo para traer belleza y un mensaje a nuestras calles, as\u00ed como conectar a las personas\u201d.<\/p>\n<p>\u201cEl mural muestra ballenas, peces y otras criaturas marinas sostenidas por manos para expresar el amor y el respeto que los humanos deben tener por los oc\u00e9anos. No es solo un regalo para la gente de Vilna, sino para todas las personas. Necesitamos que la gente de todo el mundo comprenda que un oc\u00e9ano saludable es fundamental para un planeta saludable y para la acci\u00f3n clim\u00e1tica\u201d.<\/p>\n<p>\u201cCoraz\u00f3n del Oc\u00e9ano\u201d tiene un mensaje especial para usted como Comisario Europeo de Medio Ambiente, Oc\u00e9anos y Pesca nacido en Lituania: el futuro de los peces y la vida marina de Europa est\u00e1 en sus manos. Esta no es solo una buena l\u00ednea para las redes sociales, tambi\u00e9n es un mensaje m\u00e1s profundo y un llamado urgente a la acci\u00f3n. En Vilna pintamos con temperaturas bajo cero para comunicar nuestro mensaje; ahora le llamamos a tomar medidas decisivas y audaces para proteger el oc\u00e9ano y as\u00ed salvaguardar las vidas y las comunidades que dependen de \u00e9l&#8230; y eso nos incluye a todos nosotros\u201d.<\/p>\n<p>\u201cAl terminar con la pesca destructiva y excesiva y restaurar la salud del oc\u00e9ano, mejoramos las posibilidades para el futuro de la humanidad. Esto puede sonar exagerado, pero es lo que est\u00e1 en juego, y se\u00f1or Comisario, usted se encuentra en la extraordinaria posici\u00f3n de poder cumplir con ello. Seguiremos difundiendo el mensaje, pero contamos con usted para por favor, cumplir con la misi\u00f3n\u201d, concluye la carta.<\/p>\n<audio class=\"wp-audio-shortcode\" id=\"audio-71085-1\" preload=\"none\" style=\"width: 100%;\" controls=\"controls\"><source type=\"audio\/mpeg\" src=\"https:\/\/dlvradio.es\/copia\/wp-content\/uploads\/2022\/02\/Artistas-callejeros-espanoles-piden-al-comisario-de-la-UE-Virginijus-Sinkevicius-accion-por-los-oceanos.mp3?_=1\" \/><a href=\"https:\/\/dlvradio.es\/copia\/wp-content\/uploads\/2022\/02\/Artistas-callejeros-espanoles-piden-al-comisario-de-la-UE-Virginijus-Sinkevicius-accion-por-los-oceanos.mp3\">https:\/\/dlvradio.es\/copia\/wp-content\/uploads\/2022\/02\/Artistas-callejeros-espanoles-piden-al-comisario-de-la-UE-Virginijus-Sinkevicius-accion-por-los-oceanos.mp3<\/a><\/audio>\n<p><iframe title=\"Save the Ocean to Save the Climate\" width=\"800\" height=\"450\" src=\"https:\/\/www.youtube.com\/embed\/9YCARRDbgSM?feature=oembed\" frameborder=\"0\" allow=\"accelerometer; autoplay; clipboard-write; encrypted-media; gyroscope; picture-in-picture; web-share\" referrerpolicy=\"strict-origin-when-cross-origin\" allowfullscreen><\/iframe><\/p>","protected":false},"excerpt":{"rendered":"<p>Artistas callejeros espa\u00f1oles piden al comisario de la UE Virginijus Sinkevi\u010dius acci\u00f3n por los oc\u00e9anos. Bruselas, 3 de febrero de 2022: &#8211; Un colectivo de artistas callejeros con sede en Madrid ha publicado una carta abierta al Comisario de Medio Ambiente, Oc\u00e9anos y Pesca de la UE, Virginijus Sinkevi\u010dius, pidi\u00e9ndole que tome la iniciativa para [&hellip;]<\/p>\n","protected":false},"author":4,"featured_media":71086,"comment_status":"open","ping_status":"open","sticky":false,"template":"","format":"standard","meta":{"_acf_changed":false,"footnotes":""},"categories":[2711],"tags":[2478,2507],"class_list":["post-71085","post","type-post","status-publish","format-standard","has-post-thumbnail","hentry","category-emergencia-climatica","tag-ecologia","tag-internacional"],"acf":[],"yoast_head":"<!-- This site is optimized with the Yoast SEO plugin v27.4 - https:\/\/yoast.com\/product\/yoast-seo-wordpress\/ -->\n<title>Artistas callejeros espa\u00f1oles piden al comisario de la UE Virginijus Sinkevi\u010dius acci\u00f3n por los oc\u00e9anos - DLVRADIO<\/title>\n<meta name=\"description\" content=\"Artistas callejeros espa\u00f1oles piden al comisario de la UE Virginijus Sinkevi\u010dius acci\u00f3n por los oc\u00e9anos. Bruselas, 3 de febrero de 2022: - Un colectivo de\" \/>\n<meta name=\"robots\" content=\"index, follow, max-snippet:-1, max-image-preview:large, max-video-preview:-1\" \/>\n<link rel=\"canonical\" href=\"https:\/\/dlvradio.es\/en\/artistas-callejeros-espanoles-piden-al-comisario-de-la-ue-virginijus-sinkevicius-accion-por-los-oceanos\/\" \/>\n<meta property=\"og:locale\" content=\"en_US\" \/>\n<meta property=\"og:type\" content=\"article\" \/>\n<meta property=\"og:title\" content=\"Artistas callejeros espa\u00f1oles piden al comisario de la UE Virginijus Sinkevi\u010dius acci\u00f3n por los oc\u00e9anos - DLVRADIO\" \/>\n<meta property=\"og:description\" content=\"Artistas callejeros espa\u00f1oles piden al comisario de la UE Virginijus Sinkevi\u010dius acci\u00f3n por los oc\u00e9anos. Bruselas, 3 de febrero de 2022: - Un colectivo de\" \/>\n<meta property=\"og:url\" content=\"https:\/\/dlvradio.es\/en\/artistas-callejeros-espanoles-piden-al-comisario-de-la-ue-virginijus-sinkevicius-accion-por-los-oceanos\/\" \/>\n<meta property=\"og:site_name\" content=\"DLVRADIO\" \/>\n<meta property=\"article:publisher\" content=\"https:\/\/www.facebook.com\/RadioDLVradio\/\" \/>\n<meta property=\"article:published_time\" content=\"2022-02-03T19:32:15+00:00\" \/>\n<meta property=\"og:image\" content=\"https:\/\/dlvradio.es\/wp-content\/uploads\/2022\/02\/Artistas-callejeros-espanoles-piden-al-comisario-de-la-UE-Virginijus-Sinkevicius-accion-por-los-oceanos.jpg\" \/>\n\t<meta property=\"og:image:width\" content=\"2362\" \/>\n\t<meta property=\"og:image:height\" content=\"2362\" \/>\n\t<meta property=\"og:image:type\" content=\"image\/jpeg\" \/>\n<meta name=\"author\" content=\"DLV RADIO\" \/>\n<meta name=\"twitter:card\" content=\"summary_large_image\" \/>\n<meta name=\"twitter:creator\" content=\"@RadioDlvradio\" \/>\n<meta name=\"twitter:site\" content=\"@RadioDlvradio\" \/>\n<script type=\"application\/ld+json\" class=\"yoast-schema-graph\">{\"@context\":\"https:\\\/\\\/schema.org\",\"@graph\":[{\"@type\":\"Article\",\"@id\":\"https:\\\/\\\/dlvradio.es\\\/artistas-callejeros-espanoles-piden-al-comisario-de-la-ue-virginijus-sinkevicius-accion-por-los-oceanos\\\/#article\",\"isPartOf\":{\"@id\":\"https:\\\/\\\/dlvradio.es\\\/artistas-callejeros-espanoles-piden-al-comisario-de-la-ue-virginijus-sinkevicius-accion-por-los-oceanos\\\/\"},\"author\":{\"name\":\"DLV RADIO\",\"@id\":\"https:\\\/\\\/dlvradio.es\\\/#\\\/schema\\\/person\\\/7d533f9f89b13e3a3f2ba7f67d6412de\"},\"headline\":\"Artistas callejeros espa\u00f1oles piden al comisario de la UE Virginijus Sinkevi\u010dius acci\u00f3n por los oc\u00e9anos\",\"datePublished\":\"2022-02-03T19:32:15+00:00\",\"mainEntityOfPage\":{\"@id\":\"https:\\\/\\\/dlvradio.es\\\/artistas-callejeros-espanoles-piden-al-comisario-de-la-ue-virginijus-sinkevicius-accion-por-los-oceanos\\\/\"},\"wordCount\":528,\"commentCount\":0,\"publisher\":{\"@id\":\"https:\\\/\\\/dlvradio.es\\\/#organization\"},\"image\":{\"@id\":\"https:\\\/\\\/dlvradio.es\\\/artistas-callejeros-espanoles-piden-al-comisario-de-la-ue-virginijus-sinkevicius-accion-por-los-oceanos\\\/#primaryimage\"},\"thumbnailUrl\":\"https:\\\/\\\/dlvradio.es\\\/wp-content\\\/uploads\\\/2022\\\/02\\\/Artistas-callejeros-espanoles-piden-al-comisario-de-la-UE-Virginijus-Sinkevicius-accion-por-los-oceanos.jpg\",\"keywords\":[\"ecolog\u00eda\",\"internacional\"],\"articleSection\":[\"Emergencia clim\u00e1tica\"],\"inLanguage\":\"en-US\"},{\"@type\":\"WebPage\",\"@id\":\"https:\\\/\\\/dlvradio.es\\\/artistas-callejeros-espanoles-piden-al-comisario-de-la-ue-virginijus-sinkevicius-accion-por-los-oceanos\\\/\",\"url\":\"https:\\\/\\\/dlvradio.es\\\/artistas-callejeros-espanoles-piden-al-comisario-de-la-ue-virginijus-sinkevicius-accion-por-los-oceanos\\\/\",\"name\":\"Artistas callejeros espa\u00f1oles piden al comisario de la UE Virginijus Sinkevi\u010dius acci\u00f3n por los oc\u00e9anos - DLVRADIO\",\"isPartOf\":{\"@id\":\"https:\\\/\\\/dlvradio.es\\\/#website\"},\"primaryImageOfPage\":{\"@id\":\"https:\\\/\\\/dlvradio.es\\\/artistas-callejeros-espanoles-piden-al-comisario-de-la-ue-virginijus-sinkevicius-accion-por-los-oceanos\\\/#primaryimage\"},\"image\":{\"@id\":\"https:\\\/\\\/dlvradio.es\\\/artistas-callejeros-espanoles-piden-al-comisario-de-la-ue-virginijus-sinkevicius-accion-por-los-oceanos\\\/#primaryimage\"},\"thumbnailUrl\":\"https:\\\/\\\/dlvradio.es\\\/wp-content\\\/uploads\\\/2022\\\/02\\\/Artistas-callejeros-espanoles-piden-al-comisario-de-la-UE-Virginijus-Sinkevicius-accion-por-los-oceanos.jpg\",\"datePublished\":\"2022-02-03T19:32:15+00:00\",\"description\":\"Artistas callejeros espa\u00f1oles piden al comisario de la UE Virginijus Sinkevi\u010dius acci\u00f3n por los oc\u00e9anos. Bruselas, 3 de febrero de 2022: - Un colectivo de\",\"breadcrumb\":{\"@id\":\"https:\\\/\\\/dlvradio.es\\\/artistas-callejeros-espanoles-piden-al-comisario-de-la-ue-virginijus-sinkevicius-accion-por-los-oceanos\\\/#breadcrumb\"},\"inLanguage\":\"en-US\",\"potentialAction\":[{\"@type\":\"ReadAction\",\"target\":[\"https:\\\/\\\/dlvradio.es\\\/artistas-callejeros-espanoles-piden-al-comisario-de-la-ue-virginijus-sinkevicius-accion-por-los-oceanos\\\/\"]}]},{\"@type\":\"ImageObject\",\"inLanguage\":\"en-US\",\"@id\":\"https:\\\/\\\/dlvradio.es\\\/artistas-callejeros-espanoles-piden-al-comisario-de-la-ue-virginijus-sinkevicius-accion-por-los-oceanos\\\/#primaryimage\",\"url\":\"https:\\\/\\\/dlvradio.es\\\/wp-content\\\/uploads\\\/2022\\\/02\\\/Artistas-callejeros-espanoles-piden-al-comisario-de-la-UE-Virginijus-Sinkevicius-accion-por-los-oceanos.jpg\",\"contentUrl\":\"https:\\\/\\\/dlvradio.es\\\/wp-content\\\/uploads\\\/2022\\\/02\\\/Artistas-callejeros-espanoles-piden-al-comisario-de-la-UE-Virginijus-Sinkevicius-accion-por-los-oceanos.jpg\",\"width\":2362,\"height\":2362,\"caption\":\"Artistas callejeros espa\u00f1oles piden al comisario de la UE Virginijus Sinkevi\u010dius acci\u00f3n por los oc\u00e9anos\"},{\"@type\":\"BreadcrumbList\",\"@id\":\"https:\\\/\\\/dlvradio.es\\\/artistas-callejeros-espanoles-piden-al-comisario-de-la-ue-virginijus-sinkevicius-accion-por-los-oceanos\\\/#breadcrumb\",\"itemListElement\":[{\"@type\":\"ListItem\",\"position\":1,\"name\":\"Inicio\",\"item\":\"https:\\\/\\\/dlvradio.es\\\/\"},{\"@type\":\"ListItem\",\"position\":2,\"name\":\"Artistas callejeros espa\u00f1oles piden al comisario de la UE Virginijus Sinkevi\u010dius acci\u00f3n por los oc\u00e9anos\"}]},{\"@type\":\"WebSite\",\"@id\":\"https:\\\/\\\/dlvradio.es\\\/#website\",\"url\":\"https:\\\/\\\/dlvradio.es\\\/\",\"name\":\"DLVRADIO\",\"description\":\"Somos un medio de comunicaci\u00f3n alternativo a los medios tradicionales\",\"publisher\":{\"@id\":\"https:\\\/\\\/dlvradio.es\\\/#organization\"},\"potentialAction\":[{\"@type\":\"SearchAction\",\"target\":{\"@type\":\"EntryPoint\",\"urlTemplate\":\"https:\\\/\\\/dlvradio.es\\\/?s={search_term_string}\"},\"query-input\":{\"@type\":\"PropertyValueSpecification\",\"valueRequired\":true,\"valueName\":\"search_term_string\"}}],\"inLanguage\":\"en-US\"},{\"@type\":\"Organization\",\"@id\":\"https:\\\/\\\/dlvradio.es\\\/#organization\",\"name\":\"DLVRADIO\",\"url\":\"https:\\\/\\\/dlvradio.es\\\/\",\"logo\":{\"@type\":\"ImageObject\",\"inLanguage\":\"en-US\",\"@id\":\"https:\\\/\\\/dlvradio.es\\\/#\\\/schema\\\/logo\\\/image\\\/\",\"url\":\"\",\"contentUrl\":\"\",\"caption\":\"DLVRADIO\"},\"image\":{\"@id\":\"https:\\\/\\\/dlvradio.es\\\/#\\\/schema\\\/logo\\\/image\\\/\"},\"sameAs\":[\"https:\\\/\\\/www.facebook.com\\\/RadioDLVradio\\\/\",\"https:\\\/\\\/x.com\\\/RadioDlvradio\",\"https:\\\/\\\/www.instagram.com\\\/radiodlvradio\\\/\"]},{\"@type\":\"Person\",\"@id\":\"https:\\\/\\\/dlvradio.es\\\/#\\\/schema\\\/person\\\/7d533f9f89b13e3a3f2ba7f67d6412de\",\"name\":\"DLV RADIO\",\"sameAs\":[\"https:\\\/\\\/dlvradio.es\"]}]}<\/script>\n<!-- \/ Yoast SEO plugin. -->","yoast_head_json":{"title":"Artistas callejeros espa\u00f1oles piden al comisario de la UE Virginijus Sinkevi\u010dius acci\u00f3n por los oc\u00e9anos - DLVRADIO","description":"Artistas callejeros espa\u00f1oles piden al comisario de la UE Virginijus Sinkevi\u010dius acci\u00f3n por los oc\u00e9anos. Bruselas, 3 de febrero de 2022: - Un colectivo de","robots":{"index":"index","follow":"follow","max-snippet":"max-snippet:-1","max-image-preview":"max-image-preview:large","max-video-preview":"max-video-preview:-1"},"canonical":"https:\/\/dlvradio.es\/en\/artistas-callejeros-espanoles-piden-al-comisario-de-la-ue-virginijus-sinkevicius-accion-por-los-oceanos\/","og_locale":"en_US","og_type":"article","og_title":"Artistas callejeros espa\u00f1oles piden al comisario de la UE Virginijus Sinkevi\u010dius acci\u00f3n por los oc\u00e9anos - DLVRADIO","og_description":"Artistas callejeros espa\u00f1oles piden al comisario de la UE Virginijus Sinkevi\u010dius acci\u00f3n por los oc\u00e9anos. Bruselas, 3 de febrero de 2022: - Un colectivo de","og_url":"https:\/\/dlvradio.es\/en\/artistas-callejeros-espanoles-piden-al-comisario-de-la-ue-virginijus-sinkevicius-accion-por-los-oceanos\/","og_site_name":"DLVRADIO","article_publisher":"https:\/\/www.facebook.com\/RadioDLVradio\/","article_published_time":"2022-02-03T19:32:15+00:00","og_image":[{"width":2362,"height":2362,"url":"https:\/\/dlvradio.es\/wp-content\/uploads\/2022\/02\/Artistas-callejeros-espanoles-piden-al-comisario-de-la-UE-Virginijus-Sinkevicius-accion-por-los-oceanos.jpg","type":"image\/jpeg"}],"author":"DLV RADIO","twitter_card":"summary_large_image","twitter_creator":"@RadioDlvradio","twitter_site":"@RadioDlvradio","schema":{"@context":"https:\/\/schema.org","@graph":[{"@type":"Article","@id":"https:\/\/dlvradio.es\/artistas-callejeros-espanoles-piden-al-comisario-de-la-ue-virginijus-sinkevicius-accion-por-los-oceanos\/#article","isPartOf":{"@id":"https:\/\/dlvradio.es\/artistas-callejeros-espanoles-piden-al-comisario-de-la-ue-virginijus-sinkevicius-accion-por-los-oceanos\/"},"author":{"name":"DLV RADIO","@id":"https:\/\/dlvradio.es\/#\/schema\/person\/7d533f9f89b13e3a3f2ba7f67d6412de"},"headline":"Artistas callejeros espa\u00f1oles piden al comisario de la UE Virginijus Sinkevi\u010dius acci\u00f3n por los oc\u00e9anos","datePublished":"2022-02-03T19:32:15+00:00","mainEntityOfPage":{"@id":"https:\/\/dlvradio.es\/artistas-callejeros-espanoles-piden-al-comisario-de-la-ue-virginijus-sinkevicius-accion-por-los-oceanos\/"},"wordCount":528,"commentCount":0,"publisher":{"@id":"https:\/\/dlvradio.es\/#organization"},"image":{"@id":"https:\/\/dlvradio.es\/artistas-callejeros-espanoles-piden-al-comisario-de-la-ue-virginijus-sinkevicius-accion-por-los-oceanos\/#primaryimage"},"thumbnailUrl":"https:\/\/dlvradio.es\/wp-content\/uploads\/2022\/02\/Artistas-callejeros-espanoles-piden-al-comisario-de-la-UE-Virginijus-Sinkevicius-accion-por-los-oceanos.jpg","keywords":["ecolog\u00eda","internacional"],"articleSection":["Emergencia clim\u00e1tica"],"inLanguage":"en-US"},{"@type":"WebPage","@id":"https:\/\/dlvradio.es\/artistas-callejeros-espanoles-piden-al-comisario-de-la-ue-virginijus-sinkevicius-accion-por-los-oceanos\/","url":"https:\/\/dlvradio.es\/artistas-callejeros-espanoles-piden-al-comisario-de-la-ue-virginijus-sinkevicius-accion-por-los-oceanos\/","name":"Artistas callejeros espa\u00f1oles piden al comisario de la UE Virginijus Sinkevi\u010dius acci\u00f3n por los oc\u00e9anos - DLVRADIO","isPartOf":{"@id":"https:\/\/dlvradio.es\/#website"},"primaryImageOfPage":{"@id":"https:\/\/dlvradio.es\/artistas-callejeros-espanoles-piden-al-comisario-de-la-ue-virginijus-sinkevicius-accion-por-los-oceanos\/#primaryimage"},"image":{"@id":"https:\/\/dlvradio.es\/artistas-callejeros-espanoles-piden-al-comisario-de-la-ue-virginijus-sinkevicius-accion-por-los-oceanos\/#primaryimage"},"thumbnailUrl":"https:\/\/dlvradio.es\/wp-content\/uploads\/2022\/02\/Artistas-callejeros-espanoles-piden-al-comisario-de-la-UE-Virginijus-Sinkevicius-accion-por-los-oceanos.jpg","datePublished":"2022-02-03T19:32:15+00:00","description":"Artistas callejeros espa\u00f1oles piden al comisario de la UE Virginijus Sinkevi\u010dius acci\u00f3n por los oc\u00e9anos. Bruselas, 3 de febrero de 2022: - Un colectivo de","breadcrumb":{"@id":"https:\/\/dlvradio.es\/artistas-callejeros-espanoles-piden-al-comisario-de-la-ue-virginijus-sinkevicius-accion-por-los-oceanos\/#breadcrumb"},"inLanguage":"en-US","potentialAction":[{"@type":"ReadAction","target":["https:\/\/dlvradio.es\/artistas-callejeros-espanoles-piden-al-comisario-de-la-ue-virginijus-sinkevicius-accion-por-los-oceanos\/"]}]},{"@type":"ImageObject","inLanguage":"en-US","@id":"https:\/\/dlvradio.es\/artistas-callejeros-espanoles-piden-al-comisario-de-la-ue-virginijus-sinkevicius-accion-por-los-oceanos\/#primaryimage","url":"https:\/\/dlvradio.es\/wp-content\/uploads\/2022\/02\/Artistas-callejeros-espanoles-piden-al-comisario-de-la-UE-Virginijus-Sinkevicius-accion-por-los-oceanos.jpg","contentUrl":"https:\/\/dlvradio.es\/wp-content\/uploads\/2022\/02\/Artistas-callejeros-espanoles-piden-al-comisario-de-la-UE-Virginijus-Sinkevicius-accion-por-los-oceanos.jpg","width":2362,"height":2362,"caption":"Artistas callejeros espa\u00f1oles piden al comisario de la UE Virginijus Sinkevi\u010dius acci\u00f3n por los oc\u00e9anos"},{"@type":"BreadcrumbList","@id":"https:\/\/dlvradio.es\/artistas-callejeros-espanoles-piden-al-comisario-de-la-ue-virginijus-sinkevicius-accion-por-los-oceanos\/#breadcrumb","itemListElement":[{"@type":"ListItem","position":1,"name":"Inicio","item":"https:\/\/dlvradio.es\/"},{"@type":"ListItem","position":2,"name":"Artistas callejeros espa\u00f1oles piden al comisario de la UE Virginijus Sinkevi\u010dius acci\u00f3n por los oc\u00e9anos"}]},{"@type":"WebSite","@id":"https:\/\/dlvradio.es\/#website","url":"https:\/\/dlvradio.es\/","name":"DLVRADIO","description":"We are an alternative media to traditional media","publisher":{"@id":"https:\/\/dlvradio.es\/#organization"},"potentialAction":[{"@type":"SearchAction","target":{"@type":"EntryPoint","urlTemplate":"https:\/\/dlvradio.es\/?s={search_term_string}"},"query-input":{"@type":"PropertyValueSpecification","valueRequired":true,"valueName":"search_term_string"}}],"inLanguage":"en-US"},{"@type":"Organization","@id":"https:\/\/dlvradio.es\/#organization","name":"DLVRADIO","url":"https:\/\/dlvradio.es\/","logo":{"@type":"ImageObject","inLanguage":"en-US","@id":"https:\/\/dlvradio.es\/#\/schema\/logo\/image\/","url":"","contentUrl":"","caption":"DLVRADIO"},"image":{"@id":"https:\/\/dlvradio.es\/#\/schema\/logo\/image\/"},"sameAs":["https:\/\/www.facebook.com\/RadioDLVradio\/","https:\/\/x.com\/RadioDlvradio","https:\/\/www.instagram.com\/radiodlvradio\/"]},{"@type":"Person","@id":"https:\/\/dlvradio.es\/#\/schema\/person\/7d533f9f89b13e3a3f2ba7f67d6412de","name":"DLV RADIO","sameAs":["https:\/\/dlvradio.es"]}]}},"_links":{"self":[{"href":"https:\/\/dlvradio.es\/en\/wp-json\/wp\/v2\/posts\/71085","targetHints":{"allow":["GET"]}}],"collection":[{"href":"https:\/\/dlvradio.es\/en\/wp-json\/wp\/v2\/posts"}],"about":[{"href":"https:\/\/dlvradio.es\/en\/wp-json\/wp\/v2\/types\/post"}],"author":[{"embeddable":true,"href":"https:\/\/dlvradio.es\/en\/wp-json\/wp\/v2\/users\/4"}],"replies":[{"embeddable":true,"href":"https:\/\/dlvradio.es\/en\/wp-json\/wp\/v2\/comments?post=71085"}],"version-history":[{"count":0,"href":"https:\/\/dlvradio.es\/en\/wp-json\/wp\/v2\/posts\/71085\/revisions"}],"wp:featuredmedia":[{"embeddable":true,"href":"https:\/\/dlvradio.es\/en\/wp-json\/wp\/v2\/media\/71086"}],"wp:attachment":[{"href":"https:\/\/dlvradio.es\/en\/wp-json\/wp\/v2\/media?parent=71085"}],"wp:term":[{"taxonomy":"category","embeddable":true,"href":"https:\/\/dlvradio.es\/en\/wp-json\/wp\/v2\/categories?post=71085"},{"taxonomy":"post_tag","embeddable":true,"href":"https:\/\/dlvradio.es\/en\/wp-json\/wp\/v2\/tags?post=71085"}],"curies":[{"name":"wp","href":"https:\/\/api.w.org\/{rel}","templated":true}]}}