{"id":71088,"date":"2022-02-03T20:12:00","date_gmt":"2022-02-03T19:12:00","guid":{"rendered":"https:\/\/dlvradio.es\/sale-adelante-la-reforma-laboral-por-un-solo-voto\/"},"modified":"2022-02-03T20:12:00","modified_gmt":"2022-02-03T19:12:00","slug":"sale-adelante-la-reforma-laboral-por-un-solo-voto","status":"publish","type":"post","link":"https:\/\/dlvradio.es\/en\/sale-adelante-la-reforma-laboral-por-un-solo-voto\/","title":{"rendered":"Sale adelante la reforma laboral por un solo voto"},"content":{"rendered":"<p><img decoding=\"async\" class=\"alignleft wp-image-8714 size-thumbnail\" src=\"https:\/\/dlvradio.es\/copia\/wp-content\/uploads\/2022\/01\/Parlamento-de-Espana-150x150.jpg\" alt=\"\" width=\"150\" height=\"150\" \/>El Congreso de los Diputados aprueba la reforma laboral por un esca\u00f1o. Los dos diputados de la formaci\u00f3n pol\u00edtica de UPN (Navarra), Sergio Sayas y Carlos Garc\u00eda Adanero que dijeron que votar\u00edan a favor acatando la disciplina de partido, hoy han votado en contra de esta. Un diputado del Partido Popular &#8211; Alberto Caseroa ha votado a favor, seg\u00fan su formaci\u00f3n pol\u00edtica por error. Seg\u00fan la formaci\u00f3n pol\u00edtica del Partido Popular el error ha sido del sistema de votaci\u00f3n, ya que el se\u00f1or Casero lo que voto fue NO, pero que el sistema registr\u00f3 un SI. Fue presencialmente a Madrid desde C\u00e1ceres donde reside para intentar que anulasen el voto telem\u00e1tico, pero que no se le ha dejado, eso es lo que han informado. Seg\u00fan el personal encargado del control descartan que se pudiera producir ese tipo de error, ya que el sistema hace una doble verificaci\u00f3n de los votos telem\u00e1ticos. Cuando se realiza la votaci\u00f3n ya no se puede cambiar por una presencial como han pedido desde el PP.<\/p>\n<p>De esta manera la reforma finalmente ha salido con 175 votos a favor y 174votos en contra y ninguna abstenci\u00f3n. Lo cual ha hecho que saliera adelante por solo por un voto de diferencia.<\/p>","protected":false},"excerpt":{"rendered":"<p>El Congreso de los Diputados aprueba la reforma laboral por un esca\u00f1o. Los dos diputados de la formaci\u00f3n pol\u00edtica de UPN (Navarra), Sergio Sayas y Carlos Garc\u00eda Adanero que dijeron que votar\u00edan a favor acatando la disciplina de partido, hoy han votado en contra de esta. Un diputado del Partido Popular &#8211; Alberto Caseroa ha [&hellip;]<\/p>\n","protected":false},"author":4,"featured_media":71089,"comment_status":"open","ping_status":"open","sticky":false,"template":"","format":"standard","meta":{"_acf_changed":false,"footnotes":""},"categories":[2465],"tags":[2466],"class_list":["post-71088","post","type-post","status-publish","format-standard","has-post-thumbnail","hentry","category-informativos","tag-espana"],"acf":[],"yoast_head":"<!-- This site is optimized with the Yoast SEO plugin v27.4 - https:\/\/yoast.com\/product\/yoast-seo-wordpress\/ -->\n<title>Sale adelante la reforma laboral por un solo voto - DLVRADIO<\/title>\n<meta name=\"description\" content=\"El Congreso de los Diputados aprueba la reforma laboral por un esca\u00f1o. Los dos diputados de la formaci\u00f3n pol\u00edtica de UPN (Navarra), Sergio Sayas y Carlos\" \/>\n<meta name=\"robots\" content=\"index, follow, max-snippet:-1, max-image-preview:large, max-video-preview:-1\" \/>\n<link rel=\"canonical\" href=\"https:\/\/dlvradio.es\/en\/sale-adelante-la-reforma-laboral-por-un-solo-voto\/\" \/>\n<meta property=\"og:locale\" content=\"en_US\" \/>\n<meta property=\"og:type\" content=\"article\" \/>\n<meta property=\"og:title\" content=\"Sale adelante la reforma laboral por un solo voto - DLVRADIO\" \/>\n<meta property=\"og:description\" content=\"El Congreso de los Diputados aprueba la reforma laboral por un esca\u00f1o. Los dos diputados de la formaci\u00f3n pol\u00edtica de UPN (Navarra), Sergio Sayas y Carlos\" \/>\n<meta property=\"og:url\" content=\"https:\/\/dlvradio.es\/en\/sale-adelante-la-reforma-laboral-por-un-solo-voto\/\" \/>\n<meta property=\"og:site_name\" content=\"DLVRADIO\" \/>\n<meta property=\"article:publisher\" content=\"https:\/\/www.facebook.com\/RadioDLVradio\/\" \/>\n<meta property=\"article:published_time\" content=\"2022-02-03T19:12:00+00:00\" \/>\n<meta property=\"og:image\" content=\"https:\/\/dlvradio.es\/wp-content\/uploads\/2022\/02\/Parlamento-de-Espana.jpg\" \/>\n\t<meta property=\"og:image:width\" content=\"1511\" \/>\n\t<meta property=\"og:image:height\" content=\"1511\" \/>\n\t<meta property=\"og:image:type\" content=\"image\/jpeg\" \/>\n<meta name=\"author\" content=\"DLV RADIO\" \/>\n<meta name=\"twitter:card\" content=\"summary_large_image\" \/>\n<meta name=\"twitter:creator\" content=\"@RadioDlvradio\" \/>\n<meta name=\"twitter:site\" content=\"@RadioDlvradio\" \/>\n<script type=\"application\/ld+json\" class=\"yoast-schema-graph\">{\"@context\":\"https:\\\/\\\/schema.org\",\"@graph\":[{\"@type\":\"Article\",\"@id\":\"https:\\\/\\\/dlvradio.es\\\/sale-adelante-la-reforma-laboral-por-un-solo-voto\\\/#article\",\"isPartOf\":{\"@id\":\"https:\\\/\\\/dlvradio.es\\\/sale-adelante-la-reforma-laboral-por-un-solo-voto\\\/\"},\"author\":{\"name\":\"DLV RADIO\",\"@id\":\"https:\\\/\\\/dlvradio.es\\\/#\\\/schema\\\/person\\\/7d533f9f89b13e3a3f2ba7f67d6412de\"},\"headline\":\"Sale adelante la reforma laboral por un solo voto\",\"datePublished\":\"2022-02-03T19:12:00+00:00\",\"mainEntityOfPage\":{\"@id\":\"https:\\\/\\\/dlvradio.es\\\/sale-adelante-la-reforma-laboral-por-un-solo-voto\\\/\"},\"wordCount\":232,\"commentCount\":0,\"publisher\":{\"@id\":\"https:\\\/\\\/dlvradio.es\\\/#organization\"},\"image\":{\"@id\":\"https:\\\/\\\/dlvradio.es\\\/sale-adelante-la-reforma-laboral-por-un-solo-voto\\\/#primaryimage\"},\"thumbnailUrl\":\"https:\\\/\\\/dlvradio.es\\\/wp-content\\\/uploads\\\/2022\\\/02\\\/Parlamento-de-Espana.jpg\",\"keywords\":[\"Espa\u00f1a\"],\"articleSection\":[\"Informativos\"],\"inLanguage\":\"en-US\"},{\"@type\":\"WebPage\",\"@id\":\"https:\\\/\\\/dlvradio.es\\\/sale-adelante-la-reforma-laboral-por-un-solo-voto\\\/\",\"url\":\"https:\\\/\\\/dlvradio.es\\\/sale-adelante-la-reforma-laboral-por-un-solo-voto\\\/\",\"name\":\"Sale adelante la reforma laboral por un solo voto - DLVRADIO\",\"isPartOf\":{\"@id\":\"https:\\\/\\\/dlvradio.es\\\/#website\"},\"primaryImageOfPage\":{\"@id\":\"https:\\\/\\\/dlvradio.es\\\/sale-adelante-la-reforma-laboral-por-un-solo-voto\\\/#primaryimage\"},\"image\":{\"@id\":\"https:\\\/\\\/dlvradio.es\\\/sale-adelante-la-reforma-laboral-por-un-solo-voto\\\/#primaryimage\"},\"thumbnailUrl\":\"https:\\\/\\\/dlvradio.es\\\/wp-content\\\/uploads\\\/2022\\\/02\\\/Parlamento-de-Espana.jpg\",\"datePublished\":\"2022-02-03T19:12:00+00:00\",\"description\":\"El Congreso de los Diputados aprueba la reforma laboral por un esca\u00f1o. Los dos diputados de la formaci\u00f3n pol\u00edtica de UPN (Navarra), Sergio Sayas y Carlos\",\"breadcrumb\":{\"@id\":\"https:\\\/\\\/dlvradio.es\\\/sale-adelante-la-reforma-laboral-por-un-solo-voto\\\/#breadcrumb\"},\"inLanguage\":\"en-US\",\"potentialAction\":[{\"@type\":\"ReadAction\",\"target\":[\"https:\\\/\\\/dlvradio.es\\\/sale-adelante-la-reforma-laboral-por-un-solo-voto\\\/\"]}]},{\"@type\":\"ImageObject\",\"inLanguage\":\"en-US\",\"@id\":\"https:\\\/\\\/dlvradio.es\\\/sale-adelante-la-reforma-laboral-por-un-solo-voto\\\/#primaryimage\",\"url\":\"https:\\\/\\\/dlvradio.es\\\/wp-content\\\/uploads\\\/2022\\\/02\\\/Parlamento-de-Espana.jpg\",\"contentUrl\":\"https:\\\/\\\/dlvradio.es\\\/wp-content\\\/uploads\\\/2022\\\/02\\\/Parlamento-de-Espana.jpg\",\"width\":1511,\"height\":1511,\"caption\":\"Parlamento de Espa\u00f1a\"},{\"@type\":\"BreadcrumbList\",\"@id\":\"https:\\\/\\\/dlvradio.es\\\/sale-adelante-la-reforma-laboral-por-un-solo-voto\\\/#breadcrumb\",\"itemListElement\":[{\"@type\":\"ListItem\",\"position\":1,\"name\":\"Inicio\",\"item\":\"https:\\\/\\\/dlvradio.es\\\/\"},{\"@type\":\"ListItem\",\"position\":2,\"name\":\"Sale adelante la reforma laboral por un solo voto\"}]},{\"@type\":\"WebSite\",\"@id\":\"https:\\\/\\\/dlvradio.es\\\/#website\",\"url\":\"https:\\\/\\\/dlvradio.es\\\/\",\"name\":\"DLVRADIO\",\"description\":\"Somos un medio de comunicaci\u00f3n alternativo a los medios tradicionales\",\"publisher\":{\"@id\":\"https:\\\/\\\/dlvradio.es\\\/#organization\"},\"potentialAction\":[{\"@type\":\"SearchAction\",\"target\":{\"@type\":\"EntryPoint\",\"urlTemplate\":\"https:\\\/\\\/dlvradio.es\\\/?s={search_term_string}\"},\"query-input\":{\"@type\":\"PropertyValueSpecification\",\"valueRequired\":true,\"valueName\":\"search_term_string\"}}],\"inLanguage\":\"en-US\"},{\"@type\":\"Organization\",\"@id\":\"https:\\\/\\\/dlvradio.es\\\/#organization\",\"name\":\"DLVRADIO\",\"url\":\"https:\\\/\\\/dlvradio.es\\\/\",\"logo\":{\"@type\":\"ImageObject\",\"inLanguage\":\"en-US\",\"@id\":\"https:\\\/\\\/dlvradio.es\\\/#\\\/schema\\\/logo\\\/image\\\/\",\"url\":\"\",\"contentUrl\":\"\",\"caption\":\"DLVRADIO\"},\"image\":{\"@id\":\"https:\\\/\\\/dlvradio.es\\\/#\\\/schema\\\/logo\\\/image\\\/\"},\"sameAs\":[\"https:\\\/\\\/www.facebook.com\\\/RadioDLVradio\\\/\",\"https:\\\/\\\/x.com\\\/RadioDlvradio\",\"https:\\\/\\\/www.instagram.com\\\/radiodlvradio\\\/\"]},{\"@type\":\"Person\",\"@id\":\"https:\\\/\\\/dlvradio.es\\\/#\\\/schema\\\/person\\\/7d533f9f89b13e3a3f2ba7f67d6412de\",\"name\":\"DLV RADIO\",\"sameAs\":[\"https:\\\/\\\/dlvradio.es\"]}]}<\/script>\n<!-- \/ Yoast SEO plugin. -->","yoast_head_json":{"title":"Sale adelante la reforma laboral por un solo voto - DLVRADIO","description":"El Congreso de los Diputados aprueba la reforma laboral por un esca\u00f1o. Los dos diputados de la formaci\u00f3n pol\u00edtica de UPN (Navarra), Sergio Sayas y Carlos","robots":{"index":"index","follow":"follow","max-snippet":"max-snippet:-1","max-image-preview":"max-image-preview:large","max-video-preview":"max-video-preview:-1"},"canonical":"https:\/\/dlvradio.es\/en\/sale-adelante-la-reforma-laboral-por-un-solo-voto\/","og_locale":"en_US","og_type":"article","og_title":"Sale adelante la reforma laboral por un solo voto - DLVRADIO","og_description":"El Congreso de los Diputados aprueba la reforma laboral por un esca\u00f1o. Los dos diputados de la formaci\u00f3n pol\u00edtica de UPN (Navarra), Sergio Sayas y Carlos","og_url":"https:\/\/dlvradio.es\/en\/sale-adelante-la-reforma-laboral-por-un-solo-voto\/","og_site_name":"DLVRADIO","article_publisher":"https:\/\/www.facebook.com\/RadioDLVradio\/","article_published_time":"2022-02-03T19:12:00+00:00","og_image":[{"width":1511,"height":1511,"url":"https:\/\/dlvradio.es\/wp-content\/uploads\/2022\/02\/Parlamento-de-Espana.jpg","type":"image\/jpeg"}],"author":"DLV RADIO","twitter_card":"summary_large_image","twitter_creator":"@RadioDlvradio","twitter_site":"@RadioDlvradio","schema":{"@context":"https:\/\/schema.org","@graph":[{"@type":"Article","@id":"https:\/\/dlvradio.es\/sale-adelante-la-reforma-laboral-por-un-solo-voto\/#article","isPartOf":{"@id":"https:\/\/dlvradio.es\/sale-adelante-la-reforma-laboral-por-un-solo-voto\/"},"author":{"name":"DLV RADIO","@id":"https:\/\/dlvradio.es\/#\/schema\/person\/7d533f9f89b13e3a3f2ba7f67d6412de"},"headline":"Sale adelante la reforma laboral por un solo voto","datePublished":"2022-02-03T19:12:00+00:00","mainEntityOfPage":{"@id":"https:\/\/dlvradio.es\/sale-adelante-la-reforma-laboral-por-un-solo-voto\/"},"wordCount":232,"commentCount":0,"publisher":{"@id":"https:\/\/dlvradio.es\/#organization"},"image":{"@id":"https:\/\/dlvradio.es\/sale-adelante-la-reforma-laboral-por-un-solo-voto\/#primaryimage"},"thumbnailUrl":"https:\/\/dlvradio.es\/wp-content\/uploads\/2022\/02\/Parlamento-de-Espana.jpg","keywords":["Espa\u00f1a"],"articleSection":["Informativos"],"inLanguage":"en-US"},{"@type":"WebPage","@id":"https:\/\/dlvradio.es\/sale-adelante-la-reforma-laboral-por-un-solo-voto\/","url":"https:\/\/dlvradio.es\/sale-adelante-la-reforma-laboral-por-un-solo-voto\/","name":"Sale adelante la reforma laboral por un solo voto - DLVRADIO","isPartOf":{"@id":"https:\/\/dlvradio.es\/#website"},"primaryImageOfPage":{"@id":"https:\/\/dlvradio.es\/sale-adelante-la-reforma-laboral-por-un-solo-voto\/#primaryimage"},"image":{"@id":"https:\/\/dlvradio.es\/sale-adelante-la-reforma-laboral-por-un-solo-voto\/#primaryimage"},"thumbnailUrl":"https:\/\/dlvradio.es\/wp-content\/uploads\/2022\/02\/Parlamento-de-Espana.jpg","datePublished":"2022-02-03T19:12:00+00:00","description":"El Congreso de los Diputados aprueba la reforma laboral por un esca\u00f1o. Los dos diputados de la formaci\u00f3n pol\u00edtica de UPN (Navarra), Sergio Sayas y Carlos","breadcrumb":{"@id":"https:\/\/dlvradio.es\/sale-adelante-la-reforma-laboral-por-un-solo-voto\/#breadcrumb"},"inLanguage":"en-US","potentialAction":[{"@type":"ReadAction","target":["https:\/\/dlvradio.es\/sale-adelante-la-reforma-laboral-por-un-solo-voto\/"]}]},{"@type":"ImageObject","inLanguage":"en-US","@id":"https:\/\/dlvradio.es\/sale-adelante-la-reforma-laboral-por-un-solo-voto\/#primaryimage","url":"https:\/\/dlvradio.es\/wp-content\/uploads\/2022\/02\/Parlamento-de-Espana.jpg","contentUrl":"https:\/\/dlvradio.es\/wp-content\/uploads\/2022\/02\/Parlamento-de-Espana.jpg","width":1511,"height":1511,"caption":"Parlamento de Espa\u00f1a"},{"@type":"BreadcrumbList","@id":"https:\/\/dlvradio.es\/sale-adelante-la-reforma-laboral-por-un-solo-voto\/#breadcrumb","itemListElement":[{"@type":"ListItem","position":1,"name":"Inicio","item":"https:\/\/dlvradio.es\/"},{"@type":"ListItem","position":2,"name":"Sale adelante la reforma laboral por un solo voto"}]},{"@type":"WebSite","@id":"https:\/\/dlvradio.es\/#website","url":"https:\/\/dlvradio.es\/","name":"DLVRADIO","description":"We are an alternative media to traditional media","publisher":{"@id":"https:\/\/dlvradio.es\/#organization"},"potentialAction":[{"@type":"SearchAction","target":{"@type":"EntryPoint","urlTemplate":"https:\/\/dlvradio.es\/?s={search_term_string}"},"query-input":{"@type":"PropertyValueSpecification","valueRequired":true,"valueName":"search_term_string"}}],"inLanguage":"en-US"},{"@type":"Organization","@id":"https:\/\/dlvradio.es\/#organization","name":"DLVRADIO","url":"https:\/\/dlvradio.es\/","logo":{"@type":"ImageObject","inLanguage":"en-US","@id":"https:\/\/dlvradio.es\/#\/schema\/logo\/image\/","url":"","contentUrl":"","caption":"DLVRADIO"},"image":{"@id":"https:\/\/dlvradio.es\/#\/schema\/logo\/image\/"},"sameAs":["https:\/\/www.facebook.com\/RadioDLVradio\/","https:\/\/x.com\/RadioDlvradio","https:\/\/www.instagram.com\/radiodlvradio\/"]},{"@type":"Person","@id":"https:\/\/dlvradio.es\/#\/schema\/person\/7d533f9f89b13e3a3f2ba7f67d6412de","name":"DLV RADIO","sameAs":["https:\/\/dlvradio.es"]}]}},"_links":{"self":[{"href":"https:\/\/dlvradio.es\/en\/wp-json\/wp\/v2\/posts\/71088","targetHints":{"allow":["GET"]}}],"collection":[{"href":"https:\/\/dlvradio.es\/en\/wp-json\/wp\/v2\/posts"}],"about":[{"href":"https:\/\/dlvradio.es\/en\/wp-json\/wp\/v2\/types\/post"}],"author":[{"embeddable":true,"href":"https:\/\/dlvradio.es\/en\/wp-json\/wp\/v2\/users\/4"}],"replies":[{"embeddable":true,"href":"https:\/\/dlvradio.es\/en\/wp-json\/wp\/v2\/comments?post=71088"}],"version-history":[{"count":0,"href":"https:\/\/dlvradio.es\/en\/wp-json\/wp\/v2\/posts\/71088\/revisions"}],"wp:featuredmedia":[{"embeddable":true,"href":"https:\/\/dlvradio.es\/en\/wp-json\/wp\/v2\/media\/71089"}],"wp:attachment":[{"href":"https:\/\/dlvradio.es\/en\/wp-json\/wp\/v2\/media?parent=71088"}],"wp:term":[{"taxonomy":"category","embeddable":true,"href":"https:\/\/dlvradio.es\/en\/wp-json\/wp\/v2\/categories?post=71088"},{"taxonomy":"post_tag","embeddable":true,"href":"https:\/\/dlvradio.es\/en\/wp-json\/wp\/v2\/tags?post=71088"}],"curies":[{"name":"wp","href":"https:\/\/api.w.org\/{rel}","templated":true}]}}