{"id":71090,"date":"2022-02-04T09:08:00","date_gmt":"2022-02-04T08:08:00","guid":{"rendered":"https:\/\/dlvradio.es\/las-organizaciones-ecologistas-reclaman-al-gobierno-que-frene-la-destruccion-de-bosques\/"},"modified":"2022-02-04T09:08:00","modified_gmt":"2022-02-04T08:08:00","slug":"las-organizaciones-ecologistas-reclaman-al-gobierno-que-frene-la-destruccion-de-bosques","status":"publish","type":"post","link":"https:\/\/dlvradio.es\/en\/las-organizaciones-ecologistas-reclaman-al-gobierno-que-frene-la-destruccion-de-bosques\/","title":{"rendered":"Las organizaciones ecologistas reclaman al Gobierno que frene la destrucci\u00f3n de bosques"},"content":{"rendered":"<h5><strong><img decoding=\"async\" class=\"alignleft wp-image-8766 size-thumbnail\" src=\"https:\/\/dlvradio.es\/copia\/wp-content\/uploads\/2022\/02\/Las-organizaciones-ecologistas-reclaman-al-Gobierno-que-frene-la-destruccion-de-bosques-150x150.jpg\" alt=\"\" width=\"150\" height=\"150\" \/>Organizaciones ecologistas y de justicia global reclaman al Gobierno que frene la destrucci\u00f3n de bosques en el mundo.<\/strong><\/h5>\n<ul>\n<li>\n<h6>Amigos de la Tierra, Ecologistas en Acci\u00f3n, Greenpeace, Mighty Earth, SEO\/BirdLife, WWF y la Coordinadora de Organizaciones para el Desarrollo, se han sumado esta semana a las acciones celebradas en toda Europa de \u201cTogether for forests\u201d (\u00abNo te comas el bosque\u00bb, en su versi\u00f3n en espa\u00f1ol) para reclamar una actitud responsable por parte de la UE ante la alarmante p\u00e9rdida de bosques en el mundo.<\/h6>\n<\/li>\n<li>\n<h6>En Espa\u00f1a se ha desplegado una pancarta con el mensaje \u201cCada 2 segundos perdemos un campo de f\u00fatbol. \u00a1Stop deforestaci\u00f3n!\u201d en un campo de f\u00fatbol del Sur de la ciudad de Madrid.<\/h6>\n<\/li>\n<li>\n<h6>Para facilitar la participaci\u00f3n ciudadana en la mejora de la ley de deforestaci\u00f3n, las organizaciones han creado una herramienta online para pedir al Gobierno espa\u00f1ol que asegure que la cesta de la compra no est\u00e1 relacionada con la destrucci\u00f3n de la naturaleza o el abuso de los derechos humanos.<\/h6>\n<\/li>\n<li>\n<h6>Las pr\u00f3ximas reuniones del Consejo de ministros europeos de Agricultura y de Medio Ambiente son clave para corregir los puntos d\u00e9biles de la propuesta de reglamento europeo sobre deforestaci\u00f3n importada.<\/h6>\n<\/li>\n<\/ul>\n<p>La campa\u00f1a internacional <a href=\"https:\/\/together4forests.eu\/about\/about-together4forests\">#Together4Forests<\/a> (#NoTeComasElBosque en su versi\u00f3n en espa\u00f1ol) exige a los Estados miembro de la UE que pongan fin a la destrucci\u00f3n de los bosques y de otros ecosistemas asociada a la importaci\u00f3n de materias primas y productos de terceros pa\u00edses,\u00a0 problema conocido como deforestaci\u00f3n importada. Tambi\u00e9n se exige que los productos que entren en el mercado europeo aseguren la protecci\u00f3n de los derechos humanos, de las comunidades locales, y de las personas defensoras de ellos.<\/p>\n<p>Con motivo de las pr\u00f3ximas reuniones de las ministras y los ministros de Agricultura y de Medio Ambiente de la UE en febrero y marzo, respectivamente, para debatir la \u201cPropuesta de Reglamento relativo a la comercializaci\u00f3n de determinados productos asociados a la deforestaci\u00f3n y la degradaci\u00f3n forestal\u201d, las organizaciones ecologistas y sociales llaman la atenci\u00f3n\u00a0 del Ministerio para la\u00a0 Transici\u00f3n Ecol\u00f3gica y el Reto Demogr\u00e1fico, y del Ministerio de Agricultura, Pesca y Alimentaci\u00f3n, para reclamar ambici\u00f3n y rigurosidad en la negociaci\u00f3n del Reglamento.<\/p>\n<p>Desde Suecia hasta Ruman\u00eda, pasando por Espa\u00f1a, activistas de toda Europa han tomado fotos a\u00e9reas para denunciar el ritmo con el que est\u00e1n desapareciendo los bosques del mundo \u2013un \u00e1rea del tama\u00f1o de un campo de f\u00fatbol cada dos segundos\u2013 en parte debido al consumo europeo de productos procedentes de las zonas deforestadas. En Madrid se ha desplegado una pancarta en un campo de f\u00fatbol en la que se ha podido leer: \u201cCada 2 segundos perdemos un campo de f\u00fatbol. \u00a1Stop deforestaci\u00f3n!\u201d.<\/p>\n<p>Adem\u00e1s, para facilitar la participaci\u00f3n ciudadana en este debate, las organizaciones ecologistas han creado una herramienta online a trav\u00e9s de la cual se puede solicitar al Gobierno espa\u00f1ol la mejora del reglamento y coherencia de pol\u00edticas para cumplir con los acuerdos internacionales suscritos en materia de cambio clim\u00e1tico, biodiversidad y derechos humanos.<\/p>\n<p>La Comisi\u00f3n Europea public\u00f3 el 17 de noviembre de 2021 un proyecto de ley sobre la deforestaci\u00f3n importada, tras una consulta p\u00fablica en la que participaron m\u00e1s de un mill\u00f3n de personas y m\u00e1s de 160 organizaciones de la coalici\u00f3n #Together4Forests solicitando que se protejan los derechos humanos, los bosques y otros ecosistemas de los impactos del comercio europeo y que las inversiones de los bancos europeos se desvinculen tambi\u00e9n de estas pr\u00e1cticas destructivas. La propuesta de la Comisi\u00f3n exigir\u00eda por primera vez a las empresas que venden determinados productos en la UE que demuestren que sus cadenas de suministro no destruyen bosques.<\/p>\n<p>Las organizaciones ecologistas y de justicia global valoran como un importante avance el borrador legislativo, pero lamentan que no incluya otras materias primas como el caucho, el ma\u00edz y la ca\u00f1a de az\u00facar, as\u00ed como otros ecosistemas tambi\u00e9n afectados por su comercio como son las sabanas, los pastizales o los humedales. La propuesta tampoco asegura la protecci\u00f3n efectiva de los derechos humanos de las comunidades que dependen de estos ecosistemas.<\/p>\n<p>Para WWF, Greenpeace, Amigos de la Tierra, Mighty Earth, SEO\/BirdLife y Ecologistas en Acci\u00f3n, y la Coordinadora de ONGD, \u00abEspa\u00f1a es el tercer pa\u00eds dentro de la UE con mayor consumo de productos vinculados a la destrucci\u00f3n de los bosques. No podemos mirar hacia otro lado. Necesitamos que, en las negociaciones del reglamento, Espa\u00f1a est\u00e9 a la altura del desaf\u00edo y defienda un texto que no reduzca su ambici\u00f3n y que fortalezca las importantes lagunas que presenta la actual propuesta. Este reglamento supone una ocasi\u00f3n sin precedentes para apostar por modelos productivos libres de destrucci\u00f3n de la naturaleza. Por eso, pedimos tambi\u00e9n a la ciudadan\u00eda que nos ayude a hacer de altavoz de esta petici\u00f3n a trav\u00e9s de la herramienta online que hemos creado. Necesitamos que los responsables de las negociaciones sepan que la ciudadan\u00eda quiere cestas de la compra libres de destrucci\u00f3n de la naturaleza y de violaciones de los DDHH\u201d.<\/p>\n<p><strong>Pr\u00f3ximos pasos<\/strong><\/p>\n<p>El 21 de febrero y el 17 de marzo, las ministras y los ministros de Agricultura y de Medio Ambiente de la UE, respectivamente, examinar\u00e1n y debatir\u00e1n esta propuesta de reglamento. El Gobierno franc\u00e9s a cargo de estas reuniones ya ha se\u00f1alado que ser\u00e1 una prioridad durante su presidencia del Consejo de la UE.<\/p>\n<p>El Parlamento Europeo tambi\u00e9n ha designado a los principales diputados que dirigir\u00e1n los debates sobre la ley y llevar\u00e1n a cabo las negociaciones durante la primavera.<\/p>","protected":false},"excerpt":{"rendered":"<p>Organizaciones ecologistas y de justicia global reclaman al Gobierno que frene la destrucci\u00f3n de bosques en el mundo. Amigos de la Tierra, Ecologistas en Acci\u00f3n, Greenpeace, Mighty Earth, SEO\/BirdLife, WWF y la Coordinadora de Organizaciones para el Desarrollo, se han sumado esta semana a las acciones celebradas en toda Europa de \u201cTogether for forests\u201d (\u00abNo [&hellip;]<\/p>\n","protected":false},"author":4,"featured_media":71091,"comment_status":"open","ping_status":"open","sticky":false,"template":"","format":"standard","meta":{"_acf_changed":false,"footnotes":""},"categories":[2711,2465],"tags":[2478,2507],"class_list":["post-71090","post","type-post","status-publish","format-standard","has-post-thumbnail","hentry","category-emergencia-climatica","category-informativos","tag-ecologia","tag-internacional"],"acf":[],"yoast_head":"<!-- This site is optimized with the Yoast SEO plugin v27.4 - https:\/\/yoast.com\/product\/yoast-seo-wordpress\/ -->\n<title>Las organizaciones ecologistas reclaman al Gobierno que frene la destrucci\u00f3n de bosques - DLVRADIO<\/title>\n<meta name=\"description\" content=\"Organizaciones ecologistas y de justicia global reclaman al Gobierno que frene la destrucci\u00f3n de bosques en el mundo. Amigos de la Tierra, Ecologistas en\" \/>\n<meta name=\"robots\" content=\"index, follow, max-snippet:-1, max-image-preview:large, max-video-preview:-1\" \/>\n<link rel=\"canonical\" href=\"https:\/\/dlvradio.es\/en\/las-organizaciones-ecologistas-reclaman-al-gobierno-que-frene-la-destruccion-de-bosques\/\" \/>\n<meta property=\"og:locale\" content=\"en_US\" \/>\n<meta property=\"og:type\" content=\"article\" \/>\n<meta property=\"og:title\" content=\"Las organizaciones ecologistas reclaman al Gobierno que frene la destrucci\u00f3n de bosques - DLVRADIO\" \/>\n<meta property=\"og:description\" content=\"Organizaciones ecologistas y de justicia global reclaman al Gobierno que frene la destrucci\u00f3n de bosques en el mundo. Amigos de la Tierra, Ecologistas en\" \/>\n<meta property=\"og:url\" content=\"https:\/\/dlvradio.es\/en\/las-organizaciones-ecologistas-reclaman-al-gobierno-que-frene-la-destruccion-de-bosques\/\" \/>\n<meta property=\"og:site_name\" content=\"DLVRADIO\" \/>\n<meta property=\"article:publisher\" content=\"https:\/\/www.facebook.com\/RadioDLVradio\/\" \/>\n<meta property=\"article:published_time\" content=\"2022-02-04T08:08:00+00:00\" \/>\n<meta property=\"og:image\" content=\"https:\/\/dlvradio.es\/wp-content\/uploads\/2022\/02\/Las-organizaciones-ecologistas-reclaman-al-Gobierno-que-frene-la-destruccion-de-bosques.jpg\" \/>\n\t<meta property=\"og:image:width\" content=\"1511\" \/>\n\t<meta property=\"og:image:height\" content=\"1511\" \/>\n\t<meta property=\"og:image:type\" content=\"image\/jpeg\" \/>\n<meta name=\"author\" content=\"DLV RADIO\" \/>\n<meta name=\"twitter:card\" content=\"summary_large_image\" \/>\n<meta name=\"twitter:creator\" content=\"@RadioDlvradio\" \/>\n<meta name=\"twitter:site\" content=\"@RadioDlvradio\" \/>\n<script type=\"application\/ld+json\" class=\"yoast-schema-graph\">{\"@context\":\"https:\\\/\\\/schema.org\",\"@graph\":[{\"@type\":\"Article\",\"@id\":\"https:\\\/\\\/dlvradio.es\\\/las-organizaciones-ecologistas-reclaman-al-gobierno-que-frene-la-destruccion-de-bosques\\\/#article\",\"isPartOf\":{\"@id\":\"https:\\\/\\\/dlvradio.es\\\/las-organizaciones-ecologistas-reclaman-al-gobierno-que-frene-la-destruccion-de-bosques\\\/\"},\"author\":{\"name\":\"DLV RADIO\",\"@id\":\"https:\\\/\\\/dlvradio.es\\\/#\\\/schema\\\/person\\\/7d533f9f89b13e3a3f2ba7f67d6412de\"},\"headline\":\"Las organizaciones ecologistas reclaman al Gobierno que frene la destrucci\u00f3n de bosques\",\"datePublished\":\"2022-02-04T08:08:00+00:00\",\"mainEntityOfPage\":{\"@id\":\"https:\\\/\\\/dlvradio.es\\\/las-organizaciones-ecologistas-reclaman-al-gobierno-que-frene-la-destruccion-de-bosques\\\/\"},\"wordCount\":996,\"commentCount\":0,\"publisher\":{\"@id\":\"https:\\\/\\\/dlvradio.es\\\/#organization\"},\"image\":{\"@id\":\"https:\\\/\\\/dlvradio.es\\\/las-organizaciones-ecologistas-reclaman-al-gobierno-que-frene-la-destruccion-de-bosques\\\/#primaryimage\"},\"thumbnailUrl\":\"https:\\\/\\\/dlvradio.es\\\/wp-content\\\/uploads\\\/2022\\\/02\\\/Las-organizaciones-ecologistas-reclaman-al-Gobierno-que-frene-la-destruccion-de-bosques.jpg\",\"keywords\":[\"ecolog\u00eda\",\"internacional\"],\"articleSection\":[\"Emergencia clim\u00e1tica\",\"Informativos\"],\"inLanguage\":\"en-US\"},{\"@type\":\"WebPage\",\"@id\":\"https:\\\/\\\/dlvradio.es\\\/las-organizaciones-ecologistas-reclaman-al-gobierno-que-frene-la-destruccion-de-bosques\\\/\",\"url\":\"https:\\\/\\\/dlvradio.es\\\/las-organizaciones-ecologistas-reclaman-al-gobierno-que-frene-la-destruccion-de-bosques\\\/\",\"name\":\"Las organizaciones ecologistas reclaman al Gobierno que frene la destrucci\u00f3n de bosques - DLVRADIO\",\"isPartOf\":{\"@id\":\"https:\\\/\\\/dlvradio.es\\\/#website\"},\"primaryImageOfPage\":{\"@id\":\"https:\\\/\\\/dlvradio.es\\\/las-organizaciones-ecologistas-reclaman-al-gobierno-que-frene-la-destruccion-de-bosques\\\/#primaryimage\"},\"image\":{\"@id\":\"https:\\\/\\\/dlvradio.es\\\/las-organizaciones-ecologistas-reclaman-al-gobierno-que-frene-la-destruccion-de-bosques\\\/#primaryimage\"},\"thumbnailUrl\":\"https:\\\/\\\/dlvradio.es\\\/wp-content\\\/uploads\\\/2022\\\/02\\\/Las-organizaciones-ecologistas-reclaman-al-Gobierno-que-frene-la-destruccion-de-bosques.jpg\",\"datePublished\":\"2022-02-04T08:08:00+00:00\",\"description\":\"Organizaciones ecologistas y de justicia global reclaman al Gobierno que frene la destrucci\u00f3n de bosques en el mundo. Amigos de la Tierra, Ecologistas en\",\"breadcrumb\":{\"@id\":\"https:\\\/\\\/dlvradio.es\\\/las-organizaciones-ecologistas-reclaman-al-gobierno-que-frene-la-destruccion-de-bosques\\\/#breadcrumb\"},\"inLanguage\":\"en-US\",\"potentialAction\":[{\"@type\":\"ReadAction\",\"target\":[\"https:\\\/\\\/dlvradio.es\\\/las-organizaciones-ecologistas-reclaman-al-gobierno-que-frene-la-destruccion-de-bosques\\\/\"]}]},{\"@type\":\"ImageObject\",\"inLanguage\":\"en-US\",\"@id\":\"https:\\\/\\\/dlvradio.es\\\/las-organizaciones-ecologistas-reclaman-al-gobierno-que-frene-la-destruccion-de-bosques\\\/#primaryimage\",\"url\":\"https:\\\/\\\/dlvradio.es\\\/wp-content\\\/uploads\\\/2022\\\/02\\\/Las-organizaciones-ecologistas-reclaman-al-Gobierno-que-frene-la-destruccion-de-bosques.jpg\",\"contentUrl\":\"https:\\\/\\\/dlvradio.es\\\/wp-content\\\/uploads\\\/2022\\\/02\\\/Las-organizaciones-ecologistas-reclaman-al-Gobierno-que-frene-la-destruccion-de-bosques.jpg\",\"width\":1511,\"height\":1511,\"caption\":\"Las organizaciones ecologistas reclaman al Gobierno que frene la destrucci\u00f3n de bosques\"},{\"@type\":\"BreadcrumbList\",\"@id\":\"https:\\\/\\\/dlvradio.es\\\/las-organizaciones-ecologistas-reclaman-al-gobierno-que-frene-la-destruccion-de-bosques\\\/#breadcrumb\",\"itemListElement\":[{\"@type\":\"ListItem\",\"position\":1,\"name\":\"Inicio\",\"item\":\"https:\\\/\\\/dlvradio.es\\\/\"},{\"@type\":\"ListItem\",\"position\":2,\"name\":\"Las organizaciones ecologistas reclaman al Gobierno que frene la destrucci\u00f3n de bosques\"}]},{\"@type\":\"WebSite\",\"@id\":\"https:\\\/\\\/dlvradio.es\\\/#website\",\"url\":\"https:\\\/\\\/dlvradio.es\\\/\",\"name\":\"DLVRADIO\",\"description\":\"Somos un medio de comunicaci\u00f3n alternativo a los medios tradicionales\",\"publisher\":{\"@id\":\"https:\\\/\\\/dlvradio.es\\\/#organization\"},\"potentialAction\":[{\"@type\":\"SearchAction\",\"target\":{\"@type\":\"EntryPoint\",\"urlTemplate\":\"https:\\\/\\\/dlvradio.es\\\/?s={search_term_string}\"},\"query-input\":{\"@type\":\"PropertyValueSpecification\",\"valueRequired\":true,\"valueName\":\"search_term_string\"}}],\"inLanguage\":\"en-US\"},{\"@type\":\"Organization\",\"@id\":\"https:\\\/\\\/dlvradio.es\\\/#organization\",\"name\":\"DLVRADIO\",\"url\":\"https:\\\/\\\/dlvradio.es\\\/\",\"logo\":{\"@type\":\"ImageObject\",\"inLanguage\":\"en-US\",\"@id\":\"https:\\\/\\\/dlvradio.es\\\/#\\\/schema\\\/logo\\\/image\\\/\",\"url\":\"\",\"contentUrl\":\"\",\"caption\":\"DLVRADIO\"},\"image\":{\"@id\":\"https:\\\/\\\/dlvradio.es\\\/#\\\/schema\\\/logo\\\/image\\\/\"},\"sameAs\":[\"https:\\\/\\\/www.facebook.com\\\/RadioDLVradio\\\/\",\"https:\\\/\\\/x.com\\\/RadioDlvradio\",\"https:\\\/\\\/www.instagram.com\\\/radiodlvradio\\\/\"]},{\"@type\":\"Person\",\"@id\":\"https:\\\/\\\/dlvradio.es\\\/#\\\/schema\\\/person\\\/7d533f9f89b13e3a3f2ba7f67d6412de\",\"name\":\"DLV RADIO\",\"sameAs\":[\"https:\\\/\\\/dlvradio.es\"]}]}<\/script>\n<!-- \/ Yoast SEO plugin. -->","yoast_head_json":{"title":"Las organizaciones ecologistas reclaman al Gobierno que frene la destrucci\u00f3n de bosques - DLVRADIO","description":"Organizaciones ecologistas y de justicia global reclaman al Gobierno que frene la destrucci\u00f3n de bosques en el mundo. Amigos de la Tierra, Ecologistas en","robots":{"index":"index","follow":"follow","max-snippet":"max-snippet:-1","max-image-preview":"max-image-preview:large","max-video-preview":"max-video-preview:-1"},"canonical":"https:\/\/dlvradio.es\/en\/las-organizaciones-ecologistas-reclaman-al-gobierno-que-frene-la-destruccion-de-bosques\/","og_locale":"en_US","og_type":"article","og_title":"Las organizaciones ecologistas reclaman al Gobierno que frene la destrucci\u00f3n de bosques - DLVRADIO","og_description":"Organizaciones ecologistas y de justicia global reclaman al Gobierno que frene la destrucci\u00f3n de bosques en el mundo. Amigos de la Tierra, Ecologistas en","og_url":"https:\/\/dlvradio.es\/en\/las-organizaciones-ecologistas-reclaman-al-gobierno-que-frene-la-destruccion-de-bosques\/","og_site_name":"DLVRADIO","article_publisher":"https:\/\/www.facebook.com\/RadioDLVradio\/","article_published_time":"2022-02-04T08:08:00+00:00","og_image":[{"width":1511,"height":1511,"url":"https:\/\/dlvradio.es\/wp-content\/uploads\/2022\/02\/Las-organizaciones-ecologistas-reclaman-al-Gobierno-que-frene-la-destruccion-de-bosques.jpg","type":"image\/jpeg"}],"author":"DLV RADIO","twitter_card":"summary_large_image","twitter_creator":"@RadioDlvradio","twitter_site":"@RadioDlvradio","schema":{"@context":"https:\/\/schema.org","@graph":[{"@type":"Article","@id":"https:\/\/dlvradio.es\/las-organizaciones-ecologistas-reclaman-al-gobierno-que-frene-la-destruccion-de-bosques\/#article","isPartOf":{"@id":"https:\/\/dlvradio.es\/las-organizaciones-ecologistas-reclaman-al-gobierno-que-frene-la-destruccion-de-bosques\/"},"author":{"name":"DLV RADIO","@id":"https:\/\/dlvradio.es\/#\/schema\/person\/7d533f9f89b13e3a3f2ba7f67d6412de"},"headline":"Las organizaciones ecologistas reclaman al Gobierno que frene la destrucci\u00f3n de bosques","datePublished":"2022-02-04T08:08:00+00:00","mainEntityOfPage":{"@id":"https:\/\/dlvradio.es\/las-organizaciones-ecologistas-reclaman-al-gobierno-que-frene-la-destruccion-de-bosques\/"},"wordCount":996,"commentCount":0,"publisher":{"@id":"https:\/\/dlvradio.es\/#organization"},"image":{"@id":"https:\/\/dlvradio.es\/las-organizaciones-ecologistas-reclaman-al-gobierno-que-frene-la-destruccion-de-bosques\/#primaryimage"},"thumbnailUrl":"https:\/\/dlvradio.es\/wp-content\/uploads\/2022\/02\/Las-organizaciones-ecologistas-reclaman-al-Gobierno-que-frene-la-destruccion-de-bosques.jpg","keywords":["ecolog\u00eda","internacional"],"articleSection":["Emergencia clim\u00e1tica","Informativos"],"inLanguage":"en-US"},{"@type":"WebPage","@id":"https:\/\/dlvradio.es\/las-organizaciones-ecologistas-reclaman-al-gobierno-que-frene-la-destruccion-de-bosques\/","url":"https:\/\/dlvradio.es\/las-organizaciones-ecologistas-reclaman-al-gobierno-que-frene-la-destruccion-de-bosques\/","name":"Las organizaciones ecologistas reclaman al Gobierno que frene la destrucci\u00f3n de bosques - DLVRADIO","isPartOf":{"@id":"https:\/\/dlvradio.es\/#website"},"primaryImageOfPage":{"@id":"https:\/\/dlvradio.es\/las-organizaciones-ecologistas-reclaman-al-gobierno-que-frene-la-destruccion-de-bosques\/#primaryimage"},"image":{"@id":"https:\/\/dlvradio.es\/las-organizaciones-ecologistas-reclaman-al-gobierno-que-frene-la-destruccion-de-bosques\/#primaryimage"},"thumbnailUrl":"https:\/\/dlvradio.es\/wp-content\/uploads\/2022\/02\/Las-organizaciones-ecologistas-reclaman-al-Gobierno-que-frene-la-destruccion-de-bosques.jpg","datePublished":"2022-02-04T08:08:00+00:00","description":"Organizaciones ecologistas y de justicia global reclaman al Gobierno que frene la destrucci\u00f3n de bosques en el mundo. Amigos de la Tierra, Ecologistas en","breadcrumb":{"@id":"https:\/\/dlvradio.es\/las-organizaciones-ecologistas-reclaman-al-gobierno-que-frene-la-destruccion-de-bosques\/#breadcrumb"},"inLanguage":"en-US","potentialAction":[{"@type":"ReadAction","target":["https:\/\/dlvradio.es\/las-organizaciones-ecologistas-reclaman-al-gobierno-que-frene-la-destruccion-de-bosques\/"]}]},{"@type":"ImageObject","inLanguage":"en-US","@id":"https:\/\/dlvradio.es\/las-organizaciones-ecologistas-reclaman-al-gobierno-que-frene-la-destruccion-de-bosques\/#primaryimage","url":"https:\/\/dlvradio.es\/wp-content\/uploads\/2022\/02\/Las-organizaciones-ecologistas-reclaman-al-Gobierno-que-frene-la-destruccion-de-bosques.jpg","contentUrl":"https:\/\/dlvradio.es\/wp-content\/uploads\/2022\/02\/Las-organizaciones-ecologistas-reclaman-al-Gobierno-que-frene-la-destruccion-de-bosques.jpg","width":1511,"height":1511,"caption":"Las organizaciones ecologistas reclaman al Gobierno que frene la destrucci\u00f3n de bosques"},{"@type":"BreadcrumbList","@id":"https:\/\/dlvradio.es\/las-organizaciones-ecologistas-reclaman-al-gobierno-que-frene-la-destruccion-de-bosques\/#breadcrumb","itemListElement":[{"@type":"ListItem","position":1,"name":"Inicio","item":"https:\/\/dlvradio.es\/"},{"@type":"ListItem","position":2,"name":"Las organizaciones ecologistas reclaman al Gobierno que frene la destrucci\u00f3n de bosques"}]},{"@type":"WebSite","@id":"https:\/\/dlvradio.es\/#website","url":"https:\/\/dlvradio.es\/","name":"DLVRADIO","description":"We are an alternative media to traditional media","publisher":{"@id":"https:\/\/dlvradio.es\/#organization"},"potentialAction":[{"@type":"SearchAction","target":{"@type":"EntryPoint","urlTemplate":"https:\/\/dlvradio.es\/?s={search_term_string}"},"query-input":{"@type":"PropertyValueSpecification","valueRequired":true,"valueName":"search_term_string"}}],"inLanguage":"en-US"},{"@type":"Organization","@id":"https:\/\/dlvradio.es\/#organization","name":"DLVRADIO","url":"https:\/\/dlvradio.es\/","logo":{"@type":"ImageObject","inLanguage":"en-US","@id":"https:\/\/dlvradio.es\/#\/schema\/logo\/image\/","url":"","contentUrl":"","caption":"DLVRADIO"},"image":{"@id":"https:\/\/dlvradio.es\/#\/schema\/logo\/image\/"},"sameAs":["https:\/\/www.facebook.com\/RadioDLVradio\/","https:\/\/x.com\/RadioDlvradio","https:\/\/www.instagram.com\/radiodlvradio\/"]},{"@type":"Person","@id":"https:\/\/dlvradio.es\/#\/schema\/person\/7d533f9f89b13e3a3f2ba7f67d6412de","name":"DLV RADIO","sameAs":["https:\/\/dlvradio.es"]}]}},"_links":{"self":[{"href":"https:\/\/dlvradio.es\/en\/wp-json\/wp\/v2\/posts\/71090","targetHints":{"allow":["GET"]}}],"collection":[{"href":"https:\/\/dlvradio.es\/en\/wp-json\/wp\/v2\/posts"}],"about":[{"href":"https:\/\/dlvradio.es\/en\/wp-json\/wp\/v2\/types\/post"}],"author":[{"embeddable":true,"href":"https:\/\/dlvradio.es\/en\/wp-json\/wp\/v2\/users\/4"}],"replies":[{"embeddable":true,"href":"https:\/\/dlvradio.es\/en\/wp-json\/wp\/v2\/comments?post=71090"}],"version-history":[{"count":0,"href":"https:\/\/dlvradio.es\/en\/wp-json\/wp\/v2\/posts\/71090\/revisions"}],"wp:featuredmedia":[{"embeddable":true,"href":"https:\/\/dlvradio.es\/en\/wp-json\/wp\/v2\/media\/71091"}],"wp:attachment":[{"href":"https:\/\/dlvradio.es\/en\/wp-json\/wp\/v2\/media?parent=71090"}],"wp:term":[{"taxonomy":"category","embeddable":true,"href":"https:\/\/dlvradio.es\/en\/wp-json\/wp\/v2\/categories?post=71090"},{"taxonomy":"post_tag","embeddable":true,"href":"https:\/\/dlvradio.es\/en\/wp-json\/wp\/v2\/tags?post=71090"}],"curies":[{"name":"wp","href":"https:\/\/api.w.org\/{rel}","templated":true}]}}