{"id":71103,"date":"2022-02-09T13:18:32","date_gmt":"2022-02-09T12:18:32","guid":{"rendered":"https:\/\/dlvradio.es\/conservando-los-insectos-se-detendra-la-perdida-de-biodiversidad\/"},"modified":"2022-02-09T13:18:32","modified_gmt":"2022-02-09T12:18:32","slug":"conservando-los-insectos-se-detendra-la-perdida-de-biodiversidad","status":"publish","type":"post","link":"https:\/\/dlvradio.es\/en\/conservando-los-insectos-se-detendra-la-perdida-de-biodiversidad\/","title":{"rendered":"Conserving insects will stop the loss of biodiversity"},"content":{"rendered":"<iframe src=\"https:\/\/www.ivoox.com\/player_ej_82028936_6_1.html?c1=0ebeb7\" width=\"100%\" height=\"200\" frameborder=\"0\" allowfullscreen=\"\" scrolling=\"no\" loading=\"lazy\"><\/iframe>\n\n\n<h5><strong><img decoding=\"async\" class=\"alignleft wp-image-8811 size-thumbnail\" src=\"https:\/\/dlvradio.es\/wp-content\/uploads\/2022\/02\/Conservando-los-insectos-se-detendra-la-perdida-de-biodiversidad-150x150.jpg\" alt=\"\" width=\"150\" height=\"150\" \/>Conservando los insectos se detendr\u00e1 la p\u00e9rdida de biodiversidad.<\/strong><\/h5>\n<ul>\n<li>\n<h6>La Asociaci\u00f3n Espa\u00f1ola de Entomolog\u00eda y Ecologistas en Acci\u00f3n presentan el informe \u2018An\u00e1lisis de la situaci\u00f3n y propuestas para la conservaci\u00f3n de los insectos\u2019.<\/h6>\n<\/li>\n<li>\n<h6>Los objetivos del estudio son la concienciaci\u00f3n social y lograr que desde las administraciones se adopten las medidas recomendadas por m\u00faltiples estudios cient\u00edficos.<\/h6>\n<\/li>\n<li>\n<h6>Estas medidas favorecen la recuperaci\u00f3n de las diezmadas poblaciones de insectos, lo cual repercutir\u00e1 muy positivamente en la conservaci\u00f3n de aves, mam\u00edferos, reptiles y toda la biodiversidad, y por tanto en el bienestar del planeta.<\/h6>\n<\/li>\n<\/ul>\n<p>\u2018An\u00e1lisis de la situaci\u00f3n y propuestas para la conservaci\u00f3n de los insectos\u2019 estudia la importancia ecol\u00f3gica, econ\u00f3mica y las principales amenazas de los insectos, de los cuales se conocen algo m\u00e1s de un mill\u00f3n de especies. Son el grupo m\u00e1s abundante y diverso de seres vivos y forman parte del patrimonio cultural y natural de la humanidad. Por lo menos, dos de cada tres especies de animales son insectos. Por cada persona existen 300 millones de individuos de estos animales, que han colonizado todos los medios (a\u00e9reo, terrestre y acu\u00e1tico), llegando a grandes altitudes en las monta\u00f1as. Se reparten, desde el Ecuador hasta los Polos, a lo largo de todas las latitudes del planeta.<\/p>\n<p>Los insectos juegan valiosos papeles en los ecosistemas y en los seres vivos. Desempe\u00f1an roles clave en la polinizaci\u00f3n, en la descomposici\u00f3n de residuos, en los procesos de formaci\u00f3n del suelo y del reciclaje de nutrientes, en las cadenas tr\u00f3ficas como presas o como depredadores y parasitoides, actuando en la lucha biol\u00f3gica contra especies plaga, lo que reduce la necesidad de aplicaci\u00f3n de insecticidas. Tambi\u00e9n proporcionan alimentos y otros productos como biocombustibles o fibras, y son esenciales en los medios dulceacu\u00edcolas, en r\u00edos, lagos, etc., donde son bioindicadores de calidad, al ser sensibles a la alteraci\u00f3n de las aguas. Estos y muchos otros servicios irremplazables suelen ser desconocidos por la sociedad. En ocasiones tambi\u00e9n son infravalorados o menospreciados. Esta percepci\u00f3n negativa es err\u00f3nea e injusta. No son m\u00e1s de un 2 % los insectos que pueden causar problemas.<\/p>\n<p>En t\u00e9rminos econ\u00f3micos su valor es alt\u00edsimo: los polinizadores, es decir, las miles de especies de abejas, mariposas, algunos parientes de las moscas (d\u00edpteros) y varios escarabajos, materializan el servicio de polinizaci\u00f3n de la mayor\u00eda de plantas silvestres y de los cultivos agr\u00edcolas. Seg\u00fan la FAO, se estima que la producci\u00f3n agr\u00edcola mundial que depende directamente de estos insectos supone beneficios crecientes de entre 235.000 y 577.000 millones de d\u00f3lares al a\u00f1o o 2.400 millones de euros de valor asociado a la agricultura espa\u00f1ola.<\/p>\n<p>Las alarmas sobre la desaparici\u00f3n de los insectos saltaron al gran p\u00fablico en 2017. Un art\u00edculo de cient\u00edficos alemanes probaba que, en los \u00faltimos 27 a\u00f1os, se hab\u00eda reducido m\u00e1s del 75 % de la biomasa de insectos voladores en \u00e1reas protegidas de Alemania, lo que tuvo gran repercusi\u00f3n medi\u00e1tica. Se estima que, a nivel mundial, el 40 % de las especies de polinizadores se encuentra en peligro de extinci\u00f3n. En Europa, lo est\u00e1n el 9 % de las especies de abejas, incluidos los abejorros, que son los mejores polinizadores. En EE UU, entre 2008 y 2013, se produjo un descenso del 23 % de las abejas silvestres en las principales \u00e1reas de cultivo del pa\u00eds. De los escarabajos polinizadores, solo 10 especies est\u00e1n recogidas en las listas rojas de Espa\u00f1a y\/o Europa. Se estima que las mariposas diurnas han experimentado descensos del 30 % en los \u00faltimos 30 a\u00f1os en Europa. M\u00e1s a\u00fan, desde 2008 a 2017, en zonas de pasto y bosque, se ha pasado de 100 especies de insectos a 33. El origen est\u00e1 en el modelo de producci\u00f3n y consumo actual: por el cambio en los usos de suelo, por la agricultura y la expansi\u00f3n urban\u00edstica y de infraestructuras, por el uso de biocidas (herbicidas, fungicidas e insecticidas), por la deforestaci\u00f3n y la p\u00e9rdida de h\u00e1bitat, especialmente de pastos y praderas, aparte de los otros factores de declive como lo son diferentes agentes pat\u00f3genos, la introducci\u00f3n de especies invasoras o el calentamiento clim\u00e1tico. Todo ello pone en riesgo la biodiversidad de los ecosistemas terrestres, el abastecimiento mundial y su valor econ\u00f3mico.<\/p>\n<p>La adopci\u00f3n de medidas concretas para frenar su extinci\u00f3n debe considerarse como uno de los grandes retos ambientales, especialmente teniendo en cuenta que son miles las especies de vertebrados e invertebrados que se alimentan o que dependen de ellos. Sin insectos se perder\u00eda\u00a0 gran parte de la biodiversidad mundial. Por ello, Ecologistas en Acci\u00f3n y la Asociaci\u00f3n Espa\u00f1ola de Entomolog\u00eda animan a las diferentes administraciones a aplicar una serie de propuestas concretas que, de adoptarse en espacios verdes p\u00fablicos y privados, lograr\u00edan frenar el actual declive de los insectos.<\/p>\n<p><strong>Estas medidas se agrupan en cuatro bloques:<\/strong><\/p>\n<p>Medidas a adoptar por los\u00a0 municipios. Los ayuntamientos tienen importantes competencias que les permiten desarrollar muchas de las propuestas incluidas en este informe, especialmente las relativas a regular y controlar las podas y siegas de plantas silvestres en plena floraci\u00f3n; restaurar espacios degradados, como solares abandonados y pastizales con flores aut\u00f3ctonas; cultivar en jardines, plazas y calles plantas atractivas para los insectos; instalar en zonas verdes o ajardinadas albergues para insectos, y en general favorecer una mayor diversidad de h\u00e1bitat de polinizaci\u00f3n en todos los entornos urbanos.<\/p>\n<p>Medidas para favorecer actividades agrarias sostenibles. Las medidas m\u00e1s efectivas de la pol\u00edtica agraria para detener la p\u00e9rdida de insectos est\u00e1n relacionadas con reducir sustancialmente el uso de biocidas, hacer efectiva la prohibici\u00f3n de las fumigaciones a\u00e9reas, promover las buenas pr\u00e1cticas agrarias compatibles con los insectos, restaurar plantas aut\u00f3ctonas en pasillos y lindes, y frenar la intensificaci\u00f3n y homogeneizaci\u00f3n de los monocultivos.<\/p>\n<p>Medidas para mejorar la legislaci\u00f3n. La normativa ambiental tiene todav\u00eda importantes carencias en patrimonio natural. Una de esas carencias es la falta de protecci\u00f3n de los insectos; prohibir el uso de trampas masivas; controlar y prevenir la introducci\u00f3n de especies y subespecies for\u00e1neas y de sus par\u00e1sitos y pat\u00f3genos; y restringir las industrias extractivas en \u00e1reas de elevada biodiversidad.<\/p>\n<p>Medidas para incrementar la sensibilizaci\u00f3n de la sociedad. Dado que la mayor parte de la sociedad contin\u00faa sin valorar positivamente a los insectos y desconoce su importancia ecol\u00f3gica, es urgente que las administraciones ambientales adopten medidas para fomentar esa sensibilizaci\u00f3n. El informe \u2018An\u00e1lisis de la situaci\u00f3n y propuestas para la conservaci\u00f3n de los insectos\u2019 reclama la puesta en marcha de acciones de sensibilizaci\u00f3n y formaci\u00f3n sobre los insectos y sus importantes beneficios ambientales, sociales y econ\u00f3micos; implicar a docentes y al alumnado de la ense\u00f1anza obligatoria en la concienciaci\u00f3n sobre la importancia de los insectos, y la creaci\u00f3n de un D\u00eda Mundial de los Insectos que ayudar\u00eda a potenciar la conservaci\u00f3n de estas importantes especies.<\/p>","protected":false},"excerpt":{"rendered":"<p>Conservando los insectos se detendr\u00e1 la p\u00e9rdida de biodiversidad. La Asociaci\u00f3n Espa\u00f1ola de Entomolog\u00eda y Ecologistas en Acci\u00f3n presentan el informe \u2018An\u00e1lisis de la situaci\u00f3n y propuestas para la conservaci\u00f3n de los insectos\u2019. Los objetivos del estudio son la concienciaci\u00f3n social y lograr que desde las administraciones se adopten las medidas recomendadas por m\u00faltiples estudios [&hellip;]<\/p>\n","protected":false},"author":4,"featured_media":71104,"comment_status":"open","ping_status":"open","sticky":false,"template":"","format":"standard","meta":{"_acf_changed":false,"footnotes":""},"categories":[2711,2465],"tags":[2478,2466],"class_list":["post-71103","post","type-post","status-publish","format-standard","has-post-thumbnail","hentry","category-emergencia-climatica","category-informativos","tag-ecologia","tag-espana"],"acf":[],"yoast_head":"<!-- This site is optimized with the Yoast SEO plugin v27.4 - https:\/\/yoast.com\/product\/yoast-seo-wordpress\/ -->\n<title>Conservando los insectos se detendr\u00e1 la p\u00e9rdida de biodiversidad - DLVRADIO<\/title>\n<meta name=\"description\" content=\"Conservando los insectos se detendr\u00e1 la p\u00e9rdida de biodiversidad. La Asociaci\u00f3n Espa\u00f1ola de Entomolog\u00eda y Ecologistas en Acci\u00f3n presentan el informe\" \/>\n<meta name=\"robots\" content=\"index, follow, max-snippet:-1, max-image-preview:large, max-video-preview:-1\" \/>\n<link rel=\"canonical\" href=\"https:\/\/dlvradio.es\/en\/conservando-los-insectos-se-detendra-la-perdida-de-biodiversidad\/\" \/>\n<meta property=\"og:locale\" content=\"en_US\" \/>\n<meta property=\"og:type\" content=\"article\" \/>\n<meta property=\"og:title\" content=\"Conservando los insectos se detendr\u00e1 la p\u00e9rdida de biodiversidad - DLVRADIO\" \/>\n<meta property=\"og:description\" content=\"Conservando los insectos se detendr\u00e1 la p\u00e9rdida de biodiversidad. La Asociaci\u00f3n Espa\u00f1ola de Entomolog\u00eda y Ecologistas en Acci\u00f3n presentan el informe\" \/>\n<meta property=\"og:url\" content=\"https:\/\/dlvradio.es\/en\/conservando-los-insectos-se-detendra-la-perdida-de-biodiversidad\/\" \/>\n<meta property=\"og:site_name\" content=\"DLVRADIO\" \/>\n<meta property=\"article:publisher\" content=\"https:\/\/www.facebook.com\/RadioDLVradio\/\" \/>\n<meta property=\"article:published_time\" content=\"2022-02-09T12:18:32+00:00\" \/>\n<meta property=\"og:image\" content=\"https:\/\/dlvradio.es\/wp-content\/uploads\/2022\/02\/Conservando-los-insectos-se-detendra-la-perdida-de-biodiversidad.jpg\" \/>\n\t<meta property=\"og:image:width\" content=\"1511\" \/>\n\t<meta property=\"og:image:height\" content=\"1511\" \/>\n\t<meta property=\"og:image:type\" content=\"image\/jpeg\" \/>\n<meta name=\"author\" content=\"DLV RADIO\" \/>\n<meta name=\"twitter:card\" content=\"summary_large_image\" \/>\n<meta name=\"twitter:creator\" content=\"@RadioDlvradio\" \/>\n<meta name=\"twitter:site\" content=\"@RadioDlvradio\" \/>\n<script type=\"application\/ld+json\" class=\"yoast-schema-graph\">{\"@context\":\"https:\\\/\\\/schema.org\",\"@graph\":[{\"@type\":\"Article\",\"@id\":\"https:\\\/\\\/dlvradio.es\\\/conservando-los-insectos-se-detendra-la-perdida-de-biodiversidad\\\/#article\",\"isPartOf\":{\"@id\":\"https:\\\/\\\/dlvradio.es\\\/conservando-los-insectos-se-detendra-la-perdida-de-biodiversidad\\\/\"},\"author\":{\"name\":\"DLV RADIO\",\"@id\":\"https:\\\/\\\/dlvradio.es\\\/#\\\/schema\\\/person\\\/7d533f9f89b13e3a3f2ba7f67d6412de\"},\"headline\":\"Conservando los insectos se detendr\u00e1 la p\u00e9rdida de biodiversidad\",\"datePublished\":\"2022-02-09T12:18:32+00:00\",\"mainEntityOfPage\":{\"@id\":\"https:\\\/\\\/dlvradio.es\\\/conservando-los-insectos-se-detendra-la-perdida-de-biodiversidad\\\/\"},\"wordCount\":1222,\"commentCount\":0,\"publisher\":{\"@id\":\"https:\\\/\\\/dlvradio.es\\\/#organization\"},\"image\":{\"@id\":\"https:\\\/\\\/dlvradio.es\\\/conservando-los-insectos-se-detendra-la-perdida-de-biodiversidad\\\/#primaryimage\"},\"thumbnailUrl\":\"https:\\\/\\\/dlvradio.es\\\/wp-content\\\/uploads\\\/2022\\\/02\\\/Conservando-los-insectos-se-detendra-la-perdida-de-biodiversidad.jpg\",\"keywords\":[\"ecolog\u00eda\",\"Espa\u00f1a\"],\"articleSection\":[\"Emergencia clim\u00e1tica\",\"Informativos\"],\"inLanguage\":\"en-US\"},{\"@type\":\"WebPage\",\"@id\":\"https:\\\/\\\/dlvradio.es\\\/conservando-los-insectos-se-detendra-la-perdida-de-biodiversidad\\\/\",\"url\":\"https:\\\/\\\/dlvradio.es\\\/conservando-los-insectos-se-detendra-la-perdida-de-biodiversidad\\\/\",\"name\":\"Conservando los insectos se detendr\u00e1 la p\u00e9rdida de biodiversidad - DLVRADIO\",\"isPartOf\":{\"@id\":\"https:\\\/\\\/dlvradio.es\\\/#website\"},\"primaryImageOfPage\":{\"@id\":\"https:\\\/\\\/dlvradio.es\\\/conservando-los-insectos-se-detendra-la-perdida-de-biodiversidad\\\/#primaryimage\"},\"image\":{\"@id\":\"https:\\\/\\\/dlvradio.es\\\/conservando-los-insectos-se-detendra-la-perdida-de-biodiversidad\\\/#primaryimage\"},\"thumbnailUrl\":\"https:\\\/\\\/dlvradio.es\\\/wp-content\\\/uploads\\\/2022\\\/02\\\/Conservando-los-insectos-se-detendra-la-perdida-de-biodiversidad.jpg\",\"datePublished\":\"2022-02-09T12:18:32+00:00\",\"description\":\"Conservando los insectos se detendr\u00e1 la p\u00e9rdida de biodiversidad. La Asociaci\u00f3n Espa\u00f1ola de Entomolog\u00eda y Ecologistas en Acci\u00f3n presentan el informe\",\"breadcrumb\":{\"@id\":\"https:\\\/\\\/dlvradio.es\\\/conservando-los-insectos-se-detendra-la-perdida-de-biodiversidad\\\/#breadcrumb\"},\"inLanguage\":\"en-US\",\"potentialAction\":[{\"@type\":\"ReadAction\",\"target\":[\"https:\\\/\\\/dlvradio.es\\\/conservando-los-insectos-se-detendra-la-perdida-de-biodiversidad\\\/\"]}]},{\"@type\":\"ImageObject\",\"inLanguage\":\"en-US\",\"@id\":\"https:\\\/\\\/dlvradio.es\\\/conservando-los-insectos-se-detendra-la-perdida-de-biodiversidad\\\/#primaryimage\",\"url\":\"https:\\\/\\\/dlvradio.es\\\/wp-content\\\/uploads\\\/2022\\\/02\\\/Conservando-los-insectos-se-detendra-la-perdida-de-biodiversidad.jpg\",\"contentUrl\":\"https:\\\/\\\/dlvradio.es\\\/wp-content\\\/uploads\\\/2022\\\/02\\\/Conservando-los-insectos-se-detendra-la-perdida-de-biodiversidad.jpg\",\"width\":1511,\"height\":1511,\"caption\":\"Conservando los insectos se detendr\u00e1 la p\u00e9rdida de biodiversidad\"},{\"@type\":\"BreadcrumbList\",\"@id\":\"https:\\\/\\\/dlvradio.es\\\/conservando-los-insectos-se-detendra-la-perdida-de-biodiversidad\\\/#breadcrumb\",\"itemListElement\":[{\"@type\":\"ListItem\",\"position\":1,\"name\":\"Inicio\",\"item\":\"https:\\\/\\\/dlvradio.es\\\/\"},{\"@type\":\"ListItem\",\"position\":2,\"name\":\"Conservando los insectos se detendr\u00e1 la p\u00e9rdida de biodiversidad\"}]},{\"@type\":\"WebSite\",\"@id\":\"https:\\\/\\\/dlvradio.es\\\/#website\",\"url\":\"https:\\\/\\\/dlvradio.es\\\/\",\"name\":\"DLVRADIO\",\"description\":\"Somos un medio de comunicaci\u00f3n alternativo a los medios tradicionales\",\"publisher\":{\"@id\":\"https:\\\/\\\/dlvradio.es\\\/#organization\"},\"potentialAction\":[{\"@type\":\"SearchAction\",\"target\":{\"@type\":\"EntryPoint\",\"urlTemplate\":\"https:\\\/\\\/dlvradio.es\\\/?s={search_term_string}\"},\"query-input\":{\"@type\":\"PropertyValueSpecification\",\"valueRequired\":true,\"valueName\":\"search_term_string\"}}],\"inLanguage\":\"en-US\"},{\"@type\":\"Organization\",\"@id\":\"https:\\\/\\\/dlvradio.es\\\/#organization\",\"name\":\"DLVRADIO\",\"url\":\"https:\\\/\\\/dlvradio.es\\\/\",\"logo\":{\"@type\":\"ImageObject\",\"inLanguage\":\"en-US\",\"@id\":\"https:\\\/\\\/dlvradio.es\\\/#\\\/schema\\\/logo\\\/image\\\/\",\"url\":\"\",\"contentUrl\":\"\",\"caption\":\"DLVRADIO\"},\"image\":{\"@id\":\"https:\\\/\\\/dlvradio.es\\\/#\\\/schema\\\/logo\\\/image\\\/\"},\"sameAs\":[\"https:\\\/\\\/www.facebook.com\\\/RadioDLVradio\\\/\",\"https:\\\/\\\/x.com\\\/RadioDlvradio\",\"https:\\\/\\\/www.instagram.com\\\/radiodlvradio\\\/\"]},{\"@type\":\"Person\",\"@id\":\"https:\\\/\\\/dlvradio.es\\\/#\\\/schema\\\/person\\\/7d533f9f89b13e3a3f2ba7f67d6412de\",\"name\":\"DLV RADIO\",\"sameAs\":[\"https:\\\/\\\/dlvradio.es\"]}]}<\/script>\n<!-- \/ Yoast SEO plugin. -->","yoast_head_json":{"title":"Conservando los insectos se detendr\u00e1 la p\u00e9rdida de biodiversidad - DLVRADIO","description":"Conservando los insectos se detendr\u00e1 la p\u00e9rdida de biodiversidad. La Asociaci\u00f3n Espa\u00f1ola de Entomolog\u00eda y Ecologistas en Acci\u00f3n presentan el informe","robots":{"index":"index","follow":"follow","max-snippet":"max-snippet:-1","max-image-preview":"max-image-preview:large","max-video-preview":"max-video-preview:-1"},"canonical":"https:\/\/dlvradio.es\/en\/conservando-los-insectos-se-detendra-la-perdida-de-biodiversidad\/","og_locale":"en_US","og_type":"article","og_title":"Conservando los insectos se detendr\u00e1 la p\u00e9rdida de biodiversidad - DLVRADIO","og_description":"Conservando los insectos se detendr\u00e1 la p\u00e9rdida de biodiversidad. La Asociaci\u00f3n Espa\u00f1ola de Entomolog\u00eda y Ecologistas en Acci\u00f3n presentan el informe","og_url":"https:\/\/dlvradio.es\/en\/conservando-los-insectos-se-detendra-la-perdida-de-biodiversidad\/","og_site_name":"DLVRADIO","article_publisher":"https:\/\/www.facebook.com\/RadioDLVradio\/","article_published_time":"2022-02-09T12:18:32+00:00","og_image":[{"width":1511,"height":1511,"url":"https:\/\/dlvradio.es\/wp-content\/uploads\/2022\/02\/Conservando-los-insectos-se-detendra-la-perdida-de-biodiversidad.jpg","type":"image\/jpeg"}],"author":"DLV RADIO","twitter_card":"summary_large_image","twitter_creator":"@RadioDlvradio","twitter_site":"@RadioDlvradio","schema":{"@context":"https:\/\/schema.org","@graph":[{"@type":"Article","@id":"https:\/\/dlvradio.es\/conservando-los-insectos-se-detendra-la-perdida-de-biodiversidad\/#article","isPartOf":{"@id":"https:\/\/dlvradio.es\/conservando-los-insectos-se-detendra-la-perdida-de-biodiversidad\/"},"author":{"name":"DLV RADIO","@id":"https:\/\/dlvradio.es\/#\/schema\/person\/7d533f9f89b13e3a3f2ba7f67d6412de"},"headline":"Conservando los insectos se detendr\u00e1 la p\u00e9rdida de biodiversidad","datePublished":"2022-02-09T12:18:32+00:00","mainEntityOfPage":{"@id":"https:\/\/dlvradio.es\/conservando-los-insectos-se-detendra-la-perdida-de-biodiversidad\/"},"wordCount":1222,"commentCount":0,"publisher":{"@id":"https:\/\/dlvradio.es\/#organization"},"image":{"@id":"https:\/\/dlvradio.es\/conservando-los-insectos-se-detendra-la-perdida-de-biodiversidad\/#primaryimage"},"thumbnailUrl":"https:\/\/dlvradio.es\/wp-content\/uploads\/2022\/02\/Conservando-los-insectos-se-detendra-la-perdida-de-biodiversidad.jpg","keywords":["ecolog\u00eda","Espa\u00f1a"],"articleSection":["Emergencia clim\u00e1tica","Informativos"],"inLanguage":"en-US"},{"@type":"WebPage","@id":"https:\/\/dlvradio.es\/conservando-los-insectos-se-detendra-la-perdida-de-biodiversidad\/","url":"https:\/\/dlvradio.es\/conservando-los-insectos-se-detendra-la-perdida-de-biodiversidad\/","name":"Conservando los insectos se detendr\u00e1 la p\u00e9rdida de biodiversidad - DLVRADIO","isPartOf":{"@id":"https:\/\/dlvradio.es\/#website"},"primaryImageOfPage":{"@id":"https:\/\/dlvradio.es\/conservando-los-insectos-se-detendra-la-perdida-de-biodiversidad\/#primaryimage"},"image":{"@id":"https:\/\/dlvradio.es\/conservando-los-insectos-se-detendra-la-perdida-de-biodiversidad\/#primaryimage"},"thumbnailUrl":"https:\/\/dlvradio.es\/wp-content\/uploads\/2022\/02\/Conservando-los-insectos-se-detendra-la-perdida-de-biodiversidad.jpg","datePublished":"2022-02-09T12:18:32+00:00","description":"Conservando los insectos se detendr\u00e1 la p\u00e9rdida de biodiversidad. La Asociaci\u00f3n Espa\u00f1ola de Entomolog\u00eda y Ecologistas en Acci\u00f3n presentan el informe","breadcrumb":{"@id":"https:\/\/dlvradio.es\/conservando-los-insectos-se-detendra-la-perdida-de-biodiversidad\/#breadcrumb"},"inLanguage":"en-US","potentialAction":[{"@type":"ReadAction","target":["https:\/\/dlvradio.es\/conservando-los-insectos-se-detendra-la-perdida-de-biodiversidad\/"]}]},{"@type":"ImageObject","inLanguage":"en-US","@id":"https:\/\/dlvradio.es\/conservando-los-insectos-se-detendra-la-perdida-de-biodiversidad\/#primaryimage","url":"https:\/\/dlvradio.es\/wp-content\/uploads\/2022\/02\/Conservando-los-insectos-se-detendra-la-perdida-de-biodiversidad.jpg","contentUrl":"https:\/\/dlvradio.es\/wp-content\/uploads\/2022\/02\/Conservando-los-insectos-se-detendra-la-perdida-de-biodiversidad.jpg","width":1511,"height":1511,"caption":"Conservando los insectos se detendr\u00e1 la p\u00e9rdida de biodiversidad"},{"@type":"BreadcrumbList","@id":"https:\/\/dlvradio.es\/conservando-los-insectos-se-detendra-la-perdida-de-biodiversidad\/#breadcrumb","itemListElement":[{"@type":"ListItem","position":1,"name":"Inicio","item":"https:\/\/dlvradio.es\/"},{"@type":"ListItem","position":2,"name":"Conservando los insectos se detendr\u00e1 la p\u00e9rdida de biodiversidad"}]},{"@type":"WebSite","@id":"https:\/\/dlvradio.es\/#website","url":"https:\/\/dlvradio.es\/","name":"DLVRADIO","description":"We are an alternative media to traditional media","publisher":{"@id":"https:\/\/dlvradio.es\/#organization"},"potentialAction":[{"@type":"SearchAction","target":{"@type":"EntryPoint","urlTemplate":"https:\/\/dlvradio.es\/?s={search_term_string}"},"query-input":{"@type":"PropertyValueSpecification","valueRequired":true,"valueName":"search_term_string"}}],"inLanguage":"en-US"},{"@type":"Organization","@id":"https:\/\/dlvradio.es\/#organization","name":"DLVRADIO","url":"https:\/\/dlvradio.es\/","logo":{"@type":"ImageObject","inLanguage":"en-US","@id":"https:\/\/dlvradio.es\/#\/schema\/logo\/image\/","url":"","contentUrl":"","caption":"DLVRADIO"},"image":{"@id":"https:\/\/dlvradio.es\/#\/schema\/logo\/image\/"},"sameAs":["https:\/\/www.facebook.com\/RadioDLVradio\/","https:\/\/x.com\/RadioDlvradio","https:\/\/www.instagram.com\/radiodlvradio\/"]},{"@type":"Person","@id":"https:\/\/dlvradio.es\/#\/schema\/person\/7d533f9f89b13e3a3f2ba7f67d6412de","name":"DLV RADIO","sameAs":["https:\/\/dlvradio.es"]}]}},"_links":{"self":[{"href":"https:\/\/dlvradio.es\/en\/wp-json\/wp\/v2\/posts\/71103","targetHints":{"allow":["GET"]}}],"collection":[{"href":"https:\/\/dlvradio.es\/en\/wp-json\/wp\/v2\/posts"}],"about":[{"href":"https:\/\/dlvradio.es\/en\/wp-json\/wp\/v2\/types\/post"}],"author":[{"embeddable":true,"href":"https:\/\/dlvradio.es\/en\/wp-json\/wp\/v2\/users\/4"}],"replies":[{"embeddable":true,"href":"https:\/\/dlvradio.es\/en\/wp-json\/wp\/v2\/comments?post=71103"}],"version-history":[{"count":0,"href":"https:\/\/dlvradio.es\/en\/wp-json\/wp\/v2\/posts\/71103\/revisions"}],"wp:featuredmedia":[{"embeddable":true,"href":"https:\/\/dlvradio.es\/en\/wp-json\/wp\/v2\/media\/71104"}],"wp:attachment":[{"href":"https:\/\/dlvradio.es\/en\/wp-json\/wp\/v2\/media?parent=71103"}],"wp:term":[{"taxonomy":"category","embeddable":true,"href":"https:\/\/dlvradio.es\/en\/wp-json\/wp\/v2\/categories?post=71103"},{"taxonomy":"post_tag","embeddable":true,"href":"https:\/\/dlvradio.es\/en\/wp-json\/wp\/v2\/tags?post=71103"}],"curies":[{"name":"wp","href":"https:\/\/api.w.org\/{rel}","templated":true}]}}